
{"id":8067,"date":"2019-02-26T00:09:40","date_gmt":"2019-02-26T03:09:40","guid":{"rendered":"http:\/\/www.oarcanjo.net\/site\/?p=8067"},"modified":"2019-02-20T08:04:49","modified_gmt":"2019-02-20T11:04:49","slug":"santa-paula-m-fornes-de-sao-jose-de-calazans","status":"publish","type":"post","link":"https:\/\/www.oarcanjo.net\/site\/santa-paula-m-fornes-de-sao-jose-de-calazans\/","title":{"rendered":"Santa Paula M. Forn\u00e9s de S\u00e3o Jos\u00e9 de Calazans"},"content":{"rendered":"<p><img decoding=\"async\" src=\"http:\/\/3.bp.blogspot.com\/_clV7M6M6lkI\/SY8O9W9o2aI\/AAAAAAAAARs\/Dp_qdNnI-C8\/s400\/Santa+Paula+M.+Forn%C3%A9s.gif\" alt=\"\" \/><\/p>\n<p>26 de Fevereiro<\/p>\n<p>Fundou a Congrega\u00e7\u00e3o de Filhas de Maria Religiosas Escol\u00e1pias<\/p>\n<p>Na vila de Arenys de Mar, perto de Barcelona, Espanha, nasceu Paula Montal Forn\u00e9s em 11 de outubro de 1799, que no mesmo dia recebeu o batismo. Paula passou a inf\u00e2ncia e a juventude em sua cidade natal, trabalhando desde os 10 anos de idade, quando seu pai morreu. O seu lazer era a vida espiritual da sua par\u00f3quia, onde se destacou por sua devo\u00e7\u00e3o \u00e0 Virgem Maria.<\/p>\n<p>Paula Montal, durante este per\u00edodo, constatou, por sua pr\u00f3pria experi\u00eancia, que as possibilidades de acesso \u00e0 instru\u00e7\u00e3o e educa\u00e7\u00e3o para as mulheres eram quase nenhuma. Um dia quando estava em profunda ora\u00e7\u00e3o, se sentiu iluminada por Deus para desenvolver este dever. Decidiu deixar sua cidade natal para fundar um col\u00e9gio inteiramente dedicado \u00e0 forma\u00e7\u00e3o e educa\u00e7\u00e3o feminina.<\/p>\n<p>Paula Montal se transferiu para a cidade de Figueras, junto com mais tr\u00eas amigas de espiritualidade Mariana, e iniciou sua obra. Em 1829, ela abriu a primeira escola para meninas, com amplos programas educativos, que superavam o sistema pedag\u00f3gico dos meninos. Era uma escola nova.<\/p>\n<p>Assim, Paula Montal com o seu apostolado totalmente voltado \u00e0 forma\u00e7\u00e3o feminina, se tornou a fundadora de uma fam\u00edlia religiosa, inspirada no lema de S\u00e3o Jos\u00e9 de Calazans: &#8220;piedade e letras&#8221;. Sempre fiel a sua devo\u00e7\u00e3o \u00e0 Virgem Maria, deu o nome para a sua Congrega\u00e7\u00e3o de Filhas de Maria. A estas religiosas transmitiu seu ideal de: &#8220;Salvar a fam\u00edlia, educar as meninas no santo temor de Deus&#8221;. E continuou se dedicando \u00e0 promo\u00e7\u00e3o da mulher e da fam\u00edlia.<\/p>\n<p>Em 1842, abriu o segundo col\u00e9gio em sua terra natal, Arenys de Mar. Nesta \u00e9poca, Paula Montal decidiu seguir os regulamentos da Congrega\u00e7\u00e3o dos Padres Escol\u00e1pios, fundada por S\u00e3o Jos\u00e9 de Calazans com quem se identificava espiritualmente. Um ano ap\u00f3s abrir sua terceira escola, Paula Montal conseguiu a autoriza\u00e7\u00e3o can\u00f4nica para, junto com suas tr\u00eas companheiras, se tornar religiosa escol\u00e1pia. Em 1847, a congrega\u00e7\u00e3o passou a ser Congrega\u00e7\u00e3o das Filhas de Maria, Religiosas Escol\u00e1pias, que ano ap\u00f3s ano crescia e criava mais escolas por toda a Espanha.<\/p>\n<p>Paula Montal deu a prova final de autenticidade, da coragem e da ternura do seu esp\u00edrito modelado por Deus, em 1959. Neste ano, no pequeno e pobre povoado de Olesa de Montserrat, fundou sua \u00faltima obra pessoal: um col\u00e9gio ao lado do mosteiro da Virgem de Montserrat. Al\u00ed ficou durante trinta anos escondida, praticando seu apostolado. Morreu aos 26 de fevereiro de 1889 e foi sepultada na capela da Igreja da Matriz de Olesa Montserrat, Barcelona, Espanha.<\/p>\n<p>Solenemente foi beatificada em 1993, pelo Papa Jo\u00e3o Paulo II que posteriormente a canonizou em Roma, no ano de 2001. A mensagem, do s\u00e9culo XIX, de Santa Paula Montal Forn\u00e9s de S\u00e3o Jos\u00e9 de Calazans ser\u00e1 sempre atual e fonte de inspira\u00e7\u00e3o para a forma\u00e7\u00e3o das gera\u00e7\u00f5es do terceiro mil\u00eanio crist\u00e3o.<\/p>\n<div id=\"themify_builder_content-8067\" data-postid=\"8067\" class=\"themify_builder_content themify_builder_content-8067 themify_builder themify_builder_front\">\n\t<\/div>\n<!-- \/themify_builder_content -->","protected":false},"excerpt":{"rendered":"<p>26 de Fevereiro Fundou a Congrega\u00e7\u00e3o de Filhas de Maria Religiosas Escol\u00e1pias Na vila de Arenys de Mar, perto de Barcelona, Espanha, nasceu Paula Montal Forn\u00e9s em 11 de outubro de 1799, que no mesmo dia recebeu o batismo. Paula passou a inf\u00e2ncia e a juventude em sua cidade natal, trabalhando desde os 10 anos [&hellip;]<\/p>\n","protected":false},"author":14,"featured_media":0,"comment_status":"open","ping_status":"open","sticky":false,"template":"","format":"standard","meta":{"ngg_post_thumbnail":0,"footnotes":""},"categories":[186],"tags":[],"yoast_head":"<!-- This site is optimized with the Yoast SEO plugin v23.5 - https:\/\/yoast.com\/wordpress\/plugins\/seo\/ -->\n<title>Santa Paula M. Forn\u00e9s de S\u00e3o Jos\u00e9 de Calazans - O Arcanjo no ar<\/title>\n<meta name=\"robots\" content=\"index, follow, max-snippet:-1, max-image-preview:large, max-video-preview:-1\" \/>\n<link rel=\"canonical\" href=\"https:\/\/www.oarcanjo.net\/site\/santa-paula-m-fornes-de-sao-jose-de-calazans\/\" \/>\n<meta property=\"og:locale\" content=\"pt_BR\" \/>\n<meta property=\"og:type\" content=\"article\" \/>\n<meta property=\"og:title\" content=\"Santa Paula M. Forn\u00e9s de S\u00e3o Jos\u00e9 de Calazans - O Arcanjo no ar\" \/>\n<meta property=\"og:description\" content=\"26 de Fevereiro Fundou a Congrega\u00e7\u00e3o de Filhas de Maria Religiosas Escol\u00e1pias Na vila de Arenys de Mar, perto de Barcelona, Espanha, nasceu Paula Montal Forn\u00e9s em 11 de outubro de 1799, que no mesmo dia recebeu o batismo. Paula passou a inf\u00e2ncia e a juventude em sua cidade natal, trabalhando desde os 10 anos [&hellip;]\" \/>\n<meta property=\"og:url\" content=\"https:\/\/www.oarcanjo.net\/site\/santa-paula-m-fornes-de-sao-jose-de-calazans\/\" \/>\n<meta property=\"og:site_name\" content=\"O Arcanjo no ar\" \/>\n<meta property=\"article:publisher\" content=\"https:\/\/www.facebook.com\/OArcanjoNoAr\/\" \/>\n<meta property=\"article:published_time\" content=\"2019-02-26T03:09:40+00:00\" \/>\n<meta property=\"article:modified_time\" content=\"2019-02-20T11:04:49+00:00\" \/>\n<meta property=\"og:image\" content=\"http:\/\/3.bp.blogspot.com\/_clV7M6M6lkI\/SY8O9W9o2aI\/AAAAAAAAARs\/Dp_qdNnI-C8\/s400\/Santa+Paula+M.+Forn%C3%A9s.gif\" \/>\n<meta name=\"author\" content=\"danilo\" \/>\n<meta name=\"twitter:card\" content=\"summary_large_image\" \/>\n<meta name=\"twitter:label1\" content=\"Escrito por\" \/>\n\t<meta name=\"twitter:data1\" content=\"danilo\" \/>\n\t<meta name=\"twitter:label2\" content=\"Est. tempo de leitura\" \/>\n\t<meta name=\"twitter:data2\" content=\"3 minutos\" \/>\n<script type=\"application\/ld+json\" class=\"yoast-schema-graph\">{\"@context\":\"https:\/\/schema.org\",\"@graph\":[{\"@type\":\"Article\",\"@id\":\"https:\/\/www.oarcanjo.net\/site\/santa-paula-m-fornes-de-sao-jose-de-calazans\/#article\",\"isPartOf\":{\"@id\":\"https:\/\/www.oarcanjo.net\/site\/santa-paula-m-fornes-de-sao-jose-de-calazans\/\"},\"author\":{\"name\":\"danilo\",\"@id\":\"https:\/\/www.oarcanjo.net\/site\/#\/schema\/person\/5eb9480bedd2f3c97e430ce128c29c6c\"},\"headline\":\"Santa Paula M. Forn\u00e9s de S\u00e3o Jos\u00e9 de Calazans\",\"datePublished\":\"2019-02-26T03:09:40+00:00\",\"dateModified\":\"2019-02-20T11:04:49+00:00\",\"mainEntityOfPage\":{\"@id\":\"https:\/\/www.oarcanjo.net\/site\/santa-paula-m-fornes-de-sao-jose-de-calazans\/\"},\"wordCount\":518,\"commentCount\":0,\"publisher\":{\"@id\":\"https:\/\/www.oarcanjo.net\/site\/#organization\"},\"image\":{\"@id\":\"https:\/\/www.oarcanjo.net\/site\/santa-paula-m-fornes-de-sao-jose-de-calazans\/#primaryimage\"},\"thumbnailUrl\":\"http:\/\/3.bp.blogspot.com\/_clV7M6M6lkI\/SY8O9W9o2aI\/AAAAAAAAARs\/Dp_qdNnI-C8\/s400\/Santa+Paula+M.+Forn%C3%A9s.gif\",\"articleSection\":[\"Testemunhos\"],\"inLanguage\":\"pt-BR\",\"potentialAction\":[{\"@type\":\"CommentAction\",\"name\":\"Comment\",\"target\":[\"https:\/\/www.oarcanjo.net\/site\/santa-paula-m-fornes-de-sao-jose-de-calazans\/#respond\"]}]},{\"@type\":\"WebPage\",\"@id\":\"https:\/\/www.oarcanjo.net\/site\/santa-paula-m-fornes-de-sao-jose-de-calazans\/\",\"url\":\"https:\/\/www.oarcanjo.net\/site\/santa-paula-m-fornes-de-sao-jose-de-calazans\/\",\"name\":\"Santa Paula M. Forn\u00e9s de S\u00e3o Jos\u00e9 de Calazans - O Arcanjo no ar\",\"isPartOf\":{\"@id\":\"https:\/\/www.oarcanjo.net\/site\/#website\"},\"primaryImageOfPage\":{\"@id\":\"https:\/\/www.oarcanjo.net\/site\/santa-paula-m-fornes-de-sao-jose-de-calazans\/#primaryimage\"},\"image\":{\"@id\":\"https:\/\/www.oarcanjo.net\/site\/santa-paula-m-fornes-de-sao-jose-de-calazans\/#primaryimage\"},\"thumbnailUrl\":\"http:\/\/3.bp.blogspot.com\/_clV7M6M6lkI\/SY8O9W9o2aI\/AAAAAAAAARs\/Dp_qdNnI-C8\/s400\/Santa+Paula+M.+Forn%C3%A9s.gif\",\"datePublished\":\"2019-02-26T03:09:40+00:00\",\"dateModified\":\"2019-02-20T11:04:49+00:00\",\"breadcrumb\":{\"@id\":\"https:\/\/www.oarcanjo.net\/site\/santa-paula-m-fornes-de-sao-jose-de-calazans\/#breadcrumb\"},\"inLanguage\":\"pt-BR\",\"potentialAction\":[{\"@type\":\"ReadAction\",\"target\":[\"https:\/\/www.oarcanjo.net\/site\/santa-paula-m-fornes-de-sao-jose-de-calazans\/\"]}]},{\"@type\":\"ImageObject\",\"inLanguage\":\"pt-BR\",\"@id\":\"https:\/\/www.oarcanjo.net\/site\/santa-paula-m-fornes-de-sao-jose-de-calazans\/#primaryimage\",\"url\":\"http:\/\/3.bp.blogspot.com\/_clV7M6M6lkI\/SY8O9W9o2aI\/AAAAAAAAARs\/Dp_qdNnI-C8\/s400\/Santa+Paula+M.+Forn%C3%A9s.gif\",\"contentUrl\":\"http:\/\/3.bp.blogspot.com\/_clV7M6M6lkI\/SY8O9W9o2aI\/AAAAAAAAARs\/Dp_qdNnI-C8\/s400\/Santa+Paula+M.+Forn%C3%A9s.gif\"},{\"@type\":\"BreadcrumbList\",\"@id\":\"https:\/\/www.oarcanjo.net\/site\/santa-paula-m-fornes-de-sao-jose-de-calazans\/#breadcrumb\",\"itemListElement\":[{\"@type\":\"ListItem\",\"position\":1,\"name\":\"In\u00edcio\",\"item\":\"https:\/\/www.oarcanjo.net\/site\/\"},{\"@type\":\"ListItem\",\"position\":2,\"name\":\"Santa Paula M. Forn\u00e9s de S\u00e3o Jos\u00e9 de Calazans\"}]},{\"@type\":\"WebSite\",\"@id\":\"https:\/\/www.oarcanjo.net\/site\/#website\",\"url\":\"https:\/\/www.oarcanjo.net\/site\/\",\"name\":\"O Arcanjo no ar\",\"description\":\"Site da Par\u00f3quia S\u00e3o Miguel Arcanjo (Arquidiocese de SP)\",\"publisher\":{\"@id\":\"https:\/\/www.oarcanjo.net\/site\/#organization\"},\"potentialAction\":[{\"@type\":\"SearchAction\",\"target\":{\"@type\":\"EntryPoint\",\"urlTemplate\":\"https:\/\/www.oarcanjo.net\/site\/?s={search_term_string}\"},\"query-input\":{\"@type\":\"PropertyValueSpecification\",\"valueRequired\":true,\"valueName\":\"search_term_string\"}}],\"inLanguage\":\"pt-BR\"},{\"@type\":\"Organization\",\"@id\":\"https:\/\/www.oarcanjo.net\/site\/#organization\",\"name\":\"Par\u00f3quia S\u00e3o Miguel Arcanjo\",\"url\":\"https:\/\/www.oarcanjo.net\/site\/\",\"logo\":{\"@type\":\"ImageObject\",\"inLanguage\":\"pt-BR\",\"@id\":\"https:\/\/www.oarcanjo.net\/site\/#\/schema\/logo\/image\/\",\"url\":\"https:\/\/www.oarcanjo.net\/site\/wp-content\/uploads\/LogoOArcanjo.png\",\"contentUrl\":\"https:\/\/www.oarcanjo.net\/site\/wp-content\/uploads\/LogoOArcanjo.png\",\"width\":319,\"height\":99,\"caption\":\"Par\u00f3quia S\u00e3o Miguel Arcanjo\"},\"image\":{\"@id\":\"https:\/\/www.oarcanjo.net\/site\/#\/schema\/logo\/image\/\"},\"sameAs\":[\"https:\/\/www.facebook.com\/OArcanjoNoAr\/\"]},{\"@type\":\"Person\",\"@id\":\"https:\/\/www.oarcanjo.net\/site\/#\/schema\/person\/5eb9480bedd2f3c97e430ce128c29c6c\",\"name\":\"danilo\"}]}<\/script>\n<!-- \/ Yoast SEO plugin. -->","yoast_head_json":{"title":"Santa Paula M. Forn\u00e9s de S\u00e3o Jos\u00e9 de Calazans - O Arcanjo no ar","robots":{"index":"index","follow":"follow","max-snippet":"max-snippet:-1","max-image-preview":"max-image-preview:large","max-video-preview":"max-video-preview:-1"},"canonical":"https:\/\/www.oarcanjo.net\/site\/santa-paula-m-fornes-de-sao-jose-de-calazans\/","og_locale":"pt_BR","og_type":"article","og_title":"Santa Paula M. Forn\u00e9s de S\u00e3o Jos\u00e9 de Calazans - O Arcanjo no ar","og_description":"26 de Fevereiro Fundou a Congrega\u00e7\u00e3o de Filhas de Maria Religiosas Escol\u00e1pias Na vila de Arenys de Mar, perto de Barcelona, Espanha, nasceu Paula Montal Forn\u00e9s em 11 de outubro de 1799, que no mesmo dia recebeu o batismo. Paula passou a inf\u00e2ncia e a juventude em sua cidade natal, trabalhando desde os 10 anos [&hellip;]","og_url":"https:\/\/www.oarcanjo.net\/site\/santa-paula-m-fornes-de-sao-jose-de-calazans\/","og_site_name":"O Arcanjo no ar","article_publisher":"https:\/\/www.facebook.com\/OArcanjoNoAr\/","article_published_time":"2019-02-26T03:09:40+00:00","article_modified_time":"2019-02-20T11:04:49+00:00","og_image":[{"url":"http:\/\/3.bp.blogspot.com\/_clV7M6M6lkI\/SY8O9W9o2aI\/AAAAAAAAARs\/Dp_qdNnI-C8\/s400\/Santa+Paula+M.+Forn%C3%A9s.gif"}],"author":"danilo","twitter_card":"summary_large_image","twitter_misc":{"Escrito por":"danilo","Est. tempo de leitura":"3 minutos"},"schema":{"@context":"https:\/\/schema.org","@graph":[{"@type":"Article","@id":"https:\/\/www.oarcanjo.net\/site\/santa-paula-m-fornes-de-sao-jose-de-calazans\/#article","isPartOf":{"@id":"https:\/\/www.oarcanjo.net\/site\/santa-paula-m-fornes-de-sao-jose-de-calazans\/"},"author":{"name":"danilo","@id":"https:\/\/www.oarcanjo.net\/site\/#\/schema\/person\/5eb9480bedd2f3c97e430ce128c29c6c"},"headline":"Santa Paula M. Forn\u00e9s de S\u00e3o Jos\u00e9 de Calazans","datePublished":"2019-02-26T03:09:40+00:00","dateModified":"2019-02-20T11:04:49+00:00","mainEntityOfPage":{"@id":"https:\/\/www.oarcanjo.net\/site\/santa-paula-m-fornes-de-sao-jose-de-calazans\/"},"wordCount":518,"commentCount":0,"publisher":{"@id":"https:\/\/www.oarcanjo.net\/site\/#organization"},"image":{"@id":"https:\/\/www.oarcanjo.net\/site\/santa-paula-m-fornes-de-sao-jose-de-calazans\/#primaryimage"},"thumbnailUrl":"http:\/\/3.bp.blogspot.com\/_clV7M6M6lkI\/SY8O9W9o2aI\/AAAAAAAAARs\/Dp_qdNnI-C8\/s400\/Santa+Paula+M.+Forn%C3%A9s.gif","articleSection":["Testemunhos"],"inLanguage":"pt-BR","potentialAction":[{"@type":"CommentAction","name":"Comment","target":["https:\/\/www.oarcanjo.net\/site\/santa-paula-m-fornes-de-sao-jose-de-calazans\/#respond"]}]},{"@type":"WebPage","@id":"https:\/\/www.oarcanjo.net\/site\/santa-paula-m-fornes-de-sao-jose-de-calazans\/","url":"https:\/\/www.oarcanjo.net\/site\/santa-paula-m-fornes-de-sao-jose-de-calazans\/","name":"Santa Paula M. Forn\u00e9s de S\u00e3o Jos\u00e9 de Calazans - O Arcanjo no ar","isPartOf":{"@id":"https:\/\/www.oarcanjo.net\/site\/#website"},"primaryImageOfPage":{"@id":"https:\/\/www.oarcanjo.net\/site\/santa-paula-m-fornes-de-sao-jose-de-calazans\/#primaryimage"},"image":{"@id":"https:\/\/www.oarcanjo.net\/site\/santa-paula-m-fornes-de-sao-jose-de-calazans\/#primaryimage"},"thumbnailUrl":"http:\/\/3.bp.blogspot.com\/_clV7M6M6lkI\/SY8O9W9o2aI\/AAAAAAAAARs\/Dp_qdNnI-C8\/s400\/Santa+Paula+M.+Forn%C3%A9s.gif","datePublished":"2019-02-26T03:09:40+00:00","dateModified":"2019-02-20T11:04:49+00:00","breadcrumb":{"@id":"https:\/\/www.oarcanjo.net\/site\/santa-paula-m-fornes-de-sao-jose-de-calazans\/#breadcrumb"},"inLanguage":"pt-BR","potentialAction":[{"@type":"ReadAction","target":["https:\/\/www.oarcanjo.net\/site\/santa-paula-m-fornes-de-sao-jose-de-calazans\/"]}]},{"@type":"ImageObject","inLanguage":"pt-BR","@id":"https:\/\/www.oarcanjo.net\/site\/santa-paula-m-fornes-de-sao-jose-de-calazans\/#primaryimage","url":"http:\/\/3.bp.blogspot.com\/_clV7M6M6lkI\/SY8O9W9o2aI\/AAAAAAAAARs\/Dp_qdNnI-C8\/s400\/Santa+Paula+M.+Forn%C3%A9s.gif","contentUrl":"http:\/\/3.bp.blogspot.com\/_clV7M6M6lkI\/SY8O9W9o2aI\/AAAAAAAAARs\/Dp_qdNnI-C8\/s400\/Santa+Paula+M.+Forn%C3%A9s.gif"},{"@type":"BreadcrumbList","@id":"https:\/\/www.oarcanjo.net\/site\/santa-paula-m-fornes-de-sao-jose-de-calazans\/#breadcrumb","itemListElement":[{"@type":"ListItem","position":1,"name":"In\u00edcio","item":"https:\/\/www.oarcanjo.net\/site\/"},{"@type":"ListItem","position":2,"name":"Santa Paula M. Forn\u00e9s de S\u00e3o Jos\u00e9 de Calazans"}]},{"@type":"WebSite","@id":"https:\/\/www.oarcanjo.net\/site\/#website","url":"https:\/\/www.oarcanjo.net\/site\/","name":"O Arcanjo no ar","description":"Site da Par\u00f3quia S\u00e3o Miguel Arcanjo (Arquidiocese de SP)","publisher":{"@id":"https:\/\/www.oarcanjo.net\/site\/#organization"},"potentialAction":[{"@type":"SearchAction","target":{"@type":"EntryPoint","urlTemplate":"https:\/\/www.oarcanjo.net\/site\/?s={search_term_string}"},"query-input":{"@type":"PropertyValueSpecification","valueRequired":true,"valueName":"search_term_string"}}],"inLanguage":"pt-BR"},{"@type":"Organization","@id":"https:\/\/www.oarcanjo.net\/site\/#organization","name":"Par\u00f3quia S\u00e3o Miguel Arcanjo","url":"https:\/\/www.oarcanjo.net\/site\/","logo":{"@type":"ImageObject","inLanguage":"pt-BR","@id":"https:\/\/www.oarcanjo.net\/site\/#\/schema\/logo\/image\/","url":"https:\/\/www.oarcanjo.net\/site\/wp-content\/uploads\/LogoOArcanjo.png","contentUrl":"https:\/\/www.oarcanjo.net\/site\/wp-content\/uploads\/LogoOArcanjo.png","width":319,"height":99,"caption":"Par\u00f3quia S\u00e3o Miguel Arcanjo"},"image":{"@id":"https:\/\/www.oarcanjo.net\/site\/#\/schema\/logo\/image\/"},"sameAs":["https:\/\/www.facebook.com\/OArcanjoNoAr\/"]},{"@type":"Person","@id":"https:\/\/www.oarcanjo.net\/site\/#\/schema\/person\/5eb9480bedd2f3c97e430ce128c29c6c","name":"danilo"}]}},"publishpress_future_action":{"enabled":false,"date":"2026-05-08 01:04:01","action":"category","newStatus":"draft","terms":[],"taxonomy":"category"},"publishpress_future_workflow_manual_trigger":{"enabledWorkflows":[]},"_links":{"self":[{"href":"https:\/\/www.oarcanjo.net\/site\/wp-json\/wp\/v2\/posts\/8067"}],"collection":[{"href":"https:\/\/www.oarcanjo.net\/site\/wp-json\/wp\/v2\/posts"}],"about":[{"href":"https:\/\/www.oarcanjo.net\/site\/wp-json\/wp\/v2\/types\/post"}],"author":[{"embeddable":true,"href":"https:\/\/www.oarcanjo.net\/site\/wp-json\/wp\/v2\/users\/14"}],"replies":[{"embeddable":true,"href":"https:\/\/www.oarcanjo.net\/site\/wp-json\/wp\/v2\/comments?post=8067"}],"version-history":[{"count":1,"href":"https:\/\/www.oarcanjo.net\/site\/wp-json\/wp\/v2\/posts\/8067\/revisions"}],"predecessor-version":[{"id":92955,"href":"https:\/\/www.oarcanjo.net\/site\/wp-json\/wp\/v2\/posts\/8067\/revisions\/92955"}],"wp:attachment":[{"href":"https:\/\/www.oarcanjo.net\/site\/wp-json\/wp\/v2\/media?parent=8067"}],"wp:term":[{"taxonomy":"category","embeddable":true,"href":"https:\/\/www.oarcanjo.net\/site\/wp-json\/wp\/v2\/categories?post=8067"},{"taxonomy":"post_tag","embeddable":true,"href":"https:\/\/www.oarcanjo.net\/site\/wp-json\/wp\/v2\/tags?post=8067"}],"curies":[{"name":"wp","href":"https:\/\/api.w.org\/{rel}","templated":true}]}}