
{"id":8070,"date":"2019-02-26T00:14:47","date_gmt":"2019-02-26T03:14:47","guid":{"rendered":"http:\/\/www.oarcanjo.net\/site\/?p=8070"},"modified":"2019-02-20T08:04:52","modified_gmt":"2019-02-20T11:04:52","slug":"sao-porfirio-de-gaza","status":"publish","type":"post","link":"https:\/\/www.oarcanjo.net\/site\/sao-porfirio-de-gaza\/","title":{"rendered":"S\u00e3o Porf\u00edrio de Gaza"},"content":{"rendered":"<p><img decoding=\"async\" src=\"http:\/\/2.bp.blogspot.com\/_z-c0Sh5Zlrs\/SImbYyCbk7I\/AAAAAAAAA74\/nOwg6Dqw_JU\/s400\/Santo+Porf%C3%ADrio+de+Gaza.jpg\" alt=\"\" \/><\/p>\n<p>26 de Fevereiro<\/p>\n<p>Porf\u00edrio teve muitos fatos prodigiosos em sua vida que come\u00e7ou em Tessal\u00f4nica, na Gr\u00e9cia, onde nasceu no ano 347. Ele j\u00e1 era formado nas ci\u00eancias quando, aos trinta e um anos, decidiu viver no deserto de Scete, no Egito onde se tornou um eremita e ficou por cinco anos. Depois visitou os lugares santos de Jerusal\u00e9m e se estabeleceu \u00e0s margens do rio Jord\u00e3o, por outros cinco anos. Nessa ocasi\u00e3o conheceu o disc\u00edpulo Marcos e se juntou \u00e0 ele na evangeliza\u00e7\u00e3o. Mas a caverna onde residia era t\u00e3o insalubre que Porf\u00edrio ficou muito doente, tendo que voltar a Jerusal\u00e9m.<\/p>\n<p>Recebeu ent\u00e3o a not\u00edcia da morte dos pais, de quem tinha grande heran\u00e7a para receber. Mas, ele decidiu continuar pobre e mandou que todos os bens fossem divididos entre os pobres de sua terra natal. Depois, Porf\u00edrio teve um desmaio em Jerusal\u00e9m e, de repente, viu-se frente a frente com Cristo crucificado, tendo ao seu lado o bom ladr\u00e3o, Dimas. Jesus mandou que este levantasse Porf\u00edrio do ch\u00e3o, depois desceu Ele mesmo da cruz e deu-a ao santo, ordenando-lhe que cuidasse dela. Ao voltar do desmaio, Porf\u00edrio estava curado. A ordem recebida na vis\u00e3o foi aplicada por Jo\u00e3o, bispo de Jerusal\u00e9m, que nomeou Porf\u00edrio como &#8220;guarda do santo lenho&#8221;.<\/p>\n<p>As not\u00edcias sobre as gra\u00e7as e prod\u00edgios que aconteciam com ele se espalharam e os sacerdotes de Gaza, ap\u00f3s a morte do bispo, pediram que Porf\u00edrio assumisse o posto. A sua mod\u00e9stia o impedia de aceitar, mas tantos foram os pedidos e a insistente atua\u00e7\u00e3o dos pag\u00e3os id\u00f3latras era t\u00e3o intensa na cidade, que ele acabou concordando. Existia em Gaza um grande templo para adora\u00e7\u00e3o das divindades pag\u00e3s. Os infi\u00e9is, sabendo da decis\u00e3o de Porf\u00edrio de combat\u00ea-los, planejaram mat\u00e1-lo. Entretanto, o bispo acabou vencendo todos os inimigos pela f\u00e9.<\/p>\n<p>Uma seca violenta assolou a regi\u00e3o e os agricultores, desesperados, faziam muitos sacrif\u00edcios nesse templo, pedindo chuva aos deuses pag\u00e3os. Nenhuma gota de \u00e1gua ca\u00eda do c\u00e9u. Porf\u00edrio ordenou ent\u00e3o, um dia de jejum. Depois comandou uma prociss\u00e3o de penit\u00eancia \u00e0 uma capela situada na periferia da cidade. Mal terminou a prociss\u00e3o, a chuva come\u00e7ou a cair, aben\u00e7oada e insistente. A partir da\u00ed, a maioria dos pag\u00e3os passou a se converter.<\/p>\n<p>Por\u00e9m, sobraram ainda alguns poucos pag\u00e3os para tramar a morte do bispo Porf\u00edrio. Aconteceu, porem, que o imperador tamb\u00e9m passou a ficar contra os pag\u00e3os e o bispo conseguiu autoriza\u00e7\u00e3o para derrubar o templo pag\u00e3o que estava instalado na diocese de Gaza. Ficou na cidade apenas uma \u00faltima est\u00e1tua pag\u00e3, a da deusa V\u00eanus. Certo dia, o bispo colocou-se diante dela e a est\u00e1tua desmoronou sozinha, formando dezenas de peda\u00e7os. Era o que faltava para que mais pag\u00e3os se convertessem.<\/p>\n<p>A fama de santidade acompanhou o bispo Porf\u00edrio at\u00e9 sua morte, em 26 de fevereiro 420, aos setenta e tr\u00eas anos de idade, quando, depois dos vinte e cinco anos de episcopado, quase n\u00e3o havia pag\u00e3os na sua querida diocese de Gaza.<\/p>\n<div id=\"themify_builder_content-8070\" data-postid=\"8070\" class=\"themify_builder_content themify_builder_content-8070 themify_builder themify_builder_front\">\n\t<\/div>\n<!-- \/themify_builder_content -->","protected":false},"excerpt":{"rendered":"<p>26 de Fevereiro Porf\u00edrio teve muitos fatos prodigiosos em sua vida que come\u00e7ou em Tessal\u00f4nica, na Gr\u00e9cia, onde nasceu no ano 347. Ele j\u00e1 era formado nas ci\u00eancias quando, aos trinta e um anos, decidiu viver no deserto de Scete, no Egito onde se tornou um eremita e ficou por cinco anos. Depois visitou os [&hellip;]<\/p>\n","protected":false},"author":14,"featured_media":0,"comment_status":"open","ping_status":"open","sticky":false,"template":"","format":"standard","meta":{"ngg_post_thumbnail":0,"footnotes":""},"categories":[186],"tags":[],"yoast_head":"<!-- This site is optimized with the Yoast SEO plugin v23.5 - https:\/\/yoast.com\/wordpress\/plugins\/seo\/ -->\n<title>S\u00e3o Porf\u00edrio de Gaza - O Arcanjo no ar<\/title>\n<meta name=\"robots\" content=\"index, follow, max-snippet:-1, max-image-preview:large, max-video-preview:-1\" \/>\n<link rel=\"canonical\" href=\"https:\/\/www.oarcanjo.net\/site\/sao-porfirio-de-gaza\/\" \/>\n<meta property=\"og:locale\" content=\"pt_BR\" \/>\n<meta property=\"og:type\" content=\"article\" \/>\n<meta property=\"og:title\" content=\"S\u00e3o Porf\u00edrio de Gaza - O Arcanjo no ar\" \/>\n<meta property=\"og:description\" content=\"26 de Fevereiro Porf\u00edrio teve muitos fatos prodigiosos em sua vida que come\u00e7ou em Tessal\u00f4nica, na Gr\u00e9cia, onde nasceu no ano 347. Ele j\u00e1 era formado nas ci\u00eancias quando, aos trinta e um anos, decidiu viver no deserto de Scete, no Egito onde se tornou um eremita e ficou por cinco anos. Depois visitou os [&hellip;]\" \/>\n<meta property=\"og:url\" content=\"https:\/\/www.oarcanjo.net\/site\/sao-porfirio-de-gaza\/\" \/>\n<meta property=\"og:site_name\" content=\"O Arcanjo no ar\" \/>\n<meta property=\"article:publisher\" content=\"https:\/\/www.facebook.com\/OArcanjoNoAr\/\" \/>\n<meta property=\"article:published_time\" content=\"2019-02-26T03:14:47+00:00\" \/>\n<meta property=\"article:modified_time\" content=\"2019-02-20T11:04:52+00:00\" \/>\n<meta property=\"og:image\" content=\"http:\/\/2.bp.blogspot.com\/_z-c0Sh5Zlrs\/SImbYyCbk7I\/AAAAAAAAA74\/nOwg6Dqw_JU\/s400\/Santo+Porf%C3%ADrio+de+Gaza.jpg\" \/>\n<meta name=\"author\" content=\"danilo\" \/>\n<meta name=\"twitter:card\" content=\"summary_large_image\" \/>\n<meta name=\"twitter:label1\" content=\"Escrito por\" \/>\n\t<meta name=\"twitter:data1\" content=\"danilo\" \/>\n\t<meta name=\"twitter:label2\" content=\"Est. tempo de leitura\" \/>\n\t<meta name=\"twitter:data2\" content=\"3 minutos\" \/>\n<script type=\"application\/ld+json\" class=\"yoast-schema-graph\">{\"@context\":\"https:\/\/schema.org\",\"@graph\":[{\"@type\":\"Article\",\"@id\":\"https:\/\/www.oarcanjo.net\/site\/sao-porfirio-de-gaza\/#article\",\"isPartOf\":{\"@id\":\"https:\/\/www.oarcanjo.net\/site\/sao-porfirio-de-gaza\/\"},\"author\":{\"name\":\"danilo\",\"@id\":\"https:\/\/www.oarcanjo.net\/site\/#\/schema\/person\/5eb9480bedd2f3c97e430ce128c29c6c\"},\"headline\":\"S\u00e3o Porf\u00edrio de Gaza\",\"datePublished\":\"2019-02-26T03:14:47+00:00\",\"dateModified\":\"2019-02-20T11:04:52+00:00\",\"mainEntityOfPage\":{\"@id\":\"https:\/\/www.oarcanjo.net\/site\/sao-porfirio-de-gaza\/\"},\"wordCount\":565,\"commentCount\":0,\"publisher\":{\"@id\":\"https:\/\/www.oarcanjo.net\/site\/#organization\"},\"image\":{\"@id\":\"https:\/\/www.oarcanjo.net\/site\/sao-porfirio-de-gaza\/#primaryimage\"},\"thumbnailUrl\":\"http:\/\/2.bp.blogspot.com\/_z-c0Sh5Zlrs\/SImbYyCbk7I\/AAAAAAAAA74\/nOwg6Dqw_JU\/s400\/Santo+Porf%C3%ADrio+de+Gaza.jpg\",\"articleSection\":[\"Testemunhos\"],\"inLanguage\":\"pt-BR\",\"potentialAction\":[{\"@type\":\"CommentAction\",\"name\":\"Comment\",\"target\":[\"https:\/\/www.oarcanjo.net\/site\/sao-porfirio-de-gaza\/#respond\"]}]},{\"@type\":\"WebPage\",\"@id\":\"https:\/\/www.oarcanjo.net\/site\/sao-porfirio-de-gaza\/\",\"url\":\"https:\/\/www.oarcanjo.net\/site\/sao-porfirio-de-gaza\/\",\"name\":\"S\u00e3o Porf\u00edrio de Gaza - O Arcanjo no ar\",\"isPartOf\":{\"@id\":\"https:\/\/www.oarcanjo.net\/site\/#website\"},\"primaryImageOfPage\":{\"@id\":\"https:\/\/www.oarcanjo.net\/site\/sao-porfirio-de-gaza\/#primaryimage\"},\"image\":{\"@id\":\"https:\/\/www.oarcanjo.net\/site\/sao-porfirio-de-gaza\/#primaryimage\"},\"thumbnailUrl\":\"http:\/\/2.bp.blogspot.com\/_z-c0Sh5Zlrs\/SImbYyCbk7I\/AAAAAAAAA74\/nOwg6Dqw_JU\/s400\/Santo+Porf%C3%ADrio+de+Gaza.jpg\",\"datePublished\":\"2019-02-26T03:14:47+00:00\",\"dateModified\":\"2019-02-20T11:04:52+00:00\",\"breadcrumb\":{\"@id\":\"https:\/\/www.oarcanjo.net\/site\/sao-porfirio-de-gaza\/#breadcrumb\"},\"inLanguage\":\"pt-BR\",\"potentialAction\":[{\"@type\":\"ReadAction\",\"target\":[\"https:\/\/www.oarcanjo.net\/site\/sao-porfirio-de-gaza\/\"]}]},{\"@type\":\"ImageObject\",\"inLanguage\":\"pt-BR\",\"@id\":\"https:\/\/www.oarcanjo.net\/site\/sao-porfirio-de-gaza\/#primaryimage\",\"url\":\"http:\/\/2.bp.blogspot.com\/_z-c0Sh5Zlrs\/SImbYyCbk7I\/AAAAAAAAA74\/nOwg6Dqw_JU\/s400\/Santo+Porf%C3%ADrio+de+Gaza.jpg\",\"contentUrl\":\"http:\/\/2.bp.blogspot.com\/_z-c0Sh5Zlrs\/SImbYyCbk7I\/AAAAAAAAA74\/nOwg6Dqw_JU\/s400\/Santo+Porf%C3%ADrio+de+Gaza.jpg\"},{\"@type\":\"BreadcrumbList\",\"@id\":\"https:\/\/www.oarcanjo.net\/site\/sao-porfirio-de-gaza\/#breadcrumb\",\"itemListElement\":[{\"@type\":\"ListItem\",\"position\":1,\"name\":\"In\u00edcio\",\"item\":\"https:\/\/www.oarcanjo.net\/site\/\"},{\"@type\":\"ListItem\",\"position\":2,\"name\":\"S\u00e3o Porf\u00edrio de Gaza\"}]},{\"@type\":\"WebSite\",\"@id\":\"https:\/\/www.oarcanjo.net\/site\/#website\",\"url\":\"https:\/\/www.oarcanjo.net\/site\/\",\"name\":\"O Arcanjo no ar\",\"description\":\"Site da Par\u00f3quia S\u00e3o Miguel Arcanjo (Arquidiocese de SP)\",\"publisher\":{\"@id\":\"https:\/\/www.oarcanjo.net\/site\/#organization\"},\"potentialAction\":[{\"@type\":\"SearchAction\",\"target\":{\"@type\":\"EntryPoint\",\"urlTemplate\":\"https:\/\/www.oarcanjo.net\/site\/?s={search_term_string}\"},\"query-input\":{\"@type\":\"PropertyValueSpecification\",\"valueRequired\":true,\"valueName\":\"search_term_string\"}}],\"inLanguage\":\"pt-BR\"},{\"@type\":\"Organization\",\"@id\":\"https:\/\/www.oarcanjo.net\/site\/#organization\",\"name\":\"Par\u00f3quia S\u00e3o Miguel Arcanjo\",\"url\":\"https:\/\/www.oarcanjo.net\/site\/\",\"logo\":{\"@type\":\"ImageObject\",\"inLanguage\":\"pt-BR\",\"@id\":\"https:\/\/www.oarcanjo.net\/site\/#\/schema\/logo\/image\/\",\"url\":\"https:\/\/www.oarcanjo.net\/site\/wp-content\/uploads\/LogoOArcanjo.png\",\"contentUrl\":\"https:\/\/www.oarcanjo.net\/site\/wp-content\/uploads\/LogoOArcanjo.png\",\"width\":319,\"height\":99,\"caption\":\"Par\u00f3quia S\u00e3o Miguel Arcanjo\"},\"image\":{\"@id\":\"https:\/\/www.oarcanjo.net\/site\/#\/schema\/logo\/image\/\"},\"sameAs\":[\"https:\/\/www.facebook.com\/OArcanjoNoAr\/\"]},{\"@type\":\"Person\",\"@id\":\"https:\/\/www.oarcanjo.net\/site\/#\/schema\/person\/5eb9480bedd2f3c97e430ce128c29c6c\",\"name\":\"danilo\"}]}<\/script>\n<!-- \/ Yoast SEO plugin. -->","yoast_head_json":{"title":"S\u00e3o Porf\u00edrio de Gaza - O Arcanjo no ar","robots":{"index":"index","follow":"follow","max-snippet":"max-snippet:-1","max-image-preview":"max-image-preview:large","max-video-preview":"max-video-preview:-1"},"canonical":"https:\/\/www.oarcanjo.net\/site\/sao-porfirio-de-gaza\/","og_locale":"pt_BR","og_type":"article","og_title":"S\u00e3o Porf\u00edrio de Gaza - O Arcanjo no ar","og_description":"26 de Fevereiro Porf\u00edrio teve muitos fatos prodigiosos em sua vida que come\u00e7ou em Tessal\u00f4nica, na Gr\u00e9cia, onde nasceu no ano 347. Ele j\u00e1 era formado nas ci\u00eancias quando, aos trinta e um anos, decidiu viver no deserto de Scete, no Egito onde se tornou um eremita e ficou por cinco anos. Depois visitou os [&hellip;]","og_url":"https:\/\/www.oarcanjo.net\/site\/sao-porfirio-de-gaza\/","og_site_name":"O Arcanjo no ar","article_publisher":"https:\/\/www.facebook.com\/OArcanjoNoAr\/","article_published_time":"2019-02-26T03:14:47+00:00","article_modified_time":"2019-02-20T11:04:52+00:00","og_image":[{"url":"http:\/\/2.bp.blogspot.com\/_z-c0Sh5Zlrs\/SImbYyCbk7I\/AAAAAAAAA74\/nOwg6Dqw_JU\/s400\/Santo+Porf%C3%ADrio+de+Gaza.jpg"}],"author":"danilo","twitter_card":"summary_large_image","twitter_misc":{"Escrito por":"danilo","Est. tempo de leitura":"3 minutos"},"schema":{"@context":"https:\/\/schema.org","@graph":[{"@type":"Article","@id":"https:\/\/www.oarcanjo.net\/site\/sao-porfirio-de-gaza\/#article","isPartOf":{"@id":"https:\/\/www.oarcanjo.net\/site\/sao-porfirio-de-gaza\/"},"author":{"name":"danilo","@id":"https:\/\/www.oarcanjo.net\/site\/#\/schema\/person\/5eb9480bedd2f3c97e430ce128c29c6c"},"headline":"S\u00e3o Porf\u00edrio de Gaza","datePublished":"2019-02-26T03:14:47+00:00","dateModified":"2019-02-20T11:04:52+00:00","mainEntityOfPage":{"@id":"https:\/\/www.oarcanjo.net\/site\/sao-porfirio-de-gaza\/"},"wordCount":565,"commentCount":0,"publisher":{"@id":"https:\/\/www.oarcanjo.net\/site\/#organization"},"image":{"@id":"https:\/\/www.oarcanjo.net\/site\/sao-porfirio-de-gaza\/#primaryimage"},"thumbnailUrl":"http:\/\/2.bp.blogspot.com\/_z-c0Sh5Zlrs\/SImbYyCbk7I\/AAAAAAAAA74\/nOwg6Dqw_JU\/s400\/Santo+Porf%C3%ADrio+de+Gaza.jpg","articleSection":["Testemunhos"],"inLanguage":"pt-BR","potentialAction":[{"@type":"CommentAction","name":"Comment","target":["https:\/\/www.oarcanjo.net\/site\/sao-porfirio-de-gaza\/#respond"]}]},{"@type":"WebPage","@id":"https:\/\/www.oarcanjo.net\/site\/sao-porfirio-de-gaza\/","url":"https:\/\/www.oarcanjo.net\/site\/sao-porfirio-de-gaza\/","name":"S\u00e3o Porf\u00edrio de Gaza - O Arcanjo no ar","isPartOf":{"@id":"https:\/\/www.oarcanjo.net\/site\/#website"},"primaryImageOfPage":{"@id":"https:\/\/www.oarcanjo.net\/site\/sao-porfirio-de-gaza\/#primaryimage"},"image":{"@id":"https:\/\/www.oarcanjo.net\/site\/sao-porfirio-de-gaza\/#primaryimage"},"thumbnailUrl":"http:\/\/2.bp.blogspot.com\/_z-c0Sh5Zlrs\/SImbYyCbk7I\/AAAAAAAAA74\/nOwg6Dqw_JU\/s400\/Santo+Porf%C3%ADrio+de+Gaza.jpg","datePublished":"2019-02-26T03:14:47+00:00","dateModified":"2019-02-20T11:04:52+00:00","breadcrumb":{"@id":"https:\/\/www.oarcanjo.net\/site\/sao-porfirio-de-gaza\/#breadcrumb"},"inLanguage":"pt-BR","potentialAction":[{"@type":"ReadAction","target":["https:\/\/www.oarcanjo.net\/site\/sao-porfirio-de-gaza\/"]}]},{"@type":"ImageObject","inLanguage":"pt-BR","@id":"https:\/\/www.oarcanjo.net\/site\/sao-porfirio-de-gaza\/#primaryimage","url":"http:\/\/2.bp.blogspot.com\/_z-c0Sh5Zlrs\/SImbYyCbk7I\/AAAAAAAAA74\/nOwg6Dqw_JU\/s400\/Santo+Porf%C3%ADrio+de+Gaza.jpg","contentUrl":"http:\/\/2.bp.blogspot.com\/_z-c0Sh5Zlrs\/SImbYyCbk7I\/AAAAAAAAA74\/nOwg6Dqw_JU\/s400\/Santo+Porf%C3%ADrio+de+Gaza.jpg"},{"@type":"BreadcrumbList","@id":"https:\/\/www.oarcanjo.net\/site\/sao-porfirio-de-gaza\/#breadcrumb","itemListElement":[{"@type":"ListItem","position":1,"name":"In\u00edcio","item":"https:\/\/www.oarcanjo.net\/site\/"},{"@type":"ListItem","position":2,"name":"S\u00e3o Porf\u00edrio de Gaza"}]},{"@type":"WebSite","@id":"https:\/\/www.oarcanjo.net\/site\/#website","url":"https:\/\/www.oarcanjo.net\/site\/","name":"O Arcanjo no ar","description":"Site da Par\u00f3quia S\u00e3o Miguel Arcanjo (Arquidiocese de SP)","publisher":{"@id":"https:\/\/www.oarcanjo.net\/site\/#organization"},"potentialAction":[{"@type":"SearchAction","target":{"@type":"EntryPoint","urlTemplate":"https:\/\/www.oarcanjo.net\/site\/?s={search_term_string}"},"query-input":{"@type":"PropertyValueSpecification","valueRequired":true,"valueName":"search_term_string"}}],"inLanguage":"pt-BR"},{"@type":"Organization","@id":"https:\/\/www.oarcanjo.net\/site\/#organization","name":"Par\u00f3quia S\u00e3o Miguel Arcanjo","url":"https:\/\/www.oarcanjo.net\/site\/","logo":{"@type":"ImageObject","inLanguage":"pt-BR","@id":"https:\/\/www.oarcanjo.net\/site\/#\/schema\/logo\/image\/","url":"https:\/\/www.oarcanjo.net\/site\/wp-content\/uploads\/LogoOArcanjo.png","contentUrl":"https:\/\/www.oarcanjo.net\/site\/wp-content\/uploads\/LogoOArcanjo.png","width":319,"height":99,"caption":"Par\u00f3quia S\u00e3o Miguel Arcanjo"},"image":{"@id":"https:\/\/www.oarcanjo.net\/site\/#\/schema\/logo\/image\/"},"sameAs":["https:\/\/www.facebook.com\/OArcanjoNoAr\/"]},{"@type":"Person","@id":"https:\/\/www.oarcanjo.net\/site\/#\/schema\/person\/5eb9480bedd2f3c97e430ce128c29c6c","name":"danilo"}]}},"publishpress_future_action":{"enabled":false,"date":"2026-05-08 01:03:36","action":"category","newStatus":"draft","terms":[],"taxonomy":"category"},"publishpress_future_workflow_manual_trigger":{"enabledWorkflows":[]},"_links":{"self":[{"href":"https:\/\/www.oarcanjo.net\/site\/wp-json\/wp\/v2\/posts\/8070"}],"collection":[{"href":"https:\/\/www.oarcanjo.net\/site\/wp-json\/wp\/v2\/posts"}],"about":[{"href":"https:\/\/www.oarcanjo.net\/site\/wp-json\/wp\/v2\/types\/post"}],"author":[{"embeddable":true,"href":"https:\/\/www.oarcanjo.net\/site\/wp-json\/wp\/v2\/users\/14"}],"replies":[{"embeddable":true,"href":"https:\/\/www.oarcanjo.net\/site\/wp-json\/wp\/v2\/comments?post=8070"}],"version-history":[{"count":1,"href":"https:\/\/www.oarcanjo.net\/site\/wp-json\/wp\/v2\/posts\/8070\/revisions"}],"predecessor-version":[{"id":92956,"href":"https:\/\/www.oarcanjo.net\/site\/wp-json\/wp\/v2\/posts\/8070\/revisions\/92956"}],"wp:attachment":[{"href":"https:\/\/www.oarcanjo.net\/site\/wp-json\/wp\/v2\/media?parent=8070"}],"wp:term":[{"taxonomy":"category","embeddable":true,"href":"https:\/\/www.oarcanjo.net\/site\/wp-json\/wp\/v2\/categories?post=8070"},{"taxonomy":"post_tag","embeddable":true,"href":"https:\/\/www.oarcanjo.net\/site\/wp-json\/wp\/v2\/tags?post=8070"}],"curies":[{"name":"wp","href":"https:\/\/api.w.org\/{rel}","templated":true}]}}