
{"id":8080,"date":"2019-02-27T00:23:30","date_gmt":"2019-02-27T03:23:30","guid":{"rendered":"http:\/\/www.oarcanjo.net\/site\/?p=8080"},"modified":"2019-02-20T08:05:00","modified_gmt":"2019-02-20T11:05:00","slug":"sao-niceforo","status":"publish","type":"post","link":"https:\/\/www.oarcanjo.net\/site\/sao-niceforo\/","title":{"rendered":"S\u00e3o Nic\u00e9foro"},"content":{"rendered":"<p><img decoding=\"async\" src=\"http:\/\/www.paginaoriente.com\/santosdaigreja\/mar\/niceforo.jpg\" alt=\"\" \/><\/p>\n<p>27 de Fevereiro<\/p>\n<p>Quando Valeriano e Galieno eram imperadores, viviam em Antioquia o sacerdote Sapr\u00edcio e seu amigo \u00edntimo Nic\u00e9foro. O inimigo de todo o bem semeou ciz\u00e2nia, a amizade dos dois transformou-se em inimizade ac\u00e9rrima. Algum tempo depois Nic\u00e9foro, caindo em si, procurou aproximar-se de Sapr\u00edcio, por\u00e9m n\u00e3o lhe quis perdoar; uma segunda tentativa, feita por interm\u00e9dio de outros amigos, n\u00e3o teve melhor resultado. Ainda pela terceira e quarta vez Nic\u00e9foro procurou o ex-amigo, chegando a prostrar-se diante dele, dizendo: \u201cPai! Perdoai-me pelo amor de Deus!\u201d In\u00fatil esperan\u00e7a!<\/p>\n<p>\u00a0\u00a0\u00a0\u00a0\u00a0\u00a0\u00a0\u00a0\u00a0\u00a0\u00a0\u00a0\u00a0\u00a0\u00a0\u00a0\u00a0\u00a0\u00a0\u00a0\u00a0\u00a0\u00a0\u00a0\u00a0\u00a0\u00a0\u00a0\u00a0\u00a0\u00a0\u00a0\u00a0\u00a0\u00a0\u00a0\u00a0\u00a0\u00a0\u00a0\u00a0\u00a0\u00a0\u00a0\u00a0 Sapr\u00edcio, esquecendo-se por completo do dever de crist\u00e3o e sacerdote, fechou o cora\u00e7\u00e3o aos sentimentos de perd\u00e3o.<\/p>\n<p>\u00a0\u00a0\u00a0\u00a0\u00a0\u00a0\u00a0\u00a0\u00a0\u00a0\u00a0\u00a0\u00a0\u00a0\u00a0\u00a0\u00a0\u00a0\u00a0\u00a0\u00a0\u00a0\u00a0\u00a0\u00a0\u00a0\u00a0\u00a0\u00a0\u00a0\u00a0\u00a0\u00a0\u00a0\u00a0\u00a0\u00a0\u00a0\u00a0\u00a0\u00a0\u00a0\u00a0\u00a0\u00a0 Aconteceu que ao mesmo tempo rebentasse em Antioquia uma terr\u00edvel persegui\u00e7\u00e3o da religi\u00e3o crist\u00e3. Os c\u00e1rceres enchiam-se de prisioneiros, cujo \u00fanico crime consistia em serem crist\u00e3os e muitos tiveram a morte gloriosa do mart\u00edrio. Tamb\u00e9m Sapr\u00edcio foi preso e levado \u00e0 presen\u00e7a do governador, o qual fez o seguinte inqu\u00e9rito: \u201cComo te chamas?\u201d \u2013 \u201cChamo-me Sapr\u00edcio\u201d. \u2013 \u201cTua profiss\u00e3o, qual \u00e9?\u201d \u2013 \u201cSou crist\u00e3o\u201d. \u2013 \u201cN\u00e3o \u00e9s sacerdote?\u201d \u2013 \u201cSou\u201d \u2013 \u201cEis a ordem dos imperadores Valeriano e Galieno, segundo a qual todos aqueles que se dizem crist\u00e3os, devem sacrificar aos deuses imortais. Quem se negar a prestar esta homenagem, ser\u00e1 condenado a torturas e multas e, se n\u00e3o ceder, ser\u00e1 morto\u201d. Sapr\u00edcio responde: \u201cNosso Rei \u00e9 Cristo. S\u00f3 ele \u00e9 o Deus verdadeiro, Criador do c\u00e9u, da terra e do mar. Os deuses dos pag\u00e3os, por\u00e9m s\u00e3o \u00eddolos, que devem desaparecer do mundo, pois nenhum poder t\u00eam, visto serem feitos por m\u00e3o humana\u201d.<\/p>\n<p>\u00a0\u00a0\u00a0\u00a0\u00a0\u00a0\u00a0\u00a0\u00a0\u00a0\u00a0\u00a0\u00a0\u00a0\u00a0\u00a0\u00a0\u00a0\u00a0\u00a0\u00a0\u00a0\u00a0\u00a0\u00a0\u00a0\u00a0\u00a0\u00a0\u00a0\u00a0\u00a0\u00a0\u00a0\u00a0\u00a0\u00a0\u00a0\u00a0\u00a0\u00a0\u00a0\u00a0\u00a0\u00a0 Em paga desta confiss\u00e3o, Sapr\u00edcio foi cruelmente torturado. O M\u00e1rtir, por\u00e9m, ficou firme na f\u00e9 e disse ao governador: \u201cTens apenas poder sobre minha carne; minha alma est\u00e1 nas m\u00e3os de Jesus Cristo, daquele que a formou\u201d. O governador, vendo que nada conseguia com torturas, condenou Sapr\u00edcio \u00e0 morte pela espada. O sentenciado foi levado imediatamente ao lugar da execu\u00e7\u00e3o. Nic\u00e9foro, sabendo o que acontecera, veio de encontro a Sapr\u00edcio, lan\u00e7ou-se-lhe aos p\u00e9s, dizendo: \u201cM\u00e1rtir de Cristo, perdoe-me o que contra v\u00f3s fiz!\u201d Sapr\u00edcio nada respondeu. Nic\u00e9foro reiterou o pedido: \u201cM\u00e1rtir de Cristo \u2013 assim falou a Sapr\u00edcio \u2013 perdoai-me o que em humana fraqueza contra v\u00f3s fiz. Eis a coroa que Cristo vos oferece, em recompensa da f\u00e9, que corajosamente confessastes, em presen\u00e7a de muitas pessoas\u201d. Sapr\u00edcio ficou inflex\u00edvel e da boca n\u00e3o lhe saiu a palavra do perd\u00e3o. Aconteceu ent\u00e3o o que era de esperar: Deus, vendo seu preceito desatendido pelo seu ministro, retirou-lhe a gra\u00e7a e assist\u00eancia na hora da morte. Quando chegaram ao lugar do supl\u00edcio, Sapr\u00edcio recebeu ordem de ajoelhar-se. \u201cPorque devo ajoelhar-me?\u201d perguntou aos algozes. \u2013 \u201cPara levar a efeito a execu\u00e7\u00e3o\u201d, responderam. \u2013 \u201cQue fiz eu, para que deva morrer?\u201d \u2013 \u201cPorque negaste sacrificar aos deuses, conforme ordenam os imperadores.\u201d \u2013 \u201cN\u00e3o quero morrer. Farei o que me mandarem e prestarei homenagem aos deuses\u201d. Imediatamente foi posto em liberdade.<\/p>\n<p>\u00a0\u00a0\u00a0\u00a0\u00a0\u00a0\u00a0\u00a0\u00a0\u00a0\u00a0\u00a0\u00a0\u00a0\u00a0\u00a0\u00a0\u00a0\u00a0\u00a0\u00a0\u00a0\u00a0\u00a0\u00a0\u00a0\u00a0\u00a0\u00a0\u00a0\u00a0\u00a0\u00a0\u00a0\u00a0\u00a0\u00a0\u00a0\u00a0\u00a0\u00a0\u00a0\u00a0\u00a0\u00a0 Outra vez apareceu Nic\u00e9foro e vendo o grande esc\u00e2ndalo que Sapr\u00edcio acabava de dar, dirigiu-se-lhe dizendo: \u201cN\u00e3o peques, meu irm\u00e3o, negando a Nosso Senhor Jesus Cristo. Pe\u00e7o-te n\u00e3o o abandones para que n\u00e3o percas a coroa, que j\u00e1 tinhas segura, como recompensa da tua fidelidade no mart\u00edrio\u201d. Sapr\u00edcio ficou insens\u00edvel ainda diante deste \u00faltimo apelo. Para reparar a infidelidade de Sapr\u00edcio, Nic\u00e9foro apresentou-se dizendo: \u201cSou crist\u00e3o e creio em Jesus Cristo, cujo nome Sapr\u00edcio acaba de negar. Eis-me aqui, pronto para morrer em seu lugar\u201d. Todos os circunstantes se admiraram da coragem de Nic\u00e9foro. Os algozes n\u00e3o se atreveram a p\u00f4r-lhe a m\u00e3o, sem autoriza\u00e7\u00e3o do governador. Esta n\u00e3o se fez esperar e poucos minutos depois, rolou a cabe\u00e7a de Nic\u00e9foro na arena, aos p\u00e9s de Sapr\u00edcio e\u00a0 dos algozes e sua alma, aureolada com a gl\u00f3ria do mart\u00edrio, voou para o c\u00e9u, para fazer parte do glorioso ex\u00e9rcito dos M\u00e1rtires e cantar louvor ao Rei eterno, Jesus Cristo.<\/p>\n<p><strong><span style=\"text-decoration: underline\">Reflex\u00f5es:<\/span><\/strong><\/p>\n<p>\u00a0\u00a0\u00a0\u00a0\u00a0\u00a0\u00a0\u00a0\u00a0\u00a0\u00a0\u00a0\u00a0\u00a0\u00a0\u00a0\u00a0\u00a0\u00a0\u00a0\u00a0\u00a0\u00a0\u00a0\u00a0\u00a0\u00a0\u00a0\u00a0\u00a0\u00a0\u00a0\u00a0\u00a0\u00a0\u00a0\u00a0\u00a0\u00a0\u00a0\u00a0\u00a0\u00a0\u00a0\u00a0 O amor de Deus \u00e9 insepar\u00e1vel do amor do pr\u00f3ximo. \u201cQuem diz que ama a Deus, e odeia a seu irm\u00e3o, \u00e9 mentiroso, e a verdade n\u00e3o est\u00e1 nele\u201d. (I.\u00a0 J\u00f4. 4,\u00a0 20). Exemplo frisante desta verdade temos na hist\u00f3ria de Sapr\u00edcio, que perdeu a coroa do mart\u00edrio, porque embora quisesse morrer pela f\u00e9, n\u00e3o soube banir do cora\u00e7\u00e3o o \u00f3dio contra uma pessoa, que o ofendera. Quem odeia a seu irm\u00e3o, n\u00e3o \u00e9 amigo de Deus, por mais que insista em afirm\u00e1-lo.<\/p>\n<p>\u00a0\u00a0\u00a0\u00a0\u00a0\u00a0\u00a0\u00a0\u00a0\u00a0\u00a0\u00a0\u00a0\u00a0\u00a0\u00a0\u00a0\u00a0\u00a0\u00a0\u00a0\u00a0\u00a0\u00a0\u00a0\u00a0\u00a0\u00a0\u00a0\u00a0\u00a0\u00a0\u00a0\u00a0\u00a0\u00a0\u00a0\u00a0\u00a0\u00a0\u00a0\u00a0\u00a0\u00a0\u00a0 Sapr\u00edcio era sacerdote e n\u00e3o obstante perdeu a f\u00e9 e deu esc\u00e2ndalo. Perante Deus n\u00e3o h\u00e1 acep\u00e7\u00e3o de pessoa. O estado sacerdotal, como tal, n\u00e3o \u00e9 garantia nenhuma da felicidade eterna e embora seja de todos os estados o mais santo e vener\u00e1vel, n\u00e3o santifica sem a coopera\u00e7\u00e3o pessoal de quem o abra\u00e7ou. O pecado do sacerdote \u00e9 maior, maior \u00e9 a responsabilidade do sacerdote, porque maiores s\u00e3o as gra\u00e7as que recebe, mais clara \u00e9 sua compreens\u00e3o das coisas de Deus. Os fi\u00e9is devem rezar pelos sacerdotes, para que Deus os conserve na sua gra\u00e7a. Se um mau procedimento de um sacerdote os escandalizar, como aconteceu a Nic\u00e9foro, que apesar de sua insist\u00eancia n\u00e3o p\u00f4de mover a Sapr\u00edcio, para que lhe perdoasse, procurem ignor\u00e1-lo e lembrem-se que cada um responder\u00e1 a Deus pelos seus atos. Entre doze Ap\u00f3stolos houve um Judas apenas. O exemplo deste por ningu\u00e9m deve ser imitado, enquanto que muito nos deve animar, edificar e entusiasmar a virtude, a dedica\u00e7\u00e3o de um Pedro, de um Jo\u00e3o e demais Ap\u00f3stolos.<\/p>\n<div id=\"themify_builder_content-8080\" data-postid=\"8080\" class=\"themify_builder_content themify_builder_content-8080 themify_builder themify_builder_front\">\n\t<\/div>\n<!-- \/themify_builder_content -->","protected":false},"excerpt":{"rendered":"<p>27 de Fevereiro Quando Valeriano e Galieno eram imperadores, viviam em Antioquia o sacerdote Sapr\u00edcio e seu amigo \u00edntimo Nic\u00e9foro. O inimigo de todo o bem semeou ciz\u00e2nia, a amizade dos dois transformou-se em inimizade ac\u00e9rrima. Algum tempo depois Nic\u00e9foro, caindo em si, procurou aproximar-se de Sapr\u00edcio, por\u00e9m n\u00e3o lhe quis perdoar; uma segunda tentativa, [&hellip;]<\/p>\n","protected":false},"author":14,"featured_media":0,"comment_status":"open","ping_status":"open","sticky":false,"template":"","format":"standard","meta":{"ngg_post_thumbnail":0,"footnotes":""},"categories":[186],"tags":[],"yoast_head":"<!-- This site is optimized with the Yoast SEO plugin v23.5 - https:\/\/yoast.com\/wordpress\/plugins\/seo\/ -->\n<title>S\u00e3o Nic\u00e9foro - O Arcanjo no ar<\/title>\n<meta name=\"robots\" content=\"index, follow, max-snippet:-1, max-image-preview:large, max-video-preview:-1\" \/>\n<link rel=\"canonical\" href=\"https:\/\/www.oarcanjo.net\/site\/sao-niceforo\/\" \/>\n<meta property=\"og:locale\" content=\"pt_BR\" \/>\n<meta property=\"og:type\" content=\"article\" \/>\n<meta property=\"og:title\" content=\"S\u00e3o Nic\u00e9foro - O Arcanjo no ar\" \/>\n<meta property=\"og:description\" content=\"27 de Fevereiro Quando Valeriano e Galieno eram imperadores, viviam em Antioquia o sacerdote Sapr\u00edcio e seu amigo \u00edntimo Nic\u00e9foro. O inimigo de todo o bem semeou ciz\u00e2nia, a amizade dos dois transformou-se em inimizade ac\u00e9rrima. Algum tempo depois Nic\u00e9foro, caindo em si, procurou aproximar-se de Sapr\u00edcio, por\u00e9m n\u00e3o lhe quis perdoar; uma segunda tentativa, [&hellip;]\" \/>\n<meta property=\"og:url\" content=\"https:\/\/www.oarcanjo.net\/site\/sao-niceforo\/\" \/>\n<meta property=\"og:site_name\" content=\"O Arcanjo no ar\" \/>\n<meta property=\"article:publisher\" content=\"https:\/\/www.facebook.com\/OArcanjoNoAr\/\" \/>\n<meta property=\"article:published_time\" content=\"2019-02-27T03:23:30+00:00\" \/>\n<meta property=\"article:modified_time\" content=\"2019-02-20T11:05:00+00:00\" \/>\n<meta property=\"og:image\" content=\"http:\/\/www.paginaoriente.com\/santosdaigreja\/mar\/niceforo.jpg\" \/>\n<meta name=\"author\" content=\"danilo\" \/>\n<meta name=\"twitter:card\" content=\"summary_large_image\" \/>\n<meta name=\"twitter:label1\" content=\"Escrito por\" \/>\n\t<meta name=\"twitter:data1\" content=\"danilo\" \/>\n\t<meta name=\"twitter:label2\" content=\"Est. tempo de leitura\" \/>\n\t<meta name=\"twitter:data2\" content=\"5 minutos\" \/>\n<script type=\"application\/ld+json\" class=\"yoast-schema-graph\">{\"@context\":\"https:\/\/schema.org\",\"@graph\":[{\"@type\":\"Article\",\"@id\":\"https:\/\/www.oarcanjo.net\/site\/sao-niceforo\/#article\",\"isPartOf\":{\"@id\":\"https:\/\/www.oarcanjo.net\/site\/sao-niceforo\/\"},\"author\":{\"name\":\"danilo\",\"@id\":\"https:\/\/www.oarcanjo.net\/site\/#\/schema\/person\/5eb9480bedd2f3c97e430ce128c29c6c\"},\"headline\":\"S\u00e3o Nic\u00e9foro\",\"datePublished\":\"2019-02-27T03:23:30+00:00\",\"dateModified\":\"2019-02-20T11:05:00+00:00\",\"mainEntityOfPage\":{\"@id\":\"https:\/\/www.oarcanjo.net\/site\/sao-niceforo\/\"},\"wordCount\":1017,\"commentCount\":0,\"publisher\":{\"@id\":\"https:\/\/www.oarcanjo.net\/site\/#organization\"},\"image\":{\"@id\":\"https:\/\/www.oarcanjo.net\/site\/sao-niceforo\/#primaryimage\"},\"thumbnailUrl\":\"http:\/\/www.paginaoriente.com\/santosdaigreja\/mar\/niceforo.jpg\",\"articleSection\":[\"Testemunhos\"],\"inLanguage\":\"pt-BR\",\"potentialAction\":[{\"@type\":\"CommentAction\",\"name\":\"Comment\",\"target\":[\"https:\/\/www.oarcanjo.net\/site\/sao-niceforo\/#respond\"]}]},{\"@type\":\"WebPage\",\"@id\":\"https:\/\/www.oarcanjo.net\/site\/sao-niceforo\/\",\"url\":\"https:\/\/www.oarcanjo.net\/site\/sao-niceforo\/\",\"name\":\"S\u00e3o Nic\u00e9foro - O Arcanjo no ar\",\"isPartOf\":{\"@id\":\"https:\/\/www.oarcanjo.net\/site\/#website\"},\"primaryImageOfPage\":{\"@id\":\"https:\/\/www.oarcanjo.net\/site\/sao-niceforo\/#primaryimage\"},\"image\":{\"@id\":\"https:\/\/www.oarcanjo.net\/site\/sao-niceforo\/#primaryimage\"},\"thumbnailUrl\":\"http:\/\/www.paginaoriente.com\/santosdaigreja\/mar\/niceforo.jpg\",\"datePublished\":\"2019-02-27T03:23:30+00:00\",\"dateModified\":\"2019-02-20T11:05:00+00:00\",\"breadcrumb\":{\"@id\":\"https:\/\/www.oarcanjo.net\/site\/sao-niceforo\/#breadcrumb\"},\"inLanguage\":\"pt-BR\",\"potentialAction\":[{\"@type\":\"ReadAction\",\"target\":[\"https:\/\/www.oarcanjo.net\/site\/sao-niceforo\/\"]}]},{\"@type\":\"ImageObject\",\"inLanguage\":\"pt-BR\",\"@id\":\"https:\/\/www.oarcanjo.net\/site\/sao-niceforo\/#primaryimage\",\"url\":\"http:\/\/www.paginaoriente.com\/santosdaigreja\/mar\/niceforo.jpg\",\"contentUrl\":\"http:\/\/www.paginaoriente.com\/santosdaigreja\/mar\/niceforo.jpg\"},{\"@type\":\"BreadcrumbList\",\"@id\":\"https:\/\/www.oarcanjo.net\/site\/sao-niceforo\/#breadcrumb\",\"itemListElement\":[{\"@type\":\"ListItem\",\"position\":1,\"name\":\"In\u00edcio\",\"item\":\"https:\/\/www.oarcanjo.net\/site\/\"},{\"@type\":\"ListItem\",\"position\":2,\"name\":\"S\u00e3o Nic\u00e9foro\"}]},{\"@type\":\"WebSite\",\"@id\":\"https:\/\/www.oarcanjo.net\/site\/#website\",\"url\":\"https:\/\/www.oarcanjo.net\/site\/\",\"name\":\"O Arcanjo no ar\",\"description\":\"Site da Par\u00f3quia S\u00e3o Miguel Arcanjo (Arquidiocese de SP)\",\"publisher\":{\"@id\":\"https:\/\/www.oarcanjo.net\/site\/#organization\"},\"potentialAction\":[{\"@type\":\"SearchAction\",\"target\":{\"@type\":\"EntryPoint\",\"urlTemplate\":\"https:\/\/www.oarcanjo.net\/site\/?s={search_term_string}\"},\"query-input\":{\"@type\":\"PropertyValueSpecification\",\"valueRequired\":true,\"valueName\":\"search_term_string\"}}],\"inLanguage\":\"pt-BR\"},{\"@type\":\"Organization\",\"@id\":\"https:\/\/www.oarcanjo.net\/site\/#organization\",\"name\":\"Par\u00f3quia S\u00e3o Miguel Arcanjo\",\"url\":\"https:\/\/www.oarcanjo.net\/site\/\",\"logo\":{\"@type\":\"ImageObject\",\"inLanguage\":\"pt-BR\",\"@id\":\"https:\/\/www.oarcanjo.net\/site\/#\/schema\/logo\/image\/\",\"url\":\"https:\/\/www.oarcanjo.net\/site\/wp-content\/uploads\/LogoOArcanjo.png\",\"contentUrl\":\"https:\/\/www.oarcanjo.net\/site\/wp-content\/uploads\/LogoOArcanjo.png\",\"width\":319,\"height\":99,\"caption\":\"Par\u00f3quia S\u00e3o Miguel Arcanjo\"},\"image\":{\"@id\":\"https:\/\/www.oarcanjo.net\/site\/#\/schema\/logo\/image\/\"},\"sameAs\":[\"https:\/\/www.facebook.com\/OArcanjoNoAr\/\"]},{\"@type\":\"Person\",\"@id\":\"https:\/\/www.oarcanjo.net\/site\/#\/schema\/person\/5eb9480bedd2f3c97e430ce128c29c6c\",\"name\":\"danilo\"}]}<\/script>\n<!-- \/ Yoast SEO plugin. -->","yoast_head_json":{"title":"S\u00e3o Nic\u00e9foro - O Arcanjo no ar","robots":{"index":"index","follow":"follow","max-snippet":"max-snippet:-1","max-image-preview":"max-image-preview:large","max-video-preview":"max-video-preview:-1"},"canonical":"https:\/\/www.oarcanjo.net\/site\/sao-niceforo\/","og_locale":"pt_BR","og_type":"article","og_title":"S\u00e3o Nic\u00e9foro - O Arcanjo no ar","og_description":"27 de Fevereiro Quando Valeriano e Galieno eram imperadores, viviam em Antioquia o sacerdote Sapr\u00edcio e seu amigo \u00edntimo Nic\u00e9foro. O inimigo de todo o bem semeou ciz\u00e2nia, a amizade dos dois transformou-se em inimizade ac\u00e9rrima. Algum tempo depois Nic\u00e9foro, caindo em si, procurou aproximar-se de Sapr\u00edcio, por\u00e9m n\u00e3o lhe quis perdoar; uma segunda tentativa, [&hellip;]","og_url":"https:\/\/www.oarcanjo.net\/site\/sao-niceforo\/","og_site_name":"O Arcanjo no ar","article_publisher":"https:\/\/www.facebook.com\/OArcanjoNoAr\/","article_published_time":"2019-02-27T03:23:30+00:00","article_modified_time":"2019-02-20T11:05:00+00:00","og_image":[{"url":"http:\/\/www.paginaoriente.com\/santosdaigreja\/mar\/niceforo.jpg"}],"author":"danilo","twitter_card":"summary_large_image","twitter_misc":{"Escrito por":"danilo","Est. tempo de leitura":"5 minutos"},"schema":{"@context":"https:\/\/schema.org","@graph":[{"@type":"Article","@id":"https:\/\/www.oarcanjo.net\/site\/sao-niceforo\/#article","isPartOf":{"@id":"https:\/\/www.oarcanjo.net\/site\/sao-niceforo\/"},"author":{"name":"danilo","@id":"https:\/\/www.oarcanjo.net\/site\/#\/schema\/person\/5eb9480bedd2f3c97e430ce128c29c6c"},"headline":"S\u00e3o Nic\u00e9foro","datePublished":"2019-02-27T03:23:30+00:00","dateModified":"2019-02-20T11:05:00+00:00","mainEntityOfPage":{"@id":"https:\/\/www.oarcanjo.net\/site\/sao-niceforo\/"},"wordCount":1017,"commentCount":0,"publisher":{"@id":"https:\/\/www.oarcanjo.net\/site\/#organization"},"image":{"@id":"https:\/\/www.oarcanjo.net\/site\/sao-niceforo\/#primaryimage"},"thumbnailUrl":"http:\/\/www.paginaoriente.com\/santosdaigreja\/mar\/niceforo.jpg","articleSection":["Testemunhos"],"inLanguage":"pt-BR","potentialAction":[{"@type":"CommentAction","name":"Comment","target":["https:\/\/www.oarcanjo.net\/site\/sao-niceforo\/#respond"]}]},{"@type":"WebPage","@id":"https:\/\/www.oarcanjo.net\/site\/sao-niceforo\/","url":"https:\/\/www.oarcanjo.net\/site\/sao-niceforo\/","name":"S\u00e3o Nic\u00e9foro - O Arcanjo no ar","isPartOf":{"@id":"https:\/\/www.oarcanjo.net\/site\/#website"},"primaryImageOfPage":{"@id":"https:\/\/www.oarcanjo.net\/site\/sao-niceforo\/#primaryimage"},"image":{"@id":"https:\/\/www.oarcanjo.net\/site\/sao-niceforo\/#primaryimage"},"thumbnailUrl":"http:\/\/www.paginaoriente.com\/santosdaigreja\/mar\/niceforo.jpg","datePublished":"2019-02-27T03:23:30+00:00","dateModified":"2019-02-20T11:05:00+00:00","breadcrumb":{"@id":"https:\/\/www.oarcanjo.net\/site\/sao-niceforo\/#breadcrumb"},"inLanguage":"pt-BR","potentialAction":[{"@type":"ReadAction","target":["https:\/\/www.oarcanjo.net\/site\/sao-niceforo\/"]}]},{"@type":"ImageObject","inLanguage":"pt-BR","@id":"https:\/\/www.oarcanjo.net\/site\/sao-niceforo\/#primaryimage","url":"http:\/\/www.paginaoriente.com\/santosdaigreja\/mar\/niceforo.jpg","contentUrl":"http:\/\/www.paginaoriente.com\/santosdaigreja\/mar\/niceforo.jpg"},{"@type":"BreadcrumbList","@id":"https:\/\/www.oarcanjo.net\/site\/sao-niceforo\/#breadcrumb","itemListElement":[{"@type":"ListItem","position":1,"name":"In\u00edcio","item":"https:\/\/www.oarcanjo.net\/site\/"},{"@type":"ListItem","position":2,"name":"S\u00e3o Nic\u00e9foro"}]},{"@type":"WebSite","@id":"https:\/\/www.oarcanjo.net\/site\/#website","url":"https:\/\/www.oarcanjo.net\/site\/","name":"O Arcanjo no ar","description":"Site da Par\u00f3quia S\u00e3o Miguel Arcanjo (Arquidiocese de SP)","publisher":{"@id":"https:\/\/www.oarcanjo.net\/site\/#organization"},"potentialAction":[{"@type":"SearchAction","target":{"@type":"EntryPoint","urlTemplate":"https:\/\/www.oarcanjo.net\/site\/?s={search_term_string}"},"query-input":{"@type":"PropertyValueSpecification","valueRequired":true,"valueName":"search_term_string"}}],"inLanguage":"pt-BR"},{"@type":"Organization","@id":"https:\/\/www.oarcanjo.net\/site\/#organization","name":"Par\u00f3quia S\u00e3o Miguel Arcanjo","url":"https:\/\/www.oarcanjo.net\/site\/","logo":{"@type":"ImageObject","inLanguage":"pt-BR","@id":"https:\/\/www.oarcanjo.net\/site\/#\/schema\/logo\/image\/","url":"https:\/\/www.oarcanjo.net\/site\/wp-content\/uploads\/LogoOArcanjo.png","contentUrl":"https:\/\/www.oarcanjo.net\/site\/wp-content\/uploads\/LogoOArcanjo.png","width":319,"height":99,"caption":"Par\u00f3quia S\u00e3o Miguel Arcanjo"},"image":{"@id":"https:\/\/www.oarcanjo.net\/site\/#\/schema\/logo\/image\/"},"sameAs":["https:\/\/www.facebook.com\/OArcanjoNoAr\/"]},{"@type":"Person","@id":"https:\/\/www.oarcanjo.net\/site\/#\/schema\/person\/5eb9480bedd2f3c97e430ce128c29c6c","name":"danilo"}]}},"publishpress_future_action":{"enabled":false,"date":"2026-05-08 01:04:02","action":"category","newStatus":"draft","terms":[],"taxonomy":"category"},"publishpress_future_workflow_manual_trigger":{"enabledWorkflows":[]},"_links":{"self":[{"href":"https:\/\/www.oarcanjo.net\/site\/wp-json\/wp\/v2\/posts\/8080"}],"collection":[{"href":"https:\/\/www.oarcanjo.net\/site\/wp-json\/wp\/v2\/posts"}],"about":[{"href":"https:\/\/www.oarcanjo.net\/site\/wp-json\/wp\/v2\/types\/post"}],"author":[{"embeddable":true,"href":"https:\/\/www.oarcanjo.net\/site\/wp-json\/wp\/v2\/users\/14"}],"replies":[{"embeddable":true,"href":"https:\/\/www.oarcanjo.net\/site\/wp-json\/wp\/v2\/comments?post=8080"}],"version-history":[{"count":1,"href":"https:\/\/www.oarcanjo.net\/site\/wp-json\/wp\/v2\/posts\/8080\/revisions"}],"predecessor-version":[{"id":92958,"href":"https:\/\/www.oarcanjo.net\/site\/wp-json\/wp\/v2\/posts\/8080\/revisions\/92958"}],"wp:attachment":[{"href":"https:\/\/www.oarcanjo.net\/site\/wp-json\/wp\/v2\/media?parent=8080"}],"wp:term":[{"taxonomy":"category","embeddable":true,"href":"https:\/\/www.oarcanjo.net\/site\/wp-json\/wp\/v2\/categories?post=8080"},{"taxonomy":"post_tag","embeddable":true,"href":"https:\/\/www.oarcanjo.net\/site\/wp-json\/wp\/v2\/tags?post=8080"}],"curies":[{"name":"wp","href":"https:\/\/api.w.org\/{rel}","templated":true}]}}