
{"id":8085,"date":"2019-02-28T00:28:37","date_gmt":"2019-02-28T03:28:37","guid":{"rendered":"http:\/\/www.oarcanjo.net\/site\/?p=8085"},"modified":"2019-02-20T08:07:59","modified_gmt":"2019-02-20T11:07:59","slug":"sao-romano","status":"publish","type":"post","link":"https:\/\/www.oarcanjo.net\/site\/sao-romano\/","title":{"rendered":"S\u00e3o Romano"},"content":{"rendered":"<p><img loading=\"lazy\" decoding=\"async\" class=\"alignnone size-full wp-image-69399\" src=\"http:\/\/www.oarcanjo.net\/site\/wp-content\/uploads\/Sao-Romano.jpg\" alt=\"S\u00e3o Romano\" width=\"195\" height=\"300\" \/><\/p>\n<p>28 de Fevereiro<\/p>\n<p>Nascido no ano 390, o monge Romano era disc\u00edpulo de um dos primeiros mosteiros do Ocidente, o de Ainay, pr\u00f3ximo a Lion, na Fran\u00e7a. No s\u00e9culo IV, quando nascia a vida mon\u00e1stica no Ocidente, com o intuito de propiciar elementos para a perfei\u00e7\u00e3o espiritual assim como para a evolu\u00e7\u00e3o do progresso, ele se tornou um dos primeiro monges franceses.<\/p>\n<p>Romano achava as regras do mosteiro muito brandas. Ent\u00e3o, com apenas uma B\u00edblia, o que para ele era o indispens\u00e1vel para viver, sumiu por entre os montes desertos dos arredores da cidade. Ele s\u00f3 foi localizado por seu irm\u00e3o Lupicino, depois de alguns anos. Romano tinha se tornado um monge completamente solit\u00e1rio e vivia naquelas montanhas que fazem a fronteira da Fran\u00e7a com a Su\u00ed\u00e7a. Aceitou o irm\u00e3o como seu aluno e seguidor, apesar de possu\u00edrem temperamentos opostos.<\/p>\n<p>A eles se juntaram muitos outros que desejavam ser eremitas. Por isso teve de fundar dois mosteiros masculinos, um em Condat e outro em Lancome. Depois construiu um de clausura, feminino, em Beaume, no qual Romano colocou como abadessa sua irm\u00e3. Os tr\u00eas ficaram sob as mesmas e severas regras disciplinares, como Romano achava que seria correto para a vida das comunidades mon\u00e1sticas. Romano e Lupicino se dividiam entre os dois mosteiros masculinos na orienta\u00e7\u00e3o espiritual, enquanto no mosteiro de Beaume, Romano mantinha contato com a abadessa sua irm\u00e3, orientando-a pessoalmente na vida espiritual.<\/p>\n<p>Consta nos registros da Igreja que, durante uma viagem de Romano ao t\u00famulo de S\u00e3o Maur\u00edcio, em Genebra, ele e um disc\u00edpulo que o acompanhava, depois tamb\u00e9m venerado pela Igreja, chamado Pelade, tiveram de ficar hospedados numa choupana onde havia dois leprosos. Romano os abra\u00e7ou, solidarizou-se com eles e, na manh\u00e3 seguinte, os dois estavam curados.<\/p>\n<p>A tradi\u00e7\u00e3o, que a Igreja mant\u00e9m, nos narra que este foi apenas o come\u00e7o de uma viagem cheia de prod\u00edgios e milagres. Depois, voltando dessa peregrina\u00e7\u00e3o, Romano viveu recluso, na cela de seu mosteiro e se reencontrou na ansiada solid\u00e3o. Assim ele morreu, antes de seu irm\u00e3o e irm\u00e3, aos 73 anos de idade, no dia 28 de fevereiro de 463.<\/p>\n<p>O culto de S\u00e3o Romano propagou-se velozmente na Fran\u00e7a, Su\u00ed\u00e7a, B\u00e9lgica, It\u00e1lia, enfim por toda a Europa. As gra\u00e7as e prod\u00edgios que ocorreram por sua intercess\u00e3o s\u00e3o numerosos e continuam a ocorrer, segundo os fieis que mant\u00eam sua devo\u00e7\u00e3o ainda muito viva, nos nossos dias.<\/p>\n<div id=\"themify_builder_content-8085\" data-postid=\"8085\" class=\"themify_builder_content themify_builder_content-8085 themify_builder themify_builder_front\">\n\t<\/div>\n<!-- \/themify_builder_content -->","protected":false},"excerpt":{"rendered":"<p>28 de Fevereiro Nascido no ano 390, o monge Romano era disc\u00edpulo de um dos primeiros mosteiros do Ocidente, o de Ainay, pr\u00f3ximo a Lion, na Fran\u00e7a. No s\u00e9culo IV, quando nascia a vida mon\u00e1stica no Ocidente, com o intuito de propiciar elementos para a perfei\u00e7\u00e3o espiritual assim como para a evolu\u00e7\u00e3o do progresso, ele [&hellip;]<\/p>\n","protected":false},"author":14,"featured_media":0,"comment_status":"open","ping_status":"open","sticky":false,"template":"","format":"standard","meta":{"ngg_post_thumbnail":0,"footnotes":""},"categories":[186],"tags":[],"yoast_head":"<!-- This site is optimized with the Yoast SEO plugin v23.5 - https:\/\/yoast.com\/wordpress\/plugins\/seo\/ -->\n<title>S\u00e3o Romano - O Arcanjo no ar<\/title>\n<meta name=\"robots\" content=\"index, follow, max-snippet:-1, max-image-preview:large, max-video-preview:-1\" \/>\n<link rel=\"canonical\" href=\"https:\/\/www.oarcanjo.net\/site\/sao-romano\/\" \/>\n<meta property=\"og:locale\" content=\"pt_BR\" \/>\n<meta property=\"og:type\" content=\"article\" \/>\n<meta property=\"og:title\" content=\"S\u00e3o Romano - O Arcanjo no ar\" \/>\n<meta property=\"og:description\" content=\"28 de Fevereiro Nascido no ano 390, o monge Romano era disc\u00edpulo de um dos primeiros mosteiros do Ocidente, o de Ainay, pr\u00f3ximo a Lion, na Fran\u00e7a. No s\u00e9culo IV, quando nascia a vida mon\u00e1stica no Ocidente, com o intuito de propiciar elementos para a perfei\u00e7\u00e3o espiritual assim como para a evolu\u00e7\u00e3o do progresso, ele [&hellip;]\" \/>\n<meta property=\"og:url\" content=\"https:\/\/www.oarcanjo.net\/site\/sao-romano\/\" \/>\n<meta property=\"og:site_name\" content=\"O Arcanjo no ar\" \/>\n<meta property=\"article:publisher\" content=\"https:\/\/www.facebook.com\/OArcanjoNoAr\/\" \/>\n<meta property=\"article:published_time\" content=\"2019-02-28T03:28:37+00:00\" \/>\n<meta property=\"article:modified_time\" content=\"2019-02-20T11:07:59+00:00\" \/>\n<meta property=\"og:image\" content=\"http:\/\/www.oarcanjo.net\/site\/wp-content\/uploads\/Sao-Romano.jpg\" \/>\n<meta name=\"author\" content=\"danilo\" \/>\n<meta name=\"twitter:card\" content=\"summary_large_image\" \/>\n<meta name=\"twitter:label1\" content=\"Escrito por\" \/>\n\t<meta name=\"twitter:data1\" content=\"danilo\" \/>\n\t<meta name=\"twitter:label2\" content=\"Est. tempo de leitura\" \/>\n\t<meta name=\"twitter:data2\" content=\"2 minutos\" \/>\n<script type=\"application\/ld+json\" class=\"yoast-schema-graph\">{\"@context\":\"https:\/\/schema.org\",\"@graph\":[{\"@type\":\"Article\",\"@id\":\"https:\/\/www.oarcanjo.net\/site\/sao-romano\/#article\",\"isPartOf\":{\"@id\":\"https:\/\/www.oarcanjo.net\/site\/sao-romano\/\"},\"author\":{\"name\":\"danilo\",\"@id\":\"https:\/\/www.oarcanjo.net\/site\/#\/schema\/person\/5eb9480bedd2f3c97e430ce128c29c6c\"},\"headline\":\"S\u00e3o Romano\",\"datePublished\":\"2019-02-28T03:28:37+00:00\",\"dateModified\":\"2019-02-20T11:07:59+00:00\",\"mainEntityOfPage\":{\"@id\":\"https:\/\/www.oarcanjo.net\/site\/sao-romano\/\"},\"wordCount\":437,\"commentCount\":0,\"publisher\":{\"@id\":\"https:\/\/www.oarcanjo.net\/site\/#organization\"},\"image\":{\"@id\":\"https:\/\/www.oarcanjo.net\/site\/sao-romano\/#primaryimage\"},\"thumbnailUrl\":\"http:\/\/www.oarcanjo.net\/site\/wp-content\/uploads\/Sao-Romano.jpg\",\"articleSection\":[\"Testemunhos\"],\"inLanguage\":\"pt-BR\",\"potentialAction\":[{\"@type\":\"CommentAction\",\"name\":\"Comment\",\"target\":[\"https:\/\/www.oarcanjo.net\/site\/sao-romano\/#respond\"]}]},{\"@type\":\"WebPage\",\"@id\":\"https:\/\/www.oarcanjo.net\/site\/sao-romano\/\",\"url\":\"https:\/\/www.oarcanjo.net\/site\/sao-romano\/\",\"name\":\"S\u00e3o Romano - O Arcanjo no ar\",\"isPartOf\":{\"@id\":\"https:\/\/www.oarcanjo.net\/site\/#website\"},\"primaryImageOfPage\":{\"@id\":\"https:\/\/www.oarcanjo.net\/site\/sao-romano\/#primaryimage\"},\"image\":{\"@id\":\"https:\/\/www.oarcanjo.net\/site\/sao-romano\/#primaryimage\"},\"thumbnailUrl\":\"http:\/\/www.oarcanjo.net\/site\/wp-content\/uploads\/Sao-Romano.jpg\",\"datePublished\":\"2019-02-28T03:28:37+00:00\",\"dateModified\":\"2019-02-20T11:07:59+00:00\",\"breadcrumb\":{\"@id\":\"https:\/\/www.oarcanjo.net\/site\/sao-romano\/#breadcrumb\"},\"inLanguage\":\"pt-BR\",\"potentialAction\":[{\"@type\":\"ReadAction\",\"target\":[\"https:\/\/www.oarcanjo.net\/site\/sao-romano\/\"]}]},{\"@type\":\"ImageObject\",\"inLanguage\":\"pt-BR\",\"@id\":\"https:\/\/www.oarcanjo.net\/site\/sao-romano\/#primaryimage\",\"url\":\"https:\/\/www.oarcanjo.net\/site\/wp-content\/uploads\/Sao-Romano.jpg\",\"contentUrl\":\"https:\/\/www.oarcanjo.net\/site\/wp-content\/uploads\/Sao-Romano.jpg\",\"width\":195,\"height\":300,\"caption\":\"S\u00e3o Romano\"},{\"@type\":\"BreadcrumbList\",\"@id\":\"https:\/\/www.oarcanjo.net\/site\/sao-romano\/#breadcrumb\",\"itemListElement\":[{\"@type\":\"ListItem\",\"position\":1,\"name\":\"In\u00edcio\",\"item\":\"https:\/\/www.oarcanjo.net\/site\/\"},{\"@type\":\"ListItem\",\"position\":2,\"name\":\"S\u00e3o Romano\"}]},{\"@type\":\"WebSite\",\"@id\":\"https:\/\/www.oarcanjo.net\/site\/#website\",\"url\":\"https:\/\/www.oarcanjo.net\/site\/\",\"name\":\"O Arcanjo no ar\",\"description\":\"Site da Par\u00f3quia S\u00e3o Miguel Arcanjo (Arquidiocese de SP)\",\"publisher\":{\"@id\":\"https:\/\/www.oarcanjo.net\/site\/#organization\"},\"potentialAction\":[{\"@type\":\"SearchAction\",\"target\":{\"@type\":\"EntryPoint\",\"urlTemplate\":\"https:\/\/www.oarcanjo.net\/site\/?s={search_term_string}\"},\"query-input\":{\"@type\":\"PropertyValueSpecification\",\"valueRequired\":true,\"valueName\":\"search_term_string\"}}],\"inLanguage\":\"pt-BR\"},{\"@type\":\"Organization\",\"@id\":\"https:\/\/www.oarcanjo.net\/site\/#organization\",\"name\":\"Par\u00f3quia S\u00e3o Miguel Arcanjo\",\"url\":\"https:\/\/www.oarcanjo.net\/site\/\",\"logo\":{\"@type\":\"ImageObject\",\"inLanguage\":\"pt-BR\",\"@id\":\"https:\/\/www.oarcanjo.net\/site\/#\/schema\/logo\/image\/\",\"url\":\"https:\/\/www.oarcanjo.net\/site\/wp-content\/uploads\/LogoOArcanjo.png\",\"contentUrl\":\"https:\/\/www.oarcanjo.net\/site\/wp-content\/uploads\/LogoOArcanjo.png\",\"width\":319,\"height\":99,\"caption\":\"Par\u00f3quia S\u00e3o Miguel Arcanjo\"},\"image\":{\"@id\":\"https:\/\/www.oarcanjo.net\/site\/#\/schema\/logo\/image\/\"},\"sameAs\":[\"https:\/\/www.facebook.com\/OArcanjoNoAr\/\"]},{\"@type\":\"Person\",\"@id\":\"https:\/\/www.oarcanjo.net\/site\/#\/schema\/person\/5eb9480bedd2f3c97e430ce128c29c6c\",\"name\":\"danilo\"}]}<\/script>\n<!-- \/ Yoast SEO plugin. -->","yoast_head_json":{"title":"S\u00e3o Romano - O Arcanjo no ar","robots":{"index":"index","follow":"follow","max-snippet":"max-snippet:-1","max-image-preview":"max-image-preview:large","max-video-preview":"max-video-preview:-1"},"canonical":"https:\/\/www.oarcanjo.net\/site\/sao-romano\/","og_locale":"pt_BR","og_type":"article","og_title":"S\u00e3o Romano - O Arcanjo no ar","og_description":"28 de Fevereiro Nascido no ano 390, o monge Romano era disc\u00edpulo de um dos primeiros mosteiros do Ocidente, o de Ainay, pr\u00f3ximo a Lion, na Fran\u00e7a. No s\u00e9culo IV, quando nascia a vida mon\u00e1stica no Ocidente, com o intuito de propiciar elementos para a perfei\u00e7\u00e3o espiritual assim como para a evolu\u00e7\u00e3o do progresso, ele [&hellip;]","og_url":"https:\/\/www.oarcanjo.net\/site\/sao-romano\/","og_site_name":"O Arcanjo no ar","article_publisher":"https:\/\/www.facebook.com\/OArcanjoNoAr\/","article_published_time":"2019-02-28T03:28:37+00:00","article_modified_time":"2019-02-20T11:07:59+00:00","og_image":[{"url":"http:\/\/www.oarcanjo.net\/site\/wp-content\/uploads\/Sao-Romano.jpg"}],"author":"danilo","twitter_card":"summary_large_image","twitter_misc":{"Escrito por":"danilo","Est. tempo de leitura":"2 minutos"},"schema":{"@context":"https:\/\/schema.org","@graph":[{"@type":"Article","@id":"https:\/\/www.oarcanjo.net\/site\/sao-romano\/#article","isPartOf":{"@id":"https:\/\/www.oarcanjo.net\/site\/sao-romano\/"},"author":{"name":"danilo","@id":"https:\/\/www.oarcanjo.net\/site\/#\/schema\/person\/5eb9480bedd2f3c97e430ce128c29c6c"},"headline":"S\u00e3o Romano","datePublished":"2019-02-28T03:28:37+00:00","dateModified":"2019-02-20T11:07:59+00:00","mainEntityOfPage":{"@id":"https:\/\/www.oarcanjo.net\/site\/sao-romano\/"},"wordCount":437,"commentCount":0,"publisher":{"@id":"https:\/\/www.oarcanjo.net\/site\/#organization"},"image":{"@id":"https:\/\/www.oarcanjo.net\/site\/sao-romano\/#primaryimage"},"thumbnailUrl":"http:\/\/www.oarcanjo.net\/site\/wp-content\/uploads\/Sao-Romano.jpg","articleSection":["Testemunhos"],"inLanguage":"pt-BR","potentialAction":[{"@type":"CommentAction","name":"Comment","target":["https:\/\/www.oarcanjo.net\/site\/sao-romano\/#respond"]}]},{"@type":"WebPage","@id":"https:\/\/www.oarcanjo.net\/site\/sao-romano\/","url":"https:\/\/www.oarcanjo.net\/site\/sao-romano\/","name":"S\u00e3o Romano - O Arcanjo no ar","isPartOf":{"@id":"https:\/\/www.oarcanjo.net\/site\/#website"},"primaryImageOfPage":{"@id":"https:\/\/www.oarcanjo.net\/site\/sao-romano\/#primaryimage"},"image":{"@id":"https:\/\/www.oarcanjo.net\/site\/sao-romano\/#primaryimage"},"thumbnailUrl":"http:\/\/www.oarcanjo.net\/site\/wp-content\/uploads\/Sao-Romano.jpg","datePublished":"2019-02-28T03:28:37+00:00","dateModified":"2019-02-20T11:07:59+00:00","breadcrumb":{"@id":"https:\/\/www.oarcanjo.net\/site\/sao-romano\/#breadcrumb"},"inLanguage":"pt-BR","potentialAction":[{"@type":"ReadAction","target":["https:\/\/www.oarcanjo.net\/site\/sao-romano\/"]}]},{"@type":"ImageObject","inLanguage":"pt-BR","@id":"https:\/\/www.oarcanjo.net\/site\/sao-romano\/#primaryimage","url":"https:\/\/www.oarcanjo.net\/site\/wp-content\/uploads\/Sao-Romano.jpg","contentUrl":"https:\/\/www.oarcanjo.net\/site\/wp-content\/uploads\/Sao-Romano.jpg","width":195,"height":300,"caption":"S\u00e3o Romano"},{"@type":"BreadcrumbList","@id":"https:\/\/www.oarcanjo.net\/site\/sao-romano\/#breadcrumb","itemListElement":[{"@type":"ListItem","position":1,"name":"In\u00edcio","item":"https:\/\/www.oarcanjo.net\/site\/"},{"@type":"ListItem","position":2,"name":"S\u00e3o Romano"}]},{"@type":"WebSite","@id":"https:\/\/www.oarcanjo.net\/site\/#website","url":"https:\/\/www.oarcanjo.net\/site\/","name":"O Arcanjo no ar","description":"Site da Par\u00f3quia S\u00e3o Miguel Arcanjo (Arquidiocese de SP)","publisher":{"@id":"https:\/\/www.oarcanjo.net\/site\/#organization"},"potentialAction":[{"@type":"SearchAction","target":{"@type":"EntryPoint","urlTemplate":"https:\/\/www.oarcanjo.net\/site\/?s={search_term_string}"},"query-input":{"@type":"PropertyValueSpecification","valueRequired":true,"valueName":"search_term_string"}}],"inLanguage":"pt-BR"},{"@type":"Organization","@id":"https:\/\/www.oarcanjo.net\/site\/#organization","name":"Par\u00f3quia S\u00e3o Miguel Arcanjo","url":"https:\/\/www.oarcanjo.net\/site\/","logo":{"@type":"ImageObject","inLanguage":"pt-BR","@id":"https:\/\/www.oarcanjo.net\/site\/#\/schema\/logo\/image\/","url":"https:\/\/www.oarcanjo.net\/site\/wp-content\/uploads\/LogoOArcanjo.png","contentUrl":"https:\/\/www.oarcanjo.net\/site\/wp-content\/uploads\/LogoOArcanjo.png","width":319,"height":99,"caption":"Par\u00f3quia S\u00e3o Miguel Arcanjo"},"image":{"@id":"https:\/\/www.oarcanjo.net\/site\/#\/schema\/logo\/image\/"},"sameAs":["https:\/\/www.facebook.com\/OArcanjoNoAr\/"]},{"@type":"Person","@id":"https:\/\/www.oarcanjo.net\/site\/#\/schema\/person\/5eb9480bedd2f3c97e430ce128c29c6c","name":"danilo"}]}},"publishpress_future_action":{"enabled":false,"date":"2026-05-08 01:03:35","action":"category","newStatus":"draft","terms":[],"taxonomy":"category"},"publishpress_future_workflow_manual_trigger":{"enabledWorkflows":[]},"_links":{"self":[{"href":"https:\/\/www.oarcanjo.net\/site\/wp-json\/wp\/v2\/posts\/8085"}],"collection":[{"href":"https:\/\/www.oarcanjo.net\/site\/wp-json\/wp\/v2\/posts"}],"about":[{"href":"https:\/\/www.oarcanjo.net\/site\/wp-json\/wp\/v2\/types\/post"}],"author":[{"embeddable":true,"href":"https:\/\/www.oarcanjo.net\/site\/wp-json\/wp\/v2\/users\/14"}],"replies":[{"embeddable":true,"href":"https:\/\/www.oarcanjo.net\/site\/wp-json\/wp\/v2\/comments?post=8085"}],"version-history":[{"count":1,"href":"https:\/\/www.oarcanjo.net\/site\/wp-json\/wp\/v2\/posts\/8085\/revisions"}],"predecessor-version":[{"id":92981,"href":"https:\/\/www.oarcanjo.net\/site\/wp-json\/wp\/v2\/posts\/8085\/revisions\/92981"}],"wp:attachment":[{"href":"https:\/\/www.oarcanjo.net\/site\/wp-json\/wp\/v2\/media?parent=8085"}],"wp:term":[{"taxonomy":"category","embeddable":true,"href":"https:\/\/www.oarcanjo.net\/site\/wp-json\/wp\/v2\/categories?post=8085"},{"taxonomy":"post_tag","embeddable":true,"href":"https:\/\/www.oarcanjo.net\/site\/wp-json\/wp\/v2\/tags?post=8085"}],"curies":[{"name":"wp","href":"https:\/\/api.w.org\/{rel}","templated":true}]}}