
{"id":8087,"date":"2019-02-28T00:29:41","date_gmt":"2019-02-28T03:29:41","guid":{"rendered":"http:\/\/www.oarcanjo.net\/site\/?p=8087"},"modified":"2019-02-20T08:08:02","modified_gmt":"2019-02-20T11:08:02","slug":"santo-osvaldo","status":"publish","type":"post","link":"https:\/\/www.oarcanjo.net\/site\/santo-osvaldo\/","title":{"rendered":"Santo Osvaldo"},"content":{"rendered":"<p><img loading=\"lazy\" decoding=\"async\" class=\"alignnone size-full wp-image-69396\" src=\"http:\/\/www.oarcanjo.net\/site\/wp-content\/uploads\/Santo-Osvaldo.jpg\" alt=\"Santo Osvaldo\" width=\"260\" height=\"351\" srcset=\"https:\/\/www.oarcanjo.net\/site\/wp-content\/uploads\/Santo-Osvaldo.jpg 260w, https:\/\/www.oarcanjo.net\/site\/wp-content\/uploads\/Santo-Osvaldo-222x300.jpg 222w\" sizes=\"(max-width: 260px) 100vw, 260px\" \/><\/p>\n<p>28 de Fevereiro<\/p>\n<p>Osvaldo figura entre os grandes nomes cat\u00f3licos da Inglaterra e da Europa ao final do primeiro mil\u00eanio. De origem dinamarquesa, ele era sobrinho de Oto, arcebispo da Cantu\u00e1ria e parente de Osil, arcebispo de York. Para abra\u00e7ar a religi\u00e3o escolheu a vida de monge beneditino e, por isso, ingressou no convento de Fleury-sur-Lofre, na Fran\u00e7a.<\/p>\n<p>Entretanto, Osvaldo foi chamado por seu tio Oscil que, desejando fazer reformas em sua diocese, escolheu o sobrinho para encabe\u00e7\u00e1-las, por causa de seu senso de justi\u00e7a e da generosidade para com os pobres.<\/p>\n<p>Assim, ele foi nomeado bispo de Worcester e uniu-se a dois outros religiosos da mesma estirpe da regi\u00e3o: Dunstan, arcebispo de Cantu\u00e1ria e Eteluolde , bispo de Winchester. Desse modo, Osvaldo conseguiu restabelecer a disciplina mon\u00e1stica que levou a diocese de seu tio a recuperar o caminho correto dentro do cristianismo. Fundou dois mosteiros em Westburi, perto de Bristol e o mais influente, o de Ramsei.<\/p>\n<p>Por esta e muitas outras obras, o rei Edgar, o nomeou arcebispo de York, em 972. Osvaldo fundou ainda uma abadia de beneditinos em Worcester e desenvolveu muito o estudo cient\u00edfico nos mosteiros e conventos que dirigiu.<\/p>\n<p>Mas, ao mesmo tempo em que dava grande import\u00e2ncia aos estudos terrenos, em nenhum momento se desprendeu das obriga\u00e7\u00f5es e regras espirituais, alcan\u00e7ando a gra\u00e7a de receber dons especiais e vivenciar muitos fatos prodigiosos. Consta que ele operou diversas gra\u00e7as em vida.<\/p>\n<p>No dia 28 de fevereiro de 992, como de h\u00e1bito o bispo Osvaldo reproduzia durante a Quaresma a cerim\u00f4nia do lava-p\u00e9s e estava banhando ele pr\u00f3prio os p\u00e9s de doze mendigos, quando morreu. O seu corpo foi transladado para uma nova sepultura na igreja de Santo Vulfistano, ele tamb\u00e9m bispo de Worcester de 1062 at\u00e9 1095.<\/p>\n<div id=\"themify_builder_content-8087\" data-postid=\"8087\" class=\"themify_builder_content themify_builder_content-8087 themify_builder themify_builder_front\">\n\t<\/div>\n<!-- \/themify_builder_content -->","protected":false},"excerpt":{"rendered":"<p>28 de Fevereiro Osvaldo figura entre os grandes nomes cat\u00f3licos da Inglaterra e da Europa ao final do primeiro mil\u00eanio. De origem dinamarquesa, ele era sobrinho de Oto, arcebispo da Cantu\u00e1ria e parente de Osil, arcebispo de York. Para abra\u00e7ar a religi\u00e3o escolheu a vida de monge beneditino e, por isso, ingressou no convento de [&hellip;]<\/p>\n","protected":false},"author":14,"featured_media":0,"comment_status":"open","ping_status":"open","sticky":false,"template":"","format":"standard","meta":{"ngg_post_thumbnail":0,"footnotes":""},"categories":[186],"tags":[],"yoast_head":"<!-- This site is optimized with the Yoast SEO plugin v23.5 - https:\/\/yoast.com\/wordpress\/plugins\/seo\/ -->\n<title>Santo Osvaldo - O Arcanjo no ar<\/title>\n<meta name=\"robots\" content=\"index, follow, max-snippet:-1, max-image-preview:large, max-video-preview:-1\" \/>\n<link rel=\"canonical\" href=\"https:\/\/www.oarcanjo.net\/site\/santo-osvaldo\/\" \/>\n<meta property=\"og:locale\" content=\"pt_BR\" \/>\n<meta property=\"og:type\" content=\"article\" \/>\n<meta property=\"og:title\" content=\"Santo Osvaldo - O Arcanjo no ar\" \/>\n<meta property=\"og:description\" content=\"28 de Fevereiro Osvaldo figura entre os grandes nomes cat\u00f3licos da Inglaterra e da Europa ao final do primeiro mil\u00eanio. De origem dinamarquesa, ele era sobrinho de Oto, arcebispo da Cantu\u00e1ria e parente de Osil, arcebispo de York. Para abra\u00e7ar a religi\u00e3o escolheu a vida de monge beneditino e, por isso, ingressou no convento de [&hellip;]\" \/>\n<meta property=\"og:url\" content=\"https:\/\/www.oarcanjo.net\/site\/santo-osvaldo\/\" \/>\n<meta property=\"og:site_name\" content=\"O Arcanjo no ar\" \/>\n<meta property=\"article:publisher\" content=\"https:\/\/www.facebook.com\/OArcanjoNoAr\/\" \/>\n<meta property=\"article:published_time\" content=\"2019-02-28T03:29:41+00:00\" \/>\n<meta property=\"article:modified_time\" content=\"2019-02-20T11:08:02+00:00\" \/>\n<meta property=\"og:image\" content=\"http:\/\/www.oarcanjo.net\/site\/wp-content\/uploads\/Santo-Osvaldo.jpg\" \/>\n<meta name=\"author\" content=\"danilo\" \/>\n<meta name=\"twitter:card\" content=\"summary_large_image\" \/>\n<meta name=\"twitter:label1\" content=\"Escrito por\" \/>\n\t<meta name=\"twitter:data1\" content=\"danilo\" \/>\n\t<meta name=\"twitter:label2\" content=\"Est. tempo de leitura\" \/>\n\t<meta name=\"twitter:data2\" content=\"2 minutos\" \/>\n<script type=\"application\/ld+json\" class=\"yoast-schema-graph\">{\"@context\":\"https:\/\/schema.org\",\"@graph\":[{\"@type\":\"Article\",\"@id\":\"https:\/\/www.oarcanjo.net\/site\/santo-osvaldo\/#article\",\"isPartOf\":{\"@id\":\"https:\/\/www.oarcanjo.net\/site\/santo-osvaldo\/\"},\"author\":{\"name\":\"danilo\",\"@id\":\"https:\/\/www.oarcanjo.net\/site\/#\/schema\/person\/5eb9480bedd2f3c97e430ce128c29c6c\"},\"headline\":\"Santo Osvaldo\",\"datePublished\":\"2019-02-28T03:29:41+00:00\",\"dateModified\":\"2019-02-20T11:08:02+00:00\",\"mainEntityOfPage\":{\"@id\":\"https:\/\/www.oarcanjo.net\/site\/santo-osvaldo\/\"},\"wordCount\":311,\"commentCount\":0,\"publisher\":{\"@id\":\"https:\/\/www.oarcanjo.net\/site\/#organization\"},\"image\":{\"@id\":\"https:\/\/www.oarcanjo.net\/site\/santo-osvaldo\/#primaryimage\"},\"thumbnailUrl\":\"http:\/\/www.oarcanjo.net\/site\/wp-content\/uploads\/Santo-Osvaldo.jpg\",\"articleSection\":[\"Testemunhos\"],\"inLanguage\":\"pt-BR\",\"potentialAction\":[{\"@type\":\"CommentAction\",\"name\":\"Comment\",\"target\":[\"https:\/\/www.oarcanjo.net\/site\/santo-osvaldo\/#respond\"]}]},{\"@type\":\"WebPage\",\"@id\":\"https:\/\/www.oarcanjo.net\/site\/santo-osvaldo\/\",\"url\":\"https:\/\/www.oarcanjo.net\/site\/santo-osvaldo\/\",\"name\":\"Santo Osvaldo - O Arcanjo no ar\",\"isPartOf\":{\"@id\":\"https:\/\/www.oarcanjo.net\/site\/#website\"},\"primaryImageOfPage\":{\"@id\":\"https:\/\/www.oarcanjo.net\/site\/santo-osvaldo\/#primaryimage\"},\"image\":{\"@id\":\"https:\/\/www.oarcanjo.net\/site\/santo-osvaldo\/#primaryimage\"},\"thumbnailUrl\":\"http:\/\/www.oarcanjo.net\/site\/wp-content\/uploads\/Santo-Osvaldo.jpg\",\"datePublished\":\"2019-02-28T03:29:41+00:00\",\"dateModified\":\"2019-02-20T11:08:02+00:00\",\"breadcrumb\":{\"@id\":\"https:\/\/www.oarcanjo.net\/site\/santo-osvaldo\/#breadcrumb\"},\"inLanguage\":\"pt-BR\",\"potentialAction\":[{\"@type\":\"ReadAction\",\"target\":[\"https:\/\/www.oarcanjo.net\/site\/santo-osvaldo\/\"]}]},{\"@type\":\"ImageObject\",\"inLanguage\":\"pt-BR\",\"@id\":\"https:\/\/www.oarcanjo.net\/site\/santo-osvaldo\/#primaryimage\",\"url\":\"https:\/\/www.oarcanjo.net\/site\/wp-content\/uploads\/Santo-Osvaldo.jpg\",\"contentUrl\":\"https:\/\/www.oarcanjo.net\/site\/wp-content\/uploads\/Santo-Osvaldo.jpg\",\"width\":260,\"height\":351,\"caption\":\"Santo Osvaldo\"},{\"@type\":\"BreadcrumbList\",\"@id\":\"https:\/\/www.oarcanjo.net\/site\/santo-osvaldo\/#breadcrumb\",\"itemListElement\":[{\"@type\":\"ListItem\",\"position\":1,\"name\":\"In\u00edcio\",\"item\":\"https:\/\/www.oarcanjo.net\/site\/\"},{\"@type\":\"ListItem\",\"position\":2,\"name\":\"Santo Osvaldo\"}]},{\"@type\":\"WebSite\",\"@id\":\"https:\/\/www.oarcanjo.net\/site\/#website\",\"url\":\"https:\/\/www.oarcanjo.net\/site\/\",\"name\":\"O Arcanjo no ar\",\"description\":\"Site da Par\u00f3quia S\u00e3o Miguel Arcanjo (Arquidiocese de SP)\",\"publisher\":{\"@id\":\"https:\/\/www.oarcanjo.net\/site\/#organization\"},\"potentialAction\":[{\"@type\":\"SearchAction\",\"target\":{\"@type\":\"EntryPoint\",\"urlTemplate\":\"https:\/\/www.oarcanjo.net\/site\/?s={search_term_string}\"},\"query-input\":{\"@type\":\"PropertyValueSpecification\",\"valueRequired\":true,\"valueName\":\"search_term_string\"}}],\"inLanguage\":\"pt-BR\"},{\"@type\":\"Organization\",\"@id\":\"https:\/\/www.oarcanjo.net\/site\/#organization\",\"name\":\"Par\u00f3quia S\u00e3o Miguel Arcanjo\",\"url\":\"https:\/\/www.oarcanjo.net\/site\/\",\"logo\":{\"@type\":\"ImageObject\",\"inLanguage\":\"pt-BR\",\"@id\":\"https:\/\/www.oarcanjo.net\/site\/#\/schema\/logo\/image\/\",\"url\":\"https:\/\/www.oarcanjo.net\/site\/wp-content\/uploads\/LogoOArcanjo.png\",\"contentUrl\":\"https:\/\/www.oarcanjo.net\/site\/wp-content\/uploads\/LogoOArcanjo.png\",\"width\":319,\"height\":99,\"caption\":\"Par\u00f3quia S\u00e3o Miguel Arcanjo\"},\"image\":{\"@id\":\"https:\/\/www.oarcanjo.net\/site\/#\/schema\/logo\/image\/\"},\"sameAs\":[\"https:\/\/www.facebook.com\/OArcanjoNoAr\/\"]},{\"@type\":\"Person\",\"@id\":\"https:\/\/www.oarcanjo.net\/site\/#\/schema\/person\/5eb9480bedd2f3c97e430ce128c29c6c\",\"name\":\"danilo\"}]}<\/script>\n<!-- \/ Yoast SEO plugin. -->","yoast_head_json":{"title":"Santo Osvaldo - O Arcanjo no ar","robots":{"index":"index","follow":"follow","max-snippet":"max-snippet:-1","max-image-preview":"max-image-preview:large","max-video-preview":"max-video-preview:-1"},"canonical":"https:\/\/www.oarcanjo.net\/site\/santo-osvaldo\/","og_locale":"pt_BR","og_type":"article","og_title":"Santo Osvaldo - O Arcanjo no ar","og_description":"28 de Fevereiro Osvaldo figura entre os grandes nomes cat\u00f3licos da Inglaterra e da Europa ao final do primeiro mil\u00eanio. De origem dinamarquesa, ele era sobrinho de Oto, arcebispo da Cantu\u00e1ria e parente de Osil, arcebispo de York. Para abra\u00e7ar a religi\u00e3o escolheu a vida de monge beneditino e, por isso, ingressou no convento de [&hellip;]","og_url":"https:\/\/www.oarcanjo.net\/site\/santo-osvaldo\/","og_site_name":"O Arcanjo no ar","article_publisher":"https:\/\/www.facebook.com\/OArcanjoNoAr\/","article_published_time":"2019-02-28T03:29:41+00:00","article_modified_time":"2019-02-20T11:08:02+00:00","og_image":[{"url":"http:\/\/www.oarcanjo.net\/site\/wp-content\/uploads\/Santo-Osvaldo.jpg"}],"author":"danilo","twitter_card":"summary_large_image","twitter_misc":{"Escrito por":"danilo","Est. tempo de leitura":"2 minutos"},"schema":{"@context":"https:\/\/schema.org","@graph":[{"@type":"Article","@id":"https:\/\/www.oarcanjo.net\/site\/santo-osvaldo\/#article","isPartOf":{"@id":"https:\/\/www.oarcanjo.net\/site\/santo-osvaldo\/"},"author":{"name":"danilo","@id":"https:\/\/www.oarcanjo.net\/site\/#\/schema\/person\/5eb9480bedd2f3c97e430ce128c29c6c"},"headline":"Santo Osvaldo","datePublished":"2019-02-28T03:29:41+00:00","dateModified":"2019-02-20T11:08:02+00:00","mainEntityOfPage":{"@id":"https:\/\/www.oarcanjo.net\/site\/santo-osvaldo\/"},"wordCount":311,"commentCount":0,"publisher":{"@id":"https:\/\/www.oarcanjo.net\/site\/#organization"},"image":{"@id":"https:\/\/www.oarcanjo.net\/site\/santo-osvaldo\/#primaryimage"},"thumbnailUrl":"http:\/\/www.oarcanjo.net\/site\/wp-content\/uploads\/Santo-Osvaldo.jpg","articleSection":["Testemunhos"],"inLanguage":"pt-BR","potentialAction":[{"@type":"CommentAction","name":"Comment","target":["https:\/\/www.oarcanjo.net\/site\/santo-osvaldo\/#respond"]}]},{"@type":"WebPage","@id":"https:\/\/www.oarcanjo.net\/site\/santo-osvaldo\/","url":"https:\/\/www.oarcanjo.net\/site\/santo-osvaldo\/","name":"Santo Osvaldo - O Arcanjo no ar","isPartOf":{"@id":"https:\/\/www.oarcanjo.net\/site\/#website"},"primaryImageOfPage":{"@id":"https:\/\/www.oarcanjo.net\/site\/santo-osvaldo\/#primaryimage"},"image":{"@id":"https:\/\/www.oarcanjo.net\/site\/santo-osvaldo\/#primaryimage"},"thumbnailUrl":"http:\/\/www.oarcanjo.net\/site\/wp-content\/uploads\/Santo-Osvaldo.jpg","datePublished":"2019-02-28T03:29:41+00:00","dateModified":"2019-02-20T11:08:02+00:00","breadcrumb":{"@id":"https:\/\/www.oarcanjo.net\/site\/santo-osvaldo\/#breadcrumb"},"inLanguage":"pt-BR","potentialAction":[{"@type":"ReadAction","target":["https:\/\/www.oarcanjo.net\/site\/santo-osvaldo\/"]}]},{"@type":"ImageObject","inLanguage":"pt-BR","@id":"https:\/\/www.oarcanjo.net\/site\/santo-osvaldo\/#primaryimage","url":"https:\/\/www.oarcanjo.net\/site\/wp-content\/uploads\/Santo-Osvaldo.jpg","contentUrl":"https:\/\/www.oarcanjo.net\/site\/wp-content\/uploads\/Santo-Osvaldo.jpg","width":260,"height":351,"caption":"Santo Osvaldo"},{"@type":"BreadcrumbList","@id":"https:\/\/www.oarcanjo.net\/site\/santo-osvaldo\/#breadcrumb","itemListElement":[{"@type":"ListItem","position":1,"name":"In\u00edcio","item":"https:\/\/www.oarcanjo.net\/site\/"},{"@type":"ListItem","position":2,"name":"Santo Osvaldo"}]},{"@type":"WebSite","@id":"https:\/\/www.oarcanjo.net\/site\/#website","url":"https:\/\/www.oarcanjo.net\/site\/","name":"O Arcanjo no ar","description":"Site da Par\u00f3quia S\u00e3o Miguel Arcanjo (Arquidiocese de SP)","publisher":{"@id":"https:\/\/www.oarcanjo.net\/site\/#organization"},"potentialAction":[{"@type":"SearchAction","target":{"@type":"EntryPoint","urlTemplate":"https:\/\/www.oarcanjo.net\/site\/?s={search_term_string}"},"query-input":{"@type":"PropertyValueSpecification","valueRequired":true,"valueName":"search_term_string"}}],"inLanguage":"pt-BR"},{"@type":"Organization","@id":"https:\/\/www.oarcanjo.net\/site\/#organization","name":"Par\u00f3quia S\u00e3o Miguel Arcanjo","url":"https:\/\/www.oarcanjo.net\/site\/","logo":{"@type":"ImageObject","inLanguage":"pt-BR","@id":"https:\/\/www.oarcanjo.net\/site\/#\/schema\/logo\/image\/","url":"https:\/\/www.oarcanjo.net\/site\/wp-content\/uploads\/LogoOArcanjo.png","contentUrl":"https:\/\/www.oarcanjo.net\/site\/wp-content\/uploads\/LogoOArcanjo.png","width":319,"height":99,"caption":"Par\u00f3quia S\u00e3o Miguel Arcanjo"},"image":{"@id":"https:\/\/www.oarcanjo.net\/site\/#\/schema\/logo\/image\/"},"sameAs":["https:\/\/www.facebook.com\/OArcanjoNoAr\/"]},{"@type":"Person","@id":"https:\/\/www.oarcanjo.net\/site\/#\/schema\/person\/5eb9480bedd2f3c97e430ce128c29c6c","name":"danilo"}]}},"publishpress_future_action":{"enabled":false,"date":"2026-05-08 01:03:46","action":"category","newStatus":"draft","terms":[],"taxonomy":"category"},"publishpress_future_workflow_manual_trigger":{"enabledWorkflows":[]},"_links":{"self":[{"href":"https:\/\/www.oarcanjo.net\/site\/wp-json\/wp\/v2\/posts\/8087"}],"collection":[{"href":"https:\/\/www.oarcanjo.net\/site\/wp-json\/wp\/v2\/posts"}],"about":[{"href":"https:\/\/www.oarcanjo.net\/site\/wp-json\/wp\/v2\/types\/post"}],"author":[{"embeddable":true,"href":"https:\/\/www.oarcanjo.net\/site\/wp-json\/wp\/v2\/users\/14"}],"replies":[{"embeddable":true,"href":"https:\/\/www.oarcanjo.net\/site\/wp-json\/wp\/v2\/comments?post=8087"}],"version-history":[{"count":1,"href":"https:\/\/www.oarcanjo.net\/site\/wp-json\/wp\/v2\/posts\/8087\/revisions"}],"predecessor-version":[{"id":92982,"href":"https:\/\/www.oarcanjo.net\/site\/wp-json\/wp\/v2\/posts\/8087\/revisions\/92982"}],"wp:attachment":[{"href":"https:\/\/www.oarcanjo.net\/site\/wp-json\/wp\/v2\/media?parent=8087"}],"wp:term":[{"taxonomy":"category","embeddable":true,"href":"https:\/\/www.oarcanjo.net\/site\/wp-json\/wp\/v2\/categories?post=8087"},{"taxonomy":"post_tag","embeddable":true,"href":"https:\/\/www.oarcanjo.net\/site\/wp-json\/wp\/v2\/tags?post=8087"}],"curies":[{"name":"wp","href":"https:\/\/api.w.org\/{rel}","templated":true}]}}