
{"id":8090,"date":"2019-02-28T00:32:40","date_gmt":"2019-02-28T03:32:40","guid":{"rendered":"http:\/\/www.oarcanjo.net\/site\/?p=8090"},"modified":"2019-02-20T08:16:58","modified_gmt":"2019-02-20T11:16:58","slug":"bem-aventurado-daniel-aleixo-brottier","status":"publish","type":"post","link":"https:\/\/www.oarcanjo.net\/site\/bem-aventurado-daniel-aleixo-brottier\/","title":{"rendered":"Bem Aventurado Daniel Aleixo Brottier"},"content":{"rendered":"<p><img decoding=\"async\" src=\"http:\/\/4.bp.blogspot.com\/_VsL8VkjSZWw\/Sadeevw8PcI\/AAAAAAAAA74\/3GPqPrjLnHc\/s400\/brottier-nb.jpg\" alt=\"\" \/><\/p>\n<p>28 de Fevereiro<\/p>\n<p>Daniel Aleixo Brottier nasceu no dia 7 de setembro de 1876, na diocese francesa de Blois. Desde a inf\u00e2ncia revelou um car\u00e1ter caridoso e profunda religiosidade. Ingressou no semin\u00e1rio em 1890, passando com tranq\u00fcilidade pelas ordena\u00e7\u00f5es menores, fazendo por um ano o servi\u00e7o militar e se consagrando sacerdote aos vinte e tr\u00eas anos.<\/p>\n<p>Iniciou seu minist\u00e9rio lecionando no col\u00e9gio eclesi\u00e1stico, pr\u00f3ximo de Paris, mas sentiu logo sua particular voca\u00e7\u00e3o para a vida mission\u00e1ria. Em 1902, ingressou na Congrega\u00e7\u00e3o do Esp\u00edrito Santo, na qual, emitiu seus votos perp\u00e9tuos, um ano depois. Como padre espiritiano partiu para o distante Senegal, col\u00f4nia francesa na \u00c1frica, onde deu vaz\u00e3o ao seu zelo mission\u00e1rio, de forma \u00edmpar.<\/p>\n<p>Depois de tr\u00eas anos, adoeceu gravemente e teve de retornar em definitivo. Mas, n\u00e3o abandonou sua miss\u00e3o. Na Fran\u00e7a, fundou a obra do &#8220;Memorial Africano&#8221; com o objetivo de construir a catedral de Dakar, capital do Senegal. Para isto, com o apoio do bispo de Dakar, outro padre espiritiano, foi nomeado vig\u00e1rio geral de Dakar, com resid\u00eancia em Paris e diretor da Catedral-Monumento.<\/p>\n<p>Padre Daniel entrou com entusiasmo no jogo do seu bispo, e cumpriu sua tarefa. Organizou um secretariado, instalou um servi\u00e7o de rela\u00e7\u00f5es p\u00fablicas, envolvendo no projeto um conjunto de personalidades, mas, sobretudo, emitiu uma alma para esta obra, de maneira que os crist\u00e3os da Fran\u00e7a n\u00e3o puderam ficar insens\u00edveis. Depois de alguns meses de trabalho persistente, uma rede de amigos solid\u00e1rios se formou e se fixou, em todo o pa\u00eds.<\/p>\n<p>O trabalho foi interrompido durante a Primeira Guerra Mundial, em 1914, quando ele foi volunt\u00e1rio e se alistou como capel\u00e3o militar nas linhas de frente. Por quatros anos, assistiu os moribundos, cuidou dos feridos, dando assist\u00eancia espiritual a todos, oficiais e soldados. Capel\u00e3o lend\u00e1rio, arrojado e ponderado, corajoso e prudente, amigo e confidente, no final da Guerra, foi condecorado como &#8220;Oficial da Legi\u00e3o de Honra&#8221; e da &#8220;Cruz de Guerra&#8221;.<\/p>\n<p>A partir de 1919, padre Daniel retomou com toda energia o apostolado mission\u00e1rio e o projeto da Catedral de Dakar. Em 1923, decidiu fazer mais, fundou a Casa dos \u00d3rf\u00e3os Aprendizes de Autenil, passando a ser chamado &#8220;Pai dos \u00d3rf\u00e3os&#8221;. Foi nomeado diretor da Casa pelo pr\u00f3prio Cardeal de Paris. \u00c0 esta obra dedicou os \u00faltimos treze anos da sua vida. Educador nato, bondoso, conseguiu abrigar cerca de mil e quatrocentos jovens carentes e abandonados, sem nunca dispensar nenhum que batesse \u00e0 sua porta. Fundou tamb\u00e9m a Uni\u00e3o Nacional dos Antigos Combatentes, tendo cerca de dois milh\u00f5es de associados.<\/p>\n<p>Sua f\u00e9, sua ora\u00e7\u00e3o, sua grande capacidade inventiva e de organiza\u00e7\u00e3o fizeram dele um ap\u00f3stolo e &#8220;homem de empresa&#8221;, inovador, atuante e contemplativo; foi um padre moderno, um religioso inserido no seu tempo. No dia 2 de fevereiro de 1936, a Catedral de Dakar foi consagrada e entregue aos senegaleses. Ele n\u00e3o esteve presente, muito doente, morreu vinte e seis dias depois, em Paris. O Papa Jo\u00e3o Paulo II, em 1984, declarou Beato, Daniel Aleixo Brottier, cuja festa marcou para o dia do seu transito.<\/p>\n<p><img decoding=\"async\" src=\"http:\/\/1.bp.blogspot.com\/_VsL8VkjSZWw\/Sadei5mozKI\/AAAAAAAAA8A\/6_xAtGb6tBI\/s400\/daniel_brottier.jpg\" alt=\"\" \/><\/p>\n<table border=\"0\" cellspacing=\"0\" cellpadding=\"0\" width=\"100%\">\n<tbody>\n<tr>\n<td>\n<table border=\"0\" cellspacing=\"0\" cellpadding=\"0\" width=\"90%\" align=\"center\">\n<tbody>\n<tr>\n<td width=\"9\" height=\"9\" align=\"left\" valign=\"top\"><img loading=\"lazy\" decoding=\"async\" src=\"http:\/\/www.paulinas.org.br\/diafeliz\/img\/cp_bd_box-1.gif\" alt=\"\" width=\"9\" height=\"9\" \/><\/td>\n<td height=\"9\" valign=\"top\"><img loading=\"lazy\" decoding=\"async\" src=\"http:\/\/www.paulinas.org.br\/diafeliz\/img\/espaco.gif\" alt=\"\" width=\"10\" height=\"9\" \/><\/td>\n<td width=\"9\" height=\"9\" align=\"right\" valign=\"top\"><img loading=\"lazy\" decoding=\"async\" src=\"http:\/\/www.paulinas.org.br\/diafeliz\/img\/cp_bd_box-2.gif\" alt=\"\" width=\"9\" height=\"9\" \/><\/td>\n<\/tr>\n<tr>\n<td width=\"9\"><img loading=\"lazy\" decoding=\"async\" src=\"http:\/\/www.paulinas.org.br\/diafeliz\/img\/espaco.gif\" alt=\"\" width=\"9\" height=\"9\" \/><\/td>\n<td align=\"left\" valign=\"top\">\n<table border=\"0\" cellspacing=\"0\" cellpadding=\"4\" width=\"100%\">\n<tbody>\n<tr>\n<td align=\"center\">\u00a0<\/td>\n<\/tr>\n<\/tbody>\n<\/table>\n<\/td>\n<td width=\"9\"><img loading=\"lazy\" decoding=\"async\" src=\"http:\/\/www.paulinas.org.br\/diafeliz\/img\/espaco.gif\" alt=\"\" width=\"9\" height=\"9\" \/><\/td>\n<\/tr>\n<tr>\n<td width=\"9\" height=\"9\" align=\"left\" valign=\"bottom\"><img loading=\"lazy\" decoding=\"async\" src=\"http:\/\/www.paulinas.org.br\/diafeliz\/img\/cp_bd_box-4.gif\" alt=\"\" width=\"9\" height=\"9\" \/><\/td>\n<td height=\"9\" valign=\"bottom\"><img loading=\"lazy\" decoding=\"async\" src=\"http:\/\/www.paulinas.org.br\/diafeliz\/img\/espaco.gif\" alt=\"\" width=\"10\" height=\"9\" \/><\/td>\n<td width=\"9\" height=\"9\" align=\"right\" valign=\"baseline\"><img loading=\"lazy\" decoding=\"async\" src=\"http:\/\/www.paulinas.org.br\/diafeliz\/img\/cp_bd_box-3.gif\" alt=\"\" width=\"9\" height=\"9\" \/><\/td>\n<\/tr>\n<\/tbody>\n<\/table>\n<\/td>\n<\/tr>\n<\/tbody>\n<\/table>\n<div id=\"themify_builder_content-8090\" data-postid=\"8090\" class=\"themify_builder_content themify_builder_content-8090 themify_builder themify_builder_front\">\n\t<\/div>\n<!-- \/themify_builder_content -->","protected":false},"excerpt":{"rendered":"<p>28 de Fevereiro Daniel Aleixo Brottier nasceu no dia 7 de setembro de 1876, na diocese francesa de Blois. Desde a inf\u00e2ncia revelou um car\u00e1ter caridoso e profunda religiosidade. Ingressou no semin\u00e1rio em 1890, passando com tranq\u00fcilidade pelas ordena\u00e7\u00f5es menores, fazendo por um ano o servi\u00e7o militar e se consagrando sacerdote aos vinte e tr\u00eas [&hellip;]<\/p>\n","protected":false},"author":14,"featured_media":0,"comment_status":"open","ping_status":"open","sticky":false,"template":"","format":"standard","meta":{"ngg_post_thumbnail":0,"footnotes":""},"categories":[186],"tags":[1489],"yoast_head":"<!-- This site is optimized with the Yoast SEO plugin v23.5 - https:\/\/yoast.com\/wordpress\/plugins\/seo\/ -->\n<title>Bem Aventurado Daniel Aleixo Brottier - O Arcanjo no ar<\/title>\n<meta name=\"robots\" content=\"index, follow, max-snippet:-1, max-image-preview:large, max-video-preview:-1\" \/>\n<link rel=\"canonical\" href=\"https:\/\/www.oarcanjo.net\/site\/bem-aventurado-daniel-aleixo-brottier\/\" \/>\n<meta property=\"og:locale\" content=\"pt_BR\" \/>\n<meta property=\"og:type\" content=\"article\" \/>\n<meta property=\"og:title\" content=\"Bem Aventurado Daniel Aleixo Brottier - O Arcanjo no ar\" \/>\n<meta property=\"og:description\" content=\"28 de Fevereiro Daniel Aleixo Brottier nasceu no dia 7 de setembro de 1876, na diocese francesa de Blois. Desde a inf\u00e2ncia revelou um car\u00e1ter caridoso e profunda religiosidade. Ingressou no semin\u00e1rio em 1890, passando com tranq\u00fcilidade pelas ordena\u00e7\u00f5es menores, fazendo por um ano o servi\u00e7o militar e se consagrando sacerdote aos vinte e tr\u00eas [&hellip;]\" \/>\n<meta property=\"og:url\" content=\"https:\/\/www.oarcanjo.net\/site\/bem-aventurado-daniel-aleixo-brottier\/\" \/>\n<meta property=\"og:site_name\" content=\"O Arcanjo no ar\" \/>\n<meta property=\"article:publisher\" content=\"https:\/\/www.facebook.com\/OArcanjoNoAr\/\" \/>\n<meta property=\"article:published_time\" content=\"2019-02-28T03:32:40+00:00\" \/>\n<meta property=\"article:modified_time\" content=\"2019-02-20T11:16:58+00:00\" \/>\n<meta property=\"og:image\" content=\"http:\/\/4.bp.blogspot.com\/_VsL8VkjSZWw\/Sadeevw8PcI\/AAAAAAAAA74\/3GPqPrjLnHc\/s400\/brottier-nb.jpg\" \/>\n<meta name=\"author\" content=\"danilo\" \/>\n<meta name=\"twitter:card\" content=\"summary_large_image\" \/>\n<meta name=\"twitter:label1\" content=\"Escrito por\" \/>\n\t<meta name=\"twitter:data1\" content=\"danilo\" \/>\n\t<meta name=\"twitter:label2\" content=\"Est. tempo de leitura\" \/>\n\t<meta name=\"twitter:data2\" content=\"3 minutos\" \/>\n<script type=\"application\/ld+json\" class=\"yoast-schema-graph\">{\"@context\":\"https:\/\/schema.org\",\"@graph\":[{\"@type\":\"Article\",\"@id\":\"https:\/\/www.oarcanjo.net\/site\/bem-aventurado-daniel-aleixo-brottier\/#article\",\"isPartOf\":{\"@id\":\"https:\/\/www.oarcanjo.net\/site\/bem-aventurado-daniel-aleixo-brottier\/\"},\"author\":{\"name\":\"danilo\",\"@id\":\"https:\/\/www.oarcanjo.net\/site\/#\/schema\/person\/5eb9480bedd2f3c97e430ce128c29c6c\"},\"headline\":\"Bem Aventurado Daniel Aleixo Brottier\",\"datePublished\":\"2019-02-28T03:32:40+00:00\",\"dateModified\":\"2019-02-20T11:16:58+00:00\",\"mainEntityOfPage\":{\"@id\":\"https:\/\/www.oarcanjo.net\/site\/bem-aventurado-daniel-aleixo-brottier\/\"},\"wordCount\":546,\"commentCount\":0,\"publisher\":{\"@id\":\"https:\/\/www.oarcanjo.net\/site\/#organization\"},\"image\":{\"@id\":\"https:\/\/www.oarcanjo.net\/site\/bem-aventurado-daniel-aleixo-brottier\/#primaryimage\"},\"thumbnailUrl\":\"http:\/\/4.bp.blogspot.com\/_VsL8VkjSZWw\/Sadeevw8PcI\/AAAAAAAAA74\/3GPqPrjLnHc\/s400\/brottier-nb.jpg\",\"keywords\":[\"Bem Aventurado Daniel Aleixo Brottier\"],\"articleSection\":[\"Testemunhos\"],\"inLanguage\":\"pt-BR\",\"potentialAction\":[{\"@type\":\"CommentAction\",\"name\":\"Comment\",\"target\":[\"https:\/\/www.oarcanjo.net\/site\/bem-aventurado-daniel-aleixo-brottier\/#respond\"]}]},{\"@type\":\"WebPage\",\"@id\":\"https:\/\/www.oarcanjo.net\/site\/bem-aventurado-daniel-aleixo-brottier\/\",\"url\":\"https:\/\/www.oarcanjo.net\/site\/bem-aventurado-daniel-aleixo-brottier\/\",\"name\":\"Bem Aventurado Daniel Aleixo Brottier - O Arcanjo no ar\",\"isPartOf\":{\"@id\":\"https:\/\/www.oarcanjo.net\/site\/#website\"},\"primaryImageOfPage\":{\"@id\":\"https:\/\/www.oarcanjo.net\/site\/bem-aventurado-daniel-aleixo-brottier\/#primaryimage\"},\"image\":{\"@id\":\"https:\/\/www.oarcanjo.net\/site\/bem-aventurado-daniel-aleixo-brottier\/#primaryimage\"},\"thumbnailUrl\":\"http:\/\/4.bp.blogspot.com\/_VsL8VkjSZWw\/Sadeevw8PcI\/AAAAAAAAA74\/3GPqPrjLnHc\/s400\/brottier-nb.jpg\",\"datePublished\":\"2019-02-28T03:32:40+00:00\",\"dateModified\":\"2019-02-20T11:16:58+00:00\",\"breadcrumb\":{\"@id\":\"https:\/\/www.oarcanjo.net\/site\/bem-aventurado-daniel-aleixo-brottier\/#breadcrumb\"},\"inLanguage\":\"pt-BR\",\"potentialAction\":[{\"@type\":\"ReadAction\",\"target\":[\"https:\/\/www.oarcanjo.net\/site\/bem-aventurado-daniel-aleixo-brottier\/\"]}]},{\"@type\":\"ImageObject\",\"inLanguage\":\"pt-BR\",\"@id\":\"https:\/\/www.oarcanjo.net\/site\/bem-aventurado-daniel-aleixo-brottier\/#primaryimage\",\"url\":\"http:\/\/4.bp.blogspot.com\/_VsL8VkjSZWw\/Sadeevw8PcI\/AAAAAAAAA74\/3GPqPrjLnHc\/s400\/brottier-nb.jpg\",\"contentUrl\":\"http:\/\/4.bp.blogspot.com\/_VsL8VkjSZWw\/Sadeevw8PcI\/AAAAAAAAA74\/3GPqPrjLnHc\/s400\/brottier-nb.jpg\"},{\"@type\":\"BreadcrumbList\",\"@id\":\"https:\/\/www.oarcanjo.net\/site\/bem-aventurado-daniel-aleixo-brottier\/#breadcrumb\",\"itemListElement\":[{\"@type\":\"ListItem\",\"position\":1,\"name\":\"In\u00edcio\",\"item\":\"https:\/\/www.oarcanjo.net\/site\/\"},{\"@type\":\"ListItem\",\"position\":2,\"name\":\"Bem Aventurado Daniel Aleixo Brottier\"}]},{\"@type\":\"WebSite\",\"@id\":\"https:\/\/www.oarcanjo.net\/site\/#website\",\"url\":\"https:\/\/www.oarcanjo.net\/site\/\",\"name\":\"O Arcanjo no ar\",\"description\":\"Site da Par\u00f3quia S\u00e3o Miguel Arcanjo (Arquidiocese de SP)\",\"publisher\":{\"@id\":\"https:\/\/www.oarcanjo.net\/site\/#organization\"},\"potentialAction\":[{\"@type\":\"SearchAction\",\"target\":{\"@type\":\"EntryPoint\",\"urlTemplate\":\"https:\/\/www.oarcanjo.net\/site\/?s={search_term_string}\"},\"query-input\":{\"@type\":\"PropertyValueSpecification\",\"valueRequired\":true,\"valueName\":\"search_term_string\"}}],\"inLanguage\":\"pt-BR\"},{\"@type\":\"Organization\",\"@id\":\"https:\/\/www.oarcanjo.net\/site\/#organization\",\"name\":\"Par\u00f3quia S\u00e3o Miguel Arcanjo\",\"url\":\"https:\/\/www.oarcanjo.net\/site\/\",\"logo\":{\"@type\":\"ImageObject\",\"inLanguage\":\"pt-BR\",\"@id\":\"https:\/\/www.oarcanjo.net\/site\/#\/schema\/logo\/image\/\",\"url\":\"https:\/\/www.oarcanjo.net\/site\/wp-content\/uploads\/LogoOArcanjo.png\",\"contentUrl\":\"https:\/\/www.oarcanjo.net\/site\/wp-content\/uploads\/LogoOArcanjo.png\",\"width\":319,\"height\":99,\"caption\":\"Par\u00f3quia S\u00e3o Miguel Arcanjo\"},\"image\":{\"@id\":\"https:\/\/www.oarcanjo.net\/site\/#\/schema\/logo\/image\/\"},\"sameAs\":[\"https:\/\/www.facebook.com\/OArcanjoNoAr\/\"]},{\"@type\":\"Person\",\"@id\":\"https:\/\/www.oarcanjo.net\/site\/#\/schema\/person\/5eb9480bedd2f3c97e430ce128c29c6c\",\"name\":\"danilo\"}]}<\/script>\n<!-- \/ Yoast SEO plugin. -->","yoast_head_json":{"title":"Bem Aventurado Daniel Aleixo Brottier - O Arcanjo no ar","robots":{"index":"index","follow":"follow","max-snippet":"max-snippet:-1","max-image-preview":"max-image-preview:large","max-video-preview":"max-video-preview:-1"},"canonical":"https:\/\/www.oarcanjo.net\/site\/bem-aventurado-daniel-aleixo-brottier\/","og_locale":"pt_BR","og_type":"article","og_title":"Bem Aventurado Daniel Aleixo Brottier - O Arcanjo no ar","og_description":"28 de Fevereiro Daniel Aleixo Brottier nasceu no dia 7 de setembro de 1876, na diocese francesa de Blois. Desde a inf\u00e2ncia revelou um car\u00e1ter caridoso e profunda religiosidade. Ingressou no semin\u00e1rio em 1890, passando com tranq\u00fcilidade pelas ordena\u00e7\u00f5es menores, fazendo por um ano o servi\u00e7o militar e se consagrando sacerdote aos vinte e tr\u00eas [&hellip;]","og_url":"https:\/\/www.oarcanjo.net\/site\/bem-aventurado-daniel-aleixo-brottier\/","og_site_name":"O Arcanjo no ar","article_publisher":"https:\/\/www.facebook.com\/OArcanjoNoAr\/","article_published_time":"2019-02-28T03:32:40+00:00","article_modified_time":"2019-02-20T11:16:58+00:00","og_image":[{"url":"http:\/\/4.bp.blogspot.com\/_VsL8VkjSZWw\/Sadeevw8PcI\/AAAAAAAAA74\/3GPqPrjLnHc\/s400\/brottier-nb.jpg"}],"author":"danilo","twitter_card":"summary_large_image","twitter_misc":{"Escrito por":"danilo","Est. tempo de leitura":"3 minutos"},"schema":{"@context":"https:\/\/schema.org","@graph":[{"@type":"Article","@id":"https:\/\/www.oarcanjo.net\/site\/bem-aventurado-daniel-aleixo-brottier\/#article","isPartOf":{"@id":"https:\/\/www.oarcanjo.net\/site\/bem-aventurado-daniel-aleixo-brottier\/"},"author":{"name":"danilo","@id":"https:\/\/www.oarcanjo.net\/site\/#\/schema\/person\/5eb9480bedd2f3c97e430ce128c29c6c"},"headline":"Bem Aventurado Daniel Aleixo Brottier","datePublished":"2019-02-28T03:32:40+00:00","dateModified":"2019-02-20T11:16:58+00:00","mainEntityOfPage":{"@id":"https:\/\/www.oarcanjo.net\/site\/bem-aventurado-daniel-aleixo-brottier\/"},"wordCount":546,"commentCount":0,"publisher":{"@id":"https:\/\/www.oarcanjo.net\/site\/#organization"},"image":{"@id":"https:\/\/www.oarcanjo.net\/site\/bem-aventurado-daniel-aleixo-brottier\/#primaryimage"},"thumbnailUrl":"http:\/\/4.bp.blogspot.com\/_VsL8VkjSZWw\/Sadeevw8PcI\/AAAAAAAAA74\/3GPqPrjLnHc\/s400\/brottier-nb.jpg","keywords":["Bem Aventurado Daniel Aleixo Brottier"],"articleSection":["Testemunhos"],"inLanguage":"pt-BR","potentialAction":[{"@type":"CommentAction","name":"Comment","target":["https:\/\/www.oarcanjo.net\/site\/bem-aventurado-daniel-aleixo-brottier\/#respond"]}]},{"@type":"WebPage","@id":"https:\/\/www.oarcanjo.net\/site\/bem-aventurado-daniel-aleixo-brottier\/","url":"https:\/\/www.oarcanjo.net\/site\/bem-aventurado-daniel-aleixo-brottier\/","name":"Bem Aventurado Daniel Aleixo Brottier - O Arcanjo no ar","isPartOf":{"@id":"https:\/\/www.oarcanjo.net\/site\/#website"},"primaryImageOfPage":{"@id":"https:\/\/www.oarcanjo.net\/site\/bem-aventurado-daniel-aleixo-brottier\/#primaryimage"},"image":{"@id":"https:\/\/www.oarcanjo.net\/site\/bem-aventurado-daniel-aleixo-brottier\/#primaryimage"},"thumbnailUrl":"http:\/\/4.bp.blogspot.com\/_VsL8VkjSZWw\/Sadeevw8PcI\/AAAAAAAAA74\/3GPqPrjLnHc\/s400\/brottier-nb.jpg","datePublished":"2019-02-28T03:32:40+00:00","dateModified":"2019-02-20T11:16:58+00:00","breadcrumb":{"@id":"https:\/\/www.oarcanjo.net\/site\/bem-aventurado-daniel-aleixo-brottier\/#breadcrumb"},"inLanguage":"pt-BR","potentialAction":[{"@type":"ReadAction","target":["https:\/\/www.oarcanjo.net\/site\/bem-aventurado-daniel-aleixo-brottier\/"]}]},{"@type":"ImageObject","inLanguage":"pt-BR","@id":"https:\/\/www.oarcanjo.net\/site\/bem-aventurado-daniel-aleixo-brottier\/#primaryimage","url":"http:\/\/4.bp.blogspot.com\/_VsL8VkjSZWw\/Sadeevw8PcI\/AAAAAAAAA74\/3GPqPrjLnHc\/s400\/brottier-nb.jpg","contentUrl":"http:\/\/4.bp.blogspot.com\/_VsL8VkjSZWw\/Sadeevw8PcI\/AAAAAAAAA74\/3GPqPrjLnHc\/s400\/brottier-nb.jpg"},{"@type":"BreadcrumbList","@id":"https:\/\/www.oarcanjo.net\/site\/bem-aventurado-daniel-aleixo-brottier\/#breadcrumb","itemListElement":[{"@type":"ListItem","position":1,"name":"In\u00edcio","item":"https:\/\/www.oarcanjo.net\/site\/"},{"@type":"ListItem","position":2,"name":"Bem Aventurado Daniel Aleixo Brottier"}]},{"@type":"WebSite","@id":"https:\/\/www.oarcanjo.net\/site\/#website","url":"https:\/\/www.oarcanjo.net\/site\/","name":"O Arcanjo no ar","description":"Site da Par\u00f3quia S\u00e3o Miguel Arcanjo (Arquidiocese de SP)","publisher":{"@id":"https:\/\/www.oarcanjo.net\/site\/#organization"},"potentialAction":[{"@type":"SearchAction","target":{"@type":"EntryPoint","urlTemplate":"https:\/\/www.oarcanjo.net\/site\/?s={search_term_string}"},"query-input":{"@type":"PropertyValueSpecification","valueRequired":true,"valueName":"search_term_string"}}],"inLanguage":"pt-BR"},{"@type":"Organization","@id":"https:\/\/www.oarcanjo.net\/site\/#organization","name":"Par\u00f3quia S\u00e3o Miguel Arcanjo","url":"https:\/\/www.oarcanjo.net\/site\/","logo":{"@type":"ImageObject","inLanguage":"pt-BR","@id":"https:\/\/www.oarcanjo.net\/site\/#\/schema\/logo\/image\/","url":"https:\/\/www.oarcanjo.net\/site\/wp-content\/uploads\/LogoOArcanjo.png","contentUrl":"https:\/\/www.oarcanjo.net\/site\/wp-content\/uploads\/LogoOArcanjo.png","width":319,"height":99,"caption":"Par\u00f3quia S\u00e3o Miguel Arcanjo"},"image":{"@id":"https:\/\/www.oarcanjo.net\/site\/#\/schema\/logo\/image\/"},"sameAs":["https:\/\/www.facebook.com\/OArcanjoNoAr\/"]},{"@type":"Person","@id":"https:\/\/www.oarcanjo.net\/site\/#\/schema\/person\/5eb9480bedd2f3c97e430ce128c29c6c","name":"danilo"}]}},"publishpress_future_action":{"enabled":false,"date":"2026-05-08 01:04:02","action":"category","newStatus":"draft","terms":[],"taxonomy":"category"},"publishpress_future_workflow_manual_trigger":{"enabledWorkflows":[]},"_links":{"self":[{"href":"https:\/\/www.oarcanjo.net\/site\/wp-json\/wp\/v2\/posts\/8090"}],"collection":[{"href":"https:\/\/www.oarcanjo.net\/site\/wp-json\/wp\/v2\/posts"}],"about":[{"href":"https:\/\/www.oarcanjo.net\/site\/wp-json\/wp\/v2\/types\/post"}],"author":[{"embeddable":true,"href":"https:\/\/www.oarcanjo.net\/site\/wp-json\/wp\/v2\/users\/14"}],"replies":[{"embeddable":true,"href":"https:\/\/www.oarcanjo.net\/site\/wp-json\/wp\/v2\/comments?post=8090"}],"version-history":[{"count":1,"href":"https:\/\/www.oarcanjo.net\/site\/wp-json\/wp\/v2\/posts\/8090\/revisions"}],"predecessor-version":[{"id":93033,"href":"https:\/\/www.oarcanjo.net\/site\/wp-json\/wp\/v2\/posts\/8090\/revisions\/93033"}],"wp:attachment":[{"href":"https:\/\/www.oarcanjo.net\/site\/wp-json\/wp\/v2\/media?parent=8090"}],"wp:term":[{"taxonomy":"category","embeddable":true,"href":"https:\/\/www.oarcanjo.net\/site\/wp-json\/wp\/v2\/categories?post=8090"},{"taxonomy":"post_tag","embeddable":true,"href":"https:\/\/www.oarcanjo.net\/site\/wp-json\/wp\/v2\/tags?post=8090"}],"curies":[{"name":"wp","href":"https:\/\/api.w.org\/{rel}","templated":true}]}}