
{"id":8117,"date":"2019-03-01T00:19:12","date_gmt":"2019-03-01T03:19:12","guid":{"rendered":"http:\/\/www.oarcanjo.net\/site\/?p=8117"},"modified":"2019-02-20T08:08:09","modified_gmt":"2019-02-20T11:08:09","slug":"santo-suitberto-de-kaiserswerth","status":"publish","type":"post","link":"https:\/\/www.oarcanjo.net\/site\/santo-suitberto-de-kaiserswerth\/","title":{"rendered":"Santo Suitberto de Kaiserswerth"},"content":{"rendered":"<p><img decoding=\"async\" src=\"http:\/\/2.bp.blogspot.com\/_z-c0Sh5Zlrs\/SJAIGp1txyI\/AAAAAAAAA-4\/Lp9kunXjiec\/s400\/Santo+Suitberto+de+Kaiserswerth.jpg\" alt=\"\" \/><\/p>\n<p>1 de Mar\u00e7o<\/p>\n<p>Suitberto era um monge beneditino que dedicou praticamente toda sua for\u00e7a vital, f\u00edsica e espiritual, \u00e0 evangeliza\u00e7\u00e3o do centro-norte da Europa, territ\u00f3rio anglo-sax\u00e3o ainda pag\u00e3o. Ingl\u00eas, nascido no ano 647, foi considerado um dos mais genu\u00ednos continuadores da obra de S\u00e3o Patr\u00edcio, que evangelizara o territ\u00f3rio irland\u00eas, um s\u00e9culo antes.<\/p>\n<p>Ele foi educado nas r\u00edgidas regras dos mosteiros beneditinos, sob a dire\u00e7\u00e3o espiritual do bispo Egberto, do qual se tornou disc\u00edpulo e o acompanhou \u00e0 Irlanda, enquanto se preparava para o apostolado. Egberto, que depois a Igreja elevou aos altares, tinha um projeto para evangelizar as regi\u00f5es germ\u00e2nicas ainda pag\u00e3s, mas n\u00e3o poderia executa-lo pessoalmente. Por isso enviou outro monge, Vigberto, inicialmente para a Fr\u00edsia, hoje Holanda.<\/p>\n<p>A obra desse primeiro disc\u00edpulo, foi impedida pelo pr\u00edncipe pag\u00e3o Radibodo e Vigberto teve de retornar ao solo ingl\u00eas, sem atingir os resultados desejados. Ent\u00e3o Egberto trabalhou duramente para organizar outra expedi\u00e7\u00e3o que seguiu para l\u00e1 com doze mission\u00e1rios, chefiada por Willibrordo, depois tamb\u00e9m canonizado, que desembarcou \u00e0s margens do rio Reno, na Alemanha, em 690. Suitberto fazia parte desse grupo.<\/p>\n<p>Ele foi designado para pregar na Fr\u00edgia. A regi\u00e3o era dominada pelo pag\u00e3o Radibodo, mas acabara de ser conquistada pelo rei Pepino, crist\u00e3o e muito devoto, como tamb\u00e9m era a pr\u00f3pria rainha. Suitberto estendeu sua \u00e1rdua miss\u00e3o evangelizadora tamb\u00e9m para Flandres, atual B\u00e9lgica. Sua atua\u00e7\u00e3o foi t\u00e3o produtiva que conseguiu converter milhares de pag\u00e3os que viviam nessas extens\u00f5es, de modo que acabou sendo nomeado Bispo da Fr\u00edgia pelo Papa S\u00e9rgio I. Suitberto p\u00f4de ent\u00e3o ampliar ainda mais sua evangeliza\u00e7\u00e3o, alcan\u00e7ando o ducado de Berg e o condado de Mark, na Alemanha.<\/p>\n<p>Tudo isso ele realizou enfrentando, al\u00e9m dos problemas com os pag\u00e3os, sucessivas invas\u00f5es das tribos b\u00e1rbaras dos sax\u00f5es que, muitas vezes, impediam ou desfaziam todo seu trabalho. Depois de vinte anos nessa intensa luta evangelizadora de apostolado, Suitberto recolheu-se ao mosteiro fundado por ele na ilha de C\u00e9sar, situada no rio Reno e que lhe fora doada pelo rei Pepino. L\u00e1 ele faleceu, consumido pela fadiga de sua miss\u00e3o apost\u00f3lica, no dia primeiro de mar\u00e7o de 713, sendo sepultado na igreja desse mosteiro.<\/p>\n<p>A fama de sua santidade correu veloz por todas regi\u00f5es que atravessara levando a Palavra de Cristo. Por sua intercess\u00e3o, muitas gra\u00e7as e prod\u00edgios foram confirmados, tornando vigorosa a sua venera\u00e7\u00e3o entre os fi\u00e9is crist\u00e3os. Em 810, o Papa Le\u00e3o III proclamou Santo Suitbeto, oficializando o seu culto para o dia de sua morte.<\/p>\n<p>Mais tarde, um bra\u00e7o do rio Reno foi desviado, de forma que a ilha deixou de existir. No lugar se formou a pr\u00f3spera cidade de Kaiserswesth, Alemanha. Em 1126, quando Santo Suitberto j\u00e1 era chamado de &#8220;o velho&#8221;, para ser distinguido do outro, que viveu um s\u00e9culo depois, sua urna foi transladada para a catedral da cidade, onde permanece at\u00e9 hoje.<\/p>\n<div id=\"themify_builder_content-8117\" data-postid=\"8117\" class=\"themify_builder_content themify_builder_content-8117 themify_builder themify_builder_front\">\n\t<\/div>\n<!-- \/themify_builder_content -->","protected":false},"excerpt":{"rendered":"<p>1 de Mar\u00e7o Suitberto era um monge beneditino que dedicou praticamente toda sua for\u00e7a vital, f\u00edsica e espiritual, \u00e0 evangeliza\u00e7\u00e3o do centro-norte da Europa, territ\u00f3rio anglo-sax\u00e3o ainda pag\u00e3o. Ingl\u00eas, nascido no ano 647, foi considerado um dos mais genu\u00ednos continuadores da obra de S\u00e3o Patr\u00edcio, que evangelizara o territ\u00f3rio irland\u00eas, um s\u00e9culo antes. Ele foi [&hellip;]<\/p>\n","protected":false},"author":14,"featured_media":0,"comment_status":"open","ping_status":"open","sticky":false,"template":"","format":"standard","meta":{"ngg_post_thumbnail":0,"footnotes":""},"categories":[186],"tags":[],"yoast_head":"<!-- This site is optimized with the Yoast SEO plugin v23.5 - https:\/\/yoast.com\/wordpress\/plugins\/seo\/ -->\n<title>Santo Suitberto de Kaiserswerth - O Arcanjo no ar<\/title>\n<meta name=\"robots\" content=\"index, follow, max-snippet:-1, max-image-preview:large, max-video-preview:-1\" \/>\n<link rel=\"canonical\" href=\"https:\/\/www.oarcanjo.net\/site\/santo-suitberto-de-kaiserswerth\/\" \/>\n<meta property=\"og:locale\" content=\"pt_BR\" \/>\n<meta property=\"og:type\" content=\"article\" \/>\n<meta property=\"og:title\" content=\"Santo Suitberto de Kaiserswerth - O Arcanjo no ar\" \/>\n<meta property=\"og:description\" content=\"1 de Mar\u00e7o Suitberto era um monge beneditino que dedicou praticamente toda sua for\u00e7a vital, f\u00edsica e espiritual, \u00e0 evangeliza\u00e7\u00e3o do centro-norte da Europa, territ\u00f3rio anglo-sax\u00e3o ainda pag\u00e3o. Ingl\u00eas, nascido no ano 647, foi considerado um dos mais genu\u00ednos continuadores da obra de S\u00e3o Patr\u00edcio, que evangelizara o territ\u00f3rio irland\u00eas, um s\u00e9culo antes. Ele foi [&hellip;]\" \/>\n<meta property=\"og:url\" content=\"https:\/\/www.oarcanjo.net\/site\/santo-suitberto-de-kaiserswerth\/\" \/>\n<meta property=\"og:site_name\" content=\"O Arcanjo no ar\" \/>\n<meta property=\"article:publisher\" content=\"https:\/\/www.facebook.com\/OArcanjoNoAr\/\" \/>\n<meta property=\"article:published_time\" content=\"2019-03-01T03:19:12+00:00\" \/>\n<meta property=\"article:modified_time\" content=\"2019-02-20T11:08:09+00:00\" \/>\n<meta property=\"og:image\" content=\"http:\/\/2.bp.blogspot.com\/_z-c0Sh5Zlrs\/SJAIGp1txyI\/AAAAAAAAA-4\/Lp9kunXjiec\/s400\/Santo+Suitberto+de+Kaiserswerth.jpg\" \/>\n<meta name=\"author\" content=\"danilo\" \/>\n<meta name=\"twitter:card\" content=\"summary_large_image\" \/>\n<meta name=\"twitter:label1\" content=\"Escrito por\" \/>\n\t<meta name=\"twitter:data1\" content=\"danilo\" \/>\n\t<meta name=\"twitter:label2\" content=\"Est. tempo de leitura\" \/>\n\t<meta name=\"twitter:data2\" content=\"3 minutos\" \/>\n<script type=\"application\/ld+json\" class=\"yoast-schema-graph\">{\"@context\":\"https:\/\/schema.org\",\"@graph\":[{\"@type\":\"Article\",\"@id\":\"https:\/\/www.oarcanjo.net\/site\/santo-suitberto-de-kaiserswerth\/#article\",\"isPartOf\":{\"@id\":\"https:\/\/www.oarcanjo.net\/site\/santo-suitberto-de-kaiserswerth\/\"},\"author\":{\"name\":\"danilo\",\"@id\":\"https:\/\/www.oarcanjo.net\/site\/#\/schema\/person\/5eb9480bedd2f3c97e430ce128c29c6c\"},\"headline\":\"Santo Suitberto de Kaiserswerth\",\"datePublished\":\"2019-03-01T03:19:12+00:00\",\"dateModified\":\"2019-02-20T11:08:09+00:00\",\"mainEntityOfPage\":{\"@id\":\"https:\/\/www.oarcanjo.net\/site\/santo-suitberto-de-kaiserswerth\/\"},\"wordCount\":535,\"commentCount\":0,\"publisher\":{\"@id\":\"https:\/\/www.oarcanjo.net\/site\/#organization\"},\"image\":{\"@id\":\"https:\/\/www.oarcanjo.net\/site\/santo-suitberto-de-kaiserswerth\/#primaryimage\"},\"thumbnailUrl\":\"http:\/\/2.bp.blogspot.com\/_z-c0Sh5Zlrs\/SJAIGp1txyI\/AAAAAAAAA-4\/Lp9kunXjiec\/s400\/Santo+Suitberto+de+Kaiserswerth.jpg\",\"articleSection\":[\"Testemunhos\"],\"inLanguage\":\"pt-BR\",\"potentialAction\":[{\"@type\":\"CommentAction\",\"name\":\"Comment\",\"target\":[\"https:\/\/www.oarcanjo.net\/site\/santo-suitberto-de-kaiserswerth\/#respond\"]}]},{\"@type\":\"WebPage\",\"@id\":\"https:\/\/www.oarcanjo.net\/site\/santo-suitberto-de-kaiserswerth\/\",\"url\":\"https:\/\/www.oarcanjo.net\/site\/santo-suitberto-de-kaiserswerth\/\",\"name\":\"Santo Suitberto de Kaiserswerth - O Arcanjo no ar\",\"isPartOf\":{\"@id\":\"https:\/\/www.oarcanjo.net\/site\/#website\"},\"primaryImageOfPage\":{\"@id\":\"https:\/\/www.oarcanjo.net\/site\/santo-suitberto-de-kaiserswerth\/#primaryimage\"},\"image\":{\"@id\":\"https:\/\/www.oarcanjo.net\/site\/santo-suitberto-de-kaiserswerth\/#primaryimage\"},\"thumbnailUrl\":\"http:\/\/2.bp.blogspot.com\/_z-c0Sh5Zlrs\/SJAIGp1txyI\/AAAAAAAAA-4\/Lp9kunXjiec\/s400\/Santo+Suitberto+de+Kaiserswerth.jpg\",\"datePublished\":\"2019-03-01T03:19:12+00:00\",\"dateModified\":\"2019-02-20T11:08:09+00:00\",\"breadcrumb\":{\"@id\":\"https:\/\/www.oarcanjo.net\/site\/santo-suitberto-de-kaiserswerth\/#breadcrumb\"},\"inLanguage\":\"pt-BR\",\"potentialAction\":[{\"@type\":\"ReadAction\",\"target\":[\"https:\/\/www.oarcanjo.net\/site\/santo-suitberto-de-kaiserswerth\/\"]}]},{\"@type\":\"ImageObject\",\"inLanguage\":\"pt-BR\",\"@id\":\"https:\/\/www.oarcanjo.net\/site\/santo-suitberto-de-kaiserswerth\/#primaryimage\",\"url\":\"http:\/\/2.bp.blogspot.com\/_z-c0Sh5Zlrs\/SJAIGp1txyI\/AAAAAAAAA-4\/Lp9kunXjiec\/s400\/Santo+Suitberto+de+Kaiserswerth.jpg\",\"contentUrl\":\"http:\/\/2.bp.blogspot.com\/_z-c0Sh5Zlrs\/SJAIGp1txyI\/AAAAAAAAA-4\/Lp9kunXjiec\/s400\/Santo+Suitberto+de+Kaiserswerth.jpg\"},{\"@type\":\"BreadcrumbList\",\"@id\":\"https:\/\/www.oarcanjo.net\/site\/santo-suitberto-de-kaiserswerth\/#breadcrumb\",\"itemListElement\":[{\"@type\":\"ListItem\",\"position\":1,\"name\":\"In\u00edcio\",\"item\":\"https:\/\/www.oarcanjo.net\/site\/\"},{\"@type\":\"ListItem\",\"position\":2,\"name\":\"Santo Suitberto de Kaiserswerth\"}]},{\"@type\":\"WebSite\",\"@id\":\"https:\/\/www.oarcanjo.net\/site\/#website\",\"url\":\"https:\/\/www.oarcanjo.net\/site\/\",\"name\":\"O Arcanjo no ar\",\"description\":\"Site da Par\u00f3quia S\u00e3o Miguel Arcanjo (Arquidiocese de SP)\",\"publisher\":{\"@id\":\"https:\/\/www.oarcanjo.net\/site\/#organization\"},\"potentialAction\":[{\"@type\":\"SearchAction\",\"target\":{\"@type\":\"EntryPoint\",\"urlTemplate\":\"https:\/\/www.oarcanjo.net\/site\/?s={search_term_string}\"},\"query-input\":{\"@type\":\"PropertyValueSpecification\",\"valueRequired\":true,\"valueName\":\"search_term_string\"}}],\"inLanguage\":\"pt-BR\"},{\"@type\":\"Organization\",\"@id\":\"https:\/\/www.oarcanjo.net\/site\/#organization\",\"name\":\"Par\u00f3quia S\u00e3o Miguel Arcanjo\",\"url\":\"https:\/\/www.oarcanjo.net\/site\/\",\"logo\":{\"@type\":\"ImageObject\",\"inLanguage\":\"pt-BR\",\"@id\":\"https:\/\/www.oarcanjo.net\/site\/#\/schema\/logo\/image\/\",\"url\":\"https:\/\/www.oarcanjo.net\/site\/wp-content\/uploads\/LogoOArcanjo.png\",\"contentUrl\":\"https:\/\/www.oarcanjo.net\/site\/wp-content\/uploads\/LogoOArcanjo.png\",\"width\":319,\"height\":99,\"caption\":\"Par\u00f3quia S\u00e3o Miguel Arcanjo\"},\"image\":{\"@id\":\"https:\/\/www.oarcanjo.net\/site\/#\/schema\/logo\/image\/\"},\"sameAs\":[\"https:\/\/www.facebook.com\/OArcanjoNoAr\/\"]},{\"@type\":\"Person\",\"@id\":\"https:\/\/www.oarcanjo.net\/site\/#\/schema\/person\/5eb9480bedd2f3c97e430ce128c29c6c\",\"name\":\"danilo\"}]}<\/script>\n<!-- \/ Yoast SEO plugin. -->","yoast_head_json":{"title":"Santo Suitberto de Kaiserswerth - O Arcanjo no ar","robots":{"index":"index","follow":"follow","max-snippet":"max-snippet:-1","max-image-preview":"max-image-preview:large","max-video-preview":"max-video-preview:-1"},"canonical":"https:\/\/www.oarcanjo.net\/site\/santo-suitberto-de-kaiserswerth\/","og_locale":"pt_BR","og_type":"article","og_title":"Santo Suitberto de Kaiserswerth - O Arcanjo no ar","og_description":"1 de Mar\u00e7o Suitberto era um monge beneditino que dedicou praticamente toda sua for\u00e7a vital, f\u00edsica e espiritual, \u00e0 evangeliza\u00e7\u00e3o do centro-norte da Europa, territ\u00f3rio anglo-sax\u00e3o ainda pag\u00e3o. Ingl\u00eas, nascido no ano 647, foi considerado um dos mais genu\u00ednos continuadores da obra de S\u00e3o Patr\u00edcio, que evangelizara o territ\u00f3rio irland\u00eas, um s\u00e9culo antes. Ele foi [&hellip;]","og_url":"https:\/\/www.oarcanjo.net\/site\/santo-suitberto-de-kaiserswerth\/","og_site_name":"O Arcanjo no ar","article_publisher":"https:\/\/www.facebook.com\/OArcanjoNoAr\/","article_published_time":"2019-03-01T03:19:12+00:00","article_modified_time":"2019-02-20T11:08:09+00:00","og_image":[{"url":"http:\/\/2.bp.blogspot.com\/_z-c0Sh5Zlrs\/SJAIGp1txyI\/AAAAAAAAA-4\/Lp9kunXjiec\/s400\/Santo+Suitberto+de+Kaiserswerth.jpg"}],"author":"danilo","twitter_card":"summary_large_image","twitter_misc":{"Escrito por":"danilo","Est. tempo de leitura":"3 minutos"},"schema":{"@context":"https:\/\/schema.org","@graph":[{"@type":"Article","@id":"https:\/\/www.oarcanjo.net\/site\/santo-suitberto-de-kaiserswerth\/#article","isPartOf":{"@id":"https:\/\/www.oarcanjo.net\/site\/santo-suitberto-de-kaiserswerth\/"},"author":{"name":"danilo","@id":"https:\/\/www.oarcanjo.net\/site\/#\/schema\/person\/5eb9480bedd2f3c97e430ce128c29c6c"},"headline":"Santo Suitberto de Kaiserswerth","datePublished":"2019-03-01T03:19:12+00:00","dateModified":"2019-02-20T11:08:09+00:00","mainEntityOfPage":{"@id":"https:\/\/www.oarcanjo.net\/site\/santo-suitberto-de-kaiserswerth\/"},"wordCount":535,"commentCount":0,"publisher":{"@id":"https:\/\/www.oarcanjo.net\/site\/#organization"},"image":{"@id":"https:\/\/www.oarcanjo.net\/site\/santo-suitberto-de-kaiserswerth\/#primaryimage"},"thumbnailUrl":"http:\/\/2.bp.blogspot.com\/_z-c0Sh5Zlrs\/SJAIGp1txyI\/AAAAAAAAA-4\/Lp9kunXjiec\/s400\/Santo+Suitberto+de+Kaiserswerth.jpg","articleSection":["Testemunhos"],"inLanguage":"pt-BR","potentialAction":[{"@type":"CommentAction","name":"Comment","target":["https:\/\/www.oarcanjo.net\/site\/santo-suitberto-de-kaiserswerth\/#respond"]}]},{"@type":"WebPage","@id":"https:\/\/www.oarcanjo.net\/site\/santo-suitberto-de-kaiserswerth\/","url":"https:\/\/www.oarcanjo.net\/site\/santo-suitberto-de-kaiserswerth\/","name":"Santo Suitberto de Kaiserswerth - O Arcanjo no ar","isPartOf":{"@id":"https:\/\/www.oarcanjo.net\/site\/#website"},"primaryImageOfPage":{"@id":"https:\/\/www.oarcanjo.net\/site\/santo-suitberto-de-kaiserswerth\/#primaryimage"},"image":{"@id":"https:\/\/www.oarcanjo.net\/site\/santo-suitberto-de-kaiserswerth\/#primaryimage"},"thumbnailUrl":"http:\/\/2.bp.blogspot.com\/_z-c0Sh5Zlrs\/SJAIGp1txyI\/AAAAAAAAA-4\/Lp9kunXjiec\/s400\/Santo+Suitberto+de+Kaiserswerth.jpg","datePublished":"2019-03-01T03:19:12+00:00","dateModified":"2019-02-20T11:08:09+00:00","breadcrumb":{"@id":"https:\/\/www.oarcanjo.net\/site\/santo-suitberto-de-kaiserswerth\/#breadcrumb"},"inLanguage":"pt-BR","potentialAction":[{"@type":"ReadAction","target":["https:\/\/www.oarcanjo.net\/site\/santo-suitberto-de-kaiserswerth\/"]}]},{"@type":"ImageObject","inLanguage":"pt-BR","@id":"https:\/\/www.oarcanjo.net\/site\/santo-suitberto-de-kaiserswerth\/#primaryimage","url":"http:\/\/2.bp.blogspot.com\/_z-c0Sh5Zlrs\/SJAIGp1txyI\/AAAAAAAAA-4\/Lp9kunXjiec\/s400\/Santo+Suitberto+de+Kaiserswerth.jpg","contentUrl":"http:\/\/2.bp.blogspot.com\/_z-c0Sh5Zlrs\/SJAIGp1txyI\/AAAAAAAAA-4\/Lp9kunXjiec\/s400\/Santo+Suitberto+de+Kaiserswerth.jpg"},{"@type":"BreadcrumbList","@id":"https:\/\/www.oarcanjo.net\/site\/santo-suitberto-de-kaiserswerth\/#breadcrumb","itemListElement":[{"@type":"ListItem","position":1,"name":"In\u00edcio","item":"https:\/\/www.oarcanjo.net\/site\/"},{"@type":"ListItem","position":2,"name":"Santo Suitberto de Kaiserswerth"}]},{"@type":"WebSite","@id":"https:\/\/www.oarcanjo.net\/site\/#website","url":"https:\/\/www.oarcanjo.net\/site\/","name":"O Arcanjo no ar","description":"Site da Par\u00f3quia S\u00e3o Miguel Arcanjo (Arquidiocese de SP)","publisher":{"@id":"https:\/\/www.oarcanjo.net\/site\/#organization"},"potentialAction":[{"@type":"SearchAction","target":{"@type":"EntryPoint","urlTemplate":"https:\/\/www.oarcanjo.net\/site\/?s={search_term_string}"},"query-input":{"@type":"PropertyValueSpecification","valueRequired":true,"valueName":"search_term_string"}}],"inLanguage":"pt-BR"},{"@type":"Organization","@id":"https:\/\/www.oarcanjo.net\/site\/#organization","name":"Par\u00f3quia S\u00e3o Miguel Arcanjo","url":"https:\/\/www.oarcanjo.net\/site\/","logo":{"@type":"ImageObject","inLanguage":"pt-BR","@id":"https:\/\/www.oarcanjo.net\/site\/#\/schema\/logo\/image\/","url":"https:\/\/www.oarcanjo.net\/site\/wp-content\/uploads\/LogoOArcanjo.png","contentUrl":"https:\/\/www.oarcanjo.net\/site\/wp-content\/uploads\/LogoOArcanjo.png","width":319,"height":99,"caption":"Par\u00f3quia S\u00e3o Miguel Arcanjo"},"image":{"@id":"https:\/\/www.oarcanjo.net\/site\/#\/schema\/logo\/image\/"},"sameAs":["https:\/\/www.facebook.com\/OArcanjoNoAr\/"]},{"@type":"Person","@id":"https:\/\/www.oarcanjo.net\/site\/#\/schema\/person\/5eb9480bedd2f3c97e430ce128c29c6c","name":"danilo"}]}},"publishpress_future_action":{"enabled":false,"date":"2026-05-08 01:18:40","action":"category","newStatus":"draft","terms":[],"taxonomy":"category"},"publishpress_future_workflow_manual_trigger":{"enabledWorkflows":[]},"_links":{"self":[{"href":"https:\/\/www.oarcanjo.net\/site\/wp-json\/wp\/v2\/posts\/8117"}],"collection":[{"href":"https:\/\/www.oarcanjo.net\/site\/wp-json\/wp\/v2\/posts"}],"about":[{"href":"https:\/\/www.oarcanjo.net\/site\/wp-json\/wp\/v2\/types\/post"}],"author":[{"embeddable":true,"href":"https:\/\/www.oarcanjo.net\/site\/wp-json\/wp\/v2\/users\/14"}],"replies":[{"embeddable":true,"href":"https:\/\/www.oarcanjo.net\/site\/wp-json\/wp\/v2\/comments?post=8117"}],"version-history":[{"count":1,"href":"https:\/\/www.oarcanjo.net\/site\/wp-json\/wp\/v2\/posts\/8117\/revisions"}],"predecessor-version":[{"id":92984,"href":"https:\/\/www.oarcanjo.net\/site\/wp-json\/wp\/v2\/posts\/8117\/revisions\/92984"}],"wp:attachment":[{"href":"https:\/\/www.oarcanjo.net\/site\/wp-json\/wp\/v2\/media?parent=8117"}],"wp:term":[{"taxonomy":"category","embeddable":true,"href":"https:\/\/www.oarcanjo.net\/site\/wp-json\/wp\/v2\/categories?post=8117"},{"taxonomy":"post_tag","embeddable":true,"href":"https:\/\/www.oarcanjo.net\/site\/wp-json\/wp\/v2\/tags?post=8117"}],"curies":[{"name":"wp","href":"https:\/\/api.w.org\/{rel}","templated":true}]}}