
{"id":8121,"date":"2019-03-02T00:33:49","date_gmt":"2019-03-02T03:33:49","guid":{"rendered":"http:\/\/www.oarcanjo.net\/site\/?p=8121"},"modified":"2019-02-20T08:08:22","modified_gmt":"2019-02-20T11:08:22","slug":"bem-aventurado-henrique-suso","status":"publish","type":"post","link":"https:\/\/www.oarcanjo.net\/site\/bem-aventurado-henrique-suso\/","title":{"rendered":"Bem Aventurado Henrique Suso"},"content":{"rendered":"<p><img loading=\"lazy\" decoding=\"async\" src=\"http:\/\/www.santiebeati.it\/immagini\/Original\/38675\/38675.JPG\" alt=\"\" width=\"453\" height=\"624\" \/><\/p>\n<p>2 de Mar\u00e7o<\/p>\n<p>Nascido na ilha de Constan\u00e7a, na Alemanha, no dia 21 de mar\u00e7o de 1295, foi um dos principais representantes do movimento religioso, que floresceu na regi\u00e3o do rio Reno, no in\u00edcio do s\u00e9culo XIV. Religioso dominicano, escritor e m\u00edstico, se tornou um dos te\u00f3logos alem\u00e3es mais conhecidos, pela caracter\u00edstica da singular do\u00e7ura de sua espiritualidade e pela clareza do conceito transmitido de que a vida interior \u00e9 acess\u00edvel a todas as almas seguidoras da Paix\u00e3o de Jesus Cristo.<\/p>\n<p>Seu pai era um rico comerciante, n\u00e3o muito religioso, da nobre dinastia dos Berg, e sua m\u00e3e, uma senhora muito pia, era da tradicional fam\u00edlia crist\u00e3 dos Suese ou Suso, forma latina do nome. Henrique preferiu manter o sobrenome da m\u00e3e. Desde a inf\u00e2ncia foi educado pelos dominicanos, demonstrando sua voca\u00e7\u00e3o religiosa j\u00e1 nesta \u00e9poca. Aos treze anos, ingressou como novi\u00e7o no convento de S\u00e3o Nicolau, desta Ordem, em Constan\u00e7a, per\u00edodo em que desenvolveu muito, sua espiritualidade.<\/p>\n<p>Aos dezesseis anos, viveu um per\u00edodo de f\u00e9 incerta, o qual superou atrav\u00e9s da somat\u00f3ria das penit\u00eancias rigorosas com as ora\u00e7\u00f5es contemplativas. Dois anos depois, coroou sua completa convers\u00e3o, marcando com ferro em brasa o nome de Jesus, no lado esquerdo do peito. Isto ocorreu, ap\u00f3s uma experi\u00eancia m\u00edstica, na qual, viu um anjo unindo o seu cora\u00e7\u00e3o ao do Cristo. A partir de ent\u00e3o, seu zelo se traduziu numa entrega espiritual mais prudente; Deus o fez compreender que a melhor mortifica\u00e7\u00e3o consistia em aceitar com resigna\u00e7\u00e3o as provas enviadas por Ele.<\/p>\n<p>No convento dominicano em Constan\u00e7a, fez os estudos preparat\u00f3rios, filos\u00f3ficos e teol\u00f3gicos. Depois foi enviado para o Col\u00e9gio Geral de Estrasburgo e finalmente para a universidade de Col\u00f4nia, diplomando-se com destaque. Ao inv\u00e9s de uma carreira brilhante eclesi\u00e1stica, preferiu retornar para Constan\u00e7a, em 1329, como professor de Teologia no col\u00e9gio dos dominicanos. Al\u00ed, durante os sete anos seguintes, escreveu suas obras mais importantes: o Livro da Sabedoria Eterna e o Livro da Verdade. Narrou com simplicidade e clareza os mist\u00e9rios da alma, que desvendava atrav\u00e9s dos seus col\u00f3quios \u00edntimos com Cristo, veiculados pelas ora\u00e7\u00f5es silenciosas e experi\u00eancias contemplativas.<\/p>\n<p>Em 1336, Henrique sentiu que era hora de partir para o apostolado peregrino. Viajou por toda Alemanha, passando pela Su\u00ed\u00e7a e Pa\u00edses Baixos, tornando-se um incans\u00e1vel pregador itinerante do nome de Cristo. Durante quatro anos, at\u00e9 1943 foi o diretor geral do convento alem\u00e3o de Turgovia. Depois foi transferido para o de Ulm, no qual permaneceu at\u00e9 morrer, em 25 de fevereiro de 1366.<\/p>\n<p>Ele n\u00e3o foi sepultado no cemit\u00e9rio comum aos padres dominicanos, mas na cripta da igreja daquele convento. At\u00e9 o final de 1531, sobre a sua l\u00e1pide ardia uma chama atestando o seu culto. Depois seus restos mortais foram destru\u00eddos pelos protestantes, mas a sua lembran\u00e7a se manteve e foram muitos os Santos que se inspiraram no seu exemplo para a busca da espiritualidade eleita. O Papa Greg\u00f3rio XVI, beatificou Henrique Suso em 1831, determinando a sua festa lit\u00fargica para o dia 2 de mar\u00e7o.<\/p>\n<div id=\"themify_builder_content-8121\" data-postid=\"8121\" class=\"themify_builder_content themify_builder_content-8121 themify_builder themify_builder_front\">\n\t<\/div>\n<!-- \/themify_builder_content -->","protected":false},"excerpt":{"rendered":"<p>2 de Mar\u00e7o Nascido na ilha de Constan\u00e7a, na Alemanha, no dia 21 de mar\u00e7o de 1295, foi um dos principais representantes do movimento religioso, que floresceu na regi\u00e3o do rio Reno, no in\u00edcio do s\u00e9culo XIV. Religioso dominicano, escritor e m\u00edstico, se tornou um dos te\u00f3logos alem\u00e3es mais conhecidos, pela caracter\u00edstica da singular do\u00e7ura [&hellip;]<\/p>\n","protected":false},"author":14,"featured_media":0,"comment_status":"open","ping_status":"open","sticky":false,"template":"","format":"standard","meta":{"ngg_post_thumbnail":0,"footnotes":""},"categories":[186],"tags":[],"yoast_head":"<!-- This site is optimized with the Yoast SEO plugin v23.5 - https:\/\/yoast.com\/wordpress\/plugins\/seo\/ -->\n<title>Bem Aventurado Henrique Suso - O Arcanjo no ar<\/title>\n<meta name=\"robots\" content=\"index, follow, max-snippet:-1, max-image-preview:large, max-video-preview:-1\" \/>\n<link rel=\"canonical\" href=\"https:\/\/www.oarcanjo.net\/site\/bem-aventurado-henrique-suso\/\" \/>\n<meta property=\"og:locale\" content=\"pt_BR\" \/>\n<meta property=\"og:type\" content=\"article\" \/>\n<meta property=\"og:title\" content=\"Bem Aventurado Henrique Suso - O Arcanjo no ar\" \/>\n<meta property=\"og:description\" content=\"2 de Mar\u00e7o Nascido na ilha de Constan\u00e7a, na Alemanha, no dia 21 de mar\u00e7o de 1295, foi um dos principais representantes do movimento religioso, que floresceu na regi\u00e3o do rio Reno, no in\u00edcio do s\u00e9culo XIV. Religioso dominicano, escritor e m\u00edstico, se tornou um dos te\u00f3logos alem\u00e3es mais conhecidos, pela caracter\u00edstica da singular do\u00e7ura [&hellip;]\" \/>\n<meta property=\"og:url\" content=\"https:\/\/www.oarcanjo.net\/site\/bem-aventurado-henrique-suso\/\" \/>\n<meta property=\"og:site_name\" content=\"O Arcanjo no ar\" \/>\n<meta property=\"article:publisher\" content=\"https:\/\/www.facebook.com\/OArcanjoNoAr\/\" \/>\n<meta property=\"article:published_time\" content=\"2019-03-02T03:33:49+00:00\" \/>\n<meta property=\"article:modified_time\" content=\"2019-02-20T11:08:22+00:00\" \/>\n<meta property=\"og:image\" content=\"http:\/\/www.santiebeati.it\/immagini\/Original\/38675\/38675.JPG\" \/>\n<meta name=\"author\" content=\"danilo\" \/>\n<meta name=\"twitter:card\" content=\"summary_large_image\" \/>\n<meta name=\"twitter:label1\" content=\"Escrito por\" \/>\n\t<meta name=\"twitter:data1\" content=\"danilo\" \/>\n\t<meta name=\"twitter:label2\" content=\"Est. tempo de leitura\" \/>\n\t<meta name=\"twitter:data2\" content=\"3 minutos\" \/>\n<script type=\"application\/ld+json\" class=\"yoast-schema-graph\">{\"@context\":\"https:\/\/schema.org\",\"@graph\":[{\"@type\":\"Article\",\"@id\":\"https:\/\/www.oarcanjo.net\/site\/bem-aventurado-henrique-suso\/#article\",\"isPartOf\":{\"@id\":\"https:\/\/www.oarcanjo.net\/site\/bem-aventurado-henrique-suso\/\"},\"author\":{\"name\":\"danilo\",\"@id\":\"https:\/\/www.oarcanjo.net\/site\/#\/schema\/person\/5eb9480bedd2f3c97e430ce128c29c6c\"},\"headline\":\"Bem Aventurado Henrique Suso\",\"datePublished\":\"2019-03-02T03:33:49+00:00\",\"dateModified\":\"2019-02-20T11:08:22+00:00\",\"mainEntityOfPage\":{\"@id\":\"https:\/\/www.oarcanjo.net\/site\/bem-aventurado-henrique-suso\/\"},\"wordCount\":551,\"commentCount\":0,\"publisher\":{\"@id\":\"https:\/\/www.oarcanjo.net\/site\/#organization\"},\"image\":{\"@id\":\"https:\/\/www.oarcanjo.net\/site\/bem-aventurado-henrique-suso\/#primaryimage\"},\"thumbnailUrl\":\"http:\/\/www.santiebeati.it\/immagini\/Original\/38675\/38675.JPG\",\"articleSection\":[\"Testemunhos\"],\"inLanguage\":\"pt-BR\",\"potentialAction\":[{\"@type\":\"CommentAction\",\"name\":\"Comment\",\"target\":[\"https:\/\/www.oarcanjo.net\/site\/bem-aventurado-henrique-suso\/#respond\"]}]},{\"@type\":\"WebPage\",\"@id\":\"https:\/\/www.oarcanjo.net\/site\/bem-aventurado-henrique-suso\/\",\"url\":\"https:\/\/www.oarcanjo.net\/site\/bem-aventurado-henrique-suso\/\",\"name\":\"Bem Aventurado Henrique Suso - O Arcanjo no ar\",\"isPartOf\":{\"@id\":\"https:\/\/www.oarcanjo.net\/site\/#website\"},\"primaryImageOfPage\":{\"@id\":\"https:\/\/www.oarcanjo.net\/site\/bem-aventurado-henrique-suso\/#primaryimage\"},\"image\":{\"@id\":\"https:\/\/www.oarcanjo.net\/site\/bem-aventurado-henrique-suso\/#primaryimage\"},\"thumbnailUrl\":\"http:\/\/www.santiebeati.it\/immagini\/Original\/38675\/38675.JPG\",\"datePublished\":\"2019-03-02T03:33:49+00:00\",\"dateModified\":\"2019-02-20T11:08:22+00:00\",\"breadcrumb\":{\"@id\":\"https:\/\/www.oarcanjo.net\/site\/bem-aventurado-henrique-suso\/#breadcrumb\"},\"inLanguage\":\"pt-BR\",\"potentialAction\":[{\"@type\":\"ReadAction\",\"target\":[\"https:\/\/www.oarcanjo.net\/site\/bem-aventurado-henrique-suso\/\"]}]},{\"@type\":\"ImageObject\",\"inLanguage\":\"pt-BR\",\"@id\":\"https:\/\/www.oarcanjo.net\/site\/bem-aventurado-henrique-suso\/#primaryimage\",\"url\":\"http:\/\/www.santiebeati.it\/immagini\/Original\/38675\/38675.JPG\",\"contentUrl\":\"http:\/\/www.santiebeati.it\/immagini\/Original\/38675\/38675.JPG\"},{\"@type\":\"BreadcrumbList\",\"@id\":\"https:\/\/www.oarcanjo.net\/site\/bem-aventurado-henrique-suso\/#breadcrumb\",\"itemListElement\":[{\"@type\":\"ListItem\",\"position\":1,\"name\":\"In\u00edcio\",\"item\":\"https:\/\/www.oarcanjo.net\/site\/\"},{\"@type\":\"ListItem\",\"position\":2,\"name\":\"Bem Aventurado Henrique Suso\"}]},{\"@type\":\"WebSite\",\"@id\":\"https:\/\/www.oarcanjo.net\/site\/#website\",\"url\":\"https:\/\/www.oarcanjo.net\/site\/\",\"name\":\"O Arcanjo no ar\",\"description\":\"Site da Par\u00f3quia S\u00e3o Miguel Arcanjo (Arquidiocese de SP)\",\"publisher\":{\"@id\":\"https:\/\/www.oarcanjo.net\/site\/#organization\"},\"potentialAction\":[{\"@type\":\"SearchAction\",\"target\":{\"@type\":\"EntryPoint\",\"urlTemplate\":\"https:\/\/www.oarcanjo.net\/site\/?s={search_term_string}\"},\"query-input\":{\"@type\":\"PropertyValueSpecification\",\"valueRequired\":true,\"valueName\":\"search_term_string\"}}],\"inLanguage\":\"pt-BR\"},{\"@type\":\"Organization\",\"@id\":\"https:\/\/www.oarcanjo.net\/site\/#organization\",\"name\":\"Par\u00f3quia S\u00e3o Miguel Arcanjo\",\"url\":\"https:\/\/www.oarcanjo.net\/site\/\",\"logo\":{\"@type\":\"ImageObject\",\"inLanguage\":\"pt-BR\",\"@id\":\"https:\/\/www.oarcanjo.net\/site\/#\/schema\/logo\/image\/\",\"url\":\"https:\/\/www.oarcanjo.net\/site\/wp-content\/uploads\/LogoOArcanjo.png\",\"contentUrl\":\"https:\/\/www.oarcanjo.net\/site\/wp-content\/uploads\/LogoOArcanjo.png\",\"width\":319,\"height\":99,\"caption\":\"Par\u00f3quia S\u00e3o Miguel Arcanjo\"},\"image\":{\"@id\":\"https:\/\/www.oarcanjo.net\/site\/#\/schema\/logo\/image\/\"},\"sameAs\":[\"https:\/\/www.facebook.com\/OArcanjoNoAr\/\"]},{\"@type\":\"Person\",\"@id\":\"https:\/\/www.oarcanjo.net\/site\/#\/schema\/person\/5eb9480bedd2f3c97e430ce128c29c6c\",\"name\":\"danilo\"}]}<\/script>\n<!-- \/ Yoast SEO plugin. -->","yoast_head_json":{"title":"Bem Aventurado Henrique Suso - O Arcanjo no ar","robots":{"index":"index","follow":"follow","max-snippet":"max-snippet:-1","max-image-preview":"max-image-preview:large","max-video-preview":"max-video-preview:-1"},"canonical":"https:\/\/www.oarcanjo.net\/site\/bem-aventurado-henrique-suso\/","og_locale":"pt_BR","og_type":"article","og_title":"Bem Aventurado Henrique Suso - O Arcanjo no ar","og_description":"2 de Mar\u00e7o Nascido na ilha de Constan\u00e7a, na Alemanha, no dia 21 de mar\u00e7o de 1295, foi um dos principais representantes do movimento religioso, que floresceu na regi\u00e3o do rio Reno, no in\u00edcio do s\u00e9culo XIV. Religioso dominicano, escritor e m\u00edstico, se tornou um dos te\u00f3logos alem\u00e3es mais conhecidos, pela caracter\u00edstica da singular do\u00e7ura [&hellip;]","og_url":"https:\/\/www.oarcanjo.net\/site\/bem-aventurado-henrique-suso\/","og_site_name":"O Arcanjo no ar","article_publisher":"https:\/\/www.facebook.com\/OArcanjoNoAr\/","article_published_time":"2019-03-02T03:33:49+00:00","article_modified_time":"2019-02-20T11:08:22+00:00","og_image":[{"url":"http:\/\/www.santiebeati.it\/immagini\/Original\/38675\/38675.JPG"}],"author":"danilo","twitter_card":"summary_large_image","twitter_misc":{"Escrito por":"danilo","Est. tempo de leitura":"3 minutos"},"schema":{"@context":"https:\/\/schema.org","@graph":[{"@type":"Article","@id":"https:\/\/www.oarcanjo.net\/site\/bem-aventurado-henrique-suso\/#article","isPartOf":{"@id":"https:\/\/www.oarcanjo.net\/site\/bem-aventurado-henrique-suso\/"},"author":{"name":"danilo","@id":"https:\/\/www.oarcanjo.net\/site\/#\/schema\/person\/5eb9480bedd2f3c97e430ce128c29c6c"},"headline":"Bem Aventurado Henrique Suso","datePublished":"2019-03-02T03:33:49+00:00","dateModified":"2019-02-20T11:08:22+00:00","mainEntityOfPage":{"@id":"https:\/\/www.oarcanjo.net\/site\/bem-aventurado-henrique-suso\/"},"wordCount":551,"commentCount":0,"publisher":{"@id":"https:\/\/www.oarcanjo.net\/site\/#organization"},"image":{"@id":"https:\/\/www.oarcanjo.net\/site\/bem-aventurado-henrique-suso\/#primaryimage"},"thumbnailUrl":"http:\/\/www.santiebeati.it\/immagini\/Original\/38675\/38675.JPG","articleSection":["Testemunhos"],"inLanguage":"pt-BR","potentialAction":[{"@type":"CommentAction","name":"Comment","target":["https:\/\/www.oarcanjo.net\/site\/bem-aventurado-henrique-suso\/#respond"]}]},{"@type":"WebPage","@id":"https:\/\/www.oarcanjo.net\/site\/bem-aventurado-henrique-suso\/","url":"https:\/\/www.oarcanjo.net\/site\/bem-aventurado-henrique-suso\/","name":"Bem Aventurado Henrique Suso - O Arcanjo no ar","isPartOf":{"@id":"https:\/\/www.oarcanjo.net\/site\/#website"},"primaryImageOfPage":{"@id":"https:\/\/www.oarcanjo.net\/site\/bem-aventurado-henrique-suso\/#primaryimage"},"image":{"@id":"https:\/\/www.oarcanjo.net\/site\/bem-aventurado-henrique-suso\/#primaryimage"},"thumbnailUrl":"http:\/\/www.santiebeati.it\/immagini\/Original\/38675\/38675.JPG","datePublished":"2019-03-02T03:33:49+00:00","dateModified":"2019-02-20T11:08:22+00:00","breadcrumb":{"@id":"https:\/\/www.oarcanjo.net\/site\/bem-aventurado-henrique-suso\/#breadcrumb"},"inLanguage":"pt-BR","potentialAction":[{"@type":"ReadAction","target":["https:\/\/www.oarcanjo.net\/site\/bem-aventurado-henrique-suso\/"]}]},{"@type":"ImageObject","inLanguage":"pt-BR","@id":"https:\/\/www.oarcanjo.net\/site\/bem-aventurado-henrique-suso\/#primaryimage","url":"http:\/\/www.santiebeati.it\/immagini\/Original\/38675\/38675.JPG","contentUrl":"http:\/\/www.santiebeati.it\/immagini\/Original\/38675\/38675.JPG"},{"@type":"BreadcrumbList","@id":"https:\/\/www.oarcanjo.net\/site\/bem-aventurado-henrique-suso\/#breadcrumb","itemListElement":[{"@type":"ListItem","position":1,"name":"In\u00edcio","item":"https:\/\/www.oarcanjo.net\/site\/"},{"@type":"ListItem","position":2,"name":"Bem Aventurado Henrique Suso"}]},{"@type":"WebSite","@id":"https:\/\/www.oarcanjo.net\/site\/#website","url":"https:\/\/www.oarcanjo.net\/site\/","name":"O Arcanjo no ar","description":"Site da Par\u00f3quia S\u00e3o Miguel Arcanjo (Arquidiocese de SP)","publisher":{"@id":"https:\/\/www.oarcanjo.net\/site\/#organization"},"potentialAction":[{"@type":"SearchAction","target":{"@type":"EntryPoint","urlTemplate":"https:\/\/www.oarcanjo.net\/site\/?s={search_term_string}"},"query-input":{"@type":"PropertyValueSpecification","valueRequired":true,"valueName":"search_term_string"}}],"inLanguage":"pt-BR"},{"@type":"Organization","@id":"https:\/\/www.oarcanjo.net\/site\/#organization","name":"Par\u00f3quia S\u00e3o Miguel Arcanjo","url":"https:\/\/www.oarcanjo.net\/site\/","logo":{"@type":"ImageObject","inLanguage":"pt-BR","@id":"https:\/\/www.oarcanjo.net\/site\/#\/schema\/logo\/image\/","url":"https:\/\/www.oarcanjo.net\/site\/wp-content\/uploads\/LogoOArcanjo.png","contentUrl":"https:\/\/www.oarcanjo.net\/site\/wp-content\/uploads\/LogoOArcanjo.png","width":319,"height":99,"caption":"Par\u00f3quia S\u00e3o Miguel Arcanjo"},"image":{"@id":"https:\/\/www.oarcanjo.net\/site\/#\/schema\/logo\/image\/"},"sameAs":["https:\/\/www.facebook.com\/OArcanjoNoAr\/"]},{"@type":"Person","@id":"https:\/\/www.oarcanjo.net\/site\/#\/schema\/person\/5eb9480bedd2f3c97e430ce128c29c6c","name":"danilo"}]}},"publishpress_future_action":{"enabled":false,"date":"2026-05-08 00:01:20","action":"category","newStatus":"draft","terms":[],"taxonomy":"category"},"publishpress_future_workflow_manual_trigger":{"enabledWorkflows":[]},"_links":{"self":[{"href":"https:\/\/www.oarcanjo.net\/site\/wp-json\/wp\/v2\/posts\/8121"}],"collection":[{"href":"https:\/\/www.oarcanjo.net\/site\/wp-json\/wp\/v2\/posts"}],"about":[{"href":"https:\/\/www.oarcanjo.net\/site\/wp-json\/wp\/v2\/types\/post"}],"author":[{"embeddable":true,"href":"https:\/\/www.oarcanjo.net\/site\/wp-json\/wp\/v2\/users\/14"}],"replies":[{"embeddable":true,"href":"https:\/\/www.oarcanjo.net\/site\/wp-json\/wp\/v2\/comments?post=8121"}],"version-history":[{"count":1,"href":"https:\/\/www.oarcanjo.net\/site\/wp-json\/wp\/v2\/posts\/8121\/revisions"}],"predecessor-version":[{"id":92987,"href":"https:\/\/www.oarcanjo.net\/site\/wp-json\/wp\/v2\/posts\/8121\/revisions\/92987"}],"wp:attachment":[{"href":"https:\/\/www.oarcanjo.net\/site\/wp-json\/wp\/v2\/media?parent=8121"}],"wp:term":[{"taxonomy":"category","embeddable":true,"href":"https:\/\/www.oarcanjo.net\/site\/wp-json\/wp\/v2\/categories?post=8121"},{"taxonomy":"post_tag","embeddable":true,"href":"https:\/\/www.oarcanjo.net\/site\/wp-json\/wp\/v2\/tags?post=8121"}],"curies":[{"name":"wp","href":"https:\/\/api.w.org\/{rel}","templated":true}]}}