
{"id":8123,"date":"2019-03-02T00:36:37","date_gmt":"2019-03-02T03:36:37","guid":{"rendered":"http:\/\/www.oarcanjo.net\/site\/?p=8123"},"modified":"2019-02-20T08:08:27","modified_gmt":"2019-02-20T11:08:27","slug":"santa-ines-de-praga","status":"publish","type":"post","link":"https:\/\/www.oarcanjo.net\/site\/santa-ines-de-praga\/","title":{"rendered":"Santa In\u00eas de Praga"},"content":{"rendered":"<p><a href=\"http:\/\/1.bp.blogspot.com\/_VsL8VkjSZWw\/SasXS5ZsZUI\/AAAAAAAAA8w\/6v78J8IjySE\/s1600-h\/180px-St_Agnes_tending_the_sick.jpg\"><\/a><\/p>\n<p><a href=\"http:\/\/2.bp.blogspot.com\/_5QuvxQD-jD4\/SPS1Wp1ZzpI\/AAAAAAAAAhI\/OvJpbwk0rMU\/s1600-h\/SInes+Praga.jpg\"><img decoding=\"async\" src=\"http:\/\/2.bp.blogspot.com\/_5QuvxQD-jD4\/SPS1Wp1ZzpI\/AAAAAAAAAhI\/OvJpbwk0rMU\/s200\/SInes+Praga.jpg\" border=\"0\" alt=\"\" \/><\/a><\/p>\n<p>2 de Mar\u00e7o<\/p>\n<p>Tamb\u00e9m conhecida como Santa Agnes de Praga, cidade da Rep\u00fablica Tcheca onde nasceu em 1205. Era filha do Rei da Bohemia, hoje Rep\u00fablica Tcheca, e foi educada em Trebniz pelas freiras Cistercienses. Era apenas uma garota e j\u00e1 demonstrava fervor e desejo de se consagrar a Deus e viver intensamente a f\u00e9 crist\u00e3. Por ser muito jovem e bonita n\u00e3o foram poucos os rapazes que desejaram despos\u00e1-la. Por\u00e9m seus planos para o futuro eram outros. In\u00eas recusava a todos com gentileza, declarando que o seu \u00fanico compromisso era com Jesus.<\/p>\n<p>Por\u00e9m um dos homens que desejava t\u00ea-la como esposa era o Imperador Frederico II. Ele era o mais insistente dos pretendentes, chegando \u00e0s vezes a abord\u00e1-la para pedi-la em casamento. Como In\u00eas percebeu que apenas suas palavras n\u00e3o seriam suficientes, passou a entregar-se a suas ora\u00e7\u00f5es com mais fervor, e provar a ele e a todos que a desejassem desvi\u00e1-la do seu caminho que Deus era o seu maior desejo.<\/p>\n<p>Mas eram tantos os que vinham interceder junto ao Imperador, que In\u00eas viu-se obrigada a escrever ao Papa Greg\u00f3rio IX para que intercedesse por ela, e a ajudasse a\u00a0se\u00a0livrar desse tormento. O Papa ficou admirado com a tenacidade e a f\u00e9 de Santa In\u00eas e enviou um de seus mais h\u00e1beis assessores para, pessoalmente, defender In\u00eas, desencorajando o Imperador apaixonado. A firmeza com que o religioso e Santa In\u00eas explicaram o que significava consagrar-se a Deus finalmente convenceram Frederico II a renunciar ao seu amor carnal por ela, tornou-se\u00a0ele,inclusive, uma pessoa de f\u00e9 inabal\u00e1vel.<\/p>\n<p>Santa In\u00eas p\u00f4de, ent\u00e3o, ficar livre para abra\u00e7ar a sua verdadeira voca\u00e7\u00e3o. Suas primeiras a\u00e7\u00f5es foram construir um hospital para os pobres, um Convento para os Franciscanos e distribuir a sua riqueza aos pobres.<\/p>\n<p>Logo em seguida fundou o Convento de S\u00e3o Salvador, cujos cinco primeiros membros a ingressar na Institui\u00e7\u00e3o foram enviados por Santa Clara de Assis. Santa In\u00eas de Praga tomou seu h\u00e1bito em 1234 e ingressou na Ordem das Clarissas. Algum tempo depois, devido \u00e0 sua compet\u00eancia, humildade e bondade foi convidada para exercer a posi\u00e7\u00e3o de Abadessa. A principio n\u00e3o queria a posi\u00e7\u00e3o mas, mais tarde, devido \u00e0 insist\u00eancia de Santa Clara, acabou aceitando.\u00a0<\/p>\n<p>Dedicou 50 anos a expandir o Convento e a Ordem das Clarissas. Ela gostava de cuidar dos pobres e remendava pessoalmente as roupas dos leprosos e cuidava deles, e milagrosamente nunca contraiu a terr\u00edvel doen\u00e7a. Ela tinha o dom da profecia e curava v\u00e1rios doentes apenas com seu toque e ora\u00e7\u00e3o e, \u00e0s vezes, tinha \u00eaxtases m\u00edsticos e vis\u00f5es. Apesar de nunca terem se encontrado, Santa Clara de Assis e ela trocaram extensas cartas durante duas d\u00e9cadas, e v\u00e1rias dessas cartas existem at\u00e9 hoje, comprovando uma sabedoria fora do comum no entendimento da F\u00e9 e de Jesus.<\/p>\n<p>Santa In\u00eas faleceu em 2 de mar\u00e7o de 1282 no Convento S\u00e3o Salvador, em Praga, de causas naturais. Foi beatificada em 1874 pelo Papa Pio IX e canonizada em 12 de novembro de 1989 pelo Papa Jo\u00e3o Paulo II. Seu t\u00famulo logo se tornou um local de peregrina\u00e7\u00e3o, e v\u00e1rios milagres foram atribu\u00eddos \u00e0 sua intercess\u00e3o.<\/p>\n<p><img decoding=\"async\" src=\"http:\/\/lh6.ggpht.com\/_jTpss3bYcl4\/SbRIkBWZCDI\/AAAAAAAARio\/Qh6lZbK0-50\/s160\/2%20DE%20MAR%C3%87O%20DIA%20DE%20SANTA%20IN%C3%8AS%20DE%20PRAGA.jpg\" alt=\"\" \/><\/p>\n<div id=\"themify_builder_content-8123\" data-postid=\"8123\" class=\"themify_builder_content themify_builder_content-8123 themify_builder themify_builder_front\">\n\t<\/div>\n<!-- \/themify_builder_content -->","protected":false},"excerpt":{"rendered":"<p>2 de Mar\u00e7o Tamb\u00e9m conhecida como Santa Agnes de Praga, cidade da Rep\u00fablica Tcheca onde nasceu em 1205. Era filha do Rei da Bohemia, hoje Rep\u00fablica Tcheca, e foi educada em Trebniz pelas freiras Cistercienses. Era apenas uma garota e j\u00e1 demonstrava fervor e desejo de se consagrar a Deus e viver intensamente a f\u00e9 [&hellip;]<\/p>\n","protected":false},"author":14,"featured_media":0,"comment_status":"open","ping_status":"open","sticky":false,"template":"","format":"standard","meta":{"ngg_post_thumbnail":0,"footnotes":""},"categories":[186],"tags":[],"yoast_head":"<!-- This site is optimized with the Yoast SEO plugin v23.5 - https:\/\/yoast.com\/wordpress\/plugins\/seo\/ -->\n<title>Santa In\u00eas de Praga - O Arcanjo no ar<\/title>\n<meta name=\"robots\" content=\"index, follow, max-snippet:-1, max-image-preview:large, max-video-preview:-1\" \/>\n<link rel=\"canonical\" href=\"https:\/\/www.oarcanjo.net\/site\/santa-ines-de-praga\/\" \/>\n<meta property=\"og:locale\" content=\"pt_BR\" \/>\n<meta property=\"og:type\" content=\"article\" \/>\n<meta property=\"og:title\" content=\"Santa In\u00eas de Praga - O Arcanjo no ar\" \/>\n<meta property=\"og:description\" content=\"2 de Mar\u00e7o Tamb\u00e9m conhecida como Santa Agnes de Praga, cidade da Rep\u00fablica Tcheca onde nasceu em 1205. Era filha do Rei da Bohemia, hoje Rep\u00fablica Tcheca, e foi educada em Trebniz pelas freiras Cistercienses. Era apenas uma garota e j\u00e1 demonstrava fervor e desejo de se consagrar a Deus e viver intensamente a f\u00e9 [&hellip;]\" \/>\n<meta property=\"og:url\" content=\"https:\/\/www.oarcanjo.net\/site\/santa-ines-de-praga\/\" \/>\n<meta property=\"og:site_name\" content=\"O Arcanjo no ar\" \/>\n<meta property=\"article:publisher\" content=\"https:\/\/www.facebook.com\/OArcanjoNoAr\/\" \/>\n<meta property=\"article:published_time\" content=\"2019-03-02T03:36:37+00:00\" \/>\n<meta property=\"article:modified_time\" content=\"2019-02-20T11:08:27+00:00\" \/>\n<meta property=\"og:image\" content=\"http:\/\/2.bp.blogspot.com\/_5QuvxQD-jD4\/SPS1Wp1ZzpI\/AAAAAAAAAhI\/OvJpbwk0rMU\/s200\/SInes+Praga.jpg\" \/>\n<meta name=\"author\" content=\"danilo\" \/>\n<meta name=\"twitter:card\" content=\"summary_large_image\" \/>\n<meta name=\"twitter:label1\" content=\"Escrito por\" \/>\n\t<meta name=\"twitter:data1\" content=\"danilo\" \/>\n\t<meta name=\"twitter:label2\" content=\"Est. tempo de leitura\" \/>\n\t<meta name=\"twitter:data2\" content=\"3 minutos\" \/>\n<script type=\"application\/ld+json\" class=\"yoast-schema-graph\">{\"@context\":\"https:\/\/schema.org\",\"@graph\":[{\"@type\":\"Article\",\"@id\":\"https:\/\/www.oarcanjo.net\/site\/santa-ines-de-praga\/#article\",\"isPartOf\":{\"@id\":\"https:\/\/www.oarcanjo.net\/site\/santa-ines-de-praga\/\"},\"author\":{\"name\":\"danilo\",\"@id\":\"https:\/\/www.oarcanjo.net\/site\/#\/schema\/person\/5eb9480bedd2f3c97e430ce128c29c6c\"},\"headline\":\"Santa In\u00eas de Praga\",\"datePublished\":\"2019-03-02T03:36:37+00:00\",\"dateModified\":\"2019-02-20T11:08:27+00:00\",\"mainEntityOfPage\":{\"@id\":\"https:\/\/www.oarcanjo.net\/site\/santa-ines-de-praga\/\"},\"wordCount\":569,\"commentCount\":0,\"publisher\":{\"@id\":\"https:\/\/www.oarcanjo.net\/site\/#organization\"},\"image\":{\"@id\":\"https:\/\/www.oarcanjo.net\/site\/santa-ines-de-praga\/#primaryimage\"},\"thumbnailUrl\":\"http:\/\/2.bp.blogspot.com\/_5QuvxQD-jD4\/SPS1Wp1ZzpI\/AAAAAAAAAhI\/OvJpbwk0rMU\/s200\/SInes+Praga.jpg\",\"articleSection\":[\"Testemunhos\"],\"inLanguage\":\"pt-BR\",\"potentialAction\":[{\"@type\":\"CommentAction\",\"name\":\"Comment\",\"target\":[\"https:\/\/www.oarcanjo.net\/site\/santa-ines-de-praga\/#respond\"]}]},{\"@type\":\"WebPage\",\"@id\":\"https:\/\/www.oarcanjo.net\/site\/santa-ines-de-praga\/\",\"url\":\"https:\/\/www.oarcanjo.net\/site\/santa-ines-de-praga\/\",\"name\":\"Santa In\u00eas de Praga - O Arcanjo no ar\",\"isPartOf\":{\"@id\":\"https:\/\/www.oarcanjo.net\/site\/#website\"},\"primaryImageOfPage\":{\"@id\":\"https:\/\/www.oarcanjo.net\/site\/santa-ines-de-praga\/#primaryimage\"},\"image\":{\"@id\":\"https:\/\/www.oarcanjo.net\/site\/santa-ines-de-praga\/#primaryimage\"},\"thumbnailUrl\":\"http:\/\/2.bp.blogspot.com\/_5QuvxQD-jD4\/SPS1Wp1ZzpI\/AAAAAAAAAhI\/OvJpbwk0rMU\/s200\/SInes+Praga.jpg\",\"datePublished\":\"2019-03-02T03:36:37+00:00\",\"dateModified\":\"2019-02-20T11:08:27+00:00\",\"breadcrumb\":{\"@id\":\"https:\/\/www.oarcanjo.net\/site\/santa-ines-de-praga\/#breadcrumb\"},\"inLanguage\":\"pt-BR\",\"potentialAction\":[{\"@type\":\"ReadAction\",\"target\":[\"https:\/\/www.oarcanjo.net\/site\/santa-ines-de-praga\/\"]}]},{\"@type\":\"ImageObject\",\"inLanguage\":\"pt-BR\",\"@id\":\"https:\/\/www.oarcanjo.net\/site\/santa-ines-de-praga\/#primaryimage\",\"url\":\"http:\/\/2.bp.blogspot.com\/_5QuvxQD-jD4\/SPS1Wp1ZzpI\/AAAAAAAAAhI\/OvJpbwk0rMU\/s200\/SInes+Praga.jpg\",\"contentUrl\":\"http:\/\/2.bp.blogspot.com\/_5QuvxQD-jD4\/SPS1Wp1ZzpI\/AAAAAAAAAhI\/OvJpbwk0rMU\/s200\/SInes+Praga.jpg\"},{\"@type\":\"BreadcrumbList\",\"@id\":\"https:\/\/www.oarcanjo.net\/site\/santa-ines-de-praga\/#breadcrumb\",\"itemListElement\":[{\"@type\":\"ListItem\",\"position\":1,\"name\":\"In\u00edcio\",\"item\":\"https:\/\/www.oarcanjo.net\/site\/\"},{\"@type\":\"ListItem\",\"position\":2,\"name\":\"Santa In\u00eas de Praga\"}]},{\"@type\":\"WebSite\",\"@id\":\"https:\/\/www.oarcanjo.net\/site\/#website\",\"url\":\"https:\/\/www.oarcanjo.net\/site\/\",\"name\":\"O Arcanjo no ar\",\"description\":\"Site da Par\u00f3quia S\u00e3o Miguel Arcanjo (Arquidiocese de SP)\",\"publisher\":{\"@id\":\"https:\/\/www.oarcanjo.net\/site\/#organization\"},\"potentialAction\":[{\"@type\":\"SearchAction\",\"target\":{\"@type\":\"EntryPoint\",\"urlTemplate\":\"https:\/\/www.oarcanjo.net\/site\/?s={search_term_string}\"},\"query-input\":{\"@type\":\"PropertyValueSpecification\",\"valueRequired\":true,\"valueName\":\"search_term_string\"}}],\"inLanguage\":\"pt-BR\"},{\"@type\":\"Organization\",\"@id\":\"https:\/\/www.oarcanjo.net\/site\/#organization\",\"name\":\"Par\u00f3quia S\u00e3o Miguel Arcanjo\",\"url\":\"https:\/\/www.oarcanjo.net\/site\/\",\"logo\":{\"@type\":\"ImageObject\",\"inLanguage\":\"pt-BR\",\"@id\":\"https:\/\/www.oarcanjo.net\/site\/#\/schema\/logo\/image\/\",\"url\":\"https:\/\/www.oarcanjo.net\/site\/wp-content\/uploads\/LogoOArcanjo.png\",\"contentUrl\":\"https:\/\/www.oarcanjo.net\/site\/wp-content\/uploads\/LogoOArcanjo.png\",\"width\":319,\"height\":99,\"caption\":\"Par\u00f3quia S\u00e3o Miguel Arcanjo\"},\"image\":{\"@id\":\"https:\/\/www.oarcanjo.net\/site\/#\/schema\/logo\/image\/\"},\"sameAs\":[\"https:\/\/www.facebook.com\/OArcanjoNoAr\/\"]},{\"@type\":\"Person\",\"@id\":\"https:\/\/www.oarcanjo.net\/site\/#\/schema\/person\/5eb9480bedd2f3c97e430ce128c29c6c\",\"name\":\"danilo\"}]}<\/script>\n<!-- \/ Yoast SEO plugin. -->","yoast_head_json":{"title":"Santa In\u00eas de Praga - O Arcanjo no ar","robots":{"index":"index","follow":"follow","max-snippet":"max-snippet:-1","max-image-preview":"max-image-preview:large","max-video-preview":"max-video-preview:-1"},"canonical":"https:\/\/www.oarcanjo.net\/site\/santa-ines-de-praga\/","og_locale":"pt_BR","og_type":"article","og_title":"Santa In\u00eas de Praga - O Arcanjo no ar","og_description":"2 de Mar\u00e7o Tamb\u00e9m conhecida como Santa Agnes de Praga, cidade da Rep\u00fablica Tcheca onde nasceu em 1205. Era filha do Rei da Bohemia, hoje Rep\u00fablica Tcheca, e foi educada em Trebniz pelas freiras Cistercienses. Era apenas uma garota e j\u00e1 demonstrava fervor e desejo de se consagrar a Deus e viver intensamente a f\u00e9 [&hellip;]","og_url":"https:\/\/www.oarcanjo.net\/site\/santa-ines-de-praga\/","og_site_name":"O Arcanjo no ar","article_publisher":"https:\/\/www.facebook.com\/OArcanjoNoAr\/","article_published_time":"2019-03-02T03:36:37+00:00","article_modified_time":"2019-02-20T11:08:27+00:00","og_image":[{"url":"http:\/\/2.bp.blogspot.com\/_5QuvxQD-jD4\/SPS1Wp1ZzpI\/AAAAAAAAAhI\/OvJpbwk0rMU\/s200\/SInes+Praga.jpg"}],"author":"danilo","twitter_card":"summary_large_image","twitter_misc":{"Escrito por":"danilo","Est. tempo de leitura":"3 minutos"},"schema":{"@context":"https:\/\/schema.org","@graph":[{"@type":"Article","@id":"https:\/\/www.oarcanjo.net\/site\/santa-ines-de-praga\/#article","isPartOf":{"@id":"https:\/\/www.oarcanjo.net\/site\/santa-ines-de-praga\/"},"author":{"name":"danilo","@id":"https:\/\/www.oarcanjo.net\/site\/#\/schema\/person\/5eb9480bedd2f3c97e430ce128c29c6c"},"headline":"Santa In\u00eas de Praga","datePublished":"2019-03-02T03:36:37+00:00","dateModified":"2019-02-20T11:08:27+00:00","mainEntityOfPage":{"@id":"https:\/\/www.oarcanjo.net\/site\/santa-ines-de-praga\/"},"wordCount":569,"commentCount":0,"publisher":{"@id":"https:\/\/www.oarcanjo.net\/site\/#organization"},"image":{"@id":"https:\/\/www.oarcanjo.net\/site\/santa-ines-de-praga\/#primaryimage"},"thumbnailUrl":"http:\/\/2.bp.blogspot.com\/_5QuvxQD-jD4\/SPS1Wp1ZzpI\/AAAAAAAAAhI\/OvJpbwk0rMU\/s200\/SInes+Praga.jpg","articleSection":["Testemunhos"],"inLanguage":"pt-BR","potentialAction":[{"@type":"CommentAction","name":"Comment","target":["https:\/\/www.oarcanjo.net\/site\/santa-ines-de-praga\/#respond"]}]},{"@type":"WebPage","@id":"https:\/\/www.oarcanjo.net\/site\/santa-ines-de-praga\/","url":"https:\/\/www.oarcanjo.net\/site\/santa-ines-de-praga\/","name":"Santa In\u00eas de Praga - O Arcanjo no ar","isPartOf":{"@id":"https:\/\/www.oarcanjo.net\/site\/#website"},"primaryImageOfPage":{"@id":"https:\/\/www.oarcanjo.net\/site\/santa-ines-de-praga\/#primaryimage"},"image":{"@id":"https:\/\/www.oarcanjo.net\/site\/santa-ines-de-praga\/#primaryimage"},"thumbnailUrl":"http:\/\/2.bp.blogspot.com\/_5QuvxQD-jD4\/SPS1Wp1ZzpI\/AAAAAAAAAhI\/OvJpbwk0rMU\/s200\/SInes+Praga.jpg","datePublished":"2019-03-02T03:36:37+00:00","dateModified":"2019-02-20T11:08:27+00:00","breadcrumb":{"@id":"https:\/\/www.oarcanjo.net\/site\/santa-ines-de-praga\/#breadcrumb"},"inLanguage":"pt-BR","potentialAction":[{"@type":"ReadAction","target":["https:\/\/www.oarcanjo.net\/site\/santa-ines-de-praga\/"]}]},{"@type":"ImageObject","inLanguage":"pt-BR","@id":"https:\/\/www.oarcanjo.net\/site\/santa-ines-de-praga\/#primaryimage","url":"http:\/\/2.bp.blogspot.com\/_5QuvxQD-jD4\/SPS1Wp1ZzpI\/AAAAAAAAAhI\/OvJpbwk0rMU\/s200\/SInes+Praga.jpg","contentUrl":"http:\/\/2.bp.blogspot.com\/_5QuvxQD-jD4\/SPS1Wp1ZzpI\/AAAAAAAAAhI\/OvJpbwk0rMU\/s200\/SInes+Praga.jpg"},{"@type":"BreadcrumbList","@id":"https:\/\/www.oarcanjo.net\/site\/santa-ines-de-praga\/#breadcrumb","itemListElement":[{"@type":"ListItem","position":1,"name":"In\u00edcio","item":"https:\/\/www.oarcanjo.net\/site\/"},{"@type":"ListItem","position":2,"name":"Santa In\u00eas de Praga"}]},{"@type":"WebSite","@id":"https:\/\/www.oarcanjo.net\/site\/#website","url":"https:\/\/www.oarcanjo.net\/site\/","name":"O Arcanjo no ar","description":"Site da Par\u00f3quia S\u00e3o Miguel Arcanjo (Arquidiocese de SP)","publisher":{"@id":"https:\/\/www.oarcanjo.net\/site\/#organization"},"potentialAction":[{"@type":"SearchAction","target":{"@type":"EntryPoint","urlTemplate":"https:\/\/www.oarcanjo.net\/site\/?s={search_term_string}"},"query-input":{"@type":"PropertyValueSpecification","valueRequired":true,"valueName":"search_term_string"}}],"inLanguage":"pt-BR"},{"@type":"Organization","@id":"https:\/\/www.oarcanjo.net\/site\/#organization","name":"Par\u00f3quia S\u00e3o Miguel Arcanjo","url":"https:\/\/www.oarcanjo.net\/site\/","logo":{"@type":"ImageObject","inLanguage":"pt-BR","@id":"https:\/\/www.oarcanjo.net\/site\/#\/schema\/logo\/image\/","url":"https:\/\/www.oarcanjo.net\/site\/wp-content\/uploads\/LogoOArcanjo.png","contentUrl":"https:\/\/www.oarcanjo.net\/site\/wp-content\/uploads\/LogoOArcanjo.png","width":319,"height":99,"caption":"Par\u00f3quia S\u00e3o Miguel Arcanjo"},"image":{"@id":"https:\/\/www.oarcanjo.net\/site\/#\/schema\/logo\/image\/"},"sameAs":["https:\/\/www.facebook.com\/OArcanjoNoAr\/"]},{"@type":"Person","@id":"https:\/\/www.oarcanjo.net\/site\/#\/schema\/person\/5eb9480bedd2f3c97e430ce128c29c6c","name":"danilo"}]}},"publishpress_future_action":{"enabled":false,"date":"2026-05-08 00:01:37","action":"category","newStatus":"draft","terms":[],"taxonomy":"category"},"publishpress_future_workflow_manual_trigger":{"enabledWorkflows":[]},"_links":{"self":[{"href":"https:\/\/www.oarcanjo.net\/site\/wp-json\/wp\/v2\/posts\/8123"}],"collection":[{"href":"https:\/\/www.oarcanjo.net\/site\/wp-json\/wp\/v2\/posts"}],"about":[{"href":"https:\/\/www.oarcanjo.net\/site\/wp-json\/wp\/v2\/types\/post"}],"author":[{"embeddable":true,"href":"https:\/\/www.oarcanjo.net\/site\/wp-json\/wp\/v2\/users\/14"}],"replies":[{"embeddable":true,"href":"https:\/\/www.oarcanjo.net\/site\/wp-json\/wp\/v2\/comments?post=8123"}],"version-history":[{"count":1,"href":"https:\/\/www.oarcanjo.net\/site\/wp-json\/wp\/v2\/posts\/8123\/revisions"}],"predecessor-version":[{"id":92988,"href":"https:\/\/www.oarcanjo.net\/site\/wp-json\/wp\/v2\/posts\/8123\/revisions\/92988"}],"wp:attachment":[{"href":"https:\/\/www.oarcanjo.net\/site\/wp-json\/wp\/v2\/media?parent=8123"}],"wp:term":[{"taxonomy":"category","embeddable":true,"href":"https:\/\/www.oarcanjo.net\/site\/wp-json\/wp\/v2\/categories?post=8123"},{"taxonomy":"post_tag","embeddable":true,"href":"https:\/\/www.oarcanjo.net\/site\/wp-json\/wp\/v2\/tags?post=8123"}],"curies":[{"name":"wp","href":"https:\/\/api.w.org\/{rel}","templated":true}]}}