
{"id":8127,"date":"2019-03-03T00:40:40","date_gmt":"2019-03-03T03:40:40","guid":{"rendered":"http:\/\/www.oarcanjo.net\/site\/?p=8127"},"modified":"2019-02-20T08:08:30","modified_gmt":"2019-02-20T11:08:30","slug":"santa-teresa-eustochio-verzeri","status":"publish","type":"post","link":"https:\/\/www.oarcanjo.net\/site\/santa-teresa-eustochio-verzeri\/","title":{"rendered":"Santa Teresa Eustochio Verzeri"},"content":{"rendered":"<p><img loading=\"lazy\" decoding=\"async\" class=\"alignnone  wp-image-69436\" src=\"http:\/\/www.oarcanjo.net\/site\/wp-content\/uploads\/Santa-Teresa-Eustochio-Verzeri.jpg\" alt=\"Santa Teresa Eustochio Verzeri\" width=\"257\" height=\"352\" srcset=\"https:\/\/www.oarcanjo.net\/site\/wp-content\/uploads\/Santa-Teresa-Eustochio-Verzeri.jpg 350w, https:\/\/www.oarcanjo.net\/site\/wp-content\/uploads\/Santa-Teresa-Eustochio-Verzeri-219x300.jpg 219w\" sizes=\"(max-width: 257px) 100vw, 257px\" \/><\/p>\n<p>3 de Mar\u00e7o<\/p>\n<p>Fundou a Congrega\u00e7\u00e3o das Filhas do Sagrado Cora\u00e7\u00e3o de Jesus<\/p>\n<p>Ana Maria Teresa Eustochio Josefa Catarina In\u00e1cia Verzeri, ou como apenas Teresa Eustochio Verzeri, como ficou conhecida, nasceu no dia 31 de julho de 1801, em B\u00e9rgamo, It\u00e1lia. Era a primog\u00eanita dos sete filhos de Antonio Verzeri e da condessa Helena Pedrocca-Grumelli. Desde crian\u00e7a, aprendeu de sua m\u00e3e, crist\u00e3 muito devota, a conhecer e a amar a Deus acima de tudo e a qualquer pre\u00e7o.<\/p>\n<p>Os estudos iniciais ela fez em casa. Inteligente, dotada de esp\u00edrito aberto, quando menina, queria ser rapaz, para empreender nobres fa\u00e7anhas, como Santo In\u00e1cio, nas fileiras de Cristo. Da inf\u00e2ncia at\u00e9 a idade madura, deixou-se iluminar pelo Esp\u00edrito da Verdade, percorrendo o caminho de liberta\u00e7\u00e3o, de pureza, de retid\u00e3o e de simplicidade que a levou a buscar &#8220;Deus s\u00f3&#8221;. Interiormente, viveu a particular experi\u00eancia m\u00edstica da &#8220;aus\u00eancia de Deus&#8221;, enfrentando um dos problemas da experi\u00eancia religiosa de hoje: o peso da solid\u00e3o humana diante da sensa\u00e7\u00e3o inquietante de dist\u00e2ncia e de sil\u00eancio de Deus.<\/p>\n<p>Entretanto, com uma f\u00e9 inabal\u00e1vel, Teresa n\u00e3o deixou de confiar e de se abandonar ao Deus Vivo, Pai providente e misericordioso, a quem entregou a pr\u00f3pria vida, em atitude de obedi\u00eancia dialogante. Como em Jesus, seu grito de solid\u00e3o se transformou em oferta total de si mesma por amor.<\/p>\n<p>Ap\u00f3s uma experi\u00eancia de vida religiosa entre as monjas beneditinas de Santa Grata, em B\u00e9rgamo, percebeu que sua voca\u00e7\u00e3o era o apostolado ativo. Orientada pelo Mons. Benaglio, seu diretor espiritual, aos vinte e cinco anos iniciou obras de assist\u00eancia \u00e0s crian\u00e7as pobres e abandonadas. Atraindo para seu ideal jovens generosas e dispon\u00edveis, com as quais em 1831, fundou a Congrega\u00e7\u00e3o das Filhas do Sagrado Cora\u00e7\u00e3o de Jesus.<\/p>\n<p>A primeira metade de 1800, foi um per\u00edodo de grandes transforma\u00e7\u00f5es na hist\u00f3ria da It\u00e1lia, da sociedade de B\u00e9rgamo e do mundo, marcado por mudan\u00e7as pol\u00edticas, por revolu\u00e7\u00f5es, por persegui\u00e7\u00f5es que n\u00e3o pouparam a Igreja, atingida, tamb\u00e9m, pela crise de valores, resultante da Revolu\u00e7\u00e3o Francesa. Ela percebeu com clareza a urg\u00eancia e as necessidades do seu tempo e abra\u00e7ou sua miss\u00e3o, de orientadora espiritual, evangelizadora e pedagoga.<\/p>\n<p>Ap\u00f3s consolidar sua obra em v\u00e1rias cidades italianas, Teresa faleceu no dia 03 de mar\u00e7o de 1852, num gesto total de obla\u00e7\u00e3o a Deus. Foi beatificada pelo Papa Pio XII em 1946, e canonizada pelo Papa Jo\u00e3o Paulo II, em 2001. As suas rel\u00edquias s\u00e3o veneradas na capela da escola das Filhas do Sagrado Cora\u00e7\u00e3o de Jesus, em B\u00e9rgamo; recebendo as homenagens no dia de sua morte.<\/p>\n<p>Como educadora, pautou sua a\u00e7\u00e3o e seus escritos na pedagogia do elogio, concretizada no bin\u00f4mio: bondade-firmeza e no respeito \u00e0 liberdade. Animadas por esse esp\u00edrito, as Filhas do Sagrado Cora\u00e7\u00e3o de Jesus continuam, hoje, a miss\u00e3o de Santa Teresa Eustochio Verzeri, na It\u00e1lia, no Brasil, na Argentina e Bol\u00edvia, na Rep\u00fablica Centro-Africana e em Camar\u00f5es, na \u00cdndia e na Alb\u00e2nia.<\/p>\n<div id=\"themify_builder_content-8127\" data-postid=\"8127\" class=\"themify_builder_content themify_builder_content-8127 themify_builder themify_builder_front\">\n\t<\/div>\n<!-- \/themify_builder_content -->","protected":false},"excerpt":{"rendered":"<p>3 de Mar\u00e7o Fundou a Congrega\u00e7\u00e3o das Filhas do Sagrado Cora\u00e7\u00e3o de Jesus Ana Maria Teresa Eustochio Josefa Catarina In\u00e1cia Verzeri, ou como apenas Teresa Eustochio Verzeri, como ficou conhecida, nasceu no dia 31 de julho de 1801, em B\u00e9rgamo, It\u00e1lia. Era a primog\u00eanita dos sete filhos de Antonio Verzeri e da condessa Helena Pedrocca-Grumelli. [&hellip;]<\/p>\n","protected":false},"author":14,"featured_media":0,"comment_status":"open","ping_status":"open","sticky":false,"template":"","format":"standard","meta":{"ngg_post_thumbnail":0,"footnotes":""},"categories":[186],"tags":[],"yoast_head":"<!-- This site is optimized with the Yoast SEO plugin v23.5 - https:\/\/yoast.com\/wordpress\/plugins\/seo\/ -->\n<title>Santa Teresa Eustochio Verzeri - O Arcanjo no ar<\/title>\n<meta name=\"robots\" content=\"index, follow, max-snippet:-1, max-image-preview:large, max-video-preview:-1\" \/>\n<link rel=\"canonical\" href=\"https:\/\/www.oarcanjo.net\/site\/santa-teresa-eustochio-verzeri\/\" \/>\n<meta property=\"og:locale\" content=\"pt_BR\" \/>\n<meta property=\"og:type\" content=\"article\" \/>\n<meta property=\"og:title\" content=\"Santa Teresa Eustochio Verzeri - O Arcanjo no ar\" \/>\n<meta property=\"og:description\" content=\"3 de Mar\u00e7o Fundou a Congrega\u00e7\u00e3o das Filhas do Sagrado Cora\u00e7\u00e3o de Jesus Ana Maria Teresa Eustochio Josefa Catarina In\u00e1cia Verzeri, ou como apenas Teresa Eustochio Verzeri, como ficou conhecida, nasceu no dia 31 de julho de 1801, em B\u00e9rgamo, It\u00e1lia. Era a primog\u00eanita dos sete filhos de Antonio Verzeri e da condessa Helena Pedrocca-Grumelli. [&hellip;]\" \/>\n<meta property=\"og:url\" content=\"https:\/\/www.oarcanjo.net\/site\/santa-teresa-eustochio-verzeri\/\" \/>\n<meta property=\"og:site_name\" content=\"O Arcanjo no ar\" \/>\n<meta property=\"article:publisher\" content=\"https:\/\/www.facebook.com\/OArcanjoNoAr\/\" \/>\n<meta property=\"article:published_time\" content=\"2019-03-03T03:40:40+00:00\" \/>\n<meta property=\"article:modified_time\" content=\"2019-02-20T11:08:30+00:00\" \/>\n<meta property=\"og:image\" content=\"http:\/\/www.oarcanjo.net\/site\/wp-content\/uploads\/Santa-Teresa-Eustochio-Verzeri.jpg\" \/>\n<meta name=\"author\" content=\"danilo\" \/>\n<meta name=\"twitter:card\" content=\"summary_large_image\" \/>\n<meta name=\"twitter:label1\" content=\"Escrito por\" \/>\n\t<meta name=\"twitter:data1\" content=\"danilo\" \/>\n\t<meta name=\"twitter:label2\" content=\"Est. tempo de leitura\" \/>\n\t<meta name=\"twitter:data2\" content=\"3 minutos\" \/>\n<script type=\"application\/ld+json\" class=\"yoast-schema-graph\">{\"@context\":\"https:\/\/schema.org\",\"@graph\":[{\"@type\":\"Article\",\"@id\":\"https:\/\/www.oarcanjo.net\/site\/santa-teresa-eustochio-verzeri\/#article\",\"isPartOf\":{\"@id\":\"https:\/\/www.oarcanjo.net\/site\/santa-teresa-eustochio-verzeri\/\"},\"author\":{\"name\":\"danilo\",\"@id\":\"https:\/\/www.oarcanjo.net\/site\/#\/schema\/person\/5eb9480bedd2f3c97e430ce128c29c6c\"},\"headline\":\"Santa Teresa Eustochio Verzeri\",\"datePublished\":\"2019-03-03T03:40:40+00:00\",\"dateModified\":\"2019-02-20T11:08:30+00:00\",\"mainEntityOfPage\":{\"@id\":\"https:\/\/www.oarcanjo.net\/site\/santa-teresa-eustochio-verzeri\/\"},\"wordCount\":549,\"commentCount\":1,\"publisher\":{\"@id\":\"https:\/\/www.oarcanjo.net\/site\/#organization\"},\"image\":{\"@id\":\"https:\/\/www.oarcanjo.net\/site\/santa-teresa-eustochio-verzeri\/#primaryimage\"},\"thumbnailUrl\":\"http:\/\/www.oarcanjo.net\/site\/wp-content\/uploads\/Santa-Teresa-Eustochio-Verzeri.jpg\",\"articleSection\":[\"Testemunhos\"],\"inLanguage\":\"pt-BR\",\"potentialAction\":[{\"@type\":\"CommentAction\",\"name\":\"Comment\",\"target\":[\"https:\/\/www.oarcanjo.net\/site\/santa-teresa-eustochio-verzeri\/#respond\"]}]},{\"@type\":\"WebPage\",\"@id\":\"https:\/\/www.oarcanjo.net\/site\/santa-teresa-eustochio-verzeri\/\",\"url\":\"https:\/\/www.oarcanjo.net\/site\/santa-teresa-eustochio-verzeri\/\",\"name\":\"Santa Teresa Eustochio Verzeri - O Arcanjo no ar\",\"isPartOf\":{\"@id\":\"https:\/\/www.oarcanjo.net\/site\/#website\"},\"primaryImageOfPage\":{\"@id\":\"https:\/\/www.oarcanjo.net\/site\/santa-teresa-eustochio-verzeri\/#primaryimage\"},\"image\":{\"@id\":\"https:\/\/www.oarcanjo.net\/site\/santa-teresa-eustochio-verzeri\/#primaryimage\"},\"thumbnailUrl\":\"http:\/\/www.oarcanjo.net\/site\/wp-content\/uploads\/Santa-Teresa-Eustochio-Verzeri.jpg\",\"datePublished\":\"2019-03-03T03:40:40+00:00\",\"dateModified\":\"2019-02-20T11:08:30+00:00\",\"breadcrumb\":{\"@id\":\"https:\/\/www.oarcanjo.net\/site\/santa-teresa-eustochio-verzeri\/#breadcrumb\"},\"inLanguage\":\"pt-BR\",\"potentialAction\":[{\"@type\":\"ReadAction\",\"target\":[\"https:\/\/www.oarcanjo.net\/site\/santa-teresa-eustochio-verzeri\/\"]}]},{\"@type\":\"ImageObject\",\"inLanguage\":\"pt-BR\",\"@id\":\"https:\/\/www.oarcanjo.net\/site\/santa-teresa-eustochio-verzeri\/#primaryimage\",\"url\":\"https:\/\/www.oarcanjo.net\/site\/wp-content\/uploads\/Santa-Teresa-Eustochio-Verzeri.jpg\",\"contentUrl\":\"https:\/\/www.oarcanjo.net\/site\/wp-content\/uploads\/Santa-Teresa-Eustochio-Verzeri.jpg\",\"width\":350,\"height\":480,\"caption\":\"Santa Teresa Eustochio Verzeri\"},{\"@type\":\"BreadcrumbList\",\"@id\":\"https:\/\/www.oarcanjo.net\/site\/santa-teresa-eustochio-verzeri\/#breadcrumb\",\"itemListElement\":[{\"@type\":\"ListItem\",\"position\":1,\"name\":\"In\u00edcio\",\"item\":\"https:\/\/www.oarcanjo.net\/site\/\"},{\"@type\":\"ListItem\",\"position\":2,\"name\":\"Santa Teresa Eustochio Verzeri\"}]},{\"@type\":\"WebSite\",\"@id\":\"https:\/\/www.oarcanjo.net\/site\/#website\",\"url\":\"https:\/\/www.oarcanjo.net\/site\/\",\"name\":\"O Arcanjo no ar\",\"description\":\"Site da Par\u00f3quia S\u00e3o Miguel Arcanjo (Arquidiocese de SP)\",\"publisher\":{\"@id\":\"https:\/\/www.oarcanjo.net\/site\/#organization\"},\"potentialAction\":[{\"@type\":\"SearchAction\",\"target\":{\"@type\":\"EntryPoint\",\"urlTemplate\":\"https:\/\/www.oarcanjo.net\/site\/?s={search_term_string}\"},\"query-input\":{\"@type\":\"PropertyValueSpecification\",\"valueRequired\":true,\"valueName\":\"search_term_string\"}}],\"inLanguage\":\"pt-BR\"},{\"@type\":\"Organization\",\"@id\":\"https:\/\/www.oarcanjo.net\/site\/#organization\",\"name\":\"Par\u00f3quia S\u00e3o Miguel Arcanjo\",\"url\":\"https:\/\/www.oarcanjo.net\/site\/\",\"logo\":{\"@type\":\"ImageObject\",\"inLanguage\":\"pt-BR\",\"@id\":\"https:\/\/www.oarcanjo.net\/site\/#\/schema\/logo\/image\/\",\"url\":\"https:\/\/www.oarcanjo.net\/site\/wp-content\/uploads\/LogoOArcanjo.png\",\"contentUrl\":\"https:\/\/www.oarcanjo.net\/site\/wp-content\/uploads\/LogoOArcanjo.png\",\"width\":319,\"height\":99,\"caption\":\"Par\u00f3quia S\u00e3o Miguel Arcanjo\"},\"image\":{\"@id\":\"https:\/\/www.oarcanjo.net\/site\/#\/schema\/logo\/image\/\"},\"sameAs\":[\"https:\/\/www.facebook.com\/OArcanjoNoAr\/\"]},{\"@type\":\"Person\",\"@id\":\"https:\/\/www.oarcanjo.net\/site\/#\/schema\/person\/5eb9480bedd2f3c97e430ce128c29c6c\",\"name\":\"danilo\"}]}<\/script>\n<!-- \/ Yoast SEO plugin. -->","yoast_head_json":{"title":"Santa Teresa Eustochio Verzeri - O Arcanjo no ar","robots":{"index":"index","follow":"follow","max-snippet":"max-snippet:-1","max-image-preview":"max-image-preview:large","max-video-preview":"max-video-preview:-1"},"canonical":"https:\/\/www.oarcanjo.net\/site\/santa-teresa-eustochio-verzeri\/","og_locale":"pt_BR","og_type":"article","og_title":"Santa Teresa Eustochio Verzeri - O Arcanjo no ar","og_description":"3 de Mar\u00e7o Fundou a Congrega\u00e7\u00e3o das Filhas do Sagrado Cora\u00e7\u00e3o de Jesus Ana Maria Teresa Eustochio Josefa Catarina In\u00e1cia Verzeri, ou como apenas Teresa Eustochio Verzeri, como ficou conhecida, nasceu no dia 31 de julho de 1801, em B\u00e9rgamo, It\u00e1lia. Era a primog\u00eanita dos sete filhos de Antonio Verzeri e da condessa Helena Pedrocca-Grumelli. [&hellip;]","og_url":"https:\/\/www.oarcanjo.net\/site\/santa-teresa-eustochio-verzeri\/","og_site_name":"O Arcanjo no ar","article_publisher":"https:\/\/www.facebook.com\/OArcanjoNoAr\/","article_published_time":"2019-03-03T03:40:40+00:00","article_modified_time":"2019-02-20T11:08:30+00:00","og_image":[{"url":"http:\/\/www.oarcanjo.net\/site\/wp-content\/uploads\/Santa-Teresa-Eustochio-Verzeri.jpg"}],"author":"danilo","twitter_card":"summary_large_image","twitter_misc":{"Escrito por":"danilo","Est. tempo de leitura":"3 minutos"},"schema":{"@context":"https:\/\/schema.org","@graph":[{"@type":"Article","@id":"https:\/\/www.oarcanjo.net\/site\/santa-teresa-eustochio-verzeri\/#article","isPartOf":{"@id":"https:\/\/www.oarcanjo.net\/site\/santa-teresa-eustochio-verzeri\/"},"author":{"name":"danilo","@id":"https:\/\/www.oarcanjo.net\/site\/#\/schema\/person\/5eb9480bedd2f3c97e430ce128c29c6c"},"headline":"Santa Teresa Eustochio Verzeri","datePublished":"2019-03-03T03:40:40+00:00","dateModified":"2019-02-20T11:08:30+00:00","mainEntityOfPage":{"@id":"https:\/\/www.oarcanjo.net\/site\/santa-teresa-eustochio-verzeri\/"},"wordCount":549,"commentCount":1,"publisher":{"@id":"https:\/\/www.oarcanjo.net\/site\/#organization"},"image":{"@id":"https:\/\/www.oarcanjo.net\/site\/santa-teresa-eustochio-verzeri\/#primaryimage"},"thumbnailUrl":"http:\/\/www.oarcanjo.net\/site\/wp-content\/uploads\/Santa-Teresa-Eustochio-Verzeri.jpg","articleSection":["Testemunhos"],"inLanguage":"pt-BR","potentialAction":[{"@type":"CommentAction","name":"Comment","target":["https:\/\/www.oarcanjo.net\/site\/santa-teresa-eustochio-verzeri\/#respond"]}]},{"@type":"WebPage","@id":"https:\/\/www.oarcanjo.net\/site\/santa-teresa-eustochio-verzeri\/","url":"https:\/\/www.oarcanjo.net\/site\/santa-teresa-eustochio-verzeri\/","name":"Santa Teresa Eustochio Verzeri - O Arcanjo no ar","isPartOf":{"@id":"https:\/\/www.oarcanjo.net\/site\/#website"},"primaryImageOfPage":{"@id":"https:\/\/www.oarcanjo.net\/site\/santa-teresa-eustochio-verzeri\/#primaryimage"},"image":{"@id":"https:\/\/www.oarcanjo.net\/site\/santa-teresa-eustochio-verzeri\/#primaryimage"},"thumbnailUrl":"http:\/\/www.oarcanjo.net\/site\/wp-content\/uploads\/Santa-Teresa-Eustochio-Verzeri.jpg","datePublished":"2019-03-03T03:40:40+00:00","dateModified":"2019-02-20T11:08:30+00:00","breadcrumb":{"@id":"https:\/\/www.oarcanjo.net\/site\/santa-teresa-eustochio-verzeri\/#breadcrumb"},"inLanguage":"pt-BR","potentialAction":[{"@type":"ReadAction","target":["https:\/\/www.oarcanjo.net\/site\/santa-teresa-eustochio-verzeri\/"]}]},{"@type":"ImageObject","inLanguage":"pt-BR","@id":"https:\/\/www.oarcanjo.net\/site\/santa-teresa-eustochio-verzeri\/#primaryimage","url":"https:\/\/www.oarcanjo.net\/site\/wp-content\/uploads\/Santa-Teresa-Eustochio-Verzeri.jpg","contentUrl":"https:\/\/www.oarcanjo.net\/site\/wp-content\/uploads\/Santa-Teresa-Eustochio-Verzeri.jpg","width":350,"height":480,"caption":"Santa Teresa Eustochio Verzeri"},{"@type":"BreadcrumbList","@id":"https:\/\/www.oarcanjo.net\/site\/santa-teresa-eustochio-verzeri\/#breadcrumb","itemListElement":[{"@type":"ListItem","position":1,"name":"In\u00edcio","item":"https:\/\/www.oarcanjo.net\/site\/"},{"@type":"ListItem","position":2,"name":"Santa Teresa Eustochio Verzeri"}]},{"@type":"WebSite","@id":"https:\/\/www.oarcanjo.net\/site\/#website","url":"https:\/\/www.oarcanjo.net\/site\/","name":"O Arcanjo no ar","description":"Site da Par\u00f3quia S\u00e3o Miguel Arcanjo (Arquidiocese de SP)","publisher":{"@id":"https:\/\/www.oarcanjo.net\/site\/#organization"},"potentialAction":[{"@type":"SearchAction","target":{"@type":"EntryPoint","urlTemplate":"https:\/\/www.oarcanjo.net\/site\/?s={search_term_string}"},"query-input":{"@type":"PropertyValueSpecification","valueRequired":true,"valueName":"search_term_string"}}],"inLanguage":"pt-BR"},{"@type":"Organization","@id":"https:\/\/www.oarcanjo.net\/site\/#organization","name":"Par\u00f3quia S\u00e3o Miguel Arcanjo","url":"https:\/\/www.oarcanjo.net\/site\/","logo":{"@type":"ImageObject","inLanguage":"pt-BR","@id":"https:\/\/www.oarcanjo.net\/site\/#\/schema\/logo\/image\/","url":"https:\/\/www.oarcanjo.net\/site\/wp-content\/uploads\/LogoOArcanjo.png","contentUrl":"https:\/\/www.oarcanjo.net\/site\/wp-content\/uploads\/LogoOArcanjo.png","width":319,"height":99,"caption":"Par\u00f3quia S\u00e3o Miguel Arcanjo"},"image":{"@id":"https:\/\/www.oarcanjo.net\/site\/#\/schema\/logo\/image\/"},"sameAs":["https:\/\/www.facebook.com\/OArcanjoNoAr\/"]},{"@type":"Person","@id":"https:\/\/www.oarcanjo.net\/site\/#\/schema\/person\/5eb9480bedd2f3c97e430ce128c29c6c","name":"danilo"}]}},"publishpress_future_action":{"enabled":false,"date":"2026-05-08 00:02:05","action":"category","newStatus":"draft","terms":[],"taxonomy":"category"},"publishpress_future_workflow_manual_trigger":{"enabledWorkflows":[]},"_links":{"self":[{"href":"https:\/\/www.oarcanjo.net\/site\/wp-json\/wp\/v2\/posts\/8127"}],"collection":[{"href":"https:\/\/www.oarcanjo.net\/site\/wp-json\/wp\/v2\/posts"}],"about":[{"href":"https:\/\/www.oarcanjo.net\/site\/wp-json\/wp\/v2\/types\/post"}],"author":[{"embeddable":true,"href":"https:\/\/www.oarcanjo.net\/site\/wp-json\/wp\/v2\/users\/14"}],"replies":[{"embeddable":true,"href":"https:\/\/www.oarcanjo.net\/site\/wp-json\/wp\/v2\/comments?post=8127"}],"version-history":[{"count":1,"href":"https:\/\/www.oarcanjo.net\/site\/wp-json\/wp\/v2\/posts\/8127\/revisions"}],"predecessor-version":[{"id":92989,"href":"https:\/\/www.oarcanjo.net\/site\/wp-json\/wp\/v2\/posts\/8127\/revisions\/92989"}],"wp:attachment":[{"href":"https:\/\/www.oarcanjo.net\/site\/wp-json\/wp\/v2\/media?parent=8127"}],"wp:term":[{"taxonomy":"category","embeddable":true,"href":"https:\/\/www.oarcanjo.net\/site\/wp-json\/wp\/v2\/categories?post=8127"},{"taxonomy":"post_tag","embeddable":true,"href":"https:\/\/www.oarcanjo.net\/site\/wp-json\/wp\/v2\/tags?post=8127"}],"curies":[{"name":"wp","href":"https:\/\/api.w.org\/{rel}","templated":true}]}}