
{"id":8131,"date":"2019-03-03T00:44:54","date_gmt":"2019-03-03T03:44:54","guid":{"rendered":"http:\/\/www.oarcanjo.net\/site\/?p=8131"},"modified":"2019-02-20T08:08:41","modified_gmt":"2019-02-20T11:08:41","slug":"bem-aventurada-catarina-drexel","status":"publish","type":"post","link":"https:\/\/www.oarcanjo.net\/site\/bem-aventurada-catarina-drexel\/","title":{"rendered":"Santa Catarina Drexel"},"content":{"rendered":"<p><img loading=\"lazy\" decoding=\"async\" class=\"alignnone size-full wp-image-69430\" src=\"http:\/\/www.oarcanjo.net\/site\/wp-content\/uploads\/Santa-Catarina-Drexel.jpg\" alt=\"Santa Catarina Drexel\" width=\"238\" height=\"300\" \/><\/p>\n<p>3 de Mar\u00e7o<\/p>\n<p>Fundou a Congrega\u00e7\u00e3o das Irm\u00e3s do Sant\u00edssimo Sacramento<\/p>\n<p>Catarina , era a segunda filha de Francisco Antonio Drexel e de Ana Langstrot, nasceu na Filad\u00e9lfia, no Estado da Pensilv\u00e2nia, E.U.A., em 26 de novembro de 1858. Seu pai era um famoso banqueiro, que ao lado da esposa atuava intensamente junto \u00e0s sociedades crist\u00e3s filantr\u00f3picas do seu pa\u00eds. Desta maneira ensinaram aos filhos que os bens da fam\u00edlia n\u00e3o eram somente para eles, mas deviam ser compartilhados com os que tinham menos sorte, conforme os ensinamentos de Jesus, o nosso Cristo.<\/p>\n<p>Durante uma viagem com a fam\u00edlia ao Oeste americano, Catarina, ainda crian\u00e7a, percebeu a mis\u00e9ria em que viviam os ind\u00edgenas da Am\u00e9rica. Esta experi\u00eancia, que muito a perturbou, fez que ela crescesse atenta \u00e0quela triste situa\u00e7\u00e3o de pobreza e \u00e0s condi\u00e7\u00f5es desesperadas de quase todos nativos americanos e afro-americanos. Na juventude come\u00e7ou a distribuir os seus bens \u00e0 obra mission\u00e1ria e pedag\u00f3gica, destinadas a estas minorias. Mas, consciente de que seus protegidos estavam longe de serem livres, sentiu a urg\u00eancia de um trabalho diferenciado em seu favor. Por isto, em 1887, fundou a sua primeira escola em Santa F\u00e9, Novo M\u00e9xico, destinada aos ind\u00edgenas.<\/p>\n<p>Depois, por sugest\u00e3o do Papa Le\u00e3o XIII, e sob a orienta\u00e7\u00e3o do seu diretor espiritual, o bispo James O&#8217;Connor, recebeu o h\u00e1bito de religiosa e adotou nome de irm\u00e3 Catarina Maria, em 1891. No mesmo ano, fundou a Congrega\u00e7\u00e3o das Irm\u00e3s do Sant\u00edssimo Sacramento para os \u00edndios e afro-americanos. Mulher de muita ora\u00e7\u00e3o, encontrou sempre na Eucaristia a fonte do seu amor pelos pobres. Determinou que a funda\u00e7\u00e3o de escolas com bons professores para todos, \u00edndios e afro-americanos, em todo o pa\u00eds, seria a sua prioridade absoluta, bem como para a Congrega\u00e7\u00e3o.<\/p>\n<p>Ao longo da vida, ela abriu e financiou com os seus bens, cerca de sessenta escolas, miss\u00f5es e todos os professores; situadas principalmente no oeste e sudoeste do pa\u00eds. O \u00e1pice dos seus esfor\u00e7os, neste campo, foi a constru\u00e7\u00e3o, em 1925, da Xavier University , na Louisiana, a \u00fanica institui\u00e7\u00e3o de ensino superior nos Estados Unidos, destinada preferencialmente aos cat\u00f3licos afro-americanos.<\/p>\n<p>Educa\u00e7\u00e3o religiosa, servi\u00e7o social, visitas \u00e0s fam\u00edlias, nos hospitais, nas pris\u00f5es, faziam parte do apostolado de irm\u00e3 Catarina e das suas co-irm\u00e3s. Ap\u00f3s uma grave doen\u00e7a, irm\u00e3 Catarina passou os \u00faltimos dezoito anos de vida, quase totalmente im\u00f3vel. Neste per\u00edodo se dedicou \u00e0s ora\u00e7\u00f5es contemplativas ao Cristo Eucar\u00edstico, elevando seu esp\u00edrito ao grau de santidade. Morreu no dia 3 de mar\u00e7o de 1955, na Pensilv\u00e2nia, E.U.A.<\/p>\n<p>A heran\u00e7a que deixou \u00e0 sua comunidade religiosa, as Irm\u00e3s do Sant\u00edssimo Sacramento, foi exatamente a li\u00e7\u00e3o da espiritualidade, baseada na ora\u00e7\u00e3o em uni\u00e3o com o Senhor Eucar\u00edstico e no servi\u00e7o devotado aos pobres e \u00e0s v\u00edtimas da discrimina\u00e7\u00e3o racial. O seu apostolado contribuiu para aumentar a consci\u00eancia da necessidade de combater todas as formas de racismo, atrav\u00e9s da educa\u00e7\u00e3o e dos servi\u00e7os sociais. O Papa Jo\u00e3o Paulo II beatificou Irm\u00e3 Catarina Drexel, em 1988, para ser venerada no dia de sua morte.<\/p>\n<p style=\"text-align: center\"><em>Em 02 de outubro de 2000 a proclamou Santa Catarina, ressaltando seu apostolado em defesa dos ind\u00edgenas e afro-descendentes, conforme extraimos do discurso de canoniza\u00e7\u00e3o: &#8220;O seu apostolado frutificou na abertura de inumer\u00e1veis escolas para os ind\u00edgenas da Am\u00e9rica e os afro-americanos, e contribuiu para despertar a consci\u00eancia da necessidade permanente, mesmo nos nossos dias, de combater o racismo em todas as suas manifesta\u00e7\u00f5es. O exemplo de Santa Catarina Drexel seja um farol de luz e esperan\u00e7a que inspire todos a dedicarem cada vez mais os pr\u00f3prios tempo, talento e tesouro para beneficiar as pessoas mais necessitadas&#8221;.<\/em>Fonte:<a href=\"http:\/\/www.padreisaias.blogspot.com\/\">http:\/\/www.padreisaias.blogspot.com\/<\/a><\/p>\n<div id=\"themify_builder_content-8131\" data-postid=\"8131\" class=\"themify_builder_content themify_builder_content-8131 themify_builder themify_builder_front\">\n\t<\/div>\n<!-- \/themify_builder_content -->","protected":false},"excerpt":{"rendered":"<p>3 de Mar\u00e7o Fundou a Congrega\u00e7\u00e3o das Irm\u00e3s do Sant\u00edssimo Sacramento Catarina , era a segunda filha de Francisco Antonio Drexel e de Ana Langstrot, nasceu na Filad\u00e9lfia, no Estado da Pensilv\u00e2nia, E.U.A., em 26 de novembro de 1858. Seu pai era um famoso banqueiro, que ao lado da esposa atuava intensamente junto \u00e0s sociedades [&hellip;]<\/p>\n","protected":false},"author":14,"featured_media":0,"comment_status":"open","ping_status":"open","sticky":false,"template":"","format":"standard","meta":{"ngg_post_thumbnail":0,"footnotes":""},"categories":[186],"tags":[],"yoast_head":"<!-- This site is optimized with the Yoast SEO plugin v23.5 - https:\/\/yoast.com\/wordpress\/plugins\/seo\/ -->\n<title>Santa Catarina Drexel - O Arcanjo no ar<\/title>\n<meta name=\"robots\" content=\"index, follow, max-snippet:-1, max-image-preview:large, max-video-preview:-1\" \/>\n<link rel=\"canonical\" href=\"https:\/\/www.oarcanjo.net\/site\/bem-aventurada-catarina-drexel\/\" \/>\n<meta property=\"og:locale\" content=\"pt_BR\" \/>\n<meta property=\"og:type\" content=\"article\" \/>\n<meta property=\"og:title\" content=\"Santa Catarina Drexel - O Arcanjo no ar\" \/>\n<meta property=\"og:description\" content=\"3 de Mar\u00e7o Fundou a Congrega\u00e7\u00e3o das Irm\u00e3s do Sant\u00edssimo Sacramento Catarina , era a segunda filha de Francisco Antonio Drexel e de Ana Langstrot, nasceu na Filad\u00e9lfia, no Estado da Pensilv\u00e2nia, E.U.A., em 26 de novembro de 1858. Seu pai era um famoso banqueiro, que ao lado da esposa atuava intensamente junto \u00e0s sociedades [&hellip;]\" \/>\n<meta property=\"og:url\" content=\"https:\/\/www.oarcanjo.net\/site\/bem-aventurada-catarina-drexel\/\" \/>\n<meta property=\"og:site_name\" content=\"O Arcanjo no ar\" \/>\n<meta property=\"article:publisher\" content=\"https:\/\/www.facebook.com\/OArcanjoNoAr\/\" \/>\n<meta property=\"article:published_time\" content=\"2019-03-03T03:44:54+00:00\" \/>\n<meta property=\"article:modified_time\" content=\"2019-02-20T11:08:41+00:00\" \/>\n<meta property=\"og:image\" content=\"http:\/\/www.oarcanjo.net\/site\/wp-content\/uploads\/Santa-Catarina-Drexel.jpg\" \/>\n<meta name=\"author\" content=\"danilo\" \/>\n<meta name=\"twitter:card\" content=\"summary_large_image\" \/>\n<meta name=\"twitter:label1\" content=\"Escrito por\" \/>\n\t<meta name=\"twitter:data1\" content=\"danilo\" \/>\n\t<meta name=\"twitter:label2\" content=\"Est. tempo de leitura\" \/>\n\t<meta name=\"twitter:data2\" content=\"3 minutos\" \/>\n<script type=\"application\/ld+json\" class=\"yoast-schema-graph\">{\"@context\":\"https:\/\/schema.org\",\"@graph\":[{\"@type\":\"Article\",\"@id\":\"https:\/\/www.oarcanjo.net\/site\/bem-aventurada-catarina-drexel\/#article\",\"isPartOf\":{\"@id\":\"https:\/\/www.oarcanjo.net\/site\/bem-aventurada-catarina-drexel\/\"},\"author\":{\"name\":\"danilo\",\"@id\":\"https:\/\/www.oarcanjo.net\/site\/#\/schema\/person\/5eb9480bedd2f3c97e430ce128c29c6c\"},\"headline\":\"Santa Catarina Drexel\",\"datePublished\":\"2019-03-03T03:44:54+00:00\",\"dateModified\":\"2019-02-20T11:08:41+00:00\",\"mainEntityOfPage\":{\"@id\":\"https:\/\/www.oarcanjo.net\/site\/bem-aventurada-catarina-drexel\/\"},\"wordCount\":674,\"commentCount\":1,\"publisher\":{\"@id\":\"https:\/\/www.oarcanjo.net\/site\/#organization\"},\"image\":{\"@id\":\"https:\/\/www.oarcanjo.net\/site\/bem-aventurada-catarina-drexel\/#primaryimage\"},\"thumbnailUrl\":\"http:\/\/www.oarcanjo.net\/site\/wp-content\/uploads\/Santa-Catarina-Drexel.jpg\",\"articleSection\":[\"Testemunhos\"],\"inLanguage\":\"pt-BR\",\"potentialAction\":[{\"@type\":\"CommentAction\",\"name\":\"Comment\",\"target\":[\"https:\/\/www.oarcanjo.net\/site\/bem-aventurada-catarina-drexel\/#respond\"]}]},{\"@type\":\"WebPage\",\"@id\":\"https:\/\/www.oarcanjo.net\/site\/bem-aventurada-catarina-drexel\/\",\"url\":\"https:\/\/www.oarcanjo.net\/site\/bem-aventurada-catarina-drexel\/\",\"name\":\"Santa Catarina Drexel - O Arcanjo no ar\",\"isPartOf\":{\"@id\":\"https:\/\/www.oarcanjo.net\/site\/#website\"},\"primaryImageOfPage\":{\"@id\":\"https:\/\/www.oarcanjo.net\/site\/bem-aventurada-catarina-drexel\/#primaryimage\"},\"image\":{\"@id\":\"https:\/\/www.oarcanjo.net\/site\/bem-aventurada-catarina-drexel\/#primaryimage\"},\"thumbnailUrl\":\"http:\/\/www.oarcanjo.net\/site\/wp-content\/uploads\/Santa-Catarina-Drexel.jpg\",\"datePublished\":\"2019-03-03T03:44:54+00:00\",\"dateModified\":\"2019-02-20T11:08:41+00:00\",\"breadcrumb\":{\"@id\":\"https:\/\/www.oarcanjo.net\/site\/bem-aventurada-catarina-drexel\/#breadcrumb\"},\"inLanguage\":\"pt-BR\",\"potentialAction\":[{\"@type\":\"ReadAction\",\"target\":[\"https:\/\/www.oarcanjo.net\/site\/bem-aventurada-catarina-drexel\/\"]}]},{\"@type\":\"ImageObject\",\"inLanguage\":\"pt-BR\",\"@id\":\"https:\/\/www.oarcanjo.net\/site\/bem-aventurada-catarina-drexel\/#primaryimage\",\"url\":\"https:\/\/www.oarcanjo.net\/site\/wp-content\/uploads\/Santa-Catarina-Drexel.jpg\",\"contentUrl\":\"https:\/\/www.oarcanjo.net\/site\/wp-content\/uploads\/Santa-Catarina-Drexel.jpg\",\"width\":238,\"height\":300,\"caption\":\"Santa Catarina Drexel\"},{\"@type\":\"BreadcrumbList\",\"@id\":\"https:\/\/www.oarcanjo.net\/site\/bem-aventurada-catarina-drexel\/#breadcrumb\",\"itemListElement\":[{\"@type\":\"ListItem\",\"position\":1,\"name\":\"In\u00edcio\",\"item\":\"https:\/\/www.oarcanjo.net\/site\/\"},{\"@type\":\"ListItem\",\"position\":2,\"name\":\"Santa Catarina Drexel\"}]},{\"@type\":\"WebSite\",\"@id\":\"https:\/\/www.oarcanjo.net\/site\/#website\",\"url\":\"https:\/\/www.oarcanjo.net\/site\/\",\"name\":\"O Arcanjo no ar\",\"description\":\"Site da Par\u00f3quia S\u00e3o Miguel Arcanjo (Arquidiocese de SP)\",\"publisher\":{\"@id\":\"https:\/\/www.oarcanjo.net\/site\/#organization\"},\"potentialAction\":[{\"@type\":\"SearchAction\",\"target\":{\"@type\":\"EntryPoint\",\"urlTemplate\":\"https:\/\/www.oarcanjo.net\/site\/?s={search_term_string}\"},\"query-input\":{\"@type\":\"PropertyValueSpecification\",\"valueRequired\":true,\"valueName\":\"search_term_string\"}}],\"inLanguage\":\"pt-BR\"},{\"@type\":\"Organization\",\"@id\":\"https:\/\/www.oarcanjo.net\/site\/#organization\",\"name\":\"Par\u00f3quia S\u00e3o Miguel Arcanjo\",\"url\":\"https:\/\/www.oarcanjo.net\/site\/\",\"logo\":{\"@type\":\"ImageObject\",\"inLanguage\":\"pt-BR\",\"@id\":\"https:\/\/www.oarcanjo.net\/site\/#\/schema\/logo\/image\/\",\"url\":\"https:\/\/www.oarcanjo.net\/site\/wp-content\/uploads\/LogoOArcanjo.png\",\"contentUrl\":\"https:\/\/www.oarcanjo.net\/site\/wp-content\/uploads\/LogoOArcanjo.png\",\"width\":319,\"height\":99,\"caption\":\"Par\u00f3quia S\u00e3o Miguel Arcanjo\"},\"image\":{\"@id\":\"https:\/\/www.oarcanjo.net\/site\/#\/schema\/logo\/image\/\"},\"sameAs\":[\"https:\/\/www.facebook.com\/OArcanjoNoAr\/\"]},{\"@type\":\"Person\",\"@id\":\"https:\/\/www.oarcanjo.net\/site\/#\/schema\/person\/5eb9480bedd2f3c97e430ce128c29c6c\",\"name\":\"danilo\"}]}<\/script>\n<!-- \/ Yoast SEO plugin. -->","yoast_head_json":{"title":"Santa Catarina Drexel - O Arcanjo no ar","robots":{"index":"index","follow":"follow","max-snippet":"max-snippet:-1","max-image-preview":"max-image-preview:large","max-video-preview":"max-video-preview:-1"},"canonical":"https:\/\/www.oarcanjo.net\/site\/bem-aventurada-catarina-drexel\/","og_locale":"pt_BR","og_type":"article","og_title":"Santa Catarina Drexel - O Arcanjo no ar","og_description":"3 de Mar\u00e7o Fundou a Congrega\u00e7\u00e3o das Irm\u00e3s do Sant\u00edssimo Sacramento Catarina , era a segunda filha de Francisco Antonio Drexel e de Ana Langstrot, nasceu na Filad\u00e9lfia, no Estado da Pensilv\u00e2nia, E.U.A., em 26 de novembro de 1858. Seu pai era um famoso banqueiro, que ao lado da esposa atuava intensamente junto \u00e0s sociedades [&hellip;]","og_url":"https:\/\/www.oarcanjo.net\/site\/bem-aventurada-catarina-drexel\/","og_site_name":"O Arcanjo no ar","article_publisher":"https:\/\/www.facebook.com\/OArcanjoNoAr\/","article_published_time":"2019-03-03T03:44:54+00:00","article_modified_time":"2019-02-20T11:08:41+00:00","og_image":[{"url":"http:\/\/www.oarcanjo.net\/site\/wp-content\/uploads\/Santa-Catarina-Drexel.jpg"}],"author":"danilo","twitter_card":"summary_large_image","twitter_misc":{"Escrito por":"danilo","Est. tempo de leitura":"3 minutos"},"schema":{"@context":"https:\/\/schema.org","@graph":[{"@type":"Article","@id":"https:\/\/www.oarcanjo.net\/site\/bem-aventurada-catarina-drexel\/#article","isPartOf":{"@id":"https:\/\/www.oarcanjo.net\/site\/bem-aventurada-catarina-drexel\/"},"author":{"name":"danilo","@id":"https:\/\/www.oarcanjo.net\/site\/#\/schema\/person\/5eb9480bedd2f3c97e430ce128c29c6c"},"headline":"Santa Catarina Drexel","datePublished":"2019-03-03T03:44:54+00:00","dateModified":"2019-02-20T11:08:41+00:00","mainEntityOfPage":{"@id":"https:\/\/www.oarcanjo.net\/site\/bem-aventurada-catarina-drexel\/"},"wordCount":674,"commentCount":1,"publisher":{"@id":"https:\/\/www.oarcanjo.net\/site\/#organization"},"image":{"@id":"https:\/\/www.oarcanjo.net\/site\/bem-aventurada-catarina-drexel\/#primaryimage"},"thumbnailUrl":"http:\/\/www.oarcanjo.net\/site\/wp-content\/uploads\/Santa-Catarina-Drexel.jpg","articleSection":["Testemunhos"],"inLanguage":"pt-BR","potentialAction":[{"@type":"CommentAction","name":"Comment","target":["https:\/\/www.oarcanjo.net\/site\/bem-aventurada-catarina-drexel\/#respond"]}]},{"@type":"WebPage","@id":"https:\/\/www.oarcanjo.net\/site\/bem-aventurada-catarina-drexel\/","url":"https:\/\/www.oarcanjo.net\/site\/bem-aventurada-catarina-drexel\/","name":"Santa Catarina Drexel - O Arcanjo no ar","isPartOf":{"@id":"https:\/\/www.oarcanjo.net\/site\/#website"},"primaryImageOfPage":{"@id":"https:\/\/www.oarcanjo.net\/site\/bem-aventurada-catarina-drexel\/#primaryimage"},"image":{"@id":"https:\/\/www.oarcanjo.net\/site\/bem-aventurada-catarina-drexel\/#primaryimage"},"thumbnailUrl":"http:\/\/www.oarcanjo.net\/site\/wp-content\/uploads\/Santa-Catarina-Drexel.jpg","datePublished":"2019-03-03T03:44:54+00:00","dateModified":"2019-02-20T11:08:41+00:00","breadcrumb":{"@id":"https:\/\/www.oarcanjo.net\/site\/bem-aventurada-catarina-drexel\/#breadcrumb"},"inLanguage":"pt-BR","potentialAction":[{"@type":"ReadAction","target":["https:\/\/www.oarcanjo.net\/site\/bem-aventurada-catarina-drexel\/"]}]},{"@type":"ImageObject","inLanguage":"pt-BR","@id":"https:\/\/www.oarcanjo.net\/site\/bem-aventurada-catarina-drexel\/#primaryimage","url":"https:\/\/www.oarcanjo.net\/site\/wp-content\/uploads\/Santa-Catarina-Drexel.jpg","contentUrl":"https:\/\/www.oarcanjo.net\/site\/wp-content\/uploads\/Santa-Catarina-Drexel.jpg","width":238,"height":300,"caption":"Santa Catarina Drexel"},{"@type":"BreadcrumbList","@id":"https:\/\/www.oarcanjo.net\/site\/bem-aventurada-catarina-drexel\/#breadcrumb","itemListElement":[{"@type":"ListItem","position":1,"name":"In\u00edcio","item":"https:\/\/www.oarcanjo.net\/site\/"},{"@type":"ListItem","position":2,"name":"Santa Catarina Drexel"}]},{"@type":"WebSite","@id":"https:\/\/www.oarcanjo.net\/site\/#website","url":"https:\/\/www.oarcanjo.net\/site\/","name":"O Arcanjo no ar","description":"Site da Par\u00f3quia S\u00e3o Miguel Arcanjo (Arquidiocese de SP)","publisher":{"@id":"https:\/\/www.oarcanjo.net\/site\/#organization"},"potentialAction":[{"@type":"SearchAction","target":{"@type":"EntryPoint","urlTemplate":"https:\/\/www.oarcanjo.net\/site\/?s={search_term_string}"},"query-input":{"@type":"PropertyValueSpecification","valueRequired":true,"valueName":"search_term_string"}}],"inLanguage":"pt-BR"},{"@type":"Organization","@id":"https:\/\/www.oarcanjo.net\/site\/#organization","name":"Par\u00f3quia S\u00e3o Miguel Arcanjo","url":"https:\/\/www.oarcanjo.net\/site\/","logo":{"@type":"ImageObject","inLanguage":"pt-BR","@id":"https:\/\/www.oarcanjo.net\/site\/#\/schema\/logo\/image\/","url":"https:\/\/www.oarcanjo.net\/site\/wp-content\/uploads\/LogoOArcanjo.png","contentUrl":"https:\/\/www.oarcanjo.net\/site\/wp-content\/uploads\/LogoOArcanjo.png","width":319,"height":99,"caption":"Par\u00f3quia S\u00e3o Miguel Arcanjo"},"image":{"@id":"https:\/\/www.oarcanjo.net\/site\/#\/schema\/logo\/image\/"},"sameAs":["https:\/\/www.facebook.com\/OArcanjoNoAr\/"]},{"@type":"Person","@id":"https:\/\/www.oarcanjo.net\/site\/#\/schema\/person\/5eb9480bedd2f3c97e430ce128c29c6c","name":"danilo"}]}},"publishpress_future_action":{"enabled":false,"date":"2026-05-08 00:01:34","action":"category","newStatus":"draft","terms":[],"taxonomy":"category"},"publishpress_future_workflow_manual_trigger":{"enabledWorkflows":[]},"_links":{"self":[{"href":"https:\/\/www.oarcanjo.net\/site\/wp-json\/wp\/v2\/posts\/8131"}],"collection":[{"href":"https:\/\/www.oarcanjo.net\/site\/wp-json\/wp\/v2\/posts"}],"about":[{"href":"https:\/\/www.oarcanjo.net\/site\/wp-json\/wp\/v2\/types\/post"}],"author":[{"embeddable":true,"href":"https:\/\/www.oarcanjo.net\/site\/wp-json\/wp\/v2\/users\/14"}],"replies":[{"embeddable":true,"href":"https:\/\/www.oarcanjo.net\/site\/wp-json\/wp\/v2\/comments?post=8131"}],"version-history":[{"count":1,"href":"https:\/\/www.oarcanjo.net\/site\/wp-json\/wp\/v2\/posts\/8131\/revisions"}],"predecessor-version":[{"id":92991,"href":"https:\/\/www.oarcanjo.net\/site\/wp-json\/wp\/v2\/posts\/8131\/revisions\/92991"}],"wp:attachment":[{"href":"https:\/\/www.oarcanjo.net\/site\/wp-json\/wp\/v2\/media?parent=8131"}],"wp:term":[{"taxonomy":"category","embeddable":true,"href":"https:\/\/www.oarcanjo.net\/site\/wp-json\/wp\/v2\/categories?post=8131"},{"taxonomy":"post_tag","embeddable":true,"href":"https:\/\/www.oarcanjo.net\/site\/wp-json\/wp\/v2\/tags?post=8131"}],"curies":[{"name":"wp","href":"https:\/\/api.w.org\/{rel}","templated":true}]}}