
{"id":8141,"date":"2019-03-05T00:29:42","date_gmt":"2019-03-05T03:29:42","guid":{"rendered":"http:\/\/www.oarcanjo.net\/site\/?p=8141"},"modified":"2019-02-20T08:08:49","modified_gmt":"2019-02-20T11:08:49","slug":"sao-joao-jose-da-cruz","status":"publish","type":"post","link":"https:\/\/www.oarcanjo.net\/site\/sao-joao-jose-da-cruz\/","title":{"rendered":"S\u00e3o Jo\u00e3o Jos\u00e9 da Cruz"},"content":{"rendered":"<p><img loading=\"lazy\" decoding=\"async\" class=\"alignnone  wp-image-69424\" src=\"http:\/\/www.oarcanjo.net\/site\/wp-content\/uploads\/Sao-Joao-Jose-da-Cruz.jpg\" alt=\"S\u00e3o Jo\u00e3o Jos\u00e9 da Cruz\" width=\"243\" height=\"351\" srcset=\"https:\/\/www.oarcanjo.net\/site\/wp-content\/uploads\/Sao-Joao-Jose-da-Cruz.jpg 346w, https:\/\/www.oarcanjo.net\/site\/wp-content\/uploads\/Sao-Joao-Jose-da-Cruz-208x300.jpg 208w\" sizes=\"(max-width: 243px) 100vw, 243px\" \/><\/p>\n<p>5 de Mar\u00e7o<\/p>\n<p>Nasceu na ilha de Ischia com o nome de Carlos Caetano Calosirto, aos 15 de agosto de 1654, na cidade de Ponte, It\u00e1lia, filho do nobre Jos\u00e9 e de Laura. Recebeu os ensinamentos b\u00e1sicos e os alicerces religiosos freq\u00fcentando os col\u00e9gios dos padres agostinianos, na pr\u00f3pria ilha.<\/p>\n<p>Aos quinze anos optou pela vida religiosa pela grande voca\u00e7\u00e3o que sentia, ingressando na Ordem dos Franciscanos descal\u00e7os da Reforma de S\u00e3o Pedro de Alc\u00e2ntara, conhecidos tamb\u00e9m como alcantarinos, pela austeridade das Regras dessa comunidade, dependentes do convento de Santa Lucia, em N\u00e1polis.<\/p>\n<p>Tomou o nome de Jo\u00e3o Jos\u00e9 da Cruz e fez o noviciado sob a orienta\u00e7\u00e3o mon\u00e1stica do padre Jos\u00e9 Robles. Em 1671 foi enviando com mais onze sacerdotes, dos quais ele era o mais jovem, para o Piedimonte d&#8217;Alife para constru\u00edrem um convento. Diante das dificuldades encontradas no local n\u00e3o exitou em juntar as pedras com suas pr\u00f3prias m\u00e3os, depois usando cal, madeira e um enxad\u00e3o fez os alicerces. Estimulando assim os outros sacerdotes e o povo, que no come\u00e7o acharam que ele era louco, mas, percebendo que estavam errados come\u00e7aram a ajuda-lo, de modo que um grande convento foi edificado em pouco tempo. Jo\u00e3o Jos\u00e9 da Cruz ordenou-se sacerdote em 1677.<\/p>\n<p>Ao completar vinte e quatro de idade foi nomeado mestre dos novi\u00e7os e, quase ao mesmo tempo, guardi\u00e3o da ordem do convento. Durante a sua perman\u00eancia em Piedimonte, construiu, num local isolado na encosta do bosque, um outro pequeno convento chamado de &#8220;ermo&#8221;, ainda hoje meta de peregrina\u00e7\u00f5es, para poder rezar em retiro. Conseguiu ainda, trabalhando de forma muito ativa e singular, construir o convento do Granelo em Portici, tamb\u00e9m em N\u00e1polis.<\/p>\n<p>Jo\u00e3o Jos\u00e9 da Cruz era muito austero, comia pouco, s\u00f3 uma vez ao dia, dormia poucas horas, tinha o h\u00e1bito de se levantar a meia noite para agradecer a Deus pelo novo dia. Tornou-se famoso entre o povo por sua humildade e foi venerado ainda em vida pela popula\u00e7\u00e3o por causa de sua extrema dedica\u00e7\u00e3o aos pobres e doentes. Fazia quest\u00e3o de ser pobre na vida e na pr\u00f3pria personalidade, como S\u00e3o Francisco de Assis, seu modelo de vida.<\/p>\n<p>Em 1702 foi nomeado vig\u00e1rio provincial da Reforma de S\u00e3o Pedro de Alc\u00e2ntara, na It\u00e1lia. Assim a Ordem, aben\u00e7oada por Deus, desceu de Norte a Sul, adquirindo um bem espiritual t\u00e3o grande que chegou ao Vaticano, o qual tornou a reunir os dois ramos dos alcantarinos. Dessa forma o convento de Santa L\u00facia voltou para os padres italianos e Jo\u00e3o Jose da Cruz retornou para l\u00e1. Nele viveu mais doze anos na santa austeridade e, segundo os registros da Igreja e a tradi\u00e7\u00e3o, realizando prod\u00edgios e curas para seus amados pobres e doentes. Morreu no dia 05 de mar\u00e7o 1734, sendo sepultado nesse mesmo convento.<\/p>\n<p>Foi beatificado pelo papa Greg\u00f3rio XVI, em 1839. As rel\u00edquias de S\u00e3o Jo\u00e3o Jos\u00e9 da Cruz, foram transferidas para o convento franciscano da ilha de Ischia, onde nasceu, e \u00e9 venerado no dia se sua morte.<\/p>\n<div id=\"themify_builder_content-8141\" data-postid=\"8141\" class=\"themify_builder_content themify_builder_content-8141 themify_builder themify_builder_front\">\n\t<\/div>\n<!-- \/themify_builder_content -->","protected":false},"excerpt":{"rendered":"<p>5 de Mar\u00e7o Nasceu na ilha de Ischia com o nome de Carlos Caetano Calosirto, aos 15 de agosto de 1654, na cidade de Ponte, It\u00e1lia, filho do nobre Jos\u00e9 e de Laura. Recebeu os ensinamentos b\u00e1sicos e os alicerces religiosos freq\u00fcentando os col\u00e9gios dos padres agostinianos, na pr\u00f3pria ilha. Aos quinze anos optou pela [&hellip;]<\/p>\n","protected":false},"author":14,"featured_media":0,"comment_status":"open","ping_status":"open","sticky":false,"template":"","format":"standard","meta":{"ngg_post_thumbnail":0,"footnotes":""},"categories":[186],"tags":[],"yoast_head":"<!-- This site is optimized with the Yoast SEO plugin v23.5 - https:\/\/yoast.com\/wordpress\/plugins\/seo\/ -->\n<title>S\u00e3o Jo\u00e3o Jos\u00e9 da Cruz - O Arcanjo no ar<\/title>\n<meta name=\"robots\" content=\"index, follow, max-snippet:-1, max-image-preview:large, max-video-preview:-1\" \/>\n<link rel=\"canonical\" href=\"https:\/\/www.oarcanjo.net\/site\/sao-joao-jose-da-cruz\/\" \/>\n<meta property=\"og:locale\" content=\"pt_BR\" \/>\n<meta property=\"og:type\" content=\"article\" \/>\n<meta property=\"og:title\" content=\"S\u00e3o Jo\u00e3o Jos\u00e9 da Cruz - O Arcanjo no ar\" \/>\n<meta property=\"og:description\" content=\"5 de Mar\u00e7o Nasceu na ilha de Ischia com o nome de Carlos Caetano Calosirto, aos 15 de agosto de 1654, na cidade de Ponte, It\u00e1lia, filho do nobre Jos\u00e9 e de Laura. Recebeu os ensinamentos b\u00e1sicos e os alicerces religiosos freq\u00fcentando os col\u00e9gios dos padres agostinianos, na pr\u00f3pria ilha. Aos quinze anos optou pela [&hellip;]\" \/>\n<meta property=\"og:url\" content=\"https:\/\/www.oarcanjo.net\/site\/sao-joao-jose-da-cruz\/\" \/>\n<meta property=\"og:site_name\" content=\"O Arcanjo no ar\" \/>\n<meta property=\"article:publisher\" content=\"https:\/\/www.facebook.com\/OArcanjoNoAr\/\" \/>\n<meta property=\"article:published_time\" content=\"2019-03-05T03:29:42+00:00\" \/>\n<meta property=\"article:modified_time\" content=\"2019-02-20T11:08:49+00:00\" \/>\n<meta property=\"og:image\" content=\"http:\/\/www.oarcanjo.net\/site\/wp-content\/uploads\/Sao-Joao-Jose-da-Cruz.jpg\" \/>\n<meta name=\"author\" content=\"danilo\" \/>\n<meta name=\"twitter:card\" content=\"summary_large_image\" \/>\n<meta name=\"twitter:label1\" content=\"Escrito por\" \/>\n\t<meta name=\"twitter:data1\" content=\"danilo\" \/>\n\t<meta name=\"twitter:label2\" content=\"Est. tempo de leitura\" \/>\n\t<meta name=\"twitter:data2\" content=\"3 minutos\" \/>\n<script type=\"application\/ld+json\" class=\"yoast-schema-graph\">{\"@context\":\"https:\/\/schema.org\",\"@graph\":[{\"@type\":\"Article\",\"@id\":\"https:\/\/www.oarcanjo.net\/site\/sao-joao-jose-da-cruz\/#article\",\"isPartOf\":{\"@id\":\"https:\/\/www.oarcanjo.net\/site\/sao-joao-jose-da-cruz\/\"},\"author\":{\"name\":\"danilo\",\"@id\":\"https:\/\/www.oarcanjo.net\/site\/#\/schema\/person\/5eb9480bedd2f3c97e430ce128c29c6c\"},\"headline\":\"S\u00e3o Jo\u00e3o Jos\u00e9 da Cruz\",\"datePublished\":\"2019-03-05T03:29:42+00:00\",\"dateModified\":\"2019-02-20T11:08:49+00:00\",\"mainEntityOfPage\":{\"@id\":\"https:\/\/www.oarcanjo.net\/site\/sao-joao-jose-da-cruz\/\"},\"wordCount\":545,\"commentCount\":0,\"publisher\":{\"@id\":\"https:\/\/www.oarcanjo.net\/site\/#organization\"},\"image\":{\"@id\":\"https:\/\/www.oarcanjo.net\/site\/sao-joao-jose-da-cruz\/#primaryimage\"},\"thumbnailUrl\":\"http:\/\/www.oarcanjo.net\/site\/wp-content\/uploads\/Sao-Joao-Jose-da-Cruz.jpg\",\"articleSection\":[\"Testemunhos\"],\"inLanguage\":\"pt-BR\",\"potentialAction\":[{\"@type\":\"CommentAction\",\"name\":\"Comment\",\"target\":[\"https:\/\/www.oarcanjo.net\/site\/sao-joao-jose-da-cruz\/#respond\"]}]},{\"@type\":\"WebPage\",\"@id\":\"https:\/\/www.oarcanjo.net\/site\/sao-joao-jose-da-cruz\/\",\"url\":\"https:\/\/www.oarcanjo.net\/site\/sao-joao-jose-da-cruz\/\",\"name\":\"S\u00e3o Jo\u00e3o Jos\u00e9 da Cruz - O Arcanjo no ar\",\"isPartOf\":{\"@id\":\"https:\/\/www.oarcanjo.net\/site\/#website\"},\"primaryImageOfPage\":{\"@id\":\"https:\/\/www.oarcanjo.net\/site\/sao-joao-jose-da-cruz\/#primaryimage\"},\"image\":{\"@id\":\"https:\/\/www.oarcanjo.net\/site\/sao-joao-jose-da-cruz\/#primaryimage\"},\"thumbnailUrl\":\"http:\/\/www.oarcanjo.net\/site\/wp-content\/uploads\/Sao-Joao-Jose-da-Cruz.jpg\",\"datePublished\":\"2019-03-05T03:29:42+00:00\",\"dateModified\":\"2019-02-20T11:08:49+00:00\",\"breadcrumb\":{\"@id\":\"https:\/\/www.oarcanjo.net\/site\/sao-joao-jose-da-cruz\/#breadcrumb\"},\"inLanguage\":\"pt-BR\",\"potentialAction\":[{\"@type\":\"ReadAction\",\"target\":[\"https:\/\/www.oarcanjo.net\/site\/sao-joao-jose-da-cruz\/\"]}]},{\"@type\":\"ImageObject\",\"inLanguage\":\"pt-BR\",\"@id\":\"https:\/\/www.oarcanjo.net\/site\/sao-joao-jose-da-cruz\/#primaryimage\",\"url\":\"https:\/\/www.oarcanjo.net\/site\/wp-content\/uploads\/Sao-Joao-Jose-da-Cruz.jpg\",\"contentUrl\":\"https:\/\/www.oarcanjo.net\/site\/wp-content\/uploads\/Sao-Joao-Jose-da-Cruz.jpg\",\"width\":346,\"height\":500,\"caption\":\"S\u00e3o Jo\u00e3o Jos\u00e9 da Cruz\"},{\"@type\":\"BreadcrumbList\",\"@id\":\"https:\/\/www.oarcanjo.net\/site\/sao-joao-jose-da-cruz\/#breadcrumb\",\"itemListElement\":[{\"@type\":\"ListItem\",\"position\":1,\"name\":\"In\u00edcio\",\"item\":\"https:\/\/www.oarcanjo.net\/site\/\"},{\"@type\":\"ListItem\",\"position\":2,\"name\":\"S\u00e3o Jo\u00e3o Jos\u00e9 da Cruz\"}]},{\"@type\":\"WebSite\",\"@id\":\"https:\/\/www.oarcanjo.net\/site\/#website\",\"url\":\"https:\/\/www.oarcanjo.net\/site\/\",\"name\":\"O Arcanjo no ar\",\"description\":\"Site da Par\u00f3quia S\u00e3o Miguel Arcanjo (Arquidiocese de SP)\",\"publisher\":{\"@id\":\"https:\/\/www.oarcanjo.net\/site\/#organization\"},\"potentialAction\":[{\"@type\":\"SearchAction\",\"target\":{\"@type\":\"EntryPoint\",\"urlTemplate\":\"https:\/\/www.oarcanjo.net\/site\/?s={search_term_string}\"},\"query-input\":{\"@type\":\"PropertyValueSpecification\",\"valueRequired\":true,\"valueName\":\"search_term_string\"}}],\"inLanguage\":\"pt-BR\"},{\"@type\":\"Organization\",\"@id\":\"https:\/\/www.oarcanjo.net\/site\/#organization\",\"name\":\"Par\u00f3quia S\u00e3o Miguel Arcanjo\",\"url\":\"https:\/\/www.oarcanjo.net\/site\/\",\"logo\":{\"@type\":\"ImageObject\",\"inLanguage\":\"pt-BR\",\"@id\":\"https:\/\/www.oarcanjo.net\/site\/#\/schema\/logo\/image\/\",\"url\":\"https:\/\/www.oarcanjo.net\/site\/wp-content\/uploads\/LogoOArcanjo.png\",\"contentUrl\":\"https:\/\/www.oarcanjo.net\/site\/wp-content\/uploads\/LogoOArcanjo.png\",\"width\":319,\"height\":99,\"caption\":\"Par\u00f3quia S\u00e3o Miguel Arcanjo\"},\"image\":{\"@id\":\"https:\/\/www.oarcanjo.net\/site\/#\/schema\/logo\/image\/\"},\"sameAs\":[\"https:\/\/www.facebook.com\/OArcanjoNoAr\/\"]},{\"@type\":\"Person\",\"@id\":\"https:\/\/www.oarcanjo.net\/site\/#\/schema\/person\/5eb9480bedd2f3c97e430ce128c29c6c\",\"name\":\"danilo\"}]}<\/script>\n<!-- \/ Yoast SEO plugin. -->","yoast_head_json":{"title":"S\u00e3o Jo\u00e3o Jos\u00e9 da Cruz - O Arcanjo no ar","robots":{"index":"index","follow":"follow","max-snippet":"max-snippet:-1","max-image-preview":"max-image-preview:large","max-video-preview":"max-video-preview:-1"},"canonical":"https:\/\/www.oarcanjo.net\/site\/sao-joao-jose-da-cruz\/","og_locale":"pt_BR","og_type":"article","og_title":"S\u00e3o Jo\u00e3o Jos\u00e9 da Cruz - O Arcanjo no ar","og_description":"5 de Mar\u00e7o Nasceu na ilha de Ischia com o nome de Carlos Caetano Calosirto, aos 15 de agosto de 1654, na cidade de Ponte, It\u00e1lia, filho do nobre Jos\u00e9 e de Laura. Recebeu os ensinamentos b\u00e1sicos e os alicerces religiosos freq\u00fcentando os col\u00e9gios dos padres agostinianos, na pr\u00f3pria ilha. Aos quinze anos optou pela [&hellip;]","og_url":"https:\/\/www.oarcanjo.net\/site\/sao-joao-jose-da-cruz\/","og_site_name":"O Arcanjo no ar","article_publisher":"https:\/\/www.facebook.com\/OArcanjoNoAr\/","article_published_time":"2019-03-05T03:29:42+00:00","article_modified_time":"2019-02-20T11:08:49+00:00","og_image":[{"url":"http:\/\/www.oarcanjo.net\/site\/wp-content\/uploads\/Sao-Joao-Jose-da-Cruz.jpg"}],"author":"danilo","twitter_card":"summary_large_image","twitter_misc":{"Escrito por":"danilo","Est. tempo de leitura":"3 minutos"},"schema":{"@context":"https:\/\/schema.org","@graph":[{"@type":"Article","@id":"https:\/\/www.oarcanjo.net\/site\/sao-joao-jose-da-cruz\/#article","isPartOf":{"@id":"https:\/\/www.oarcanjo.net\/site\/sao-joao-jose-da-cruz\/"},"author":{"name":"danilo","@id":"https:\/\/www.oarcanjo.net\/site\/#\/schema\/person\/5eb9480bedd2f3c97e430ce128c29c6c"},"headline":"S\u00e3o Jo\u00e3o Jos\u00e9 da Cruz","datePublished":"2019-03-05T03:29:42+00:00","dateModified":"2019-02-20T11:08:49+00:00","mainEntityOfPage":{"@id":"https:\/\/www.oarcanjo.net\/site\/sao-joao-jose-da-cruz\/"},"wordCount":545,"commentCount":0,"publisher":{"@id":"https:\/\/www.oarcanjo.net\/site\/#organization"},"image":{"@id":"https:\/\/www.oarcanjo.net\/site\/sao-joao-jose-da-cruz\/#primaryimage"},"thumbnailUrl":"http:\/\/www.oarcanjo.net\/site\/wp-content\/uploads\/Sao-Joao-Jose-da-Cruz.jpg","articleSection":["Testemunhos"],"inLanguage":"pt-BR","potentialAction":[{"@type":"CommentAction","name":"Comment","target":["https:\/\/www.oarcanjo.net\/site\/sao-joao-jose-da-cruz\/#respond"]}]},{"@type":"WebPage","@id":"https:\/\/www.oarcanjo.net\/site\/sao-joao-jose-da-cruz\/","url":"https:\/\/www.oarcanjo.net\/site\/sao-joao-jose-da-cruz\/","name":"S\u00e3o Jo\u00e3o Jos\u00e9 da Cruz - O Arcanjo no ar","isPartOf":{"@id":"https:\/\/www.oarcanjo.net\/site\/#website"},"primaryImageOfPage":{"@id":"https:\/\/www.oarcanjo.net\/site\/sao-joao-jose-da-cruz\/#primaryimage"},"image":{"@id":"https:\/\/www.oarcanjo.net\/site\/sao-joao-jose-da-cruz\/#primaryimage"},"thumbnailUrl":"http:\/\/www.oarcanjo.net\/site\/wp-content\/uploads\/Sao-Joao-Jose-da-Cruz.jpg","datePublished":"2019-03-05T03:29:42+00:00","dateModified":"2019-02-20T11:08:49+00:00","breadcrumb":{"@id":"https:\/\/www.oarcanjo.net\/site\/sao-joao-jose-da-cruz\/#breadcrumb"},"inLanguage":"pt-BR","potentialAction":[{"@type":"ReadAction","target":["https:\/\/www.oarcanjo.net\/site\/sao-joao-jose-da-cruz\/"]}]},{"@type":"ImageObject","inLanguage":"pt-BR","@id":"https:\/\/www.oarcanjo.net\/site\/sao-joao-jose-da-cruz\/#primaryimage","url":"https:\/\/www.oarcanjo.net\/site\/wp-content\/uploads\/Sao-Joao-Jose-da-Cruz.jpg","contentUrl":"https:\/\/www.oarcanjo.net\/site\/wp-content\/uploads\/Sao-Joao-Jose-da-Cruz.jpg","width":346,"height":500,"caption":"S\u00e3o Jo\u00e3o Jos\u00e9 da Cruz"},{"@type":"BreadcrumbList","@id":"https:\/\/www.oarcanjo.net\/site\/sao-joao-jose-da-cruz\/#breadcrumb","itemListElement":[{"@type":"ListItem","position":1,"name":"In\u00edcio","item":"https:\/\/www.oarcanjo.net\/site\/"},{"@type":"ListItem","position":2,"name":"S\u00e3o Jo\u00e3o Jos\u00e9 da Cruz"}]},{"@type":"WebSite","@id":"https:\/\/www.oarcanjo.net\/site\/#website","url":"https:\/\/www.oarcanjo.net\/site\/","name":"O Arcanjo no ar","description":"Site da Par\u00f3quia S\u00e3o Miguel Arcanjo (Arquidiocese de SP)","publisher":{"@id":"https:\/\/www.oarcanjo.net\/site\/#organization"},"potentialAction":[{"@type":"SearchAction","target":{"@type":"EntryPoint","urlTemplate":"https:\/\/www.oarcanjo.net\/site\/?s={search_term_string}"},"query-input":{"@type":"PropertyValueSpecification","valueRequired":true,"valueName":"search_term_string"}}],"inLanguage":"pt-BR"},{"@type":"Organization","@id":"https:\/\/www.oarcanjo.net\/site\/#organization","name":"Par\u00f3quia S\u00e3o Miguel Arcanjo","url":"https:\/\/www.oarcanjo.net\/site\/","logo":{"@type":"ImageObject","inLanguage":"pt-BR","@id":"https:\/\/www.oarcanjo.net\/site\/#\/schema\/logo\/image\/","url":"https:\/\/www.oarcanjo.net\/site\/wp-content\/uploads\/LogoOArcanjo.png","contentUrl":"https:\/\/www.oarcanjo.net\/site\/wp-content\/uploads\/LogoOArcanjo.png","width":319,"height":99,"caption":"Par\u00f3quia S\u00e3o Miguel Arcanjo"},"image":{"@id":"https:\/\/www.oarcanjo.net\/site\/#\/schema\/logo\/image\/"},"sameAs":["https:\/\/www.facebook.com\/OArcanjoNoAr\/"]},{"@type":"Person","@id":"https:\/\/www.oarcanjo.net\/site\/#\/schema\/person\/5eb9480bedd2f3c97e430ce128c29c6c","name":"danilo"}]}},"publishpress_future_action":{"enabled":false,"date":"2026-05-07 23:37:49","action":"category","newStatus":"draft","terms":[],"taxonomy":"category"},"publishpress_future_workflow_manual_trigger":{"enabledWorkflows":[]},"_links":{"self":[{"href":"https:\/\/www.oarcanjo.net\/site\/wp-json\/wp\/v2\/posts\/8141"}],"collection":[{"href":"https:\/\/www.oarcanjo.net\/site\/wp-json\/wp\/v2\/posts"}],"about":[{"href":"https:\/\/www.oarcanjo.net\/site\/wp-json\/wp\/v2\/types\/post"}],"author":[{"embeddable":true,"href":"https:\/\/www.oarcanjo.net\/site\/wp-json\/wp\/v2\/users\/14"}],"replies":[{"embeddable":true,"href":"https:\/\/www.oarcanjo.net\/site\/wp-json\/wp\/v2\/comments?post=8141"}],"version-history":[{"count":1,"href":"https:\/\/www.oarcanjo.net\/site\/wp-json\/wp\/v2\/posts\/8141\/revisions"}],"predecessor-version":[{"id":92993,"href":"https:\/\/www.oarcanjo.net\/site\/wp-json\/wp\/v2\/posts\/8141\/revisions\/92993"}],"wp:attachment":[{"href":"https:\/\/www.oarcanjo.net\/site\/wp-json\/wp\/v2\/media?parent=8141"}],"wp:term":[{"taxonomy":"category","embeddable":true,"href":"https:\/\/www.oarcanjo.net\/site\/wp-json\/wp\/v2\/categories?post=8141"},{"taxonomy":"post_tag","embeddable":true,"href":"https:\/\/www.oarcanjo.net\/site\/wp-json\/wp\/v2\/tags?post=8141"}],"curies":[{"name":"wp","href":"https:\/\/api.w.org\/{rel}","templated":true}]}}