
{"id":81430,"date":"2017-04-30T19:30:46","date_gmt":"2017-04-30T22:30:46","guid":{"rendered":"http:\/\/www.oarcanjo.net\/site\/?p=81430"},"modified":"2017-04-30T14:54:47","modified_gmt":"2017-04-30T17:54:47","slug":"homilia-do-pe-julio-no-3o-domingo-da-pascoa-30042017","status":"publish","type":"post","link":"https:\/\/www.oarcanjo.net\/site\/homilia-do-pe-julio-no-3o-domingo-da-pascoa-30042017\/","title":{"rendered":"Homilia do Pe. Julio no 3\u00ba Domingo da P\u00e1scoa &#8211; 30\/04\/2017"},"content":{"rendered":"<p>&#8220;N\u00e3o tem jeito de reconhecer e conhecer Jesus a n\u00e3o ser partilhando e compartilhando o p\u00e3o&#8221;. No 3\u00ba Domingo da P\u00e1scoa, celebrado em 30\/04\/2017, o Evangelho narra o epis\u00f3dio conhecido como &#8220;os disc\u00edpulos de Ema\u00fas&#8221;, em que Jesus aparece para dois disc\u00edpulos mas num primeiro momento n\u00e3o \u00e9 reconhecido por eles. Acompanhe a reflex\u00e3o do Pe. Julio:<\/p>\n<p><iframe loading=\"lazy\" width=\"700\" height=\"394\" src=\"https:\/\/www.youtube.com\/embed\/ifYD3ebkjL4?rel=0\" frameborder=\"0\" allowfullscreen><\/iframe><\/p>\n<p>Grava\u00e7\u00e3o realizada na missa das 10h na capela da Universidade S\u00e3o Judas Tadeu, em S\u00e3o Paulo.<\/p>\n<div id=\"themify_builder_content-81430\" data-postid=\"81430\" class=\"themify_builder_content themify_builder_content-81430 themify_builder themify_builder_front\">\n\t<\/div>\n<!-- \/themify_builder_content -->","protected":false},"excerpt":{"rendered":"<p>&#8220;N\u00e3o tem jeito de reconhecer e conhecer Jesus a n\u00e3o ser partilhando e compartilhando o p\u00e3o&#8221;<\/p>\n","protected":false},"author":5,"featured_media":81431,"comment_status":"open","ping_status":"open","sticky":false,"template":"","format":"standard","meta":{"ngg_post_thumbnail":0,"footnotes":""},"categories":[4,3,475],"tags":[],"yoast_head":"<!-- This site is optimized with the Yoast SEO plugin v23.5 - https:\/\/yoast.com\/wordpress\/plugins\/seo\/ -->\n<title>Homilia do Pe. Julio no 3\u00ba Domingo da P\u00e1scoa - 30\/04\/2017 - O Arcanjo no ar<\/title>\n<meta name=\"robots\" content=\"index, follow, max-snippet:-1, max-image-preview:large, max-video-preview:-1\" \/>\n<link rel=\"canonical\" href=\"https:\/\/www.oarcanjo.net\/site\/homilia-do-pe-julio-no-3o-domingo-da-pascoa-30042017\/\" \/>\n<meta property=\"og:locale\" content=\"pt_BR\" \/>\n<meta property=\"og:type\" content=\"article\" \/>\n<meta property=\"og:title\" content=\"Homilia do Pe. Julio no 3\u00ba Domingo da P\u00e1scoa - 30\/04\/2017 - O Arcanjo no ar\" \/>\n<meta property=\"og:description\" content=\"&quot;N\u00e3o tem jeito de reconhecer e conhecer Jesus a n\u00e3o ser partilhando e compartilhando o p\u00e3o&quot;\" \/>\n<meta property=\"og:url\" content=\"https:\/\/www.oarcanjo.net\/site\/homilia-do-pe-julio-no-3o-domingo-da-pascoa-30042017\/\" \/>\n<meta property=\"og:site_name\" content=\"O Arcanjo no ar\" \/>\n<meta property=\"article:publisher\" content=\"https:\/\/www.facebook.com\/OArcanjoNoAr\/\" \/>\n<meta property=\"article:published_time\" content=\"2017-04-30T22:30:46+00:00\" \/>\n<meta property=\"article:modified_time\" content=\"2017-04-30T17:54:47+00:00\" \/>\n<meta property=\"og:image\" content=\"https:\/\/www.oarcanjo.net\/site\/wp-content\/uploads\/20170430Homilia03.png\" \/>\n\t<meta property=\"og:image:width\" content=\"1110\" \/>\n\t<meta property=\"og:image:height\" content=\"624\" \/>\n\t<meta property=\"og:image:type\" content=\"image\/png\" \/>\n<meta name=\"author\" content=\"editor\" \/>\n<meta name=\"twitter:card\" content=\"summary_large_image\" \/>\n<meta name=\"twitter:label1\" content=\"Escrito por\" \/>\n\t<meta name=\"twitter:data1\" content=\"editor\" \/>\n<script type=\"application\/ld+json\" class=\"yoast-schema-graph\">{\"@context\":\"https:\/\/schema.org\",\"@graph\":[{\"@type\":\"Article\",\"@id\":\"https:\/\/www.oarcanjo.net\/site\/homilia-do-pe-julio-no-3o-domingo-da-pascoa-30042017\/#article\",\"isPartOf\":{\"@id\":\"https:\/\/www.oarcanjo.net\/site\/homilia-do-pe-julio-no-3o-domingo-da-pascoa-30042017\/\"},\"author\":{\"name\":\"editor\",\"@id\":\"https:\/\/www.oarcanjo.net\/site\/#\/schema\/person\/f7024d007863202483a31326673a0838\"},\"headline\":\"Homilia do Pe. Julio no 3\u00ba Domingo da P\u00e1scoa &#8211; 30\/04\/2017\",\"datePublished\":\"2017-04-30T22:30:46+00:00\",\"dateModified\":\"2017-04-30T17:54:47+00:00\",\"mainEntityOfPage\":{\"@id\":\"https:\/\/www.oarcanjo.net\/site\/homilia-do-pe-julio-no-3o-domingo-da-pascoa-30042017\/\"},\"wordCount\":93,\"commentCount\":0,\"publisher\":{\"@id\":\"https:\/\/www.oarcanjo.net\/site\/#organization\"},\"image\":{\"@id\":\"https:\/\/www.oarcanjo.net\/site\/homilia-do-pe-julio-no-3o-domingo-da-pascoa-30042017\/#primaryimage\"},\"thumbnailUrl\":\"https:\/\/www.oarcanjo.net\/site\/wp-content\/uploads\/20170430Homilia03.png\",\"articleSection\":[\"Blog\",\"Destaques\",\"Homilias\"],\"inLanguage\":\"pt-BR\",\"potentialAction\":[{\"@type\":\"CommentAction\",\"name\":\"Comment\",\"target\":[\"https:\/\/www.oarcanjo.net\/site\/homilia-do-pe-julio-no-3o-domingo-da-pascoa-30042017\/#respond\"]}]},{\"@type\":\"WebPage\",\"@id\":\"https:\/\/www.oarcanjo.net\/site\/homilia-do-pe-julio-no-3o-domingo-da-pascoa-30042017\/\",\"url\":\"https:\/\/www.oarcanjo.net\/site\/homilia-do-pe-julio-no-3o-domingo-da-pascoa-30042017\/\",\"name\":\"Homilia do Pe. Julio no 3\u00ba Domingo da P\u00e1scoa - 30\/04\/2017 - O Arcanjo no ar\",\"isPartOf\":{\"@id\":\"https:\/\/www.oarcanjo.net\/site\/#website\"},\"primaryImageOfPage\":{\"@id\":\"https:\/\/www.oarcanjo.net\/site\/homilia-do-pe-julio-no-3o-domingo-da-pascoa-30042017\/#primaryimage\"},\"image\":{\"@id\":\"https:\/\/www.oarcanjo.net\/site\/homilia-do-pe-julio-no-3o-domingo-da-pascoa-30042017\/#primaryimage\"},\"thumbnailUrl\":\"https:\/\/www.oarcanjo.net\/site\/wp-content\/uploads\/20170430Homilia03.png\",\"datePublished\":\"2017-04-30T22:30:46+00:00\",\"dateModified\":\"2017-04-30T17:54:47+00:00\",\"breadcrumb\":{\"@id\":\"https:\/\/www.oarcanjo.net\/site\/homilia-do-pe-julio-no-3o-domingo-da-pascoa-30042017\/#breadcrumb\"},\"inLanguage\":\"pt-BR\",\"potentialAction\":[{\"@type\":\"ReadAction\",\"target\":[\"https:\/\/www.oarcanjo.net\/site\/homilia-do-pe-julio-no-3o-domingo-da-pascoa-30042017\/\"]}]},{\"@type\":\"ImageObject\",\"inLanguage\":\"pt-BR\",\"@id\":\"https:\/\/www.oarcanjo.net\/site\/homilia-do-pe-julio-no-3o-domingo-da-pascoa-30042017\/#primaryimage\",\"url\":\"https:\/\/www.oarcanjo.net\/site\/wp-content\/uploads\/20170430Homilia03.png\",\"contentUrl\":\"https:\/\/www.oarcanjo.net\/site\/wp-content\/uploads\/20170430Homilia03.png\",\"width\":1110,\"height\":624},{\"@type\":\"BreadcrumbList\",\"@id\":\"https:\/\/www.oarcanjo.net\/site\/homilia-do-pe-julio-no-3o-domingo-da-pascoa-30042017\/#breadcrumb\",\"itemListElement\":[{\"@type\":\"ListItem\",\"position\":1,\"name\":\"In\u00edcio\",\"item\":\"https:\/\/www.oarcanjo.net\/site\/\"},{\"@type\":\"ListItem\",\"position\":2,\"name\":\"Homilia do Pe. Julio no 3\u00ba Domingo da P\u00e1scoa &#8211; 30\/04\/2017\"}]},{\"@type\":\"WebSite\",\"@id\":\"https:\/\/www.oarcanjo.net\/site\/#website\",\"url\":\"https:\/\/www.oarcanjo.net\/site\/\",\"name\":\"O Arcanjo no ar\",\"description\":\"Site da Par\u00f3quia S\u00e3o Miguel Arcanjo (Arquidiocese de SP)\",\"publisher\":{\"@id\":\"https:\/\/www.oarcanjo.net\/site\/#organization\"},\"potentialAction\":[{\"@type\":\"SearchAction\",\"target\":{\"@type\":\"EntryPoint\",\"urlTemplate\":\"https:\/\/www.oarcanjo.net\/site\/?s={search_term_string}\"},\"query-input\":{\"@type\":\"PropertyValueSpecification\",\"valueRequired\":true,\"valueName\":\"search_term_string\"}}],\"inLanguage\":\"pt-BR\"},{\"@type\":\"Organization\",\"@id\":\"https:\/\/www.oarcanjo.net\/site\/#organization\",\"name\":\"Par\u00f3quia S\u00e3o Miguel Arcanjo\",\"url\":\"https:\/\/www.oarcanjo.net\/site\/\",\"logo\":{\"@type\":\"ImageObject\",\"inLanguage\":\"pt-BR\",\"@id\":\"https:\/\/www.oarcanjo.net\/site\/#\/schema\/logo\/image\/\",\"url\":\"https:\/\/www.oarcanjo.net\/site\/wp-content\/uploads\/LogoOArcanjo.png\",\"contentUrl\":\"https:\/\/www.oarcanjo.net\/site\/wp-content\/uploads\/LogoOArcanjo.png\",\"width\":319,\"height\":99,\"caption\":\"Par\u00f3quia S\u00e3o Miguel Arcanjo\"},\"image\":{\"@id\":\"https:\/\/www.oarcanjo.net\/site\/#\/schema\/logo\/image\/\"},\"sameAs\":[\"https:\/\/www.facebook.com\/OArcanjoNoAr\/\"]},{\"@type\":\"Person\",\"@id\":\"https:\/\/www.oarcanjo.net\/site\/#\/schema\/person\/f7024d007863202483a31326673a0838\",\"name\":\"editor\",\"sameAs\":[\"http:\/\/www.oarcanjo.net\"]}]}<\/script>\n<!-- \/ Yoast SEO plugin. -->","yoast_head_json":{"title":"Homilia do Pe. Julio no 3\u00ba Domingo da P\u00e1scoa - 30\/04\/2017 - O Arcanjo no ar","robots":{"index":"index","follow":"follow","max-snippet":"max-snippet:-1","max-image-preview":"max-image-preview:large","max-video-preview":"max-video-preview:-1"},"canonical":"https:\/\/www.oarcanjo.net\/site\/homilia-do-pe-julio-no-3o-domingo-da-pascoa-30042017\/","og_locale":"pt_BR","og_type":"article","og_title":"Homilia do Pe. Julio no 3\u00ba Domingo da P\u00e1scoa - 30\/04\/2017 - O Arcanjo no ar","og_description":"\"N\u00e3o tem jeito de reconhecer e conhecer Jesus a n\u00e3o ser partilhando e compartilhando o p\u00e3o\"","og_url":"https:\/\/www.oarcanjo.net\/site\/homilia-do-pe-julio-no-3o-domingo-da-pascoa-30042017\/","og_site_name":"O Arcanjo no ar","article_publisher":"https:\/\/www.facebook.com\/OArcanjoNoAr\/","article_published_time":"2017-04-30T22:30:46+00:00","article_modified_time":"2017-04-30T17:54:47+00:00","og_image":[{"width":1110,"height":624,"url":"https:\/\/www.oarcanjo.net\/site\/wp-content\/uploads\/20170430Homilia03.png","type":"image\/png"}],"author":"editor","twitter_card":"summary_large_image","twitter_misc":{"Escrito por":"editor"},"schema":{"@context":"https:\/\/schema.org","@graph":[{"@type":"Article","@id":"https:\/\/www.oarcanjo.net\/site\/homilia-do-pe-julio-no-3o-domingo-da-pascoa-30042017\/#article","isPartOf":{"@id":"https:\/\/www.oarcanjo.net\/site\/homilia-do-pe-julio-no-3o-domingo-da-pascoa-30042017\/"},"author":{"name":"editor","@id":"https:\/\/www.oarcanjo.net\/site\/#\/schema\/person\/f7024d007863202483a31326673a0838"},"headline":"Homilia do Pe. Julio no 3\u00ba Domingo da P\u00e1scoa &#8211; 30\/04\/2017","datePublished":"2017-04-30T22:30:46+00:00","dateModified":"2017-04-30T17:54:47+00:00","mainEntityOfPage":{"@id":"https:\/\/www.oarcanjo.net\/site\/homilia-do-pe-julio-no-3o-domingo-da-pascoa-30042017\/"},"wordCount":93,"commentCount":0,"publisher":{"@id":"https:\/\/www.oarcanjo.net\/site\/#organization"},"image":{"@id":"https:\/\/www.oarcanjo.net\/site\/homilia-do-pe-julio-no-3o-domingo-da-pascoa-30042017\/#primaryimage"},"thumbnailUrl":"https:\/\/www.oarcanjo.net\/site\/wp-content\/uploads\/20170430Homilia03.png","articleSection":["Blog","Destaques","Homilias"],"inLanguage":"pt-BR","potentialAction":[{"@type":"CommentAction","name":"Comment","target":["https:\/\/www.oarcanjo.net\/site\/homilia-do-pe-julio-no-3o-domingo-da-pascoa-30042017\/#respond"]}]},{"@type":"WebPage","@id":"https:\/\/www.oarcanjo.net\/site\/homilia-do-pe-julio-no-3o-domingo-da-pascoa-30042017\/","url":"https:\/\/www.oarcanjo.net\/site\/homilia-do-pe-julio-no-3o-domingo-da-pascoa-30042017\/","name":"Homilia do Pe. Julio no 3\u00ba Domingo da P\u00e1scoa - 30\/04\/2017 - O Arcanjo no ar","isPartOf":{"@id":"https:\/\/www.oarcanjo.net\/site\/#website"},"primaryImageOfPage":{"@id":"https:\/\/www.oarcanjo.net\/site\/homilia-do-pe-julio-no-3o-domingo-da-pascoa-30042017\/#primaryimage"},"image":{"@id":"https:\/\/www.oarcanjo.net\/site\/homilia-do-pe-julio-no-3o-domingo-da-pascoa-30042017\/#primaryimage"},"thumbnailUrl":"https:\/\/www.oarcanjo.net\/site\/wp-content\/uploads\/20170430Homilia03.png","datePublished":"2017-04-30T22:30:46+00:00","dateModified":"2017-04-30T17:54:47+00:00","breadcrumb":{"@id":"https:\/\/www.oarcanjo.net\/site\/homilia-do-pe-julio-no-3o-domingo-da-pascoa-30042017\/#breadcrumb"},"inLanguage":"pt-BR","potentialAction":[{"@type":"ReadAction","target":["https:\/\/www.oarcanjo.net\/site\/homilia-do-pe-julio-no-3o-domingo-da-pascoa-30042017\/"]}]},{"@type":"ImageObject","inLanguage":"pt-BR","@id":"https:\/\/www.oarcanjo.net\/site\/homilia-do-pe-julio-no-3o-domingo-da-pascoa-30042017\/#primaryimage","url":"https:\/\/www.oarcanjo.net\/site\/wp-content\/uploads\/20170430Homilia03.png","contentUrl":"https:\/\/www.oarcanjo.net\/site\/wp-content\/uploads\/20170430Homilia03.png","width":1110,"height":624},{"@type":"BreadcrumbList","@id":"https:\/\/www.oarcanjo.net\/site\/homilia-do-pe-julio-no-3o-domingo-da-pascoa-30042017\/#breadcrumb","itemListElement":[{"@type":"ListItem","position":1,"name":"In\u00edcio","item":"https:\/\/www.oarcanjo.net\/site\/"},{"@type":"ListItem","position":2,"name":"Homilia do Pe. Julio no 3\u00ba Domingo da P\u00e1scoa &#8211; 30\/04\/2017"}]},{"@type":"WebSite","@id":"https:\/\/www.oarcanjo.net\/site\/#website","url":"https:\/\/www.oarcanjo.net\/site\/","name":"O Arcanjo no ar","description":"Site da Par\u00f3quia S\u00e3o Miguel Arcanjo (Arquidiocese de SP)","publisher":{"@id":"https:\/\/www.oarcanjo.net\/site\/#organization"},"potentialAction":[{"@type":"SearchAction","target":{"@type":"EntryPoint","urlTemplate":"https:\/\/www.oarcanjo.net\/site\/?s={search_term_string}"},"query-input":{"@type":"PropertyValueSpecification","valueRequired":true,"valueName":"search_term_string"}}],"inLanguage":"pt-BR"},{"@type":"Organization","@id":"https:\/\/www.oarcanjo.net\/site\/#organization","name":"Par\u00f3quia S\u00e3o Miguel Arcanjo","url":"https:\/\/www.oarcanjo.net\/site\/","logo":{"@type":"ImageObject","inLanguage":"pt-BR","@id":"https:\/\/www.oarcanjo.net\/site\/#\/schema\/logo\/image\/","url":"https:\/\/www.oarcanjo.net\/site\/wp-content\/uploads\/LogoOArcanjo.png","contentUrl":"https:\/\/www.oarcanjo.net\/site\/wp-content\/uploads\/LogoOArcanjo.png","width":319,"height":99,"caption":"Par\u00f3quia S\u00e3o Miguel Arcanjo"},"image":{"@id":"https:\/\/www.oarcanjo.net\/site\/#\/schema\/logo\/image\/"},"sameAs":["https:\/\/www.facebook.com\/OArcanjoNoAr\/"]},{"@type":"Person","@id":"https:\/\/www.oarcanjo.net\/site\/#\/schema\/person\/f7024d007863202483a31326673a0838","name":"editor","sameAs":["http:\/\/www.oarcanjo.net"]}]}},"publishpress_future_action":{"enabled":false,"date":"2026-05-09 00:24:12","action":"category","newStatus":"draft","terms":[],"taxonomy":"category"},"publishpress_future_workflow_manual_trigger":{"enabledWorkflows":[]},"_links":{"self":[{"href":"https:\/\/www.oarcanjo.net\/site\/wp-json\/wp\/v2\/posts\/81430"}],"collection":[{"href":"https:\/\/www.oarcanjo.net\/site\/wp-json\/wp\/v2\/posts"}],"about":[{"href":"https:\/\/www.oarcanjo.net\/site\/wp-json\/wp\/v2\/types\/post"}],"author":[{"embeddable":true,"href":"https:\/\/www.oarcanjo.net\/site\/wp-json\/wp\/v2\/users\/5"}],"replies":[{"embeddable":true,"href":"https:\/\/www.oarcanjo.net\/site\/wp-json\/wp\/v2\/comments?post=81430"}],"version-history":[{"count":0,"href":"https:\/\/www.oarcanjo.net\/site\/wp-json\/wp\/v2\/posts\/81430\/revisions"}],"wp:featuredmedia":[{"embeddable":true,"href":"https:\/\/www.oarcanjo.net\/site\/wp-json\/wp\/v2\/media\/81431"}],"wp:attachment":[{"href":"https:\/\/www.oarcanjo.net\/site\/wp-json\/wp\/v2\/media?parent=81430"}],"wp:term":[{"taxonomy":"category","embeddable":true,"href":"https:\/\/www.oarcanjo.net\/site\/wp-json\/wp\/v2\/categories?post=81430"},{"taxonomy":"post_tag","embeddable":true,"href":"https:\/\/www.oarcanjo.net\/site\/wp-json\/wp\/v2\/tags?post=81430"}],"curies":[{"name":"wp","href":"https:\/\/api.w.org\/{rel}","templated":true}]}}