
{"id":81438,"date":"2017-04-30T15:01:44","date_gmt":"2017-04-30T18:01:44","guid":{"rendered":"http:\/\/www.oarcanjo.net\/site\/?p=81438"},"modified":"2017-04-30T15:01:44","modified_gmt":"2017-04-30T18:01:44","slug":"mensagem-dos-bispos-aos-trabalhadores-e-trabalhadoras-do-brasil","status":"publish","type":"post","link":"https:\/\/www.oarcanjo.net\/site\/mensagem-dos-bispos-aos-trabalhadores-e-trabalhadoras-do-brasil\/","title":{"rendered":"Mensagem dos bispos aos trabalhadores e trabalhadoras do Brasil"},"content":{"rendered":"<p>\u00c0s v\u00e9speras do 1\u00ba de Maio, os bispos do Brasil reunidos em Assembleia em Aparecida divulgaram uma mensagem de solidariedade aos trabalhadores e trabalhadoras da cidade e do campo. Citando o Papa Francisco, a CNBB afirma: &#8220;nenhum trabalhador sem direitos! Juntamente com a Terra e o Teto, o Trabalho \u00e9 um direito sagrado, pelo qual vale a pena lutar&#8221;.<\/p>\n<p>O Pe. Julio Lancellotti leu a mensagem no final das missas de domingo, 30\/04\/2017, e refor\u00e7ou: &#8220;que n\u00e3o se tire dos trabalhadores aquilo que foi conquistado&#8221;.<\/p>\n<p><iframe loading=\"lazy\" width=\"700\" height=\"394\" src=\"https:\/\/www.youtube.com\/embed\/aqr1YNeh53g?rel=0\" frameborder=\"0\" allowfullscreen><\/iframe><\/p>\n<div id=\"themify_builder_content-81438\" data-postid=\"81438\" class=\"themify_builder_content themify_builder_content-81438 themify_builder themify_builder_front\">\n\t<\/div>\n<!-- \/themify_builder_content -->","protected":false},"excerpt":{"rendered":"<p>CNBB afirma que est\u00e1 havendo &#8220;um ataque sistem\u00e1tico e ostensivo aos direitos conquistados, precarizando as condi\u00e7\u00f5es de vida, enfraquecendo o Estado e absolutizando o mercado&#8221;<\/p>\n","protected":false},"author":5,"featured_media":81440,"comment_status":"open","ping_status":"open","sticky":false,"template":"","format":"standard","meta":{"ngg_post_thumbnail":0,"footnotes":""},"categories":[3,8],"tags":[],"yoast_head":"<!-- This site is optimized with the Yoast SEO plugin v23.5 - https:\/\/yoast.com\/wordpress\/plugins\/seo\/ -->\n<title>Mensagem dos bispos aos trabalhadores e trabalhadoras do Brasil - O Arcanjo no ar<\/title>\n<meta name=\"robots\" content=\"index, follow, max-snippet:-1, max-image-preview:large, max-video-preview:-1\" \/>\n<link rel=\"canonical\" href=\"https:\/\/www.oarcanjo.net\/site\/mensagem-dos-bispos-aos-trabalhadores-e-trabalhadoras-do-brasil\/\" \/>\n<meta property=\"og:locale\" content=\"pt_BR\" \/>\n<meta property=\"og:type\" content=\"article\" \/>\n<meta property=\"og:title\" content=\"Mensagem dos bispos aos trabalhadores e trabalhadoras do Brasil - O Arcanjo no ar\" \/>\n<meta property=\"og:description\" content=\"CNBB afirma que est\u00e1 havendo &quot;um ataque sistem\u00e1tico e ostensivo aos direitos conquistados, precarizando as condi\u00e7\u00f5es de vida, enfraquecendo o Estado e absolutizando o mercado&quot;\" \/>\n<meta property=\"og:url\" content=\"https:\/\/www.oarcanjo.net\/site\/mensagem-dos-bispos-aos-trabalhadores-e-trabalhadoras-do-brasil\/\" \/>\n<meta property=\"og:site_name\" content=\"O Arcanjo no ar\" \/>\n<meta property=\"article:publisher\" content=\"https:\/\/www.facebook.com\/OArcanjoNoAr\/\" \/>\n<meta property=\"article:published_time\" content=\"2017-04-30T18:01:44+00:00\" \/>\n<meta property=\"og:image\" content=\"https:\/\/www.oarcanjo.net\/site\/wp-content\/uploads\/20170430MensagemCNBB01.png\" \/>\n\t<meta property=\"og:image:width\" content=\"1126\" \/>\n\t<meta property=\"og:image:height\" content=\"633\" \/>\n\t<meta property=\"og:image:type\" content=\"image\/png\" \/>\n<meta name=\"author\" content=\"editor\" \/>\n<meta name=\"twitter:card\" content=\"summary_large_image\" \/>\n<meta name=\"twitter:label1\" content=\"Escrito por\" \/>\n\t<meta name=\"twitter:data1\" content=\"editor\" \/>\n<script type=\"application\/ld+json\" class=\"yoast-schema-graph\">{\"@context\":\"https:\/\/schema.org\",\"@graph\":[{\"@type\":\"Article\",\"@id\":\"https:\/\/www.oarcanjo.net\/site\/mensagem-dos-bispos-aos-trabalhadores-e-trabalhadoras-do-brasil\/#article\",\"isPartOf\":{\"@id\":\"https:\/\/www.oarcanjo.net\/site\/mensagem-dos-bispos-aos-trabalhadores-e-trabalhadoras-do-brasil\/\"},\"author\":{\"name\":\"editor\",\"@id\":\"https:\/\/www.oarcanjo.net\/site\/#\/schema\/person\/f7024d007863202483a31326673a0838\"},\"headline\":\"Mensagem dos bispos aos trabalhadores e trabalhadoras do Brasil\",\"datePublished\":\"2017-04-30T18:01:44+00:00\",\"dateModified\":\"2017-04-30T18:01:44+00:00\",\"mainEntityOfPage\":{\"@id\":\"https:\/\/www.oarcanjo.net\/site\/mensagem-dos-bispos-aos-trabalhadores-e-trabalhadoras-do-brasil\/\"},\"wordCount\":94,\"commentCount\":0,\"publisher\":{\"@id\":\"https:\/\/www.oarcanjo.net\/site\/#organization\"},\"image\":{\"@id\":\"https:\/\/www.oarcanjo.net\/site\/mensagem-dos-bispos-aos-trabalhadores-e-trabalhadoras-do-brasil\/#primaryimage\"},\"thumbnailUrl\":\"https:\/\/www.oarcanjo.net\/site\/wp-content\/uploads\/20170430MensagemCNBB01.png\",\"articleSection\":[\"Destaques\",\"Not\u00edcias\"],\"inLanguage\":\"pt-BR\",\"potentialAction\":[{\"@type\":\"CommentAction\",\"name\":\"Comment\",\"target\":[\"https:\/\/www.oarcanjo.net\/site\/mensagem-dos-bispos-aos-trabalhadores-e-trabalhadoras-do-brasil\/#respond\"]}]},{\"@type\":\"WebPage\",\"@id\":\"https:\/\/www.oarcanjo.net\/site\/mensagem-dos-bispos-aos-trabalhadores-e-trabalhadoras-do-brasil\/\",\"url\":\"https:\/\/www.oarcanjo.net\/site\/mensagem-dos-bispos-aos-trabalhadores-e-trabalhadoras-do-brasil\/\",\"name\":\"Mensagem dos bispos aos trabalhadores e trabalhadoras do Brasil - O Arcanjo no ar\",\"isPartOf\":{\"@id\":\"https:\/\/www.oarcanjo.net\/site\/#website\"},\"primaryImageOfPage\":{\"@id\":\"https:\/\/www.oarcanjo.net\/site\/mensagem-dos-bispos-aos-trabalhadores-e-trabalhadoras-do-brasil\/#primaryimage\"},\"image\":{\"@id\":\"https:\/\/www.oarcanjo.net\/site\/mensagem-dos-bispos-aos-trabalhadores-e-trabalhadoras-do-brasil\/#primaryimage\"},\"thumbnailUrl\":\"https:\/\/www.oarcanjo.net\/site\/wp-content\/uploads\/20170430MensagemCNBB01.png\",\"datePublished\":\"2017-04-30T18:01:44+00:00\",\"dateModified\":\"2017-04-30T18:01:44+00:00\",\"breadcrumb\":{\"@id\":\"https:\/\/www.oarcanjo.net\/site\/mensagem-dos-bispos-aos-trabalhadores-e-trabalhadoras-do-brasil\/#breadcrumb\"},\"inLanguage\":\"pt-BR\",\"potentialAction\":[{\"@type\":\"ReadAction\",\"target\":[\"https:\/\/www.oarcanjo.net\/site\/mensagem-dos-bispos-aos-trabalhadores-e-trabalhadoras-do-brasil\/\"]}]},{\"@type\":\"ImageObject\",\"inLanguage\":\"pt-BR\",\"@id\":\"https:\/\/www.oarcanjo.net\/site\/mensagem-dos-bispos-aos-trabalhadores-e-trabalhadoras-do-brasil\/#primaryimage\",\"url\":\"https:\/\/www.oarcanjo.net\/site\/wp-content\/uploads\/20170430MensagemCNBB01.png\",\"contentUrl\":\"https:\/\/www.oarcanjo.net\/site\/wp-content\/uploads\/20170430MensagemCNBB01.png\",\"width\":1126,\"height\":633},{\"@type\":\"BreadcrumbList\",\"@id\":\"https:\/\/www.oarcanjo.net\/site\/mensagem-dos-bispos-aos-trabalhadores-e-trabalhadoras-do-brasil\/#breadcrumb\",\"itemListElement\":[{\"@type\":\"ListItem\",\"position\":1,\"name\":\"In\u00edcio\",\"item\":\"https:\/\/www.oarcanjo.net\/site\/\"},{\"@type\":\"ListItem\",\"position\":2,\"name\":\"Mensagem dos bispos aos trabalhadores e trabalhadoras do Brasil\"}]},{\"@type\":\"WebSite\",\"@id\":\"https:\/\/www.oarcanjo.net\/site\/#website\",\"url\":\"https:\/\/www.oarcanjo.net\/site\/\",\"name\":\"O Arcanjo no ar\",\"description\":\"Site da Par\u00f3quia S\u00e3o Miguel Arcanjo (Arquidiocese de SP)\",\"publisher\":{\"@id\":\"https:\/\/www.oarcanjo.net\/site\/#organization\"},\"potentialAction\":[{\"@type\":\"SearchAction\",\"target\":{\"@type\":\"EntryPoint\",\"urlTemplate\":\"https:\/\/www.oarcanjo.net\/site\/?s={search_term_string}\"},\"query-input\":{\"@type\":\"PropertyValueSpecification\",\"valueRequired\":true,\"valueName\":\"search_term_string\"}}],\"inLanguage\":\"pt-BR\"},{\"@type\":\"Organization\",\"@id\":\"https:\/\/www.oarcanjo.net\/site\/#organization\",\"name\":\"Par\u00f3quia S\u00e3o Miguel Arcanjo\",\"url\":\"https:\/\/www.oarcanjo.net\/site\/\",\"logo\":{\"@type\":\"ImageObject\",\"inLanguage\":\"pt-BR\",\"@id\":\"https:\/\/www.oarcanjo.net\/site\/#\/schema\/logo\/image\/\",\"url\":\"https:\/\/www.oarcanjo.net\/site\/wp-content\/uploads\/LogoOArcanjo.png\",\"contentUrl\":\"https:\/\/www.oarcanjo.net\/site\/wp-content\/uploads\/LogoOArcanjo.png\",\"width\":319,\"height\":99,\"caption\":\"Par\u00f3quia S\u00e3o Miguel Arcanjo\"},\"image\":{\"@id\":\"https:\/\/www.oarcanjo.net\/site\/#\/schema\/logo\/image\/\"},\"sameAs\":[\"https:\/\/www.facebook.com\/OArcanjoNoAr\/\"]},{\"@type\":\"Person\",\"@id\":\"https:\/\/www.oarcanjo.net\/site\/#\/schema\/person\/f7024d007863202483a31326673a0838\",\"name\":\"editor\",\"sameAs\":[\"http:\/\/www.oarcanjo.net\"]}]}<\/script>\n<!-- \/ Yoast SEO plugin. -->","yoast_head_json":{"title":"Mensagem dos bispos aos trabalhadores e trabalhadoras do Brasil - O Arcanjo no ar","robots":{"index":"index","follow":"follow","max-snippet":"max-snippet:-1","max-image-preview":"max-image-preview:large","max-video-preview":"max-video-preview:-1"},"canonical":"https:\/\/www.oarcanjo.net\/site\/mensagem-dos-bispos-aos-trabalhadores-e-trabalhadoras-do-brasil\/","og_locale":"pt_BR","og_type":"article","og_title":"Mensagem dos bispos aos trabalhadores e trabalhadoras do Brasil - O Arcanjo no ar","og_description":"CNBB afirma que est\u00e1 havendo \"um ataque sistem\u00e1tico e ostensivo aos direitos conquistados, precarizando as condi\u00e7\u00f5es de vida, enfraquecendo o Estado e absolutizando o mercado\"","og_url":"https:\/\/www.oarcanjo.net\/site\/mensagem-dos-bispos-aos-trabalhadores-e-trabalhadoras-do-brasil\/","og_site_name":"O Arcanjo no ar","article_publisher":"https:\/\/www.facebook.com\/OArcanjoNoAr\/","article_published_time":"2017-04-30T18:01:44+00:00","og_image":[{"width":1126,"height":633,"url":"https:\/\/www.oarcanjo.net\/site\/wp-content\/uploads\/20170430MensagemCNBB01.png","type":"image\/png"}],"author":"editor","twitter_card":"summary_large_image","twitter_misc":{"Escrito por":"editor"},"schema":{"@context":"https:\/\/schema.org","@graph":[{"@type":"Article","@id":"https:\/\/www.oarcanjo.net\/site\/mensagem-dos-bispos-aos-trabalhadores-e-trabalhadoras-do-brasil\/#article","isPartOf":{"@id":"https:\/\/www.oarcanjo.net\/site\/mensagem-dos-bispos-aos-trabalhadores-e-trabalhadoras-do-brasil\/"},"author":{"name":"editor","@id":"https:\/\/www.oarcanjo.net\/site\/#\/schema\/person\/f7024d007863202483a31326673a0838"},"headline":"Mensagem dos bispos aos trabalhadores e trabalhadoras do Brasil","datePublished":"2017-04-30T18:01:44+00:00","dateModified":"2017-04-30T18:01:44+00:00","mainEntityOfPage":{"@id":"https:\/\/www.oarcanjo.net\/site\/mensagem-dos-bispos-aos-trabalhadores-e-trabalhadoras-do-brasil\/"},"wordCount":94,"commentCount":0,"publisher":{"@id":"https:\/\/www.oarcanjo.net\/site\/#organization"},"image":{"@id":"https:\/\/www.oarcanjo.net\/site\/mensagem-dos-bispos-aos-trabalhadores-e-trabalhadoras-do-brasil\/#primaryimage"},"thumbnailUrl":"https:\/\/www.oarcanjo.net\/site\/wp-content\/uploads\/20170430MensagemCNBB01.png","articleSection":["Destaques","Not\u00edcias"],"inLanguage":"pt-BR","potentialAction":[{"@type":"CommentAction","name":"Comment","target":["https:\/\/www.oarcanjo.net\/site\/mensagem-dos-bispos-aos-trabalhadores-e-trabalhadoras-do-brasil\/#respond"]}]},{"@type":"WebPage","@id":"https:\/\/www.oarcanjo.net\/site\/mensagem-dos-bispos-aos-trabalhadores-e-trabalhadoras-do-brasil\/","url":"https:\/\/www.oarcanjo.net\/site\/mensagem-dos-bispos-aos-trabalhadores-e-trabalhadoras-do-brasil\/","name":"Mensagem dos bispos aos trabalhadores e trabalhadoras do Brasil - O Arcanjo no ar","isPartOf":{"@id":"https:\/\/www.oarcanjo.net\/site\/#website"},"primaryImageOfPage":{"@id":"https:\/\/www.oarcanjo.net\/site\/mensagem-dos-bispos-aos-trabalhadores-e-trabalhadoras-do-brasil\/#primaryimage"},"image":{"@id":"https:\/\/www.oarcanjo.net\/site\/mensagem-dos-bispos-aos-trabalhadores-e-trabalhadoras-do-brasil\/#primaryimage"},"thumbnailUrl":"https:\/\/www.oarcanjo.net\/site\/wp-content\/uploads\/20170430MensagemCNBB01.png","datePublished":"2017-04-30T18:01:44+00:00","dateModified":"2017-04-30T18:01:44+00:00","breadcrumb":{"@id":"https:\/\/www.oarcanjo.net\/site\/mensagem-dos-bispos-aos-trabalhadores-e-trabalhadoras-do-brasil\/#breadcrumb"},"inLanguage":"pt-BR","potentialAction":[{"@type":"ReadAction","target":["https:\/\/www.oarcanjo.net\/site\/mensagem-dos-bispos-aos-trabalhadores-e-trabalhadoras-do-brasil\/"]}]},{"@type":"ImageObject","inLanguage":"pt-BR","@id":"https:\/\/www.oarcanjo.net\/site\/mensagem-dos-bispos-aos-trabalhadores-e-trabalhadoras-do-brasil\/#primaryimage","url":"https:\/\/www.oarcanjo.net\/site\/wp-content\/uploads\/20170430MensagemCNBB01.png","contentUrl":"https:\/\/www.oarcanjo.net\/site\/wp-content\/uploads\/20170430MensagemCNBB01.png","width":1126,"height":633},{"@type":"BreadcrumbList","@id":"https:\/\/www.oarcanjo.net\/site\/mensagem-dos-bispos-aos-trabalhadores-e-trabalhadoras-do-brasil\/#breadcrumb","itemListElement":[{"@type":"ListItem","position":1,"name":"In\u00edcio","item":"https:\/\/www.oarcanjo.net\/site\/"},{"@type":"ListItem","position":2,"name":"Mensagem dos bispos aos trabalhadores e trabalhadoras do Brasil"}]},{"@type":"WebSite","@id":"https:\/\/www.oarcanjo.net\/site\/#website","url":"https:\/\/www.oarcanjo.net\/site\/","name":"O Arcanjo no ar","description":"Site da Par\u00f3quia S\u00e3o Miguel Arcanjo (Arquidiocese de SP)","publisher":{"@id":"https:\/\/www.oarcanjo.net\/site\/#organization"},"potentialAction":[{"@type":"SearchAction","target":{"@type":"EntryPoint","urlTemplate":"https:\/\/www.oarcanjo.net\/site\/?s={search_term_string}"},"query-input":{"@type":"PropertyValueSpecification","valueRequired":true,"valueName":"search_term_string"}}],"inLanguage":"pt-BR"},{"@type":"Organization","@id":"https:\/\/www.oarcanjo.net\/site\/#organization","name":"Par\u00f3quia S\u00e3o Miguel Arcanjo","url":"https:\/\/www.oarcanjo.net\/site\/","logo":{"@type":"ImageObject","inLanguage":"pt-BR","@id":"https:\/\/www.oarcanjo.net\/site\/#\/schema\/logo\/image\/","url":"https:\/\/www.oarcanjo.net\/site\/wp-content\/uploads\/LogoOArcanjo.png","contentUrl":"https:\/\/www.oarcanjo.net\/site\/wp-content\/uploads\/LogoOArcanjo.png","width":319,"height":99,"caption":"Par\u00f3quia S\u00e3o Miguel Arcanjo"},"image":{"@id":"https:\/\/www.oarcanjo.net\/site\/#\/schema\/logo\/image\/"},"sameAs":["https:\/\/www.facebook.com\/OArcanjoNoAr\/"]},{"@type":"Person","@id":"https:\/\/www.oarcanjo.net\/site\/#\/schema\/person\/f7024d007863202483a31326673a0838","name":"editor","sameAs":["http:\/\/www.oarcanjo.net"]}]}},"publishpress_future_action":{"enabled":false,"date":"2026-05-09 03:05:53","action":"category","newStatus":"draft","terms":[],"taxonomy":"category"},"publishpress_future_workflow_manual_trigger":{"enabledWorkflows":[]},"_links":{"self":[{"href":"https:\/\/www.oarcanjo.net\/site\/wp-json\/wp\/v2\/posts\/81438"}],"collection":[{"href":"https:\/\/www.oarcanjo.net\/site\/wp-json\/wp\/v2\/posts"}],"about":[{"href":"https:\/\/www.oarcanjo.net\/site\/wp-json\/wp\/v2\/types\/post"}],"author":[{"embeddable":true,"href":"https:\/\/www.oarcanjo.net\/site\/wp-json\/wp\/v2\/users\/5"}],"replies":[{"embeddable":true,"href":"https:\/\/www.oarcanjo.net\/site\/wp-json\/wp\/v2\/comments?post=81438"}],"version-history":[{"count":0,"href":"https:\/\/www.oarcanjo.net\/site\/wp-json\/wp\/v2\/posts\/81438\/revisions"}],"wp:featuredmedia":[{"embeddable":true,"href":"https:\/\/www.oarcanjo.net\/site\/wp-json\/wp\/v2\/media\/81440"}],"wp:attachment":[{"href":"https:\/\/www.oarcanjo.net\/site\/wp-json\/wp\/v2\/media?parent=81438"}],"wp:term":[{"taxonomy":"category","embeddable":true,"href":"https:\/\/www.oarcanjo.net\/site\/wp-json\/wp\/v2\/categories?post=81438"},{"taxonomy":"post_tag","embeddable":true,"href":"https:\/\/www.oarcanjo.net\/site\/wp-json\/wp\/v2\/tags?post=81438"}],"curies":[{"name":"wp","href":"https:\/\/api.w.org\/{rel}","templated":true}]}}