
{"id":8146,"date":"2010-02-27T10:40:13","date_gmt":"2010-02-27T12:40:13","guid":{"rendered":"http:\/\/www.oarcanjo.net\/site\/?p=8146"},"modified":"2010-02-27T15:46:17","modified_gmt":"2010-02-27T17:46:17","slug":"segundo-domingo-da-quaresma","status":"publish","type":"post","link":"https:\/\/www.oarcanjo.net\/site\/segundo-domingo-da-quaresma\/","title":{"rendered":"Segundo Domingo da Quaresma"},"content":{"rendered":"<p>O caminho \u00e9 longo e dif\u00edcil. No caminhar \u00e9 preciso ter esperan\u00e7a e coragem para n\u00e3o desanimar.<\/p>\n<p>Escutai o que ELE diz, escutar para viver e seguir para acolher\u00a0e ser\u00a0segundo o seu amor.<\/p>\n<p>A Transfigura\u00e7\u00e3o \u00e9 sinal de esperan\u00e7a no caminho exigente do amor que muitas vezes ser\u00e1 marcado pela dor.<\/p>\n<p>Quando o caminho \u00e9 longo e dif\u00edcil a meta final pode cair no esquecimento e n\u00e3o alimentar e sustentar o peso de cada passo de cada dia.<\/p>\n<p>Num mundo que desfigura a humanidade pela mis\u00e9ria, ego\u00edsmo, injusti\u00e7as e maldades, que mancha a dignidade humana n\u00e3o permitindo que se reconhe\u00e7a em cada pessoa a imagem de Deus \u00e9 preciso resistir\u00a0e construir esperan\u00e7a que renova e transfigura.<\/p>\n<p>Jesus \u00e9 plenificado da gra\u00e7a de Deus que o fortalece e sustenta para enfrentar as for\u00e7as da morte, as tenta\u00e7\u00f5es que desviam do caminho e falsificam o plano de Deus.<\/p>\n<p>A caminhada do Reino se faz na hist\u00f3ria, n\u00e3o \u00e9 um epis\u00f3dio, mas um processo.<\/p>\n<p>Ver o transfigurado \u00e9 experi\u00eancia de f\u00e9. Enxergar com esperan\u00e7a e confian\u00e7a a meta final de nossa exist\u00eancia \u00e9 s\u00edntise e an\u00e1lise da vida, com suas dores e esperan\u00e7as.<\/p>\n<p>A Transfigura\u00e7\u00e3o \u00e9 o novo olhar para os desfigurados da hist\u00f3ria que s\u00e3o portadores de esperan\u00e7a qure transforma a vida, para que todos sejam irm\u00e3os.<\/p>\n<p>Sem domina\u00e7\u00e3o, sem poder econ\u00f4mico que gera desilgualdades e exclus\u00e3o.<\/p>\n<p>Tudo o que desfigura a dignidade humana \u00e9 contra os direitos de Deus e da humanidade .<\/p>\n<div id=\"themify_builder_content-8146\" data-postid=\"8146\" class=\"themify_builder_content themify_builder_content-8146 themify_builder themify_builder_front\">\n\t<\/div>\n<!-- \/themify_builder_content -->","protected":false},"excerpt":{"rendered":"<p>O caminho \u00e9 longo e dif\u00edcil. No caminhar \u00e9 preciso ter esperan\u00e7a e coragem para n\u00e3o desanimar. Escutai o que ELE diz, escutar para viver e seguir para acolher\u00a0e ser\u00a0segundo o seu amor. A Transfigura\u00e7\u00e3o \u00e9 sinal de esperan\u00e7a no caminho exigente do amor que muitas vezes ser\u00e1 marcado pela dor. Quando o caminho \u00e9 [&hellip;]<\/p>\n","protected":false},"author":4,"featured_media":0,"comment_status":"open","ping_status":"open","sticky":false,"template":"","format":"standard","meta":{"ngg_post_thumbnail":0,"footnotes":""},"categories":[4],"tags":[227,327],"yoast_head":"<!-- This site is optimized with the Yoast SEO plugin v23.5 - https:\/\/yoast.com\/wordpress\/plugins\/seo\/ -->\n<title>Segundo Domingo da Quaresma - O Arcanjo no ar<\/title>\n<meta name=\"robots\" content=\"index, follow, max-snippet:-1, max-image-preview:large, max-video-preview:-1\" \/>\n<link rel=\"canonical\" href=\"https:\/\/www.oarcanjo.net\/site\/segundo-domingo-da-quaresma\/\" \/>\n<meta property=\"og:locale\" content=\"pt_BR\" \/>\n<meta property=\"og:type\" content=\"article\" \/>\n<meta property=\"og:title\" content=\"Segundo Domingo da Quaresma - O Arcanjo no ar\" \/>\n<meta property=\"og:description\" content=\"O caminho \u00e9 longo e dif\u00edcil. No caminhar \u00e9 preciso ter esperan\u00e7a e coragem para n\u00e3o desanimar. Escutai o que ELE diz, escutar para viver e seguir para acolher\u00a0e ser\u00a0segundo o seu amor. A Transfigura\u00e7\u00e3o \u00e9 sinal de esperan\u00e7a no caminho exigente do amor que muitas vezes ser\u00e1 marcado pela dor. Quando o caminho \u00e9 [&hellip;]\" \/>\n<meta property=\"og:url\" content=\"https:\/\/www.oarcanjo.net\/site\/segundo-domingo-da-quaresma\/\" \/>\n<meta property=\"og:site_name\" content=\"O Arcanjo no ar\" \/>\n<meta property=\"article:publisher\" content=\"https:\/\/www.facebook.com\/OArcanjoNoAr\/\" \/>\n<meta property=\"article:published_time\" content=\"2010-02-27T12:40:13+00:00\" \/>\n<meta property=\"article:modified_time\" content=\"2010-02-27T17:46:17+00:00\" \/>\n<meta property=\"og:image\" content=\"https:\/\/www.oarcanjo.net\/site\/wp-content\/uploads\/logo-o-arcanjo-no-ar-facebook.png\" \/>\n\t<meta property=\"og:image:width\" content=\"300\" \/>\n\t<meta property=\"og:image:height\" content=\"300\" \/>\n\t<meta property=\"og:image:type\" content=\"image\/png\" \/>\n<meta name=\"author\" content=\"julio\" \/>\n<meta name=\"twitter:card\" content=\"summary_large_image\" \/>\n<meta name=\"twitter:label1\" content=\"Escrito por\" \/>\n\t<meta name=\"twitter:data1\" content=\"julio\" \/>\n\t<meta name=\"twitter:label2\" content=\"Est. tempo de leitura\" \/>\n\t<meta name=\"twitter:data2\" content=\"1 minuto\" \/>\n<script type=\"application\/ld+json\" class=\"yoast-schema-graph\">{\"@context\":\"https:\/\/schema.org\",\"@graph\":[{\"@type\":\"Article\",\"@id\":\"https:\/\/www.oarcanjo.net\/site\/segundo-domingo-da-quaresma\/#article\",\"isPartOf\":{\"@id\":\"https:\/\/www.oarcanjo.net\/site\/segundo-domingo-da-quaresma\/\"},\"author\":{\"name\":\"julio\",\"@id\":\"https:\/\/www.oarcanjo.net\/site\/#\/schema\/person\/d78ea01c648c91e29c364b516767079e\"},\"headline\":\"Segundo Domingo da Quaresma\",\"datePublished\":\"2010-02-27T12:40:13+00:00\",\"dateModified\":\"2010-02-27T17:46:17+00:00\",\"mainEntityOfPage\":{\"@id\":\"https:\/\/www.oarcanjo.net\/site\/segundo-domingo-da-quaresma\/\"},\"wordCount\":271,\"commentCount\":1,\"publisher\":{\"@id\":\"https:\/\/www.oarcanjo.net\/site\/#organization\"},\"keywords\":[\"Quaresma\",\"transfigura\u00e7\u00e3o\"],\"articleSection\":[\"Blog\"],\"inLanguage\":\"pt-BR\",\"potentialAction\":[{\"@type\":\"CommentAction\",\"name\":\"Comment\",\"target\":[\"https:\/\/www.oarcanjo.net\/site\/segundo-domingo-da-quaresma\/#respond\"]}]},{\"@type\":\"WebPage\",\"@id\":\"https:\/\/www.oarcanjo.net\/site\/segundo-domingo-da-quaresma\/\",\"url\":\"https:\/\/www.oarcanjo.net\/site\/segundo-domingo-da-quaresma\/\",\"name\":\"Segundo Domingo da Quaresma - O Arcanjo no ar\",\"isPartOf\":{\"@id\":\"https:\/\/www.oarcanjo.net\/site\/#website\"},\"datePublished\":\"2010-02-27T12:40:13+00:00\",\"dateModified\":\"2010-02-27T17:46:17+00:00\",\"breadcrumb\":{\"@id\":\"https:\/\/www.oarcanjo.net\/site\/segundo-domingo-da-quaresma\/#breadcrumb\"},\"inLanguage\":\"pt-BR\",\"potentialAction\":[{\"@type\":\"ReadAction\",\"target\":[\"https:\/\/www.oarcanjo.net\/site\/segundo-domingo-da-quaresma\/\"]}]},{\"@type\":\"BreadcrumbList\",\"@id\":\"https:\/\/www.oarcanjo.net\/site\/segundo-domingo-da-quaresma\/#breadcrumb\",\"itemListElement\":[{\"@type\":\"ListItem\",\"position\":1,\"name\":\"In\u00edcio\",\"item\":\"https:\/\/www.oarcanjo.net\/site\/\"},{\"@type\":\"ListItem\",\"position\":2,\"name\":\"Segundo Domingo da Quaresma\"}]},{\"@type\":\"WebSite\",\"@id\":\"https:\/\/www.oarcanjo.net\/site\/#website\",\"url\":\"https:\/\/www.oarcanjo.net\/site\/\",\"name\":\"O Arcanjo no ar\",\"description\":\"Site da Par\u00f3quia S\u00e3o Miguel Arcanjo (Arquidiocese de SP)\",\"publisher\":{\"@id\":\"https:\/\/www.oarcanjo.net\/site\/#organization\"},\"potentialAction\":[{\"@type\":\"SearchAction\",\"target\":{\"@type\":\"EntryPoint\",\"urlTemplate\":\"https:\/\/www.oarcanjo.net\/site\/?s={search_term_string}\"},\"query-input\":{\"@type\":\"PropertyValueSpecification\",\"valueRequired\":true,\"valueName\":\"search_term_string\"}}],\"inLanguage\":\"pt-BR\"},{\"@type\":\"Organization\",\"@id\":\"https:\/\/www.oarcanjo.net\/site\/#organization\",\"name\":\"Par\u00f3quia S\u00e3o Miguel Arcanjo\",\"url\":\"https:\/\/www.oarcanjo.net\/site\/\",\"logo\":{\"@type\":\"ImageObject\",\"inLanguage\":\"pt-BR\",\"@id\":\"https:\/\/www.oarcanjo.net\/site\/#\/schema\/logo\/image\/\",\"url\":\"https:\/\/www.oarcanjo.net\/site\/wp-content\/uploads\/LogoOArcanjo.png\",\"contentUrl\":\"https:\/\/www.oarcanjo.net\/site\/wp-content\/uploads\/LogoOArcanjo.png\",\"width\":319,\"height\":99,\"caption\":\"Par\u00f3quia S\u00e3o Miguel Arcanjo\"},\"image\":{\"@id\":\"https:\/\/www.oarcanjo.net\/site\/#\/schema\/logo\/image\/\"},\"sameAs\":[\"https:\/\/www.facebook.com\/OArcanjoNoAr\/\"]},{\"@type\":\"Person\",\"@id\":\"https:\/\/www.oarcanjo.net\/site\/#\/schema\/person\/d78ea01c648c91e29c364b516767079e\",\"name\":\"julio\",\"sameAs\":[\"http:\/\/www.oarcanjo.net\"]}]}<\/script>\n<!-- \/ Yoast SEO plugin. -->","yoast_head_json":{"title":"Segundo Domingo da Quaresma - O Arcanjo no ar","robots":{"index":"index","follow":"follow","max-snippet":"max-snippet:-1","max-image-preview":"max-image-preview:large","max-video-preview":"max-video-preview:-1"},"canonical":"https:\/\/www.oarcanjo.net\/site\/segundo-domingo-da-quaresma\/","og_locale":"pt_BR","og_type":"article","og_title":"Segundo Domingo da Quaresma - O Arcanjo no ar","og_description":"O caminho \u00e9 longo e dif\u00edcil. No caminhar \u00e9 preciso ter esperan\u00e7a e coragem para n\u00e3o desanimar. Escutai o que ELE diz, escutar para viver e seguir para acolher\u00a0e ser\u00a0segundo o seu amor. A Transfigura\u00e7\u00e3o \u00e9 sinal de esperan\u00e7a no caminho exigente do amor que muitas vezes ser\u00e1 marcado pela dor. Quando o caminho \u00e9 [&hellip;]","og_url":"https:\/\/www.oarcanjo.net\/site\/segundo-domingo-da-quaresma\/","og_site_name":"O Arcanjo no ar","article_publisher":"https:\/\/www.facebook.com\/OArcanjoNoAr\/","article_published_time":"2010-02-27T12:40:13+00:00","article_modified_time":"2010-02-27T17:46:17+00:00","og_image":[{"width":300,"height":300,"url":"https:\/\/www.oarcanjo.net\/site\/wp-content\/uploads\/logo-o-arcanjo-no-ar-facebook.png","type":"image\/png"}],"author":"julio","twitter_card":"summary_large_image","twitter_misc":{"Escrito por":"julio","Est. tempo de leitura":"1 minuto"},"schema":{"@context":"https:\/\/schema.org","@graph":[{"@type":"Article","@id":"https:\/\/www.oarcanjo.net\/site\/segundo-domingo-da-quaresma\/#article","isPartOf":{"@id":"https:\/\/www.oarcanjo.net\/site\/segundo-domingo-da-quaresma\/"},"author":{"name":"julio","@id":"https:\/\/www.oarcanjo.net\/site\/#\/schema\/person\/d78ea01c648c91e29c364b516767079e"},"headline":"Segundo Domingo da Quaresma","datePublished":"2010-02-27T12:40:13+00:00","dateModified":"2010-02-27T17:46:17+00:00","mainEntityOfPage":{"@id":"https:\/\/www.oarcanjo.net\/site\/segundo-domingo-da-quaresma\/"},"wordCount":271,"commentCount":1,"publisher":{"@id":"https:\/\/www.oarcanjo.net\/site\/#organization"},"keywords":["Quaresma","transfigura\u00e7\u00e3o"],"articleSection":["Blog"],"inLanguage":"pt-BR","potentialAction":[{"@type":"CommentAction","name":"Comment","target":["https:\/\/www.oarcanjo.net\/site\/segundo-domingo-da-quaresma\/#respond"]}]},{"@type":"WebPage","@id":"https:\/\/www.oarcanjo.net\/site\/segundo-domingo-da-quaresma\/","url":"https:\/\/www.oarcanjo.net\/site\/segundo-domingo-da-quaresma\/","name":"Segundo Domingo da Quaresma - O Arcanjo no ar","isPartOf":{"@id":"https:\/\/www.oarcanjo.net\/site\/#website"},"datePublished":"2010-02-27T12:40:13+00:00","dateModified":"2010-02-27T17:46:17+00:00","breadcrumb":{"@id":"https:\/\/www.oarcanjo.net\/site\/segundo-domingo-da-quaresma\/#breadcrumb"},"inLanguage":"pt-BR","potentialAction":[{"@type":"ReadAction","target":["https:\/\/www.oarcanjo.net\/site\/segundo-domingo-da-quaresma\/"]}]},{"@type":"BreadcrumbList","@id":"https:\/\/www.oarcanjo.net\/site\/segundo-domingo-da-quaresma\/#breadcrumb","itemListElement":[{"@type":"ListItem","position":1,"name":"In\u00edcio","item":"https:\/\/www.oarcanjo.net\/site\/"},{"@type":"ListItem","position":2,"name":"Segundo Domingo da Quaresma"}]},{"@type":"WebSite","@id":"https:\/\/www.oarcanjo.net\/site\/#website","url":"https:\/\/www.oarcanjo.net\/site\/","name":"O Arcanjo no ar","description":"Site da Par\u00f3quia S\u00e3o Miguel Arcanjo (Arquidiocese de SP)","publisher":{"@id":"https:\/\/www.oarcanjo.net\/site\/#organization"},"potentialAction":[{"@type":"SearchAction","target":{"@type":"EntryPoint","urlTemplate":"https:\/\/www.oarcanjo.net\/site\/?s={search_term_string}"},"query-input":{"@type":"PropertyValueSpecification","valueRequired":true,"valueName":"search_term_string"}}],"inLanguage":"pt-BR"},{"@type":"Organization","@id":"https:\/\/www.oarcanjo.net\/site\/#organization","name":"Par\u00f3quia S\u00e3o Miguel Arcanjo","url":"https:\/\/www.oarcanjo.net\/site\/","logo":{"@type":"ImageObject","inLanguage":"pt-BR","@id":"https:\/\/www.oarcanjo.net\/site\/#\/schema\/logo\/image\/","url":"https:\/\/www.oarcanjo.net\/site\/wp-content\/uploads\/LogoOArcanjo.png","contentUrl":"https:\/\/www.oarcanjo.net\/site\/wp-content\/uploads\/LogoOArcanjo.png","width":319,"height":99,"caption":"Par\u00f3quia S\u00e3o Miguel Arcanjo"},"image":{"@id":"https:\/\/www.oarcanjo.net\/site\/#\/schema\/logo\/image\/"},"sameAs":["https:\/\/www.facebook.com\/OArcanjoNoAr\/"]},{"@type":"Person","@id":"https:\/\/www.oarcanjo.net\/site\/#\/schema\/person\/d78ea01c648c91e29c364b516767079e","name":"julio","sameAs":["http:\/\/www.oarcanjo.net"]}]}},"publishpress_future_action":{"enabled":false,"date":"2026-05-09 05:55:20","action":"category","newStatus":"draft","terms":[],"taxonomy":"category"},"publishpress_future_workflow_manual_trigger":{"enabledWorkflows":[]},"_links":{"self":[{"href":"https:\/\/www.oarcanjo.net\/site\/wp-json\/wp\/v2\/posts\/8146"}],"collection":[{"href":"https:\/\/www.oarcanjo.net\/site\/wp-json\/wp\/v2\/posts"}],"about":[{"href":"https:\/\/www.oarcanjo.net\/site\/wp-json\/wp\/v2\/types\/post"}],"author":[{"embeddable":true,"href":"https:\/\/www.oarcanjo.net\/site\/wp-json\/wp\/v2\/users\/4"}],"replies":[{"embeddable":true,"href":"https:\/\/www.oarcanjo.net\/site\/wp-json\/wp\/v2\/comments?post=8146"}],"version-history":[{"count":0,"href":"https:\/\/www.oarcanjo.net\/site\/wp-json\/wp\/v2\/posts\/8146\/revisions"}],"wp:attachment":[{"href":"https:\/\/www.oarcanjo.net\/site\/wp-json\/wp\/v2\/media?parent=8146"}],"wp:term":[{"taxonomy":"category","embeddable":true,"href":"https:\/\/www.oarcanjo.net\/site\/wp-json\/wp\/v2\/categories?post=8146"},{"taxonomy":"post_tag","embeddable":true,"href":"https:\/\/www.oarcanjo.net\/site\/wp-json\/wp\/v2\/tags?post=8146"}],"curies":[{"name":"wp","href":"https:\/\/api.w.org\/{rel}","templated":true}]}}