
{"id":815,"date":"2008-12-01T00:04:36","date_gmt":"2008-12-01T03:04:36","guid":{"rendered":"http:\/\/www.oarcanjo.net\/site\/?p=815"},"modified":"2008-12-01T00:18:03","modified_gmt":"2008-12-01T03:18:03","slug":"dizimo-anuncio","status":"publish","type":"post","link":"https:\/\/www.oarcanjo.net\/site\/dizimo-anuncio\/","title":{"rendered":"D\u00cdZIMO: An\u00fancio, servi\u00e7o, di\u00e1logo, testemunho, Vida"},"content":{"rendered":"<p><em>N\u00e3o amemos com palavras, mas por atos e em verdade (I Jo 3,8)<\/em><\/p>\n<\/p>\n<p>A oferta do d\u00edzimo \u00e9 um preceito b\u00edblico que se justifica no reconhecimento da a\u00e7\u00e3o de Deus em nossa vida. Deve ser, pois, gratid\u00e3o e amor, nunca simplesmente obriga\u00e7\u00e3o. \u00c9 tamb\u00e9m a maneira de cada batizado, cada membro da fam\u00edlia de Deus, participar da miss\u00e3o da Igreja, este corpo m\u00edstico de Cristo, na evangeliza\u00e7\u00e3o e na caridade.<\/p>\n<p><em>Pastoral Arquidiocesana do D\u00edzimo<\/em><\/p>\n<p><img loading=\"lazy\" decoding=\"async\" src=\"http:\/\/www.oarcanjo.net\/site\/wp-content\/uploads\/dodete1.jpg\" alt=\"D. Odete\" title=\"D. Odete\" width=\"193\" height=\"250\" class=\"alignnone size-full wp-image-828\" \/><\/p>\n<\/p>\n<p>No domingo, <strong>23\/11\/08 <\/strong>comemoramos o anivers\u00e1rio da nossa dizimista, <strong>Odete<\/strong> (em destaque no final da missa das 10hs na Capela S\u00e3o Judas Tadeu).<\/p>\n<div id=\"themify_builder_content-815\" data-postid=\"815\" class=\"themify_builder_content themify_builder_content-815 themify_builder themify_builder_front\">\n\t<\/div>\n<!-- \/themify_builder_content -->","protected":false},"excerpt":{"rendered":"<p>N\u00e3o amemos com palavras, mas por atos e em verdade (I Jo 3,8) A oferta do d\u00edzimo \u00e9 um preceito b\u00edblico que se justifica no reconhecimento da a\u00e7\u00e3o de Deus em nossa vida. Deve ser, pois, gratid\u00e3o e amor, nunca simplesmente obriga\u00e7\u00e3o. \u00c9 tamb\u00e9m a maneira de cada batizado, cada membro da fam\u00edlia de Deus, [&hellip;]<\/p>\n","protected":false},"author":5,"featured_media":0,"comment_status":"open","ping_status":"open","sticky":false,"template":"","format":"standard","meta":{"ngg_post_thumbnail":0,"footnotes":""},"categories":[7],"tags":[24,128],"yoast_head":"<!-- This site is optimized with the Yoast SEO plugin v23.5 - https:\/\/yoast.com\/wordpress\/plugins\/seo\/ -->\n<title>D\u00cdZIMO: An\u00fancio, servi\u00e7o, di\u00e1logo, testemunho, Vida - O Arcanjo no ar<\/title>\n<meta name=\"robots\" content=\"index, follow, max-snippet:-1, max-image-preview:large, max-video-preview:-1\" \/>\n<link rel=\"canonical\" href=\"https:\/\/www.oarcanjo.net\/site\/dizimo-anuncio\/\" \/>\n<meta property=\"og:locale\" content=\"pt_BR\" \/>\n<meta property=\"og:type\" content=\"article\" \/>\n<meta property=\"og:title\" content=\"D\u00cdZIMO: An\u00fancio, servi\u00e7o, di\u00e1logo, testemunho, Vida - O Arcanjo no ar\" \/>\n<meta property=\"og:description\" content=\"N\u00e3o amemos com palavras, mas por atos e em verdade (I Jo 3,8) A oferta do d\u00edzimo \u00e9 um preceito b\u00edblico que se justifica no reconhecimento da a\u00e7\u00e3o de Deus em nossa vida. Deve ser, pois, gratid\u00e3o e amor, nunca simplesmente obriga\u00e7\u00e3o. \u00c9 tamb\u00e9m a maneira de cada batizado, cada membro da fam\u00edlia de Deus, [&hellip;]\" \/>\n<meta property=\"og:url\" content=\"https:\/\/www.oarcanjo.net\/site\/dizimo-anuncio\/\" \/>\n<meta property=\"og:site_name\" content=\"O Arcanjo no ar\" \/>\n<meta property=\"article:publisher\" content=\"https:\/\/www.facebook.com\/OArcanjoNoAr\/\" \/>\n<meta property=\"article:published_time\" content=\"2008-12-01T03:04:36+00:00\" \/>\n<meta property=\"article:modified_time\" content=\"2008-12-01T03:18:03+00:00\" \/>\n<meta property=\"og:image\" content=\"http:\/\/www.oarcanjo.net\/site\/wp-content\/uploads\/dodete1.jpg\" \/>\n<meta name=\"author\" content=\"editor\" \/>\n<meta name=\"twitter:card\" content=\"summary_large_image\" \/>\n<meta name=\"twitter:label1\" content=\"Escrito por\" \/>\n\t<meta name=\"twitter:data1\" content=\"editor\" \/>\n\t<meta name=\"twitter:label2\" content=\"Est. tempo de leitura\" \/>\n\t<meta name=\"twitter:data2\" content=\"1 minuto\" \/>\n<script type=\"application\/ld+json\" class=\"yoast-schema-graph\">{\"@context\":\"https:\/\/schema.org\",\"@graph\":[{\"@type\":\"Article\",\"@id\":\"https:\/\/www.oarcanjo.net\/site\/dizimo-anuncio\/#article\",\"isPartOf\":{\"@id\":\"https:\/\/www.oarcanjo.net\/site\/dizimo-anuncio\/\"},\"author\":{\"name\":\"editor\",\"@id\":\"https:\/\/www.oarcanjo.net\/site\/#\/schema\/person\/f7024d007863202483a31326673a0838\"},\"headline\":\"D\u00cdZIMO: An\u00fancio, servi\u00e7o, di\u00e1logo, testemunho, Vida\",\"datePublished\":\"2008-12-01T03:04:36+00:00\",\"dateModified\":\"2008-12-01T03:18:03+00:00\",\"mainEntityOfPage\":{\"@id\":\"https:\/\/www.oarcanjo.net\/site\/dizimo-anuncio\/\"},\"wordCount\":117,\"commentCount\":2,\"publisher\":{\"@id\":\"https:\/\/www.oarcanjo.net\/site\/#organization\"},\"image\":{\"@id\":\"https:\/\/www.oarcanjo.net\/site\/dizimo-anuncio\/#primaryimage\"},\"thumbnailUrl\":\"http:\/\/www.oarcanjo.net\/site\/wp-content\/uploads\/dodete1.jpg\",\"keywords\":[\"comunidade\",\"d\u00edzimo\"],\"articleSection\":[\"Rosto da comunidade\"],\"inLanguage\":\"pt-BR\",\"potentialAction\":[{\"@type\":\"CommentAction\",\"name\":\"Comment\",\"target\":[\"https:\/\/www.oarcanjo.net\/site\/dizimo-anuncio\/#respond\"]}]},{\"@type\":\"WebPage\",\"@id\":\"https:\/\/www.oarcanjo.net\/site\/dizimo-anuncio\/\",\"url\":\"https:\/\/www.oarcanjo.net\/site\/dizimo-anuncio\/\",\"name\":\"D\u00cdZIMO: An\u00fancio, servi\u00e7o, di\u00e1logo, testemunho, Vida - O Arcanjo no ar\",\"isPartOf\":{\"@id\":\"https:\/\/www.oarcanjo.net\/site\/#website\"},\"primaryImageOfPage\":{\"@id\":\"https:\/\/www.oarcanjo.net\/site\/dizimo-anuncio\/#primaryimage\"},\"image\":{\"@id\":\"https:\/\/www.oarcanjo.net\/site\/dizimo-anuncio\/#primaryimage\"},\"thumbnailUrl\":\"http:\/\/www.oarcanjo.net\/site\/wp-content\/uploads\/dodete1.jpg\",\"datePublished\":\"2008-12-01T03:04:36+00:00\",\"dateModified\":\"2008-12-01T03:18:03+00:00\",\"breadcrumb\":{\"@id\":\"https:\/\/www.oarcanjo.net\/site\/dizimo-anuncio\/#breadcrumb\"},\"inLanguage\":\"pt-BR\",\"potentialAction\":[{\"@type\":\"ReadAction\",\"target\":[\"https:\/\/www.oarcanjo.net\/site\/dizimo-anuncio\/\"]}]},{\"@type\":\"ImageObject\",\"inLanguage\":\"pt-BR\",\"@id\":\"https:\/\/www.oarcanjo.net\/site\/dizimo-anuncio\/#primaryimage\",\"url\":\"https:\/\/www.oarcanjo.net\/site\/wp-content\/uploads\/dodete1.jpg\",\"contentUrl\":\"https:\/\/www.oarcanjo.net\/site\/wp-content\/uploads\/dodete1.jpg\",\"width\":193,\"height\":250},{\"@type\":\"BreadcrumbList\",\"@id\":\"https:\/\/www.oarcanjo.net\/site\/dizimo-anuncio\/#breadcrumb\",\"itemListElement\":[{\"@type\":\"ListItem\",\"position\":1,\"name\":\"In\u00edcio\",\"item\":\"https:\/\/www.oarcanjo.net\/site\/\"},{\"@type\":\"ListItem\",\"position\":2,\"name\":\"D\u00cdZIMO: An\u00fancio, servi\u00e7o, di\u00e1logo, testemunho, Vida\"}]},{\"@type\":\"WebSite\",\"@id\":\"https:\/\/www.oarcanjo.net\/site\/#website\",\"url\":\"https:\/\/www.oarcanjo.net\/site\/\",\"name\":\"O Arcanjo no ar\",\"description\":\"Site da Par\u00f3quia S\u00e3o Miguel Arcanjo (Arquidiocese de SP)\",\"publisher\":{\"@id\":\"https:\/\/www.oarcanjo.net\/site\/#organization\"},\"potentialAction\":[{\"@type\":\"SearchAction\",\"target\":{\"@type\":\"EntryPoint\",\"urlTemplate\":\"https:\/\/www.oarcanjo.net\/site\/?s={search_term_string}\"},\"query-input\":{\"@type\":\"PropertyValueSpecification\",\"valueRequired\":true,\"valueName\":\"search_term_string\"}}],\"inLanguage\":\"pt-BR\"},{\"@type\":\"Organization\",\"@id\":\"https:\/\/www.oarcanjo.net\/site\/#organization\",\"name\":\"Par\u00f3quia S\u00e3o Miguel Arcanjo\",\"url\":\"https:\/\/www.oarcanjo.net\/site\/\",\"logo\":{\"@type\":\"ImageObject\",\"inLanguage\":\"pt-BR\",\"@id\":\"https:\/\/www.oarcanjo.net\/site\/#\/schema\/logo\/image\/\",\"url\":\"https:\/\/www.oarcanjo.net\/site\/wp-content\/uploads\/LogoOArcanjo.png\",\"contentUrl\":\"https:\/\/www.oarcanjo.net\/site\/wp-content\/uploads\/LogoOArcanjo.png\",\"width\":319,\"height\":99,\"caption\":\"Par\u00f3quia S\u00e3o Miguel Arcanjo\"},\"image\":{\"@id\":\"https:\/\/www.oarcanjo.net\/site\/#\/schema\/logo\/image\/\"},\"sameAs\":[\"https:\/\/www.facebook.com\/OArcanjoNoAr\/\"]},{\"@type\":\"Person\",\"@id\":\"https:\/\/www.oarcanjo.net\/site\/#\/schema\/person\/f7024d007863202483a31326673a0838\",\"name\":\"editor\",\"sameAs\":[\"http:\/\/www.oarcanjo.net\"]}]}<\/script>\n<!-- \/ Yoast SEO plugin. -->","yoast_head_json":{"title":"D\u00cdZIMO: An\u00fancio, servi\u00e7o, di\u00e1logo, testemunho, Vida - O Arcanjo no ar","robots":{"index":"index","follow":"follow","max-snippet":"max-snippet:-1","max-image-preview":"max-image-preview:large","max-video-preview":"max-video-preview:-1"},"canonical":"https:\/\/www.oarcanjo.net\/site\/dizimo-anuncio\/","og_locale":"pt_BR","og_type":"article","og_title":"D\u00cdZIMO: An\u00fancio, servi\u00e7o, di\u00e1logo, testemunho, Vida - O Arcanjo no ar","og_description":"N\u00e3o amemos com palavras, mas por atos e em verdade (I Jo 3,8) A oferta do d\u00edzimo \u00e9 um preceito b\u00edblico que se justifica no reconhecimento da a\u00e7\u00e3o de Deus em nossa vida. Deve ser, pois, gratid\u00e3o e amor, nunca simplesmente obriga\u00e7\u00e3o. \u00c9 tamb\u00e9m a maneira de cada batizado, cada membro da fam\u00edlia de Deus, [&hellip;]","og_url":"https:\/\/www.oarcanjo.net\/site\/dizimo-anuncio\/","og_site_name":"O Arcanjo no ar","article_publisher":"https:\/\/www.facebook.com\/OArcanjoNoAr\/","article_published_time":"2008-12-01T03:04:36+00:00","article_modified_time":"2008-12-01T03:18:03+00:00","og_image":[{"url":"http:\/\/www.oarcanjo.net\/site\/wp-content\/uploads\/dodete1.jpg"}],"author":"editor","twitter_card":"summary_large_image","twitter_misc":{"Escrito por":"editor","Est. tempo de leitura":"1 minuto"},"schema":{"@context":"https:\/\/schema.org","@graph":[{"@type":"Article","@id":"https:\/\/www.oarcanjo.net\/site\/dizimo-anuncio\/#article","isPartOf":{"@id":"https:\/\/www.oarcanjo.net\/site\/dizimo-anuncio\/"},"author":{"name":"editor","@id":"https:\/\/www.oarcanjo.net\/site\/#\/schema\/person\/f7024d007863202483a31326673a0838"},"headline":"D\u00cdZIMO: An\u00fancio, servi\u00e7o, di\u00e1logo, testemunho, Vida","datePublished":"2008-12-01T03:04:36+00:00","dateModified":"2008-12-01T03:18:03+00:00","mainEntityOfPage":{"@id":"https:\/\/www.oarcanjo.net\/site\/dizimo-anuncio\/"},"wordCount":117,"commentCount":2,"publisher":{"@id":"https:\/\/www.oarcanjo.net\/site\/#organization"},"image":{"@id":"https:\/\/www.oarcanjo.net\/site\/dizimo-anuncio\/#primaryimage"},"thumbnailUrl":"http:\/\/www.oarcanjo.net\/site\/wp-content\/uploads\/dodete1.jpg","keywords":["comunidade","d\u00edzimo"],"articleSection":["Rosto da comunidade"],"inLanguage":"pt-BR","potentialAction":[{"@type":"CommentAction","name":"Comment","target":["https:\/\/www.oarcanjo.net\/site\/dizimo-anuncio\/#respond"]}]},{"@type":"WebPage","@id":"https:\/\/www.oarcanjo.net\/site\/dizimo-anuncio\/","url":"https:\/\/www.oarcanjo.net\/site\/dizimo-anuncio\/","name":"D\u00cdZIMO: An\u00fancio, servi\u00e7o, di\u00e1logo, testemunho, Vida - O Arcanjo no ar","isPartOf":{"@id":"https:\/\/www.oarcanjo.net\/site\/#website"},"primaryImageOfPage":{"@id":"https:\/\/www.oarcanjo.net\/site\/dizimo-anuncio\/#primaryimage"},"image":{"@id":"https:\/\/www.oarcanjo.net\/site\/dizimo-anuncio\/#primaryimage"},"thumbnailUrl":"http:\/\/www.oarcanjo.net\/site\/wp-content\/uploads\/dodete1.jpg","datePublished":"2008-12-01T03:04:36+00:00","dateModified":"2008-12-01T03:18:03+00:00","breadcrumb":{"@id":"https:\/\/www.oarcanjo.net\/site\/dizimo-anuncio\/#breadcrumb"},"inLanguage":"pt-BR","potentialAction":[{"@type":"ReadAction","target":["https:\/\/www.oarcanjo.net\/site\/dizimo-anuncio\/"]}]},{"@type":"ImageObject","inLanguage":"pt-BR","@id":"https:\/\/www.oarcanjo.net\/site\/dizimo-anuncio\/#primaryimage","url":"https:\/\/www.oarcanjo.net\/site\/wp-content\/uploads\/dodete1.jpg","contentUrl":"https:\/\/www.oarcanjo.net\/site\/wp-content\/uploads\/dodete1.jpg","width":193,"height":250},{"@type":"BreadcrumbList","@id":"https:\/\/www.oarcanjo.net\/site\/dizimo-anuncio\/#breadcrumb","itemListElement":[{"@type":"ListItem","position":1,"name":"In\u00edcio","item":"https:\/\/www.oarcanjo.net\/site\/"},{"@type":"ListItem","position":2,"name":"D\u00cdZIMO: An\u00fancio, servi\u00e7o, di\u00e1logo, testemunho, Vida"}]},{"@type":"WebSite","@id":"https:\/\/www.oarcanjo.net\/site\/#website","url":"https:\/\/www.oarcanjo.net\/site\/","name":"O Arcanjo no ar","description":"Site da Par\u00f3quia S\u00e3o Miguel Arcanjo (Arquidiocese de SP)","publisher":{"@id":"https:\/\/www.oarcanjo.net\/site\/#organization"},"potentialAction":[{"@type":"SearchAction","target":{"@type":"EntryPoint","urlTemplate":"https:\/\/www.oarcanjo.net\/site\/?s={search_term_string}"},"query-input":{"@type":"PropertyValueSpecification","valueRequired":true,"valueName":"search_term_string"}}],"inLanguage":"pt-BR"},{"@type":"Organization","@id":"https:\/\/www.oarcanjo.net\/site\/#organization","name":"Par\u00f3quia S\u00e3o Miguel Arcanjo","url":"https:\/\/www.oarcanjo.net\/site\/","logo":{"@type":"ImageObject","inLanguage":"pt-BR","@id":"https:\/\/www.oarcanjo.net\/site\/#\/schema\/logo\/image\/","url":"https:\/\/www.oarcanjo.net\/site\/wp-content\/uploads\/LogoOArcanjo.png","contentUrl":"https:\/\/www.oarcanjo.net\/site\/wp-content\/uploads\/LogoOArcanjo.png","width":319,"height":99,"caption":"Par\u00f3quia S\u00e3o Miguel Arcanjo"},"image":{"@id":"https:\/\/www.oarcanjo.net\/site\/#\/schema\/logo\/image\/"},"sameAs":["https:\/\/www.facebook.com\/OArcanjoNoAr\/"]},{"@type":"Person","@id":"https:\/\/www.oarcanjo.net\/site\/#\/schema\/person\/f7024d007863202483a31326673a0838","name":"editor","sameAs":["http:\/\/www.oarcanjo.net"]}]}},"publishpress_future_action":{"enabled":false,"date":"2026-05-06 05:47:59","action":"category","newStatus":"draft","terms":[],"taxonomy":"category"},"publishpress_future_workflow_manual_trigger":{"enabledWorkflows":[]},"_links":{"self":[{"href":"https:\/\/www.oarcanjo.net\/site\/wp-json\/wp\/v2\/posts\/815"}],"collection":[{"href":"https:\/\/www.oarcanjo.net\/site\/wp-json\/wp\/v2\/posts"}],"about":[{"href":"https:\/\/www.oarcanjo.net\/site\/wp-json\/wp\/v2\/types\/post"}],"author":[{"embeddable":true,"href":"https:\/\/www.oarcanjo.net\/site\/wp-json\/wp\/v2\/users\/5"}],"replies":[{"embeddable":true,"href":"https:\/\/www.oarcanjo.net\/site\/wp-json\/wp\/v2\/comments?post=815"}],"version-history":[{"count":0,"href":"https:\/\/www.oarcanjo.net\/site\/wp-json\/wp\/v2\/posts\/815\/revisions"}],"wp:attachment":[{"href":"https:\/\/www.oarcanjo.net\/site\/wp-json\/wp\/v2\/media?parent=815"}],"wp:term":[{"taxonomy":"category","embeddable":true,"href":"https:\/\/www.oarcanjo.net\/site\/wp-json\/wp\/v2\/categories?post=815"},{"taxonomy":"post_tag","embeddable":true,"href":"https:\/\/www.oarcanjo.net\/site\/wp-json\/wp\/v2\/tags?post=815"}],"curies":[{"name":"wp","href":"https:\/\/api.w.org\/{rel}","templated":true}]}}