
{"id":8215,"date":"2010-03-03T08:57:43","date_gmt":"2010-03-03T10:57:43","guid":{"rendered":"http:\/\/www.oarcanjo.net\/site\/?p=8215"},"modified":"2010-03-03T08:57:43","modified_gmt":"2010-03-03T10:57:43","slug":"ezequiel-ramin-25-anos-depois-assassinos-impunes-entrevista-com-pedro-bracell","status":"publish","type":"post","link":"https:\/\/www.oarcanjo.net\/site\/ezequiel-ramin-25-anos-depois-assassinos-impunes-entrevista-com-pedro-bracell\/","title":{"rendered":"Ezequiel Ramin. 25 anos depois, assassinos impunes. Entrevista com Pedro Bracell"},"content":{"rendered":"<p>IHU &#8211; Unisinos<\/p>\n<p><em>Ezequiel Ramin era padre e queria ser m\u00e9dico. Veio para o Brasil em 1983, onde assumiu a causa dos trabalhadores sem-terra e dos \u00edndios na regi\u00e3o norte do pa\u00eds, onde foi mission\u00e1rio da diocese de Ji-Paran\u00e1, em Rond\u00f4nia. Quando chegou ao Brasil, Pe. Ezequiel encontrou uma caminhada j\u00e1 em andamento em favor dos povos da regi\u00e3o, que se viam cada vez mais oprimidos pelos latif\u00fandios que eram estabelecidos pelos colonizadores que estavam indo ocupar aquela regi\u00e3o. Os que lembram da luta de Pe. Ezequiel, dizem que a pouca idade, 33 anos, dava-lhe o entusiasmo que o desafio exigia. &#8220;Ele foi uma pessoa de coer\u00eancia, inteligente e que se comprometeu a estudar os problemas do Brasil logo que chegou da It\u00e1lia&#8221;, relembrou Pe. Pedro Bracelli, comboniano assim como Ezequiel Ramin, durante a entrevista que concedeu \u00e0 IHU On-Line por telefone.<\/em><\/p>\n<p><em>Havia coisas que incomodavam Pe. Ezequiel profundamente, como as desigualdades sociais, as injusti\u00e7as, a arrog\u00e2ncia de quem tenta se impor pelas armas ou pela manipula\u00e7\u00e3o das leis. Ele lutava veementemente contra isso. &#8220;A fazenda em que ele morreu, j\u00e1 na \u00e9poca, ia al\u00e9m dos seus limites e seguia at\u00e9 o Mato Grosso. Toda a din\u00e2mica da hist\u00f3ria relata a morte em Rond\u00f4nia, mas dados mais recentes falam que ele foi levado at\u00e9 Cuiab\u00e1 pelos criminosos. Ele tinha sido desaconselhado a ir at\u00e9 aquela fazenda porque era perigoso. Ele ouviu calado, mas seus colegas ouviram, um dia antes da sua morte, o barulho do motor do jipe. Assim, ele se afastou de casa e foi. Por volta das 12 horas do dia 24, chegou a not\u00edcia de sua morte&#8221;, afirmou Pe. Pedro Bracelli.<\/em><\/p>\n<p><em>Pedro Bracelli nasceu na It\u00e1lia em 1933. Padre comboniano, seu nome de batismo \u00e9 Pietro. Est\u00e1 no Brasil h\u00e1 49 anos, onde viveu no Esp\u00edrito Santo, Rio de Janeiro, Santa Catarina e S\u00e3o Paulo, onde vive atualmente.<\/em><\/p>\n<p><em>No Brasil, \u00e9 o encarregado entre os padres combonianos de encaminhar a causa da beatifica\u00e7\u00e3o de Padre Ezequiel Ramin.<\/em><\/p>\n<p><em>Confira a entrevista.<\/em><\/p>\n<p>IHU On-Line &#8211; Quem foi Ezequiel Ramin?<\/p>\n<p>Pe. Pedro Bracelli &#8211; Ezequiel Ramin foi, para mim e muitas comunidades crist\u00e3s do Brasil, uma pessoa de coer\u00eancia, inteligente e que se comprometeu a estudar os problemas do Brasil logo que chegou da It\u00e1lia. Entre todos os combonianos, foi o m\u00e1rtir mais novo, sua hist\u00f3ria o fez assim por ser testemunha de uma coisa importante que parecia ser de responsabilidade dos mais velhos, mas que ficou aos cuidados dele. Ele se tornou testemunha de uma dedica\u00e7\u00e3o total aos mais pobres no campo da terra, l\u00e1 em Rond\u00f4nia.<\/p>\n<p>IHU On-Line &#8211; Onde ele trabalhou e quantos anos atuou no Brasil?<\/p>\n<p>Pe. Pedro Bracelli &#8211; Ele atuou um ano e meio no Brasil. Ao chegar, fez o curso do Centro de Forma\u00e7\u00e3o Cultural Mission\u00e1ria &#8211; Cenfi , em Bras\u00edlia, e depois foi enviado \u00e0 Rond\u00f4nia. Ele tinha trabalhado durante algum tempo na pr\u00f3pria It\u00e1lia, depois da ordena\u00e7\u00e3o, e, nessa \u00e9poca, houve um forte terremoto l\u00e1. Seus colegas contam que, por seis meses, ele viveu com as v\u00edtimas do terremoto e, nesse tempo, teve o testemunho de dedica\u00e7\u00e3o sincera, de simplicidade e capacidade de sofrer com os outros. Aqui no Brasil, ele se tornou o testemunho mais novo e mais evidente em \u00e2mbito nacional.<\/p>\n<p>IHU On-Line &#8211; Por que e quando ele foi morto?<\/p>\n<p>Pe. Pedro Bracelli &#8211; Ele foi morto no dia 24 de julho de 1985, em Rond\u00f4nia. A fazenda em que ele morreu, j\u00e1 na \u00e9poca, ia al\u00e9m dos seus limites e seguia at\u00e9 o Mato Grosso. Toda a din\u00e2mica da hist\u00f3ria relata a morte em Rond\u00f4nia, mas dados mais recentes falam que ele foi levado at\u00e9 Cuiab\u00e1 pelos criminosos. Ele tinha sido desaconselhado a ir at\u00e9 aquela fazenda porque era perigoso. Ele ouviu calado, mas seus colegas ouviram, um dia antes da sua morte, o barulho do motor do jipe. Assim, ele se afastou de casa. Por volta das 12 horas do dia 24, chegou a not\u00edcia de sua morte.<\/p>\n<p>IHU On-Line &#8211; Qual a situa\u00e7\u00e3o atual das pessoas que mataram Pe. Ezequiel?<\/p>\n<p>Pe. Pedro Bracelli &#8211; Houve dois processos em Cuiab\u00e1, onde os combonianos marcaram presen\u00e7a, assim como o povo. Um foi at\u00e9 condenado, mas est\u00e1 foragido at\u00e9 hoje. Poucos meses depois da morte de Ezequiel, houve um desafio entre colonos e fazendeiros, e um dos fazendeiros considerado respons\u00e1vel pela morte do padre foi morto numa emboscada. A coisa, juridicialmente, n\u00e3o foi resolvida.<\/p>\n<p>IHU On-Line &#8211; Como o Padre Ezequiel \u00e9 lembrado hoje, em Rond\u00f4nia, no Brasil e na It\u00e1lia?<\/p>\n<p>Pe. Pedro Bracelli &#8211; Na It\u00e1lia, em sua cidade natal, parece que a fam\u00edlia, na \u00e9poca, fez quest\u00e3o de levar seu corpo para l\u00e1. A m\u00e3e dele morreu h\u00e1 poucos meses. A Diocese de P\u00e1dua est\u00e1 interessada em encaminhar o processo can\u00f4nico para averiguar se existe o mart\u00edrio. Aqui no Brasil, j\u00e1 faz tempo que falamos nisso. Agora, o conselho provincial do nosso Grupo Comboniano Brasil-Sul decidiu lan\u00e7ar o tema aos colegas, recolhemos testemunhas, dois ter\u00e7os dos confrades s\u00e3o positivos e julgam \u00fatil que se inicie o processo can\u00f4nico. Portanto, acabamos de mandar para Roma toda a documenta\u00e7\u00e3o e o pedido oficial do nosso grupo diretivo para que a dire\u00e7\u00e3o geral aprove, como parece j\u00e1 estar fazendo verbalmente, e trasmita esses atos ao encarregado dos processos de canoniza\u00e7\u00e3o junto ao Vaticano.<\/p>\n<p>IHU On-Line &#8211; Como est\u00e1 o processo de beatifica\u00e7\u00e3o de Pe. Ezequiel?<\/p>\n<p>Pe. Pedro Bracelli &#8211; Estamos dando os primeiros passos oficiais, ent\u00e3o. Foi bom deixar passar esse tempo porque as opini\u00f5es s\u00e3o diferenciadas e tamb\u00e9m para ver se a mem\u00f3ria aguentava a hist\u00f3ria passando. Em Porto Velho, no ano passado, tivemos uma prova p\u00fablica eclesial, no Brasil todo, onde apareceu que a mem\u00f3ria de Padre Ezequiel foi uma das mais vivas que ficaram na igreja do pa\u00eds. Isso estimulou n\u00f3s do conselho comboniano aqui de S\u00e3o Paulo a enviar um question\u00e1rio para a base pedindo sua opini\u00e3o sobre isto. Recebemos uma resposta muito positiva. E assim, encaminhamos o pedido oficial para Roma, como relatei. Esperamos que, dando in\u00edcio a isso, o processo demorar\u00e1, mas que os testemunhos sejam fundamentais. Temos 30 testemunhos escritos que enviamos a Roma, eram relatos muito bonitos de pessoas que foram colegas de Padre Ezequiel. Elas escreveram que ele era um rapaz muito inteligente, sens\u00edvel, decidido e que tinha vontade de ser m\u00e9dico e, assim, pediu aos seus superiores que depois de cursar teologia, pudesse estudar medicina. Como o pedido n\u00e3o foi aceito, ele veio para o Brasil. Ele aceitou vir e, com coer\u00eancia, enfrentou a vida.<\/p>\n<p>IHU On-Line &#8211; A camisa dele foi exposta na Tenda dos M\u00e1rtires durante o \u00faltimo Encontro Intereclesial das Comunidades de Base. O que foi a Tenda dos M\u00e1rtires?<\/p>\n<p>Pe. Pedro Bracelli &#8211; Durante o 12\u00ba Encontro Intereclesial das Comunidades de Base, no ano passado, realizado em Porto Velho, religiosos, religiosas, padres e leigos organizaram a chamada Tenda dos M\u00e1rtires. Foi um local com refer\u00eancias, celebra\u00e7\u00f5es e debates sobre o mart\u00edrio de muitas pessoas na Amaz\u00f4nia Legal. Nesta recorda\u00e7\u00e3o, testemunharam que uma das pessoas mais conhecidas, mais apreciadas foi a Padre Ezequiel Ramin.<\/p>\n<p>IHU On-Line &#8211; Por que a camisa chamou tanta aten\u00e7\u00e3o?<\/p>\n<p>Pe. Pedro Bracelli &#8211; Aquela camisa tem uma hist\u00f3ria interessante. Quando o corpo de Padre Ezequiel foi trazido para S\u00e3o Paulo, sua camisa foi trazida pelas irm\u00e3s da regi\u00e3o de Rond\u00f4nia que acompanharam o processo. Um m\u00eas depois da sua morte, eu ia para Rond\u00f4nia, e a irm\u00e3 me pediu encarecidamente que a camisa fosse levada de volta. Eu peguei aquela camisa, botei em minha mala e entreguei l\u00e1 na par\u00f3quia de Rond\u00f4nia. A camisa se tornou o s\u00edmbolo e a rel\u00edquia de Ezequiel, uma vez que o corpo foi levado para a It\u00e1lia. A camisa estava ensaguentada, perfurada de muitas balas, tornando-se o s\u00edmbolo do fato grave que aconteceu, assim como do mart\u00edrio, uma vez que foi totalmente volunt\u00e1rio a disponibilidade dele de lutar pelos povos mais pobres da regi\u00e3o.<\/p>\n<p>IHU On-Line &#8211; O que a luta de Pe. Ezequiel representa hoje?<\/p>\n<p>Pe. Pedro Bracelli &#8211; Atrav\u00e9s de seu testemunho, sabemos que ele ofereceu sua vida por uma causa justa, pela f\u00e9, por amor a Deus e ao pr\u00f3ximo. Por isso, Ezequiel Ramin representa o melhor. Pens\u00e1vamos, os mais antigos, por sermos os mission\u00e1rios experimentados, que \u00e9ramos as pessoas mais representativas na miss\u00e3o. E, ent\u00e3o, com dois anos de presen\u00e7a, Ezequiel assumiu a problem\u00e1tica e ofereceu a pr\u00f3pria vida para os pobres, \u00edndios e roceiros. Ele dizia sempre: &#8220;a voc\u00eas pertence a minha vida e a voc\u00eas tamb\u00e9m pertencer\u00e1 a minha morte&#8221;. Esta \u00e9 uma frase registrada que corresponde a verdade e revela, portanto, as ideias e a for\u00e7a que ele tinha.<\/p>\n<p>IHU On-Line &#8211; Passados 25 anos do assassinato de Pe. Ezequiel, quais s\u00e3o os grandes desafios hoje na regi\u00e3o de Ji-Paran\u00e1 e em Rond\u00f4nia?<\/p>\n<p>Pe. Pedro Bracelli &#8211; Os desafios hoje s\u00e3o em parte parecidos e em parte n\u00e3o. Parecidos no sentido que Rond\u00f4nia se organizou. \u00c9 um estado que evoluiu muito. Com a organiza\u00e7\u00e3o, a coloniza\u00e7\u00e3o teve um sucesso bom no in\u00edcio e, depois, surgiram os latif\u00fandios. Ainda h\u00e1 uma desigualdade entre os que s\u00e3o propriet\u00e1rios de terras e os que s\u00e3o empregados e vivem a vida quase obrigados a migrar novamente. Rond\u00f4nia \u00e9 v\u00edtima de uma praga maior ainda, atualmente, que s\u00e3o as drogas e corrup\u00e7\u00e3o. Todo mundo sabe que o governo de Rond\u00f4nia \u00e9 muito corrupto em todos os n\u00edveis. Esse \u00e9 um grande dilema.<\/p>\n<div id=\"themify_builder_content-8215\" data-postid=\"8215\" class=\"themify_builder_content themify_builder_content-8215 themify_builder themify_builder_front\">\n\t<\/div>\n<!-- \/themify_builder_content -->","protected":false},"excerpt":{"rendered":"<p>IHU &#8211; Unisinos Ezequiel Ramin era padre e queria ser m\u00e9dico. Veio para o Brasil em 1983, onde assumiu a causa dos trabalhadores sem-terra e dos \u00edndios na regi\u00e3o norte do pa\u00eds, onde foi mission\u00e1rio da diocese de Ji-Paran\u00e1, em Rond\u00f4nia. Quando chegou ao Brasil, Pe. Ezequiel encontrou uma caminhada j\u00e1 em andamento em favor [&hellip;]<\/p>\n","protected":false},"author":5,"featured_media":0,"comment_status":"open","ping_status":"open","sticky":false,"template":"","format":"standard","meta":{"ngg_post_thumbnail":0,"footnotes":""},"categories":[186],"tags":[1492,75,1153,868],"yoast_head":"<!-- This site is optimized with the Yoast SEO plugin v23.5 - https:\/\/yoast.com\/wordpress\/plugins\/seo\/ -->\n<title>Ezequiel Ramin. 25 anos depois, assassinos impunes. Entrevista com Pedro Bracell - O Arcanjo no ar<\/title>\n<meta name=\"robots\" content=\"index, follow, max-snippet:-1, max-image-preview:large, max-video-preview:-1\" \/>\n<link rel=\"canonical\" href=\"https:\/\/www.oarcanjo.net\/site\/ezequiel-ramin-25-anos-depois-assassinos-impunes-entrevista-com-pedro-bracell\/\" \/>\n<meta property=\"og:locale\" content=\"pt_BR\" \/>\n<meta property=\"og:type\" content=\"article\" \/>\n<meta property=\"og:title\" content=\"Ezequiel Ramin. 25 anos depois, assassinos impunes. Entrevista com Pedro Bracell - O Arcanjo no ar\" \/>\n<meta property=\"og:description\" content=\"IHU &#8211; Unisinos Ezequiel Ramin era padre e queria ser m\u00e9dico. Veio para o Brasil em 1983, onde assumiu a causa dos trabalhadores sem-terra e dos \u00edndios na regi\u00e3o norte do pa\u00eds, onde foi mission\u00e1rio da diocese de Ji-Paran\u00e1, em Rond\u00f4nia. Quando chegou ao Brasil, Pe. Ezequiel encontrou uma caminhada j\u00e1 em andamento em favor [&hellip;]\" \/>\n<meta property=\"og:url\" content=\"https:\/\/www.oarcanjo.net\/site\/ezequiel-ramin-25-anos-depois-assassinos-impunes-entrevista-com-pedro-bracell\/\" \/>\n<meta property=\"og:site_name\" content=\"O Arcanjo no ar\" \/>\n<meta property=\"article:publisher\" content=\"https:\/\/www.facebook.com\/OArcanjoNoAr\/\" \/>\n<meta property=\"article:published_time\" content=\"2010-03-03T10:57:43+00:00\" \/>\n<meta property=\"og:image\" content=\"https:\/\/www.oarcanjo.net\/site\/wp-content\/uploads\/logo-o-arcanjo-no-ar-facebook.png\" \/>\n\t<meta property=\"og:image:width\" content=\"300\" \/>\n\t<meta property=\"og:image:height\" content=\"300\" \/>\n\t<meta property=\"og:image:type\" content=\"image\/png\" \/>\n<meta name=\"author\" content=\"editor\" \/>\n<meta name=\"twitter:card\" content=\"summary_large_image\" \/>\n<meta name=\"twitter:label1\" content=\"Escrito por\" \/>\n\t<meta name=\"twitter:data1\" content=\"editor\" \/>\n\t<meta name=\"twitter:label2\" content=\"Est. tempo de leitura\" \/>\n\t<meta name=\"twitter:data2\" content=\"8 minutos\" \/>\n<script type=\"application\/ld+json\" class=\"yoast-schema-graph\">{\"@context\":\"https:\/\/schema.org\",\"@graph\":[{\"@type\":\"Article\",\"@id\":\"https:\/\/www.oarcanjo.net\/site\/ezequiel-ramin-25-anos-depois-assassinos-impunes-entrevista-com-pedro-bracell\/#article\",\"isPartOf\":{\"@id\":\"https:\/\/www.oarcanjo.net\/site\/ezequiel-ramin-25-anos-depois-assassinos-impunes-entrevista-com-pedro-bracell\/\"},\"author\":{\"name\":\"editor\",\"@id\":\"https:\/\/www.oarcanjo.net\/site\/#\/schema\/person\/f7024d007863202483a31326673a0838\"},\"headline\":\"Ezequiel Ramin. 25 anos depois, assassinos impunes. Entrevista com Pedro Bracell\",\"datePublished\":\"2010-03-03T10:57:43+00:00\",\"dateModified\":\"2010-03-03T10:57:43+00:00\",\"mainEntityOfPage\":{\"@id\":\"https:\/\/www.oarcanjo.net\/site\/ezequiel-ramin-25-anos-depois-assassinos-impunes-entrevista-com-pedro-bracell\/\"},\"wordCount\":1695,\"commentCount\":0,\"publisher\":{\"@id\":\"https:\/\/www.oarcanjo.net\/site\/#organization\"},\"keywords\":[\"Ezequiel Ramin\",\"Justi\u00e7a social\",\"luta pela terra\",\"mart\u00edrio\"],\"articleSection\":[\"Testemunhos\"],\"inLanguage\":\"pt-BR\",\"potentialAction\":[{\"@type\":\"CommentAction\",\"name\":\"Comment\",\"target\":[\"https:\/\/www.oarcanjo.net\/site\/ezequiel-ramin-25-anos-depois-assassinos-impunes-entrevista-com-pedro-bracell\/#respond\"]}]},{\"@type\":\"WebPage\",\"@id\":\"https:\/\/www.oarcanjo.net\/site\/ezequiel-ramin-25-anos-depois-assassinos-impunes-entrevista-com-pedro-bracell\/\",\"url\":\"https:\/\/www.oarcanjo.net\/site\/ezequiel-ramin-25-anos-depois-assassinos-impunes-entrevista-com-pedro-bracell\/\",\"name\":\"Ezequiel Ramin. 25 anos depois, assassinos impunes. Entrevista com Pedro Bracell - O Arcanjo no ar\",\"isPartOf\":{\"@id\":\"https:\/\/www.oarcanjo.net\/site\/#website\"},\"datePublished\":\"2010-03-03T10:57:43+00:00\",\"dateModified\":\"2010-03-03T10:57:43+00:00\",\"breadcrumb\":{\"@id\":\"https:\/\/www.oarcanjo.net\/site\/ezequiel-ramin-25-anos-depois-assassinos-impunes-entrevista-com-pedro-bracell\/#breadcrumb\"},\"inLanguage\":\"pt-BR\",\"potentialAction\":[{\"@type\":\"ReadAction\",\"target\":[\"https:\/\/www.oarcanjo.net\/site\/ezequiel-ramin-25-anos-depois-assassinos-impunes-entrevista-com-pedro-bracell\/\"]}]},{\"@type\":\"BreadcrumbList\",\"@id\":\"https:\/\/www.oarcanjo.net\/site\/ezequiel-ramin-25-anos-depois-assassinos-impunes-entrevista-com-pedro-bracell\/#breadcrumb\",\"itemListElement\":[{\"@type\":\"ListItem\",\"position\":1,\"name\":\"In\u00edcio\",\"item\":\"https:\/\/www.oarcanjo.net\/site\/\"},{\"@type\":\"ListItem\",\"position\":2,\"name\":\"Ezequiel Ramin. 25 anos depois, assassinos impunes. Entrevista com Pedro Bracell\"}]},{\"@type\":\"WebSite\",\"@id\":\"https:\/\/www.oarcanjo.net\/site\/#website\",\"url\":\"https:\/\/www.oarcanjo.net\/site\/\",\"name\":\"O Arcanjo no ar\",\"description\":\"Site da Par\u00f3quia S\u00e3o Miguel Arcanjo (Arquidiocese de SP)\",\"publisher\":{\"@id\":\"https:\/\/www.oarcanjo.net\/site\/#organization\"},\"potentialAction\":[{\"@type\":\"SearchAction\",\"target\":{\"@type\":\"EntryPoint\",\"urlTemplate\":\"https:\/\/www.oarcanjo.net\/site\/?s={search_term_string}\"},\"query-input\":{\"@type\":\"PropertyValueSpecification\",\"valueRequired\":true,\"valueName\":\"search_term_string\"}}],\"inLanguage\":\"pt-BR\"},{\"@type\":\"Organization\",\"@id\":\"https:\/\/www.oarcanjo.net\/site\/#organization\",\"name\":\"Par\u00f3quia S\u00e3o Miguel Arcanjo\",\"url\":\"https:\/\/www.oarcanjo.net\/site\/\",\"logo\":{\"@type\":\"ImageObject\",\"inLanguage\":\"pt-BR\",\"@id\":\"https:\/\/www.oarcanjo.net\/site\/#\/schema\/logo\/image\/\",\"url\":\"https:\/\/www.oarcanjo.net\/site\/wp-content\/uploads\/LogoOArcanjo.png\",\"contentUrl\":\"https:\/\/www.oarcanjo.net\/site\/wp-content\/uploads\/LogoOArcanjo.png\",\"width\":319,\"height\":99,\"caption\":\"Par\u00f3quia S\u00e3o Miguel Arcanjo\"},\"image\":{\"@id\":\"https:\/\/www.oarcanjo.net\/site\/#\/schema\/logo\/image\/\"},\"sameAs\":[\"https:\/\/www.facebook.com\/OArcanjoNoAr\/\"]},{\"@type\":\"Person\",\"@id\":\"https:\/\/www.oarcanjo.net\/site\/#\/schema\/person\/f7024d007863202483a31326673a0838\",\"name\":\"editor\",\"sameAs\":[\"http:\/\/www.oarcanjo.net\"]}]}<\/script>\n<!-- \/ Yoast SEO plugin. -->","yoast_head_json":{"title":"Ezequiel Ramin. 25 anos depois, assassinos impunes. Entrevista com Pedro Bracell - O Arcanjo no ar","robots":{"index":"index","follow":"follow","max-snippet":"max-snippet:-1","max-image-preview":"max-image-preview:large","max-video-preview":"max-video-preview:-1"},"canonical":"https:\/\/www.oarcanjo.net\/site\/ezequiel-ramin-25-anos-depois-assassinos-impunes-entrevista-com-pedro-bracell\/","og_locale":"pt_BR","og_type":"article","og_title":"Ezequiel Ramin. 25 anos depois, assassinos impunes. Entrevista com Pedro Bracell - O Arcanjo no ar","og_description":"IHU &#8211; Unisinos Ezequiel Ramin era padre e queria ser m\u00e9dico. Veio para o Brasil em 1983, onde assumiu a causa dos trabalhadores sem-terra e dos \u00edndios na regi\u00e3o norte do pa\u00eds, onde foi mission\u00e1rio da diocese de Ji-Paran\u00e1, em Rond\u00f4nia. Quando chegou ao Brasil, Pe. Ezequiel encontrou uma caminhada j\u00e1 em andamento em favor [&hellip;]","og_url":"https:\/\/www.oarcanjo.net\/site\/ezequiel-ramin-25-anos-depois-assassinos-impunes-entrevista-com-pedro-bracell\/","og_site_name":"O Arcanjo no ar","article_publisher":"https:\/\/www.facebook.com\/OArcanjoNoAr\/","article_published_time":"2010-03-03T10:57:43+00:00","og_image":[{"width":300,"height":300,"url":"https:\/\/www.oarcanjo.net\/site\/wp-content\/uploads\/logo-o-arcanjo-no-ar-facebook.png","type":"image\/png"}],"author":"editor","twitter_card":"summary_large_image","twitter_misc":{"Escrito por":"editor","Est. tempo de leitura":"8 minutos"},"schema":{"@context":"https:\/\/schema.org","@graph":[{"@type":"Article","@id":"https:\/\/www.oarcanjo.net\/site\/ezequiel-ramin-25-anos-depois-assassinos-impunes-entrevista-com-pedro-bracell\/#article","isPartOf":{"@id":"https:\/\/www.oarcanjo.net\/site\/ezequiel-ramin-25-anos-depois-assassinos-impunes-entrevista-com-pedro-bracell\/"},"author":{"name":"editor","@id":"https:\/\/www.oarcanjo.net\/site\/#\/schema\/person\/f7024d007863202483a31326673a0838"},"headline":"Ezequiel Ramin. 25 anos depois, assassinos impunes. Entrevista com Pedro Bracell","datePublished":"2010-03-03T10:57:43+00:00","dateModified":"2010-03-03T10:57:43+00:00","mainEntityOfPage":{"@id":"https:\/\/www.oarcanjo.net\/site\/ezequiel-ramin-25-anos-depois-assassinos-impunes-entrevista-com-pedro-bracell\/"},"wordCount":1695,"commentCount":0,"publisher":{"@id":"https:\/\/www.oarcanjo.net\/site\/#organization"},"keywords":["Ezequiel Ramin","Justi\u00e7a social","luta pela terra","mart\u00edrio"],"articleSection":["Testemunhos"],"inLanguage":"pt-BR","potentialAction":[{"@type":"CommentAction","name":"Comment","target":["https:\/\/www.oarcanjo.net\/site\/ezequiel-ramin-25-anos-depois-assassinos-impunes-entrevista-com-pedro-bracell\/#respond"]}]},{"@type":"WebPage","@id":"https:\/\/www.oarcanjo.net\/site\/ezequiel-ramin-25-anos-depois-assassinos-impunes-entrevista-com-pedro-bracell\/","url":"https:\/\/www.oarcanjo.net\/site\/ezequiel-ramin-25-anos-depois-assassinos-impunes-entrevista-com-pedro-bracell\/","name":"Ezequiel Ramin. 25 anos depois, assassinos impunes. Entrevista com Pedro Bracell - O Arcanjo no ar","isPartOf":{"@id":"https:\/\/www.oarcanjo.net\/site\/#website"},"datePublished":"2010-03-03T10:57:43+00:00","dateModified":"2010-03-03T10:57:43+00:00","breadcrumb":{"@id":"https:\/\/www.oarcanjo.net\/site\/ezequiel-ramin-25-anos-depois-assassinos-impunes-entrevista-com-pedro-bracell\/#breadcrumb"},"inLanguage":"pt-BR","potentialAction":[{"@type":"ReadAction","target":["https:\/\/www.oarcanjo.net\/site\/ezequiel-ramin-25-anos-depois-assassinos-impunes-entrevista-com-pedro-bracell\/"]}]},{"@type":"BreadcrumbList","@id":"https:\/\/www.oarcanjo.net\/site\/ezequiel-ramin-25-anos-depois-assassinos-impunes-entrevista-com-pedro-bracell\/#breadcrumb","itemListElement":[{"@type":"ListItem","position":1,"name":"In\u00edcio","item":"https:\/\/www.oarcanjo.net\/site\/"},{"@type":"ListItem","position":2,"name":"Ezequiel Ramin. 25 anos depois, assassinos impunes. Entrevista com Pedro Bracell"}]},{"@type":"WebSite","@id":"https:\/\/www.oarcanjo.net\/site\/#website","url":"https:\/\/www.oarcanjo.net\/site\/","name":"O Arcanjo no ar","description":"Site da Par\u00f3quia S\u00e3o Miguel Arcanjo (Arquidiocese de SP)","publisher":{"@id":"https:\/\/www.oarcanjo.net\/site\/#organization"},"potentialAction":[{"@type":"SearchAction","target":{"@type":"EntryPoint","urlTemplate":"https:\/\/www.oarcanjo.net\/site\/?s={search_term_string}"},"query-input":{"@type":"PropertyValueSpecification","valueRequired":true,"valueName":"search_term_string"}}],"inLanguage":"pt-BR"},{"@type":"Organization","@id":"https:\/\/www.oarcanjo.net\/site\/#organization","name":"Par\u00f3quia S\u00e3o Miguel Arcanjo","url":"https:\/\/www.oarcanjo.net\/site\/","logo":{"@type":"ImageObject","inLanguage":"pt-BR","@id":"https:\/\/www.oarcanjo.net\/site\/#\/schema\/logo\/image\/","url":"https:\/\/www.oarcanjo.net\/site\/wp-content\/uploads\/LogoOArcanjo.png","contentUrl":"https:\/\/www.oarcanjo.net\/site\/wp-content\/uploads\/LogoOArcanjo.png","width":319,"height":99,"caption":"Par\u00f3quia S\u00e3o Miguel Arcanjo"},"image":{"@id":"https:\/\/www.oarcanjo.net\/site\/#\/schema\/logo\/image\/"},"sameAs":["https:\/\/www.facebook.com\/OArcanjoNoAr\/"]},{"@type":"Person","@id":"https:\/\/www.oarcanjo.net\/site\/#\/schema\/person\/f7024d007863202483a31326673a0838","name":"editor","sameAs":["http:\/\/www.oarcanjo.net"]}]}},"publishpress_future_action":{"enabled":false,"date":"2026-05-08 09:34:39","action":"category","newStatus":"draft","terms":[],"taxonomy":"category"},"publishpress_future_workflow_manual_trigger":{"enabledWorkflows":[]},"_links":{"self":[{"href":"https:\/\/www.oarcanjo.net\/site\/wp-json\/wp\/v2\/posts\/8215"}],"collection":[{"href":"https:\/\/www.oarcanjo.net\/site\/wp-json\/wp\/v2\/posts"}],"about":[{"href":"https:\/\/www.oarcanjo.net\/site\/wp-json\/wp\/v2\/types\/post"}],"author":[{"embeddable":true,"href":"https:\/\/www.oarcanjo.net\/site\/wp-json\/wp\/v2\/users\/5"}],"replies":[{"embeddable":true,"href":"https:\/\/www.oarcanjo.net\/site\/wp-json\/wp\/v2\/comments?post=8215"}],"version-history":[{"count":0,"href":"https:\/\/www.oarcanjo.net\/site\/wp-json\/wp\/v2\/posts\/8215\/revisions"}],"wp:attachment":[{"href":"https:\/\/www.oarcanjo.net\/site\/wp-json\/wp\/v2\/media?parent=8215"}],"wp:term":[{"taxonomy":"category","embeddable":true,"href":"https:\/\/www.oarcanjo.net\/site\/wp-json\/wp\/v2\/categories?post=8215"},{"taxonomy":"post_tag","embeddable":true,"href":"https:\/\/www.oarcanjo.net\/site\/wp-json\/wp\/v2\/tags?post=8215"}],"curies":[{"name":"wp","href":"https:\/\/api.w.org\/{rel}","templated":true}]}}