
{"id":8223,"date":"2019-03-06T00:44:59","date_gmt":"2019-03-06T03:44:59","guid":{"rendered":"http:\/\/www.oarcanjo.net\/site\/?p=8223"},"modified":"2019-02-12T17:54:38","modified_gmt":"2019-02-12T19:54:38","slug":"santa-rosa-de-viterbo","status":"publish","type":"post","link":"https:\/\/www.oarcanjo.net\/site\/santa-rosa-de-viterbo\/","title":{"rendered":"Santa Rosa de Viterbo"},"content":{"rendered":"<p><img decoding=\"async\" src=\"http:\/\/1.bp.blogspot.com\/_uGLtSsnGUkI\/Re4gxcXv4dI\/AAAAAAAAAF0\/xr-jXgKULRY\/s1600\/Santa-Rosa.jpg\" border=\"0\" alt=\"[Santa-Rosa.jpg]\" \/><\/p>\n<p>6 de Mar\u00e7o<\/p>\n<p>Rosa viveu numa \u00e9poca de grandes confrontos, entre os poderes do pontificado e do imperador, somados aos conflitos civis provocados por duas fam\u00edlias que disputavam o governo da cidade de Viterbo. Ela nasceu nesta cidade num dia incerto do ano de 1234. Os pais, Jo\u00e3o e Catarina, eram crist\u00e3os fervorosos. A fam\u00edlia possu\u00eda uma boa propriedade na vizinha Santa Maria de Poggio, vivendo com conforto da agricultura.<\/p>\n<p>Envolta por antigas tradi\u00e7\u00f5es e sem dados oficiais que comprovem os fatos narrados, a vida de Rosa foi breve e incomum. Como sua m\u00e3e, Catarina, trabalhava com as Irm\u00e3s Clarissas do mosteiro da cidade, Rosa recebeu a influ\u00eancia da espiritualidade franciscana, ainda muito pequena. Ela era uma crian\u00e7a carism\u00e1tica, possu\u00eda dons especiais e um amor incondicional ao Senhor e a Virgem Maria. Dizem que com apenas tr\u00eas anos de idade transformava p\u00e3es em rosas e aos sete, pregava nas pra\u00e7as, convertendo multid\u00f5es. Aos doze anos ingressou na Ordem Terceira de S\u00e3o Francisco, por causa de uma vis\u00e3o em que Nossa Senhora assim lhe determinava.<\/p>\n<p>No ano de 1247 a cidade de Viterbo, fiel ao Papa, caiu nas m\u00e3os do imperador Frederico II, um herege, que negava a autoridade do Papa e o poder do Sacerdote de perdoar os pecados e consagrar. Rosa teve outra vis\u00e3o, desta vez com Cristo que estava com o cora\u00e7\u00e3o em chamas. Ela n\u00e3o se conteve, saiu pelas ruas pregando com um crucifixo nas m\u00e3os. A not\u00edcia correu toda cidade, muitos foram estimulados na f\u00e9, e v\u00e1rios hereges se converteram. Com suas palavras confundia at\u00e9 os mais preparados. Por isto, representava uma amea\u00e7a para as autoridades locais.<\/p>\n<p>Em 1250, o prefeito a condenou ao ex\u00edlio. Rosa e seus pais foram morar em Soriano onde sua fama j\u00e1 havia chegado. Na noite de 5 de dezembro 1251, Rosa recebeu a visita de um anjo, que lhe revelou que o imperador Frederico II, uma semana depois, morreria. O que de fato aconteceu. Com isto, o poder dos hereges enfraqueceu e Rosa pode retornar a Viterbo. Toda a regi\u00e3o voltou a viver em paz. No dia 6 de mar\u00e7o de 1252, sem agonia, ela morreu.<\/p>\n<p>No mesmo ano, o Papa Inoc\u00eancio IV, mandou instaurar o processo para a canoniza\u00e7\u00e3o de Rosa. Cinco anos depois o mesmo pont\u00edfice mandou exumar o corpo, e para a surpresa de todos, ele foi encontrado intacto. Rosa foi transladada para o convento das Irm\u00e3s Clarissas que nesta cerim\u00f4nia passou a se chamar, convento de Santa Rosa. Depois desta cerim\u00f4nia a Santa s\u00f3 foi &#8220;canonizada&#8221; pelo povo, porque curiosamente o processo nunca foi<br \/>\npromulgado. A canoniza\u00e7\u00e3o de Rosa ficou assim, nunca foi oficializada.. Mas tamb\u00e9m nunca foi negada pelo Papa e pela Igreja. Santa Rosa de Viterbo, desde o momento de sua morte, foi &#8220;canonizada&#8221; pelo povo.<\/p>\n<p>Em setembro de 1929, o Papa Pio XI, declarou Santa Rosa de Viterbo a padroeira da Juventude Feminina da A\u00e7\u00e3o Cat\u00f3lica Italiana . No Brasil ela \u00e9 A Padroeira dos Jovens Franciscanos Seculares. Santa Rosa de Viterbo \u00e9 festejada no dia de sua morte, mas tamb\u00e9m pode ser comemorada no dia 4 de setembro, dia do seu translado para o mosteiro de Clarissas de Santa Rosa, em Viterbo, It\u00e1lia.<\/p>\n<p><img decoding=\"async\" src=\"http:\/\/ofuxico.terra.com.br\/admin\/smarty\/templates\/upload\/2009\/05\/viterbocorpo.jpg\" alt=\"\" \/><\/p>\n<div id=\"themify_builder_content-8223\" data-postid=\"8223\" class=\"themify_builder_content themify_builder_content-8223 themify_builder themify_builder_front\">\n\t<\/div>\n<!-- \/themify_builder_content -->","protected":false},"excerpt":{"rendered":"<p>6 de Mar\u00e7o Rosa viveu numa \u00e9poca de grandes confrontos, entre os poderes do pontificado e do imperador, somados aos conflitos civis provocados por duas fam\u00edlias que disputavam o governo da cidade de Viterbo. Ela nasceu nesta cidade num dia incerto do ano de 1234. Os pais, Jo\u00e3o e Catarina, eram crist\u00e3os fervorosos. A fam\u00edlia [&hellip;]<\/p>\n","protected":false},"author":14,"featured_media":0,"comment_status":"open","ping_status":"open","sticky":false,"template":"","format":"standard","meta":{"ngg_post_thumbnail":0,"footnotes":""},"categories":[186],"tags":[],"yoast_head":"<!-- This site is optimized with the Yoast SEO plugin v23.5 - https:\/\/yoast.com\/wordpress\/plugins\/seo\/ -->\n<title>Santa Rosa de Viterbo - O Arcanjo no ar<\/title>\n<meta name=\"robots\" content=\"index, follow, max-snippet:-1, max-image-preview:large, max-video-preview:-1\" \/>\n<link rel=\"canonical\" href=\"https:\/\/www.oarcanjo.net\/site\/santa-rosa-de-viterbo\/\" \/>\n<meta property=\"og:locale\" content=\"pt_BR\" \/>\n<meta property=\"og:type\" content=\"article\" \/>\n<meta property=\"og:title\" content=\"Santa Rosa de Viterbo - O Arcanjo no ar\" \/>\n<meta property=\"og:description\" content=\"6 de Mar\u00e7o Rosa viveu numa \u00e9poca de grandes confrontos, entre os poderes do pontificado e do imperador, somados aos conflitos civis provocados por duas fam\u00edlias que disputavam o governo da cidade de Viterbo. Ela nasceu nesta cidade num dia incerto do ano de 1234. Os pais, Jo\u00e3o e Catarina, eram crist\u00e3os fervorosos. A fam\u00edlia [&hellip;]\" \/>\n<meta property=\"og:url\" content=\"https:\/\/www.oarcanjo.net\/site\/santa-rosa-de-viterbo\/\" \/>\n<meta property=\"og:site_name\" content=\"O Arcanjo no ar\" \/>\n<meta property=\"article:publisher\" content=\"https:\/\/www.facebook.com\/OArcanjoNoAr\/\" \/>\n<meta property=\"article:published_time\" content=\"2019-03-06T03:44:59+00:00\" \/>\n<meta property=\"article:modified_time\" content=\"2019-02-12T19:54:38+00:00\" \/>\n<meta property=\"og:image\" content=\"http:\/\/1.bp.blogspot.com\/_uGLtSsnGUkI\/Re4gxcXv4dI\/AAAAAAAAAF0\/xr-jXgKULRY\/s1600\/Santa-Rosa.jpg\" \/>\n<meta name=\"author\" content=\"danilo\" \/>\n<meta name=\"twitter:card\" content=\"summary_large_image\" \/>\n<meta name=\"twitter:label1\" content=\"Escrito por\" \/>\n\t<meta name=\"twitter:data1\" content=\"danilo\" \/>\n\t<meta name=\"twitter:label2\" content=\"Est. tempo de leitura\" \/>\n\t<meta name=\"twitter:data2\" content=\"3 minutos\" \/>\n<script type=\"application\/ld+json\" class=\"yoast-schema-graph\">{\"@context\":\"https:\/\/schema.org\",\"@graph\":[{\"@type\":\"Article\",\"@id\":\"https:\/\/www.oarcanjo.net\/site\/santa-rosa-de-viterbo\/#article\",\"isPartOf\":{\"@id\":\"https:\/\/www.oarcanjo.net\/site\/santa-rosa-de-viterbo\/\"},\"author\":{\"name\":\"danilo\",\"@id\":\"https:\/\/www.oarcanjo.net\/site\/#\/schema\/person\/5eb9480bedd2f3c97e430ce128c29c6c\"},\"headline\":\"Santa Rosa de Viterbo\",\"datePublished\":\"2019-03-06T03:44:59+00:00\",\"dateModified\":\"2019-02-12T19:54:38+00:00\",\"mainEntityOfPage\":{\"@id\":\"https:\/\/www.oarcanjo.net\/site\/santa-rosa-de-viterbo\/\"},\"wordCount\":564,\"commentCount\":1,\"publisher\":{\"@id\":\"https:\/\/www.oarcanjo.net\/site\/#organization\"},\"image\":{\"@id\":\"https:\/\/www.oarcanjo.net\/site\/santa-rosa-de-viterbo\/#primaryimage\"},\"thumbnailUrl\":\"http:\/\/1.bp.blogspot.com\/_uGLtSsnGUkI\/Re4gxcXv4dI\/AAAAAAAAAF0\/xr-jXgKULRY\/s1600\/Santa-Rosa.jpg\",\"articleSection\":[\"Testemunhos\"],\"inLanguage\":\"pt-BR\",\"potentialAction\":[{\"@type\":\"CommentAction\",\"name\":\"Comment\",\"target\":[\"https:\/\/www.oarcanjo.net\/site\/santa-rosa-de-viterbo\/#respond\"]}]},{\"@type\":\"WebPage\",\"@id\":\"https:\/\/www.oarcanjo.net\/site\/santa-rosa-de-viterbo\/\",\"url\":\"https:\/\/www.oarcanjo.net\/site\/santa-rosa-de-viterbo\/\",\"name\":\"Santa Rosa de Viterbo - O Arcanjo no ar\",\"isPartOf\":{\"@id\":\"https:\/\/www.oarcanjo.net\/site\/#website\"},\"primaryImageOfPage\":{\"@id\":\"https:\/\/www.oarcanjo.net\/site\/santa-rosa-de-viterbo\/#primaryimage\"},\"image\":{\"@id\":\"https:\/\/www.oarcanjo.net\/site\/santa-rosa-de-viterbo\/#primaryimage\"},\"thumbnailUrl\":\"http:\/\/1.bp.blogspot.com\/_uGLtSsnGUkI\/Re4gxcXv4dI\/AAAAAAAAAF0\/xr-jXgKULRY\/s1600\/Santa-Rosa.jpg\",\"datePublished\":\"2019-03-06T03:44:59+00:00\",\"dateModified\":\"2019-02-12T19:54:38+00:00\",\"breadcrumb\":{\"@id\":\"https:\/\/www.oarcanjo.net\/site\/santa-rosa-de-viterbo\/#breadcrumb\"},\"inLanguage\":\"pt-BR\",\"potentialAction\":[{\"@type\":\"ReadAction\",\"target\":[\"https:\/\/www.oarcanjo.net\/site\/santa-rosa-de-viterbo\/\"]}]},{\"@type\":\"ImageObject\",\"inLanguage\":\"pt-BR\",\"@id\":\"https:\/\/www.oarcanjo.net\/site\/santa-rosa-de-viterbo\/#primaryimage\",\"url\":\"http:\/\/1.bp.blogspot.com\/_uGLtSsnGUkI\/Re4gxcXv4dI\/AAAAAAAAAF0\/xr-jXgKULRY\/s1600\/Santa-Rosa.jpg\",\"contentUrl\":\"http:\/\/1.bp.blogspot.com\/_uGLtSsnGUkI\/Re4gxcXv4dI\/AAAAAAAAAF0\/xr-jXgKULRY\/s1600\/Santa-Rosa.jpg\"},{\"@type\":\"BreadcrumbList\",\"@id\":\"https:\/\/www.oarcanjo.net\/site\/santa-rosa-de-viterbo\/#breadcrumb\",\"itemListElement\":[{\"@type\":\"ListItem\",\"position\":1,\"name\":\"In\u00edcio\",\"item\":\"https:\/\/www.oarcanjo.net\/site\/\"},{\"@type\":\"ListItem\",\"position\":2,\"name\":\"Santa Rosa de Viterbo\"}]},{\"@type\":\"WebSite\",\"@id\":\"https:\/\/www.oarcanjo.net\/site\/#website\",\"url\":\"https:\/\/www.oarcanjo.net\/site\/\",\"name\":\"O Arcanjo no ar\",\"description\":\"Site da Par\u00f3quia S\u00e3o Miguel Arcanjo (Arquidiocese de SP)\",\"publisher\":{\"@id\":\"https:\/\/www.oarcanjo.net\/site\/#organization\"},\"potentialAction\":[{\"@type\":\"SearchAction\",\"target\":{\"@type\":\"EntryPoint\",\"urlTemplate\":\"https:\/\/www.oarcanjo.net\/site\/?s={search_term_string}\"},\"query-input\":{\"@type\":\"PropertyValueSpecification\",\"valueRequired\":true,\"valueName\":\"search_term_string\"}}],\"inLanguage\":\"pt-BR\"},{\"@type\":\"Organization\",\"@id\":\"https:\/\/www.oarcanjo.net\/site\/#organization\",\"name\":\"Par\u00f3quia S\u00e3o Miguel Arcanjo\",\"url\":\"https:\/\/www.oarcanjo.net\/site\/\",\"logo\":{\"@type\":\"ImageObject\",\"inLanguage\":\"pt-BR\",\"@id\":\"https:\/\/www.oarcanjo.net\/site\/#\/schema\/logo\/image\/\",\"url\":\"https:\/\/www.oarcanjo.net\/site\/wp-content\/uploads\/LogoOArcanjo.png\",\"contentUrl\":\"https:\/\/www.oarcanjo.net\/site\/wp-content\/uploads\/LogoOArcanjo.png\",\"width\":319,\"height\":99,\"caption\":\"Par\u00f3quia S\u00e3o Miguel Arcanjo\"},\"image\":{\"@id\":\"https:\/\/www.oarcanjo.net\/site\/#\/schema\/logo\/image\/\"},\"sameAs\":[\"https:\/\/www.facebook.com\/OArcanjoNoAr\/\"]},{\"@type\":\"Person\",\"@id\":\"https:\/\/www.oarcanjo.net\/site\/#\/schema\/person\/5eb9480bedd2f3c97e430ce128c29c6c\",\"name\":\"danilo\"}]}<\/script>\n<!-- \/ Yoast SEO plugin. -->","yoast_head_json":{"title":"Santa Rosa de Viterbo - O Arcanjo no ar","robots":{"index":"index","follow":"follow","max-snippet":"max-snippet:-1","max-image-preview":"max-image-preview:large","max-video-preview":"max-video-preview:-1"},"canonical":"https:\/\/www.oarcanjo.net\/site\/santa-rosa-de-viterbo\/","og_locale":"pt_BR","og_type":"article","og_title":"Santa Rosa de Viterbo - O Arcanjo no ar","og_description":"6 de Mar\u00e7o Rosa viveu numa \u00e9poca de grandes confrontos, entre os poderes do pontificado e do imperador, somados aos conflitos civis provocados por duas fam\u00edlias que disputavam o governo da cidade de Viterbo. Ela nasceu nesta cidade num dia incerto do ano de 1234. Os pais, Jo\u00e3o e Catarina, eram crist\u00e3os fervorosos. A fam\u00edlia [&hellip;]","og_url":"https:\/\/www.oarcanjo.net\/site\/santa-rosa-de-viterbo\/","og_site_name":"O Arcanjo no ar","article_publisher":"https:\/\/www.facebook.com\/OArcanjoNoAr\/","article_published_time":"2019-03-06T03:44:59+00:00","article_modified_time":"2019-02-12T19:54:38+00:00","og_image":[{"url":"http:\/\/1.bp.blogspot.com\/_uGLtSsnGUkI\/Re4gxcXv4dI\/AAAAAAAAAF0\/xr-jXgKULRY\/s1600\/Santa-Rosa.jpg"}],"author":"danilo","twitter_card":"summary_large_image","twitter_misc":{"Escrito por":"danilo","Est. tempo de leitura":"3 minutos"},"schema":{"@context":"https:\/\/schema.org","@graph":[{"@type":"Article","@id":"https:\/\/www.oarcanjo.net\/site\/santa-rosa-de-viterbo\/#article","isPartOf":{"@id":"https:\/\/www.oarcanjo.net\/site\/santa-rosa-de-viterbo\/"},"author":{"name":"danilo","@id":"https:\/\/www.oarcanjo.net\/site\/#\/schema\/person\/5eb9480bedd2f3c97e430ce128c29c6c"},"headline":"Santa Rosa de Viterbo","datePublished":"2019-03-06T03:44:59+00:00","dateModified":"2019-02-12T19:54:38+00:00","mainEntityOfPage":{"@id":"https:\/\/www.oarcanjo.net\/site\/santa-rosa-de-viterbo\/"},"wordCount":564,"commentCount":1,"publisher":{"@id":"https:\/\/www.oarcanjo.net\/site\/#organization"},"image":{"@id":"https:\/\/www.oarcanjo.net\/site\/santa-rosa-de-viterbo\/#primaryimage"},"thumbnailUrl":"http:\/\/1.bp.blogspot.com\/_uGLtSsnGUkI\/Re4gxcXv4dI\/AAAAAAAAAF0\/xr-jXgKULRY\/s1600\/Santa-Rosa.jpg","articleSection":["Testemunhos"],"inLanguage":"pt-BR","potentialAction":[{"@type":"CommentAction","name":"Comment","target":["https:\/\/www.oarcanjo.net\/site\/santa-rosa-de-viterbo\/#respond"]}]},{"@type":"WebPage","@id":"https:\/\/www.oarcanjo.net\/site\/santa-rosa-de-viterbo\/","url":"https:\/\/www.oarcanjo.net\/site\/santa-rosa-de-viterbo\/","name":"Santa Rosa de Viterbo - O Arcanjo no ar","isPartOf":{"@id":"https:\/\/www.oarcanjo.net\/site\/#website"},"primaryImageOfPage":{"@id":"https:\/\/www.oarcanjo.net\/site\/santa-rosa-de-viterbo\/#primaryimage"},"image":{"@id":"https:\/\/www.oarcanjo.net\/site\/santa-rosa-de-viterbo\/#primaryimage"},"thumbnailUrl":"http:\/\/1.bp.blogspot.com\/_uGLtSsnGUkI\/Re4gxcXv4dI\/AAAAAAAAAF0\/xr-jXgKULRY\/s1600\/Santa-Rosa.jpg","datePublished":"2019-03-06T03:44:59+00:00","dateModified":"2019-02-12T19:54:38+00:00","breadcrumb":{"@id":"https:\/\/www.oarcanjo.net\/site\/santa-rosa-de-viterbo\/#breadcrumb"},"inLanguage":"pt-BR","potentialAction":[{"@type":"ReadAction","target":["https:\/\/www.oarcanjo.net\/site\/santa-rosa-de-viterbo\/"]}]},{"@type":"ImageObject","inLanguage":"pt-BR","@id":"https:\/\/www.oarcanjo.net\/site\/santa-rosa-de-viterbo\/#primaryimage","url":"http:\/\/1.bp.blogspot.com\/_uGLtSsnGUkI\/Re4gxcXv4dI\/AAAAAAAAAF0\/xr-jXgKULRY\/s1600\/Santa-Rosa.jpg","contentUrl":"http:\/\/1.bp.blogspot.com\/_uGLtSsnGUkI\/Re4gxcXv4dI\/AAAAAAAAAF0\/xr-jXgKULRY\/s1600\/Santa-Rosa.jpg"},{"@type":"BreadcrumbList","@id":"https:\/\/www.oarcanjo.net\/site\/santa-rosa-de-viterbo\/#breadcrumb","itemListElement":[{"@type":"ListItem","position":1,"name":"In\u00edcio","item":"https:\/\/www.oarcanjo.net\/site\/"},{"@type":"ListItem","position":2,"name":"Santa Rosa de Viterbo"}]},{"@type":"WebSite","@id":"https:\/\/www.oarcanjo.net\/site\/#website","url":"https:\/\/www.oarcanjo.net\/site\/","name":"O Arcanjo no ar","description":"Site da Par\u00f3quia S\u00e3o Miguel Arcanjo (Arquidiocese de SP)","publisher":{"@id":"https:\/\/www.oarcanjo.net\/site\/#organization"},"potentialAction":[{"@type":"SearchAction","target":{"@type":"EntryPoint","urlTemplate":"https:\/\/www.oarcanjo.net\/site\/?s={search_term_string}"},"query-input":{"@type":"PropertyValueSpecification","valueRequired":true,"valueName":"search_term_string"}}],"inLanguage":"pt-BR"},{"@type":"Organization","@id":"https:\/\/www.oarcanjo.net\/site\/#organization","name":"Par\u00f3quia S\u00e3o Miguel Arcanjo","url":"https:\/\/www.oarcanjo.net\/site\/","logo":{"@type":"ImageObject","inLanguage":"pt-BR","@id":"https:\/\/www.oarcanjo.net\/site\/#\/schema\/logo\/image\/","url":"https:\/\/www.oarcanjo.net\/site\/wp-content\/uploads\/LogoOArcanjo.png","contentUrl":"https:\/\/www.oarcanjo.net\/site\/wp-content\/uploads\/LogoOArcanjo.png","width":319,"height":99,"caption":"Par\u00f3quia S\u00e3o Miguel Arcanjo"},"image":{"@id":"https:\/\/www.oarcanjo.net\/site\/#\/schema\/logo\/image\/"},"sameAs":["https:\/\/www.facebook.com\/OArcanjoNoAr\/"]},{"@type":"Person","@id":"https:\/\/www.oarcanjo.net\/site\/#\/schema\/person\/5eb9480bedd2f3c97e430ce128c29c6c","name":"danilo"}]}},"publishpress_future_action":{"enabled":false,"date":"2026-05-07 23:37:21","action":"category","newStatus":"draft","terms":[],"taxonomy":"category"},"publishpress_future_workflow_manual_trigger":{"enabledWorkflows":[]},"_links":{"self":[{"href":"https:\/\/www.oarcanjo.net\/site\/wp-json\/wp\/v2\/posts\/8223"}],"collection":[{"href":"https:\/\/www.oarcanjo.net\/site\/wp-json\/wp\/v2\/posts"}],"about":[{"href":"https:\/\/www.oarcanjo.net\/site\/wp-json\/wp\/v2\/types\/post"}],"author":[{"embeddable":true,"href":"https:\/\/www.oarcanjo.net\/site\/wp-json\/wp\/v2\/users\/14"}],"replies":[{"embeddable":true,"href":"https:\/\/www.oarcanjo.net\/site\/wp-json\/wp\/v2\/comments?post=8223"}],"version-history":[{"count":1,"href":"https:\/\/www.oarcanjo.net\/site\/wp-json\/wp\/v2\/posts\/8223\/revisions"}],"predecessor-version":[{"id":92801,"href":"https:\/\/www.oarcanjo.net\/site\/wp-json\/wp\/v2\/posts\/8223\/revisions\/92801"}],"wp:attachment":[{"href":"https:\/\/www.oarcanjo.net\/site\/wp-json\/wp\/v2\/media?parent=8223"}],"wp:term":[{"taxonomy":"category","embeddable":true,"href":"https:\/\/www.oarcanjo.net\/site\/wp-json\/wp\/v2\/categories?post=8223"},{"taxonomy":"post_tag","embeddable":true,"href":"https:\/\/www.oarcanjo.net\/site\/wp-json\/wp\/v2\/tags?post=8223"}],"curies":[{"name":"wp","href":"https:\/\/api.w.org\/{rel}","templated":true}]}}