
{"id":8225,"date":"2019-03-06T08:53:15","date_gmt":"2019-03-06T11:53:15","guid":{"rendered":"http:\/\/www.oarcanjo.net\/site\/?p=8225"},"modified":"2019-02-20T08:05:24","modified_gmt":"2019-02-20T11:05:24","slug":"santa-coleta-nicoleta","status":"publish","type":"post","link":"https:\/\/www.oarcanjo.net\/site\/santa-coleta-nicoleta\/","title":{"rendered":"Santa Coleta (Nicoleta)"},"content":{"rendered":"<p><img decoding=\"async\" src=\"http:\/\/www.corazones.org\/santos\/coleta.gif\" alt=\"\" \/><\/p>\n<p>6 de Mar\u00e7o<\/p>\n<p>Reformadora das Ordens das Irm\u00e3s Claras Coletinas e dos Irm\u00e3os Menores de S\u00e3o Francisco<\/p>\n<p>Nascida em 13 de janeiro de 1381, em Corbie, na regi\u00e3o francesa de Amiens, Nicoleta Boilet, apelidada de Coleta, recebeu este nome em homenagem a s\u00e3o Nicolau. Seus pais estavam com a idade avan\u00e7ada e sem filhos quando pediram pela intercess\u00e3o desta gra\u00e7a ao santo, do qual eram devotos.<\/p>\n<p>O pai era um artista abastado, que trabalhou no mosteiro beneditino de Corbie, onde a fam\u00edlia viveu por alguns anos. A educa\u00e7\u00e3o e o conv\u00edvio religioso al\u00ed recebidos influenciaram muito na espiritualidade de Coleta, que nunca mais se afastou da religi\u00e3o e contribuiu vigorosamente para a constru\u00e7\u00e3o e afirma\u00e7\u00e3o da Igreja Cat\u00f3lica.<\/p>\n<p>Aos dezoito anos ficou \u00f3rf\u00e3. Distribuiu os bens aos pobres para viver reclusa na Ordem terceira de S\u00e3o Francisco. Neste per\u00edodo teve uma vis\u00e3o de Cristo que lhe deu a incumbiu de reformar as Clarissas. No in\u00edcio, resistiu em cumprir a miss\u00e3o que t\u00e3o claramente lhe foi dada. Mas, depois de ficar muda e cega por alguns dias, entendeu que era um sinal pela sua desobedi\u00eancia, e aconselhada pelo frei Henrique Baume, irm\u00e3o menor, se apresentou ao papa Bento XIII, que estava em Nice, e lhe exp\u00f4s a vontade de Deus.<\/p>\n<p>Coleta foi admitida e consagrada pelo Papa e, ele mesmo a consagrou com o h\u00e1bito e a professou na Ordem primeira de Santa Clara. Em seguida a nomeou superiora geral de todos os conventos que fundasse ou reformasse e confiou a ela a reforma das tr\u00eas ordens religiosas em todos os mosteiros de Clarissas da Fran\u00e7a, hoje conhecidas como irm\u00e3s Claras Coletinas e o dos Irm\u00e3os Menores de S\u00e3o Francisco.<\/p>\n<p>Em 1410, inaugurou o seu primeiro mosteiro reformado em Besanzon., seguido depois de outros dezesseis. Tamb\u00e9m reformou outros sete masculinos. Sua a\u00e7\u00e3o reformadora logo ultrapassou a Fran\u00e7a, chegando na Espanha, B\u00e9lgica e It\u00e1lia. Juntamente com s\u00e3o Vicente Ferrer, Coleta lutou para acabar com o cisma do Ocidente, que culminou com a elei\u00e7\u00e3o simult\u00e2nea de tr\u00eas papas: um em Roma; outro em Avinhon; e o terceiro em Pisa.<\/p>\n<p>Entretanto, seu principal trabalho, al\u00e9m da pr\u00e1tica da caridade para com os doentes e pobres, foi trazer de volta para os conventos e mosteiros, no s\u00e9culo XV, o esp\u00edrito de pobreza implantado por S\u00e3o Francisco de Assis, dois s\u00e9culos antes.<\/p>\n<p>Coleta morreu em Gand, B\u00e9lgica, no dia 6 de mar\u00e7o de 1447. V\u00e1rios registros foram encontrados, narrando os prod\u00edgios que ela realizava, ainda em vida. Depois seu culto se intensificou com in\u00fameras gra\u00e7as alcan\u00e7adas por sua intercess\u00e3o. Santa Coleta foi canonizada pelo Papa Pio VII em 1807, que indicou o dia de sua morte para as homenagens. Os s\u00e9culos se passaram e at\u00e9 o despontar do terceiro mil\u00eanio, os mais de cento e quarenta mosteiros das Coletinas sempre estiveram ativos na maior parte da Europa, como tamb\u00e9m na Am\u00e9rica, \u00c1sia e \u00c1frica, onde est\u00e3o presentes.<\/p>\n<div id=\"themify_builder_content-8225\" data-postid=\"8225\" class=\"themify_builder_content themify_builder_content-8225 themify_builder themify_builder_front\">\n\t<\/div>\n<!-- \/themify_builder_content -->","protected":false},"excerpt":{"rendered":"<p>6 de Mar\u00e7o Reformadora das Ordens das Irm\u00e3s Claras Coletinas e dos Irm\u00e3os Menores de S\u00e3o Francisco Nascida em 13 de janeiro de 1381, em Corbie, na regi\u00e3o francesa de Amiens, Nicoleta Boilet, apelidada de Coleta, recebeu este nome em homenagem a s\u00e3o Nicolau. Seus pais estavam com a idade avan\u00e7ada e sem filhos quando [&hellip;]<\/p>\n","protected":false},"author":14,"featured_media":0,"comment_status":"open","ping_status":"open","sticky":false,"template":"","format":"standard","meta":{"ngg_post_thumbnail":0,"footnotes":""},"categories":[186],"tags":[],"yoast_head":"<!-- This site is optimized with the Yoast SEO plugin v23.5 - https:\/\/yoast.com\/wordpress\/plugins\/seo\/ -->\n<title>Santa Coleta (Nicoleta) - O Arcanjo no ar<\/title>\n<meta name=\"robots\" content=\"index, follow, max-snippet:-1, max-image-preview:large, max-video-preview:-1\" \/>\n<link rel=\"canonical\" href=\"https:\/\/www.oarcanjo.net\/site\/santa-coleta-nicoleta\/\" \/>\n<meta property=\"og:locale\" content=\"pt_BR\" \/>\n<meta property=\"og:type\" content=\"article\" \/>\n<meta property=\"og:title\" content=\"Santa Coleta (Nicoleta) - O Arcanjo no ar\" \/>\n<meta property=\"og:description\" content=\"6 de Mar\u00e7o Reformadora das Ordens das Irm\u00e3s Claras Coletinas e dos Irm\u00e3os Menores de S\u00e3o Francisco Nascida em 13 de janeiro de 1381, em Corbie, na regi\u00e3o francesa de Amiens, Nicoleta Boilet, apelidada de Coleta, recebeu este nome em homenagem a s\u00e3o Nicolau. Seus pais estavam com a idade avan\u00e7ada e sem filhos quando [&hellip;]\" \/>\n<meta property=\"og:url\" content=\"https:\/\/www.oarcanjo.net\/site\/santa-coleta-nicoleta\/\" \/>\n<meta property=\"og:site_name\" content=\"O Arcanjo no ar\" \/>\n<meta property=\"article:publisher\" content=\"https:\/\/www.facebook.com\/OArcanjoNoAr\/\" \/>\n<meta property=\"article:published_time\" content=\"2019-03-06T11:53:15+00:00\" \/>\n<meta property=\"article:modified_time\" content=\"2019-02-20T11:05:24+00:00\" \/>\n<meta property=\"og:image\" content=\"http:\/\/www.corazones.org\/santos\/coleta.gif\" \/>\n<meta name=\"author\" content=\"danilo\" \/>\n<meta name=\"twitter:card\" content=\"summary_large_image\" \/>\n<meta name=\"twitter:label1\" content=\"Escrito por\" \/>\n\t<meta name=\"twitter:data1\" content=\"danilo\" \/>\n\t<meta name=\"twitter:label2\" content=\"Est. tempo de leitura\" \/>\n\t<meta name=\"twitter:data2\" content=\"3 minutos\" \/>\n<script type=\"application\/ld+json\" class=\"yoast-schema-graph\">{\"@context\":\"https:\/\/schema.org\",\"@graph\":[{\"@type\":\"Article\",\"@id\":\"https:\/\/www.oarcanjo.net\/site\/santa-coleta-nicoleta\/#article\",\"isPartOf\":{\"@id\":\"https:\/\/www.oarcanjo.net\/site\/santa-coleta-nicoleta\/\"},\"author\":{\"name\":\"danilo\",\"@id\":\"https:\/\/www.oarcanjo.net\/site\/#\/schema\/person\/5eb9480bedd2f3c97e430ce128c29c6c\"},\"headline\":\"Santa Coleta (Nicoleta)\",\"datePublished\":\"2019-03-06T11:53:15+00:00\",\"dateModified\":\"2019-02-20T11:05:24+00:00\",\"mainEntityOfPage\":{\"@id\":\"https:\/\/www.oarcanjo.net\/site\/santa-coleta-nicoleta\/\"},\"wordCount\":536,\"commentCount\":1,\"publisher\":{\"@id\":\"https:\/\/www.oarcanjo.net\/site\/#organization\"},\"image\":{\"@id\":\"https:\/\/www.oarcanjo.net\/site\/santa-coleta-nicoleta\/#primaryimage\"},\"thumbnailUrl\":\"http:\/\/www.corazones.org\/santos\/coleta.gif\",\"articleSection\":[\"Testemunhos\"],\"inLanguage\":\"pt-BR\",\"potentialAction\":[{\"@type\":\"CommentAction\",\"name\":\"Comment\",\"target\":[\"https:\/\/www.oarcanjo.net\/site\/santa-coleta-nicoleta\/#respond\"]}]},{\"@type\":\"WebPage\",\"@id\":\"https:\/\/www.oarcanjo.net\/site\/santa-coleta-nicoleta\/\",\"url\":\"https:\/\/www.oarcanjo.net\/site\/santa-coleta-nicoleta\/\",\"name\":\"Santa Coleta (Nicoleta) - O Arcanjo no ar\",\"isPartOf\":{\"@id\":\"https:\/\/www.oarcanjo.net\/site\/#website\"},\"primaryImageOfPage\":{\"@id\":\"https:\/\/www.oarcanjo.net\/site\/santa-coleta-nicoleta\/#primaryimage\"},\"image\":{\"@id\":\"https:\/\/www.oarcanjo.net\/site\/santa-coleta-nicoleta\/#primaryimage\"},\"thumbnailUrl\":\"http:\/\/www.corazones.org\/santos\/coleta.gif\",\"datePublished\":\"2019-03-06T11:53:15+00:00\",\"dateModified\":\"2019-02-20T11:05:24+00:00\",\"breadcrumb\":{\"@id\":\"https:\/\/www.oarcanjo.net\/site\/santa-coleta-nicoleta\/#breadcrumb\"},\"inLanguage\":\"pt-BR\",\"potentialAction\":[{\"@type\":\"ReadAction\",\"target\":[\"https:\/\/www.oarcanjo.net\/site\/santa-coleta-nicoleta\/\"]}]},{\"@type\":\"ImageObject\",\"inLanguage\":\"pt-BR\",\"@id\":\"https:\/\/www.oarcanjo.net\/site\/santa-coleta-nicoleta\/#primaryimage\",\"url\":\"http:\/\/www.corazones.org\/santos\/coleta.gif\",\"contentUrl\":\"http:\/\/www.corazones.org\/santos\/coleta.gif\"},{\"@type\":\"BreadcrumbList\",\"@id\":\"https:\/\/www.oarcanjo.net\/site\/santa-coleta-nicoleta\/#breadcrumb\",\"itemListElement\":[{\"@type\":\"ListItem\",\"position\":1,\"name\":\"In\u00edcio\",\"item\":\"https:\/\/www.oarcanjo.net\/site\/\"},{\"@type\":\"ListItem\",\"position\":2,\"name\":\"Santa Coleta (Nicoleta)\"}]},{\"@type\":\"WebSite\",\"@id\":\"https:\/\/www.oarcanjo.net\/site\/#website\",\"url\":\"https:\/\/www.oarcanjo.net\/site\/\",\"name\":\"O Arcanjo no ar\",\"description\":\"Site da Par\u00f3quia S\u00e3o Miguel Arcanjo (Arquidiocese de SP)\",\"publisher\":{\"@id\":\"https:\/\/www.oarcanjo.net\/site\/#organization\"},\"potentialAction\":[{\"@type\":\"SearchAction\",\"target\":{\"@type\":\"EntryPoint\",\"urlTemplate\":\"https:\/\/www.oarcanjo.net\/site\/?s={search_term_string}\"},\"query-input\":{\"@type\":\"PropertyValueSpecification\",\"valueRequired\":true,\"valueName\":\"search_term_string\"}}],\"inLanguage\":\"pt-BR\"},{\"@type\":\"Organization\",\"@id\":\"https:\/\/www.oarcanjo.net\/site\/#organization\",\"name\":\"Par\u00f3quia S\u00e3o Miguel Arcanjo\",\"url\":\"https:\/\/www.oarcanjo.net\/site\/\",\"logo\":{\"@type\":\"ImageObject\",\"inLanguage\":\"pt-BR\",\"@id\":\"https:\/\/www.oarcanjo.net\/site\/#\/schema\/logo\/image\/\",\"url\":\"https:\/\/www.oarcanjo.net\/site\/wp-content\/uploads\/LogoOArcanjo.png\",\"contentUrl\":\"https:\/\/www.oarcanjo.net\/site\/wp-content\/uploads\/LogoOArcanjo.png\",\"width\":319,\"height\":99,\"caption\":\"Par\u00f3quia S\u00e3o Miguel Arcanjo\"},\"image\":{\"@id\":\"https:\/\/www.oarcanjo.net\/site\/#\/schema\/logo\/image\/\"},\"sameAs\":[\"https:\/\/www.facebook.com\/OArcanjoNoAr\/\"]},{\"@type\":\"Person\",\"@id\":\"https:\/\/www.oarcanjo.net\/site\/#\/schema\/person\/5eb9480bedd2f3c97e430ce128c29c6c\",\"name\":\"danilo\"}]}<\/script>\n<!-- \/ Yoast SEO plugin. -->","yoast_head_json":{"title":"Santa Coleta (Nicoleta) - O Arcanjo no ar","robots":{"index":"index","follow":"follow","max-snippet":"max-snippet:-1","max-image-preview":"max-image-preview:large","max-video-preview":"max-video-preview:-1"},"canonical":"https:\/\/www.oarcanjo.net\/site\/santa-coleta-nicoleta\/","og_locale":"pt_BR","og_type":"article","og_title":"Santa Coleta (Nicoleta) - O Arcanjo no ar","og_description":"6 de Mar\u00e7o Reformadora das Ordens das Irm\u00e3s Claras Coletinas e dos Irm\u00e3os Menores de S\u00e3o Francisco Nascida em 13 de janeiro de 1381, em Corbie, na regi\u00e3o francesa de Amiens, Nicoleta Boilet, apelidada de Coleta, recebeu este nome em homenagem a s\u00e3o Nicolau. Seus pais estavam com a idade avan\u00e7ada e sem filhos quando [&hellip;]","og_url":"https:\/\/www.oarcanjo.net\/site\/santa-coleta-nicoleta\/","og_site_name":"O Arcanjo no ar","article_publisher":"https:\/\/www.facebook.com\/OArcanjoNoAr\/","article_published_time":"2019-03-06T11:53:15+00:00","article_modified_time":"2019-02-20T11:05:24+00:00","og_image":[{"url":"http:\/\/www.corazones.org\/santos\/coleta.gif"}],"author":"danilo","twitter_card":"summary_large_image","twitter_misc":{"Escrito por":"danilo","Est. tempo de leitura":"3 minutos"},"schema":{"@context":"https:\/\/schema.org","@graph":[{"@type":"Article","@id":"https:\/\/www.oarcanjo.net\/site\/santa-coleta-nicoleta\/#article","isPartOf":{"@id":"https:\/\/www.oarcanjo.net\/site\/santa-coleta-nicoleta\/"},"author":{"name":"danilo","@id":"https:\/\/www.oarcanjo.net\/site\/#\/schema\/person\/5eb9480bedd2f3c97e430ce128c29c6c"},"headline":"Santa Coleta (Nicoleta)","datePublished":"2019-03-06T11:53:15+00:00","dateModified":"2019-02-20T11:05:24+00:00","mainEntityOfPage":{"@id":"https:\/\/www.oarcanjo.net\/site\/santa-coleta-nicoleta\/"},"wordCount":536,"commentCount":1,"publisher":{"@id":"https:\/\/www.oarcanjo.net\/site\/#organization"},"image":{"@id":"https:\/\/www.oarcanjo.net\/site\/santa-coleta-nicoleta\/#primaryimage"},"thumbnailUrl":"http:\/\/www.corazones.org\/santos\/coleta.gif","articleSection":["Testemunhos"],"inLanguage":"pt-BR","potentialAction":[{"@type":"CommentAction","name":"Comment","target":["https:\/\/www.oarcanjo.net\/site\/santa-coleta-nicoleta\/#respond"]}]},{"@type":"WebPage","@id":"https:\/\/www.oarcanjo.net\/site\/santa-coleta-nicoleta\/","url":"https:\/\/www.oarcanjo.net\/site\/santa-coleta-nicoleta\/","name":"Santa Coleta (Nicoleta) - O Arcanjo no ar","isPartOf":{"@id":"https:\/\/www.oarcanjo.net\/site\/#website"},"primaryImageOfPage":{"@id":"https:\/\/www.oarcanjo.net\/site\/santa-coleta-nicoleta\/#primaryimage"},"image":{"@id":"https:\/\/www.oarcanjo.net\/site\/santa-coleta-nicoleta\/#primaryimage"},"thumbnailUrl":"http:\/\/www.corazones.org\/santos\/coleta.gif","datePublished":"2019-03-06T11:53:15+00:00","dateModified":"2019-02-20T11:05:24+00:00","breadcrumb":{"@id":"https:\/\/www.oarcanjo.net\/site\/santa-coleta-nicoleta\/#breadcrumb"},"inLanguage":"pt-BR","potentialAction":[{"@type":"ReadAction","target":["https:\/\/www.oarcanjo.net\/site\/santa-coleta-nicoleta\/"]}]},{"@type":"ImageObject","inLanguage":"pt-BR","@id":"https:\/\/www.oarcanjo.net\/site\/santa-coleta-nicoleta\/#primaryimage","url":"http:\/\/www.corazones.org\/santos\/coleta.gif","contentUrl":"http:\/\/www.corazones.org\/santos\/coleta.gif"},{"@type":"BreadcrumbList","@id":"https:\/\/www.oarcanjo.net\/site\/santa-coleta-nicoleta\/#breadcrumb","itemListElement":[{"@type":"ListItem","position":1,"name":"In\u00edcio","item":"https:\/\/www.oarcanjo.net\/site\/"},{"@type":"ListItem","position":2,"name":"Santa Coleta (Nicoleta)"}]},{"@type":"WebSite","@id":"https:\/\/www.oarcanjo.net\/site\/#website","url":"https:\/\/www.oarcanjo.net\/site\/","name":"O Arcanjo no ar","description":"Site da Par\u00f3quia S\u00e3o Miguel Arcanjo (Arquidiocese de SP)","publisher":{"@id":"https:\/\/www.oarcanjo.net\/site\/#organization"},"potentialAction":[{"@type":"SearchAction","target":{"@type":"EntryPoint","urlTemplate":"https:\/\/www.oarcanjo.net\/site\/?s={search_term_string}"},"query-input":{"@type":"PropertyValueSpecification","valueRequired":true,"valueName":"search_term_string"}}],"inLanguage":"pt-BR"},{"@type":"Organization","@id":"https:\/\/www.oarcanjo.net\/site\/#organization","name":"Par\u00f3quia S\u00e3o Miguel Arcanjo","url":"https:\/\/www.oarcanjo.net\/site\/","logo":{"@type":"ImageObject","inLanguage":"pt-BR","@id":"https:\/\/www.oarcanjo.net\/site\/#\/schema\/logo\/image\/","url":"https:\/\/www.oarcanjo.net\/site\/wp-content\/uploads\/LogoOArcanjo.png","contentUrl":"https:\/\/www.oarcanjo.net\/site\/wp-content\/uploads\/LogoOArcanjo.png","width":319,"height":99,"caption":"Par\u00f3quia S\u00e3o Miguel Arcanjo"},"image":{"@id":"https:\/\/www.oarcanjo.net\/site\/#\/schema\/logo\/image\/"},"sameAs":["https:\/\/www.facebook.com\/OArcanjoNoAr\/"]},{"@type":"Person","@id":"https:\/\/www.oarcanjo.net\/site\/#\/schema\/person\/5eb9480bedd2f3c97e430ce128c29c6c","name":"danilo"}]}},"publishpress_future_action":{"enabled":false,"date":"2026-05-08 03:32:00","action":"category","newStatus":"draft","terms":[],"taxonomy":"category"},"publishpress_future_workflow_manual_trigger":{"enabledWorkflows":[]},"_links":{"self":[{"href":"https:\/\/www.oarcanjo.net\/site\/wp-json\/wp\/v2\/posts\/8225"}],"collection":[{"href":"https:\/\/www.oarcanjo.net\/site\/wp-json\/wp\/v2\/posts"}],"about":[{"href":"https:\/\/www.oarcanjo.net\/site\/wp-json\/wp\/v2\/types\/post"}],"author":[{"embeddable":true,"href":"https:\/\/www.oarcanjo.net\/site\/wp-json\/wp\/v2\/users\/14"}],"replies":[{"embeddable":true,"href":"https:\/\/www.oarcanjo.net\/site\/wp-json\/wp\/v2\/comments?post=8225"}],"version-history":[{"count":1,"href":"https:\/\/www.oarcanjo.net\/site\/wp-json\/wp\/v2\/posts\/8225\/revisions"}],"predecessor-version":[{"id":92961,"href":"https:\/\/www.oarcanjo.net\/site\/wp-json\/wp\/v2\/posts\/8225\/revisions\/92961"}],"wp:attachment":[{"href":"https:\/\/www.oarcanjo.net\/site\/wp-json\/wp\/v2\/media?parent=8225"}],"wp:term":[{"taxonomy":"category","embeddable":true,"href":"https:\/\/www.oarcanjo.net\/site\/wp-json\/wp\/v2\/categories?post=8225"},{"taxonomy":"post_tag","embeddable":true,"href":"https:\/\/www.oarcanjo.net\/site\/wp-json\/wp\/v2\/tags?post=8225"}],"curies":[{"name":"wp","href":"https:\/\/api.w.org\/{rel}","templated":true}]}}