
{"id":8228,"date":"2019-03-06T08:55:19","date_gmt":"2019-03-06T11:55:19","guid":{"rendered":"http:\/\/www.oarcanjo.net\/site\/?p=8228"},"modified":"2019-02-20T08:05:28","modified_gmt":"2019-02-20T11:05:28","slug":"santa-ines-de-praga-2","status":"publish","type":"post","link":"https:\/\/www.oarcanjo.net\/site\/santa-ines-de-praga-2\/","title":{"rendered":"Santa In\u00eas de Praga"},"content":{"rendered":"<p><img decoding=\"async\" src=\"http:\/\/4.bp.blogspot.com\/_jezUMms9yag\/Sau35QalOhI\/AAAAAAAAAdw\/8bSX9cYGnoY\/s1600\/Sant_Ines_di_praga.jpg\" border=\"0\" alt=\"[Sant_Ines_di_praga.jpg]\" \/><\/p>\n<p>6 de Mar\u00e7o<\/p>\n<p>In\u00eas, filha de Premislau I, rei da Boemia, atual Rep\u00fablica Tcheca, e da rainha Constancia da Hungria, nasceu em Praga no ano 1205. Devido a sua condi\u00e7\u00e3o real, desde a inf\u00e2ncia sua vontade nunca pode ser considerada, sendo condicionada a projetos de matrim\u00f4nios, conforme as necessidades pol\u00edticas ou econ\u00f4micas do reinado.<\/p>\n<p>Aos tr\u00eas anos foi entregue aos cuidados da abadessa Edwiges, mais tarde Santa, que a acolheu no seu mosteiro cisterciense e lhe ensinou os primeiros fundamentos da f\u00e9 crist\u00e3. Voltou para Praga com seis anos, onde foi para outro mosteiro para receber instru\u00e7\u00e3o e ser preparada para as fun\u00e7\u00f5es da realeza. Em 1220, prometida em casamento a Henrique VII, duque da \u00c1ustria e filho do imperador Frederico II, ela foi para esta corte, aonde viveu durante cinco anos, mantendo-se sempre fiel aos deveres da vida crist\u00e3.<\/p>\n<p>In\u00eas voltou para Praga, pois os soberanos romperam o pacto do matrim\u00f4nio, passando a viver mais intensamente para as ora\u00e7\u00f5es e as obras de caridade; ap\u00f3s uma profunda reflex\u00e3o decidiu consagrar a Deus sua virgindade. Entretanto, outras alian\u00e7as de casamento foram propostas a ela, sendo constrangida a ter de aceitar uma delas. Mas, o Papa Greg\u00f3rio IX, a quem havia pedido prote\u00e7\u00e3o, interveio reconhecendo a inten\u00e7\u00e3o de sua virgindade. Desde ent\u00e3o, In\u00eas adquiriu para sempre a liberdade e a felicidade se tornar esposa de Jesus Cristo.<\/p>\n<p>Atrav\u00e9s dos Irm\u00e3os Menores de S\u00e3o Francisco, que iam a Praga como evangelizadores itinerantes, conheceu a vida espiritual que levava em Assis a virgem Clara, segundo o esp\u00edrito de S\u00e3o Francisco. Ficou fascinada e decidiu seguir seu exemplo. Com seus pr\u00f3prios bens, fundou em Praga, o hospital de S\u00e3o Francisco e um mosteiro masculino, para que fossem dirigidos por eles. Em 1236, pode ingressar no Mosteiro das Clarissas de S\u00e3o Salvador de Praga, fundado por ela mesma, juntamente com cinco irm\u00e3s enviadas por Clara direto do seu mosteiro, em Assis. Em obedi\u00eancia ao Papa Greg\u00f3rio IX, In\u00eas aceitou ser a abadessa, fun\u00e7\u00e3o que exerceu at\u00e9 morrer.<\/p>\n<p>In\u00eas manteve uma rela\u00e7\u00e3o epistolar profunda com Clara de Assis, que lhe consagrou singular amizade chamando-a de &#8220;metade de minha alma&#8221;, tamanha era a afinidade espiritual que possu\u00edam. Da in\u00famera correspond\u00eancia trocada, sobre assuntos de perfei\u00e7\u00e3o ser\u00e1fica, ainda se conservam quatro delas.<\/p>\n<p>Dedicou-se de corpo e alma ao servi\u00e7o dos pobres, fundando para eles um outro hospital, este entregue \u00e0 dire\u00e7\u00e3o das Clarissas. Assumiu a mais absoluta pobreza, renunciando \u00e0s rendas e vivendo de esmolas e doa\u00e7\u00f5es. Os dons da cura e da profecia lhe foram acrescentados pelo Esp\u00edrito Santo, em conseq\u00fc\u00eancia de sua evolu\u00e7\u00e3o e purifica\u00e7\u00e3o espiritual.<\/p>\n<p>A fama se sua santidade era muito forte, quando faleceu em Praga, no dia 6 de mar\u00e7o de 1283. Est\u00e1 sepultada na Capela do seu mosteiro em Praga, hoje dedicado \u00e0 ela. O culto \u00e0 In\u00eas de Praga, foi reconhecido em 1874. O Papa Jo\u00e3o Paulo II a canonizou em 1989 e a declarou Padroeira da cidade de Praga<\/p>\n<p><span style=\"font-size: small\"><strong>Ora\u00e7\u00e3o a Santa In\u00eas de Praga<\/strong><\/span><\/p>\n<div><a href=\"http:\/\/sites.google.com\/site\/clarissaslages\/santas-clarissas\/oracoes\/Santa%20In%C3%AAs%20de%20Praga%20des.jpg?attredirects=0\"><img loading=\"lazy\" decoding=\"async\" src=\"http:\/\/sites.google.com\/site\/clarissaslages\/_\/rsrc\/1250622319975\/santas-clarissas\/oracoes\/Santa%20In%C3%AAs%20de%20Praga%20des.jpg?height=200&amp;width=81\" border=\"0\" alt=\"\" width=\"81\" height=\"200\" \/><\/a><\/div>\n<p>\u00a0<\/p>\n<p><span style=\"font-size: small\">Querida Santa In\u00eas de Praga, fiel seguidora do ideal de pobreza de Santa Clara, ajuda-nos a ser fi\u00e9is no seguimento de Jesus Cristo. Intercede junto a Ele, para que nos d\u00ea coragem e fidelidade; um desejo ardente de permanecer na gra\u00e7a divina; um firme empenho na vida de ora\u00e7\u00e3o e de contempla\u00e7\u00e3o; uma alegria profunda no despojamento interior e exterior. Que possamos, com a tua intercess\u00e3o, viver em plenitude os mist\u00e9rios de Jesus Cristo, tal como nossa M\u00e3e Santa Clara escreveu a ti, em suas Cartas. Ensina-nos a saborear a experi\u00eancia profunda de nossa espiritualidade. Com tua ora\u00e7\u00e3o, possamos renovar nosso desejo de ser esposas fi\u00e9is de nosso Esposo Jesus Cristo. Am\u00e9m!<\/span><\/p>\n<div id=\"themify_builder_content-8228\" data-postid=\"8228\" class=\"themify_builder_content themify_builder_content-8228 themify_builder themify_builder_front\">\n\t<\/div>\n<!-- \/themify_builder_content -->","protected":false},"excerpt":{"rendered":"<p>6 de Mar\u00e7o In\u00eas, filha de Premislau I, rei da Boemia, atual Rep\u00fablica Tcheca, e da rainha Constancia da Hungria, nasceu em Praga no ano 1205. Devido a sua condi\u00e7\u00e3o real, desde a inf\u00e2ncia sua vontade nunca pode ser considerada, sendo condicionada a projetos de matrim\u00f4nios, conforme as necessidades pol\u00edticas ou econ\u00f4micas do reinado. Aos [&hellip;]<\/p>\n","protected":false},"author":14,"featured_media":0,"comment_status":"open","ping_status":"open","sticky":false,"template":"","format":"standard","meta":{"ngg_post_thumbnail":0,"footnotes":""},"categories":[186],"tags":[],"yoast_head":"<!-- This site is optimized with the Yoast SEO plugin v23.5 - https:\/\/yoast.com\/wordpress\/plugins\/seo\/ -->\n<title>Santa In\u00eas de Praga - O Arcanjo no ar<\/title>\n<meta name=\"robots\" content=\"index, follow, max-snippet:-1, max-image-preview:large, max-video-preview:-1\" \/>\n<link rel=\"canonical\" href=\"https:\/\/www.oarcanjo.net\/site\/santa-ines-de-praga-2\/\" \/>\n<meta property=\"og:locale\" content=\"pt_BR\" \/>\n<meta property=\"og:type\" content=\"article\" \/>\n<meta property=\"og:title\" content=\"Santa In\u00eas de Praga - O Arcanjo no ar\" \/>\n<meta property=\"og:description\" content=\"6 de Mar\u00e7o In\u00eas, filha de Premislau I, rei da Boemia, atual Rep\u00fablica Tcheca, e da rainha Constancia da Hungria, nasceu em Praga no ano 1205. Devido a sua condi\u00e7\u00e3o real, desde a inf\u00e2ncia sua vontade nunca pode ser considerada, sendo condicionada a projetos de matrim\u00f4nios, conforme as necessidades pol\u00edticas ou econ\u00f4micas do reinado. Aos [&hellip;]\" \/>\n<meta property=\"og:url\" content=\"https:\/\/www.oarcanjo.net\/site\/santa-ines-de-praga-2\/\" \/>\n<meta property=\"og:site_name\" content=\"O Arcanjo no ar\" \/>\n<meta property=\"article:publisher\" content=\"https:\/\/www.facebook.com\/OArcanjoNoAr\/\" \/>\n<meta property=\"article:published_time\" content=\"2019-03-06T11:55:19+00:00\" \/>\n<meta property=\"article:modified_time\" content=\"2019-02-20T11:05:28+00:00\" \/>\n<meta property=\"og:image\" content=\"http:\/\/4.bp.blogspot.com\/_jezUMms9yag\/Sau35QalOhI\/AAAAAAAAAdw\/8bSX9cYGnoY\/s1600\/Sant_Ines_di_praga.jpg\" \/>\n<meta name=\"author\" content=\"danilo\" \/>\n<meta name=\"twitter:card\" content=\"summary_large_image\" \/>\n<meta name=\"twitter:label1\" content=\"Escrito por\" \/>\n\t<meta name=\"twitter:data1\" content=\"danilo\" \/>\n\t<meta name=\"twitter:label2\" content=\"Est. tempo de leitura\" \/>\n\t<meta name=\"twitter:data2\" content=\"3 minutos\" \/>\n<script type=\"application\/ld+json\" class=\"yoast-schema-graph\">{\"@context\":\"https:\/\/schema.org\",\"@graph\":[{\"@type\":\"Article\",\"@id\":\"https:\/\/www.oarcanjo.net\/site\/santa-ines-de-praga-2\/#article\",\"isPartOf\":{\"@id\":\"https:\/\/www.oarcanjo.net\/site\/santa-ines-de-praga-2\/\"},\"author\":{\"name\":\"danilo\",\"@id\":\"https:\/\/www.oarcanjo.net\/site\/#\/schema\/person\/5eb9480bedd2f3c97e430ce128c29c6c\"},\"headline\":\"Santa In\u00eas de Praga\",\"datePublished\":\"2019-03-06T11:55:19+00:00\",\"dateModified\":\"2019-02-20T11:05:28+00:00\",\"mainEntityOfPage\":{\"@id\":\"https:\/\/www.oarcanjo.net\/site\/santa-ines-de-praga-2\/\"},\"wordCount\":667,\"commentCount\":0,\"publisher\":{\"@id\":\"https:\/\/www.oarcanjo.net\/site\/#organization\"},\"image\":{\"@id\":\"https:\/\/www.oarcanjo.net\/site\/santa-ines-de-praga-2\/#primaryimage\"},\"thumbnailUrl\":\"http:\/\/4.bp.blogspot.com\/_jezUMms9yag\/Sau35QalOhI\/AAAAAAAAAdw\/8bSX9cYGnoY\/s1600\/Sant_Ines_di_praga.jpg\",\"articleSection\":[\"Testemunhos\"],\"inLanguage\":\"pt-BR\",\"potentialAction\":[{\"@type\":\"CommentAction\",\"name\":\"Comment\",\"target\":[\"https:\/\/www.oarcanjo.net\/site\/santa-ines-de-praga-2\/#respond\"]}]},{\"@type\":\"WebPage\",\"@id\":\"https:\/\/www.oarcanjo.net\/site\/santa-ines-de-praga-2\/\",\"url\":\"https:\/\/www.oarcanjo.net\/site\/santa-ines-de-praga-2\/\",\"name\":\"Santa In\u00eas de Praga - O Arcanjo no ar\",\"isPartOf\":{\"@id\":\"https:\/\/www.oarcanjo.net\/site\/#website\"},\"primaryImageOfPage\":{\"@id\":\"https:\/\/www.oarcanjo.net\/site\/santa-ines-de-praga-2\/#primaryimage\"},\"image\":{\"@id\":\"https:\/\/www.oarcanjo.net\/site\/santa-ines-de-praga-2\/#primaryimage\"},\"thumbnailUrl\":\"http:\/\/4.bp.blogspot.com\/_jezUMms9yag\/Sau35QalOhI\/AAAAAAAAAdw\/8bSX9cYGnoY\/s1600\/Sant_Ines_di_praga.jpg\",\"datePublished\":\"2019-03-06T11:55:19+00:00\",\"dateModified\":\"2019-02-20T11:05:28+00:00\",\"breadcrumb\":{\"@id\":\"https:\/\/www.oarcanjo.net\/site\/santa-ines-de-praga-2\/#breadcrumb\"},\"inLanguage\":\"pt-BR\",\"potentialAction\":[{\"@type\":\"ReadAction\",\"target\":[\"https:\/\/www.oarcanjo.net\/site\/santa-ines-de-praga-2\/\"]}]},{\"@type\":\"ImageObject\",\"inLanguage\":\"pt-BR\",\"@id\":\"https:\/\/www.oarcanjo.net\/site\/santa-ines-de-praga-2\/#primaryimage\",\"url\":\"http:\/\/4.bp.blogspot.com\/_jezUMms9yag\/Sau35QalOhI\/AAAAAAAAAdw\/8bSX9cYGnoY\/s1600\/Sant_Ines_di_praga.jpg\",\"contentUrl\":\"http:\/\/4.bp.blogspot.com\/_jezUMms9yag\/Sau35QalOhI\/AAAAAAAAAdw\/8bSX9cYGnoY\/s1600\/Sant_Ines_di_praga.jpg\"},{\"@type\":\"BreadcrumbList\",\"@id\":\"https:\/\/www.oarcanjo.net\/site\/santa-ines-de-praga-2\/#breadcrumb\",\"itemListElement\":[{\"@type\":\"ListItem\",\"position\":1,\"name\":\"In\u00edcio\",\"item\":\"https:\/\/www.oarcanjo.net\/site\/\"},{\"@type\":\"ListItem\",\"position\":2,\"name\":\"Santa In\u00eas de Praga\"}]},{\"@type\":\"WebSite\",\"@id\":\"https:\/\/www.oarcanjo.net\/site\/#website\",\"url\":\"https:\/\/www.oarcanjo.net\/site\/\",\"name\":\"O Arcanjo no ar\",\"description\":\"Site da Par\u00f3quia S\u00e3o Miguel Arcanjo (Arquidiocese de SP)\",\"publisher\":{\"@id\":\"https:\/\/www.oarcanjo.net\/site\/#organization\"},\"potentialAction\":[{\"@type\":\"SearchAction\",\"target\":{\"@type\":\"EntryPoint\",\"urlTemplate\":\"https:\/\/www.oarcanjo.net\/site\/?s={search_term_string}\"},\"query-input\":{\"@type\":\"PropertyValueSpecification\",\"valueRequired\":true,\"valueName\":\"search_term_string\"}}],\"inLanguage\":\"pt-BR\"},{\"@type\":\"Organization\",\"@id\":\"https:\/\/www.oarcanjo.net\/site\/#organization\",\"name\":\"Par\u00f3quia S\u00e3o Miguel Arcanjo\",\"url\":\"https:\/\/www.oarcanjo.net\/site\/\",\"logo\":{\"@type\":\"ImageObject\",\"inLanguage\":\"pt-BR\",\"@id\":\"https:\/\/www.oarcanjo.net\/site\/#\/schema\/logo\/image\/\",\"url\":\"https:\/\/www.oarcanjo.net\/site\/wp-content\/uploads\/LogoOArcanjo.png\",\"contentUrl\":\"https:\/\/www.oarcanjo.net\/site\/wp-content\/uploads\/LogoOArcanjo.png\",\"width\":319,\"height\":99,\"caption\":\"Par\u00f3quia S\u00e3o Miguel Arcanjo\"},\"image\":{\"@id\":\"https:\/\/www.oarcanjo.net\/site\/#\/schema\/logo\/image\/\"},\"sameAs\":[\"https:\/\/www.facebook.com\/OArcanjoNoAr\/\"]},{\"@type\":\"Person\",\"@id\":\"https:\/\/www.oarcanjo.net\/site\/#\/schema\/person\/5eb9480bedd2f3c97e430ce128c29c6c\",\"name\":\"danilo\"}]}<\/script>\n<!-- \/ Yoast SEO plugin. -->","yoast_head_json":{"title":"Santa In\u00eas de Praga - O Arcanjo no ar","robots":{"index":"index","follow":"follow","max-snippet":"max-snippet:-1","max-image-preview":"max-image-preview:large","max-video-preview":"max-video-preview:-1"},"canonical":"https:\/\/www.oarcanjo.net\/site\/santa-ines-de-praga-2\/","og_locale":"pt_BR","og_type":"article","og_title":"Santa In\u00eas de Praga - O Arcanjo no ar","og_description":"6 de Mar\u00e7o In\u00eas, filha de Premislau I, rei da Boemia, atual Rep\u00fablica Tcheca, e da rainha Constancia da Hungria, nasceu em Praga no ano 1205. Devido a sua condi\u00e7\u00e3o real, desde a inf\u00e2ncia sua vontade nunca pode ser considerada, sendo condicionada a projetos de matrim\u00f4nios, conforme as necessidades pol\u00edticas ou econ\u00f4micas do reinado. Aos [&hellip;]","og_url":"https:\/\/www.oarcanjo.net\/site\/santa-ines-de-praga-2\/","og_site_name":"O Arcanjo no ar","article_publisher":"https:\/\/www.facebook.com\/OArcanjoNoAr\/","article_published_time":"2019-03-06T11:55:19+00:00","article_modified_time":"2019-02-20T11:05:28+00:00","og_image":[{"url":"http:\/\/4.bp.blogspot.com\/_jezUMms9yag\/Sau35QalOhI\/AAAAAAAAAdw\/8bSX9cYGnoY\/s1600\/Sant_Ines_di_praga.jpg"}],"author":"danilo","twitter_card":"summary_large_image","twitter_misc":{"Escrito por":"danilo","Est. tempo de leitura":"3 minutos"},"schema":{"@context":"https:\/\/schema.org","@graph":[{"@type":"Article","@id":"https:\/\/www.oarcanjo.net\/site\/santa-ines-de-praga-2\/#article","isPartOf":{"@id":"https:\/\/www.oarcanjo.net\/site\/santa-ines-de-praga-2\/"},"author":{"name":"danilo","@id":"https:\/\/www.oarcanjo.net\/site\/#\/schema\/person\/5eb9480bedd2f3c97e430ce128c29c6c"},"headline":"Santa In\u00eas de Praga","datePublished":"2019-03-06T11:55:19+00:00","dateModified":"2019-02-20T11:05:28+00:00","mainEntityOfPage":{"@id":"https:\/\/www.oarcanjo.net\/site\/santa-ines-de-praga-2\/"},"wordCount":667,"commentCount":0,"publisher":{"@id":"https:\/\/www.oarcanjo.net\/site\/#organization"},"image":{"@id":"https:\/\/www.oarcanjo.net\/site\/santa-ines-de-praga-2\/#primaryimage"},"thumbnailUrl":"http:\/\/4.bp.blogspot.com\/_jezUMms9yag\/Sau35QalOhI\/AAAAAAAAAdw\/8bSX9cYGnoY\/s1600\/Sant_Ines_di_praga.jpg","articleSection":["Testemunhos"],"inLanguage":"pt-BR","potentialAction":[{"@type":"CommentAction","name":"Comment","target":["https:\/\/www.oarcanjo.net\/site\/santa-ines-de-praga-2\/#respond"]}]},{"@type":"WebPage","@id":"https:\/\/www.oarcanjo.net\/site\/santa-ines-de-praga-2\/","url":"https:\/\/www.oarcanjo.net\/site\/santa-ines-de-praga-2\/","name":"Santa In\u00eas de Praga - O Arcanjo no ar","isPartOf":{"@id":"https:\/\/www.oarcanjo.net\/site\/#website"},"primaryImageOfPage":{"@id":"https:\/\/www.oarcanjo.net\/site\/santa-ines-de-praga-2\/#primaryimage"},"image":{"@id":"https:\/\/www.oarcanjo.net\/site\/santa-ines-de-praga-2\/#primaryimage"},"thumbnailUrl":"http:\/\/4.bp.blogspot.com\/_jezUMms9yag\/Sau35QalOhI\/AAAAAAAAAdw\/8bSX9cYGnoY\/s1600\/Sant_Ines_di_praga.jpg","datePublished":"2019-03-06T11:55:19+00:00","dateModified":"2019-02-20T11:05:28+00:00","breadcrumb":{"@id":"https:\/\/www.oarcanjo.net\/site\/santa-ines-de-praga-2\/#breadcrumb"},"inLanguage":"pt-BR","potentialAction":[{"@type":"ReadAction","target":["https:\/\/www.oarcanjo.net\/site\/santa-ines-de-praga-2\/"]}]},{"@type":"ImageObject","inLanguage":"pt-BR","@id":"https:\/\/www.oarcanjo.net\/site\/santa-ines-de-praga-2\/#primaryimage","url":"http:\/\/4.bp.blogspot.com\/_jezUMms9yag\/Sau35QalOhI\/AAAAAAAAAdw\/8bSX9cYGnoY\/s1600\/Sant_Ines_di_praga.jpg","contentUrl":"http:\/\/4.bp.blogspot.com\/_jezUMms9yag\/Sau35QalOhI\/AAAAAAAAAdw\/8bSX9cYGnoY\/s1600\/Sant_Ines_di_praga.jpg"},{"@type":"BreadcrumbList","@id":"https:\/\/www.oarcanjo.net\/site\/santa-ines-de-praga-2\/#breadcrumb","itemListElement":[{"@type":"ListItem","position":1,"name":"In\u00edcio","item":"https:\/\/www.oarcanjo.net\/site\/"},{"@type":"ListItem","position":2,"name":"Santa In\u00eas de Praga"}]},{"@type":"WebSite","@id":"https:\/\/www.oarcanjo.net\/site\/#website","url":"https:\/\/www.oarcanjo.net\/site\/","name":"O Arcanjo no ar","description":"Site da Par\u00f3quia S\u00e3o Miguel Arcanjo (Arquidiocese de SP)","publisher":{"@id":"https:\/\/www.oarcanjo.net\/site\/#organization"},"potentialAction":[{"@type":"SearchAction","target":{"@type":"EntryPoint","urlTemplate":"https:\/\/www.oarcanjo.net\/site\/?s={search_term_string}"},"query-input":{"@type":"PropertyValueSpecification","valueRequired":true,"valueName":"search_term_string"}}],"inLanguage":"pt-BR"},{"@type":"Organization","@id":"https:\/\/www.oarcanjo.net\/site\/#organization","name":"Par\u00f3quia S\u00e3o Miguel Arcanjo","url":"https:\/\/www.oarcanjo.net\/site\/","logo":{"@type":"ImageObject","inLanguage":"pt-BR","@id":"https:\/\/www.oarcanjo.net\/site\/#\/schema\/logo\/image\/","url":"https:\/\/www.oarcanjo.net\/site\/wp-content\/uploads\/LogoOArcanjo.png","contentUrl":"https:\/\/www.oarcanjo.net\/site\/wp-content\/uploads\/LogoOArcanjo.png","width":319,"height":99,"caption":"Par\u00f3quia S\u00e3o Miguel Arcanjo"},"image":{"@id":"https:\/\/www.oarcanjo.net\/site\/#\/schema\/logo\/image\/"},"sameAs":["https:\/\/www.facebook.com\/OArcanjoNoAr\/"]},{"@type":"Person","@id":"https:\/\/www.oarcanjo.net\/site\/#\/schema\/person\/5eb9480bedd2f3c97e430ce128c29c6c","name":"danilo"}]}},"publishpress_future_action":{"enabled":false,"date":"2026-05-07 23:36:45","action":"category","newStatus":"draft","terms":[],"taxonomy":"category"},"publishpress_future_workflow_manual_trigger":{"enabledWorkflows":[]},"_links":{"self":[{"href":"https:\/\/www.oarcanjo.net\/site\/wp-json\/wp\/v2\/posts\/8228"}],"collection":[{"href":"https:\/\/www.oarcanjo.net\/site\/wp-json\/wp\/v2\/posts"}],"about":[{"href":"https:\/\/www.oarcanjo.net\/site\/wp-json\/wp\/v2\/types\/post"}],"author":[{"embeddable":true,"href":"https:\/\/www.oarcanjo.net\/site\/wp-json\/wp\/v2\/users\/14"}],"replies":[{"embeddable":true,"href":"https:\/\/www.oarcanjo.net\/site\/wp-json\/wp\/v2\/comments?post=8228"}],"version-history":[{"count":1,"href":"https:\/\/www.oarcanjo.net\/site\/wp-json\/wp\/v2\/posts\/8228\/revisions"}],"predecessor-version":[{"id":92962,"href":"https:\/\/www.oarcanjo.net\/site\/wp-json\/wp\/v2\/posts\/8228\/revisions\/92962"}],"wp:attachment":[{"href":"https:\/\/www.oarcanjo.net\/site\/wp-json\/wp\/v2\/media?parent=8228"}],"wp:term":[{"taxonomy":"category","embeddable":true,"href":"https:\/\/www.oarcanjo.net\/site\/wp-json\/wp\/v2\/categories?post=8228"},{"taxonomy":"post_tag","embeddable":true,"href":"https:\/\/www.oarcanjo.net\/site\/wp-json\/wp\/v2\/tags?post=8228"}],"curies":[{"name":"wp","href":"https:\/\/api.w.org\/{rel}","templated":true}]}}