
{"id":8231,"date":"2019-03-07T09:02:23","date_gmt":"2019-03-07T12:02:23","guid":{"rendered":"http:\/\/www.oarcanjo.net\/site\/?p=8231"},"modified":"2019-02-20T08:05:37","modified_gmt":"2019-02-20T11:05:37","slug":"santa-teresa-margarida-redi","status":"publish","type":"post","link":"https:\/\/www.oarcanjo.net\/site\/santa-teresa-margarida-redi\/","title":{"rendered":"Santa Teresa Margarida Redi"},"content":{"rendered":"<p><img loading=\"lazy\" decoding=\"async\" class=\"alignnone size-full wp-image-69427\" src=\"http:\/\/www.oarcanjo.net\/site\/wp-content\/uploads\/Santa-Teresa-Margarida-Redi.jpg\" alt=\"Santa Teresa Margarida Redi\" width=\"237\" height=\"319\" srcset=\"https:\/\/www.oarcanjo.net\/site\/wp-content\/uploads\/Santa-Teresa-Margarida-Redi.jpg 237w, https:\/\/www.oarcanjo.net\/site\/wp-content\/uploads\/Santa-Teresa-Margarida-Redi-223x300.jpg 223w\" sizes=\"(max-width: 237px) 100vw, 237px\" \/><\/p>\n<p>7 de Mar\u00e7o<\/p>\n<p><strong><em>Teresa Maragarida Redi do Sagrado Cora\u00e7\u00e3o de Jesus<\/em><\/strong>, no s\u00e9culo Anna Maria Redi, nasceu em Arezzo (Toscana \u2013 It\u00e1lia) a 15 de julho de 1747. Freq\u00fcentou, como educanda, o mosteiro de Santa Apol\u00f4nia de Floren\u00e7a at\u00e9 1764. Decisiva para a sua voca\u00e7\u00e3o foi a inspira\u00e7\u00e3o atribu\u00edda a Santa Teresa de \u00c1vila, gra\u00e7as \u00e0 qual escolheu o Carmelo. Ingressou no convento carmelita de Floren\u00e7a em 1\u00ba de setembro de 1764, e tomou o h\u00e1bito de carmelita descal\u00e7a a 11 de mar\u00e7o de 1765, com o nome de Irm\u00e3 Teresa Margarida do Cora\u00e7\u00e3o de Jesus.<br \/>\nA segunda grande inspira\u00e7\u00e3o de sua vida foi a passagem da Primeira Carta de Jo\u00e3o, &#8220;Deus \u00e9 amor&#8221; (1Jo. 4,16), afirma\u00e7\u00e3o sobre a qual baseou sua vida.<br \/>\nNas v\u00e9speras da festa de Nossa Senhora do Carmo de 1747, em Arezzo, na nobre fam\u00edlia dos Redi, veio \u00e0 luz Ana Maria, a segunda de um total de treze crian\u00e7as. Em uma fam\u00edlia profundamente crist\u00e3 cresceu como um l\u00edrio branco: pediu repetidas vezes aos pais e tios que falassem para ela de Jesus e sempre perguntava sobre o que precisava ser feito para agrad\u00e1-lo. Ela amava permanecer no seu quarto para rezar e admirar seus <em>\u201csantinhos\u201d.<\/em> Com nove anos, foi enviada a Floren\u00e7a com sua irm\u00e3 Eleanor Catherine, para o Educand\u00e1rio de beneditino de Santa Apol\u00f4nia. Recebeu a Primeira Comunh\u00e3o no dia da Assun\u00e7\u00e3o de Nossa Senhora, em 1757. Fato significativo foi ter como seu maior confidente o pr\u00f3prio pai, In\u00e1cio Maria Redi, homem religioso e iluminado. Entre os dois iniciou-se uma rela\u00e7\u00e3o intensa atrav\u00e9s de cartas que, infelizmente, foram quase totalmente perdidas, pois ambos se prometeram de dar fogo \u00e0s letras. Ana Maria disse repetidamente que ela era imensamente agradecida ao seu pai, mais por aquilo que ele ensinou que por t\u00ea-la gerado.<br \/>\nDe Margarida Maria Alacoque, nasceu-lhe uma grande devo\u00e7\u00e3o ao Sagrado Cora\u00e7\u00e3o, um \u00edntimo amor a Cristo. Aos dezessete anos, seguindo o exemplo da amiga Cec\u00edlia Albergotti, sentiu a voca\u00e7\u00e3o para entrar no Carmelo, n\u00e3o obstante a doloros\u00edssimo processo de adeus \u00e0 fam\u00edlia. No dia 1\u00ba. de Setembro de 1764 foi aceita no Mosteiro de Maria dos Anjos, em Floren\u00e7a. Fez a profiss\u00e3o religiosa em 12 de mar\u00e7o de 1766 e se tornou Irm\u00e3 Teresa Margarida do Cora\u00e7\u00e3o de Jesus.<br \/>\nEscrupulosa por querer viver em conformidade com a regra, amou a ora\u00e7\u00e3o mental, at\u00e9 mesmo durante a noite. Um sorriso doce foi sempre impresso em seu rosto.<br \/>\nCom a amiga Cec\u00edlia deu in\u00edcio a um santo desafio no amar o Cristo e assumiram o compromisso de, nos momentos de sil\u00eancio, confiarem-se cada falta, atrav\u00e9s de bilhetes. Pelo testemunho do seu pai e do diretor espiritual P. Idelfonso de S. Lu\u00eds, conhecemos a sua escalada \u00e0 santidade. Ainda jovem professa, sentiu um profundo desejo de conhecer a vida oculta de Jesus. Padre Ildefonso deu-lhe como tarefa a medita\u00e7\u00e3o de uma passagem da carta de S. Paulo aos Colossenses que diz: <strong><em>&#8220;Voc\u00ea est\u00e1 morto e vossa vida est\u00e1 escondida com Cristo em Deus.&#8221;<\/em><\/strong> Matar a sede de Deus atrav\u00e9s da imita\u00e7\u00e3o de Cristo tornou-se o objetivo da sua exist\u00eancia. Nasce assim aquela singular express\u00e3o: <strong><em>\u201c\u00d3 que bela escada, que escada preciosa e indispens\u00e1vel \u00e9 o nosso bom Jesus!\u201d<\/em><\/strong> Mestre, modelo e porta para entender e entrar no mist\u00e9rio divino. A sua contempla\u00e7\u00e3o era trinit\u00e1ria: O Esp\u00edrito Santo \u00e9 a fonte, Cristo o caminho para se alcan\u00e7ar o Pai. Sua contempla\u00e7\u00e3o foi a Sant\u00edssima Trindade: o Esp\u00edrito Santo foi a fonte, e Cristo a caminho de alcan\u00e7ar o Pai.<br \/>\nNo dia da profiss\u00e3o religiosa, por amor a Jesus, renunciou ao que mais amava: a rela\u00e7\u00e3o epistolar com o pai. Isto custou-lhe muit\u00edssimo, mas prometeram-se que daquele dia em diante, todas as noites, antes do repouso, encontrariam-se no Cora\u00e7\u00e3o de Jesus. No domingo, 28 de junho de 1767, enquanto estava no coro para a Hora Ter\u00e7a, ouviu da leitura breve: <strong><em>\u201cDeus charitas est et qui manet in charitate, in Deo manet\u201d<\/em><\/strong> (Jo. 14,16). Um sentimento sobrenatural a invadiu e por diversos dias ficou numa crise positiva por isso. Doou o seu cora\u00e7\u00e3o a Cristo, oferecendo-se para ser consumada por seu amor. Havia alcan\u00e7ado o \u00faltimo degrau da escada, transformando-se em Templo do Deus Vivo. Tudo o viveu na mais grande humildade, com o desejo por\u00e9m de transmitir tal dom m\u00edstico \u00e0s irm\u00e3s. Pediu ao confessor a permiss\u00e3o de fazer a oferta de Alacoque: colocar a pr\u00f3pria vontade nas chagas do lado do Cristo e entrar no seu Cora\u00e7\u00e3o. Sentia-se, por\u00e9m, pequena e a sua maior preocupa\u00e7\u00e3o era a de amar bastante. O amor a Deus se concretizou na tarefa de auxiliar de enfermagem que exercitou com extraordin\u00e1ria abnega\u00e7\u00e3o, em particular em rela\u00e7\u00e3o a uma irm\u00e3 que, por problemas ps\u00edquicos, agia com viol\u00eancia. A sua caridade foi silenciosa e her\u00f3ica. Al\u00e9m disso, naquele per\u00edodo as irm\u00e3s doentes e idosas eram muitas. A sua mesma comunidade transforma-se em instrumento de mortifica\u00e7\u00e3o e assim, no \u00faltimo Cap\u00edtulo da comunidade, irm\u00e3 Teresa Margarida foi repreendida porque, pelo excessivo trabalho de enfermeira, parecia negligenciar a vida contemplativa. O total dom\u00ednio de si, depois de um breve abatimento, a fez superar a repreens\u00e3o com um pouco de bom humor.<br \/>\nDe Santa Teresa Margarida possu\u00edmos poucos escritos: algumas cartas, v\u00e1rios bilhetes que gostava de dar \u00e0s irm\u00e3s com pensamentos e m\u00e1ximas, os prop\u00f3sitos e para os retiros de 1768 e um outro breve prop\u00f3sito. Das cartas podemos apreender alguns momentos de desconforto: <strong><em>\u201cencontrando-me assim, num estado de sumo des\u00e2nimo, a todo momento cometo alguma falta\u201d&#8230; \u201cFa\u00e7o tantos prop\u00f3sitos, mas nem sempre consigo pratic\u00e1-los\u201d.<\/em><\/strong> Por isso Teresa pedir\u00e1 \u00e0 priora que a trate com dureza.<br \/>\nA sua ardente devo\u00e7\u00e3o a fez alcan\u00e7ar uma alt\u00edssima experi\u00eancia m\u00edstica, testemunha do que a ora\u00e7\u00e3o pode fazer em uma alma. Foi atenta por manter escondidas as suas virtudes e por humildade, com humor, desviava a curiosidade das irm\u00e3s, a ponto de ser considerada uma \u201cespertinha\u201d. Chegou, por\u00e9m, a dizer ao diretor espiritual que deveria tornar p\u00fablico os seus defeitos. Mesmo n\u00e3o tendo muito conhecimento teol\u00f3gico, foi muito atenta \u00e0 compreens\u00e3o da Sagrada Escritura, entendida como dom do Esp\u00edrito. Teve muito cara tamb\u00e9m a leitura das obras de Santa Madre Teresa e a sua exorta\u00e7\u00e3o de dar lugar a Deus com o sil\u00eancio interior. Ardente foi o seu amor pela Eucaristia: <strong><em>\u201cNo ofert\u00f3rio, renovo a profiss\u00e3o: antes que se eleve o Sant\u00edssimo, oro a Nosso Senhor para que, assim como transforma o p\u00e3o e o vinho no seu precios\u00edssimo Corpo e Sangue, assim digne-se de transformar-me toda em si mesmo. Ao ser elevado o adoro, e renovo ainda a minha profiss\u00e3o, e depois pe\u00e7o aquilo que desejo dele.\u201d <\/em><\/strong>A seu pedido a comunidade celebrou pela primeira vez a festa do Sagrado Cora\u00e7\u00e3o de Jesus, e empenhou-se em cada particular para que fosse solene. Nisto foi sustentada pelo pai e pelo tio, o jesu\u00edta Diego Redi. Eram os anos nos quais nascia esta devo\u00e7\u00e3o, nem sempre bem acolhida por causa das influ\u00eancias jansenistas.<br \/>\nUma peritonite fulminante, depois de 18 horas de atroz sofrimento, a fez encontrar com o seu Esposo Celeste, t\u00e3o amado e desejado. Esquecida de si, poucas horas antes de morrer, continuava a preocupar-se das irm\u00e3s doentes. Morreu com menos de 23 anos, no dia 7 de mar\u00e7o de 1770. <strong><em>Seu corpo emanava um perfume suave e ainda hoje \u00e9 conservado incorrupto no Mosteiro das Carmelitas Descal\u00e7as de Floren\u00e7a. <\/em><\/strong>No dia 19 de mar\u00e7o de 1934, o Papa Pio XI a proclamou santa definindo-a <strong><em>\u201cneve ardente\u201d<\/em><\/strong>. A exist\u00eancia breve desta simples irm\u00e3, sem dotes particulares, \u00e9 hoje exemplo \u00e0 Igreja universal.<\/p>\n<p><img loading=\"lazy\" decoding=\"async\" src=\"http:\/\/comsantateresa.org.br\/website\/images\/fotos\/stmargarida\/stmargaretbodyincorrupto.jpg\" alt=\"corpo\" width=\"400\" height=\"275\" \/><\/p>\n<div id=\"themify_builder_content-8231\" data-postid=\"8231\" class=\"themify_builder_content themify_builder_content-8231 themify_builder themify_builder_front\">\n\t<\/div>\n<!-- \/themify_builder_content -->","protected":false},"excerpt":{"rendered":"<p>7 de Mar\u00e7o Teresa Maragarida Redi do Sagrado Cora\u00e7\u00e3o de Jesus, no s\u00e9culo Anna Maria Redi, nasceu em Arezzo (Toscana \u2013 It\u00e1lia) a 15 de julho de 1747. Freq\u00fcentou, como educanda, o mosteiro de Santa Apol\u00f4nia de Floren\u00e7a at\u00e9 1764. Decisiva para a sua voca\u00e7\u00e3o foi a inspira\u00e7\u00e3o atribu\u00edda a Santa Teresa de \u00c1vila, gra\u00e7as [&hellip;]<\/p>\n","protected":false},"author":14,"featured_media":0,"comment_status":"open","ping_status":"open","sticky":false,"template":"","format":"standard","meta":{"ngg_post_thumbnail":0,"footnotes":""},"categories":[186],"tags":[],"yoast_head":"<!-- This site is optimized with the Yoast SEO plugin v23.5 - https:\/\/yoast.com\/wordpress\/plugins\/seo\/ -->\n<title>Santa Teresa Margarida Redi - O Arcanjo no ar<\/title>\n<meta name=\"robots\" content=\"index, follow, max-snippet:-1, max-image-preview:large, max-video-preview:-1\" \/>\n<link rel=\"canonical\" href=\"https:\/\/www.oarcanjo.net\/site\/santa-teresa-margarida-redi\/\" \/>\n<meta property=\"og:locale\" content=\"pt_BR\" \/>\n<meta property=\"og:type\" content=\"article\" \/>\n<meta property=\"og:title\" content=\"Santa Teresa Margarida Redi - O Arcanjo no ar\" \/>\n<meta property=\"og:description\" content=\"7 de Mar\u00e7o Teresa Maragarida Redi do Sagrado Cora\u00e7\u00e3o de Jesus, no s\u00e9culo Anna Maria Redi, nasceu em Arezzo (Toscana \u2013 It\u00e1lia) a 15 de julho de 1747. Freq\u00fcentou, como educanda, o mosteiro de Santa Apol\u00f4nia de Floren\u00e7a at\u00e9 1764. Decisiva para a sua voca\u00e7\u00e3o foi a inspira\u00e7\u00e3o atribu\u00edda a Santa Teresa de \u00c1vila, gra\u00e7as [&hellip;]\" \/>\n<meta property=\"og:url\" content=\"https:\/\/www.oarcanjo.net\/site\/santa-teresa-margarida-redi\/\" \/>\n<meta property=\"og:site_name\" content=\"O Arcanjo no ar\" \/>\n<meta property=\"article:publisher\" content=\"https:\/\/www.facebook.com\/OArcanjoNoAr\/\" \/>\n<meta property=\"article:published_time\" content=\"2019-03-07T12:02:23+00:00\" \/>\n<meta property=\"article:modified_time\" content=\"2019-02-20T11:05:37+00:00\" \/>\n<meta property=\"og:image\" content=\"http:\/\/www.oarcanjo.net\/site\/wp-content\/uploads\/Santa-Teresa-Margarida-Redi.jpg\" \/>\n<meta name=\"author\" content=\"danilo\" \/>\n<meta name=\"twitter:card\" content=\"summary_large_image\" \/>\n<meta name=\"twitter:label1\" content=\"Escrito por\" \/>\n\t<meta name=\"twitter:data1\" content=\"danilo\" \/>\n\t<meta name=\"twitter:label2\" content=\"Est. tempo de leitura\" \/>\n\t<meta name=\"twitter:data2\" content=\"7 minutos\" \/>\n<script type=\"application\/ld+json\" class=\"yoast-schema-graph\">{\"@context\":\"https:\/\/schema.org\",\"@graph\":[{\"@type\":\"Article\",\"@id\":\"https:\/\/www.oarcanjo.net\/site\/santa-teresa-margarida-redi\/#article\",\"isPartOf\":{\"@id\":\"https:\/\/www.oarcanjo.net\/site\/santa-teresa-margarida-redi\/\"},\"author\":{\"name\":\"danilo\",\"@id\":\"https:\/\/www.oarcanjo.net\/site\/#\/schema\/person\/5eb9480bedd2f3c97e430ce128c29c6c\"},\"headline\":\"Santa Teresa Margarida Redi\",\"datePublished\":\"2019-03-07T12:02:23+00:00\",\"dateModified\":\"2019-02-20T11:05:37+00:00\",\"mainEntityOfPage\":{\"@id\":\"https:\/\/www.oarcanjo.net\/site\/santa-teresa-margarida-redi\/\"},\"wordCount\":1356,\"commentCount\":0,\"publisher\":{\"@id\":\"https:\/\/www.oarcanjo.net\/site\/#organization\"},\"image\":{\"@id\":\"https:\/\/www.oarcanjo.net\/site\/santa-teresa-margarida-redi\/#primaryimage\"},\"thumbnailUrl\":\"http:\/\/www.oarcanjo.net\/site\/wp-content\/uploads\/Santa-Teresa-Margarida-Redi.jpg\",\"articleSection\":[\"Testemunhos\"],\"inLanguage\":\"pt-BR\",\"potentialAction\":[{\"@type\":\"CommentAction\",\"name\":\"Comment\",\"target\":[\"https:\/\/www.oarcanjo.net\/site\/santa-teresa-margarida-redi\/#respond\"]}]},{\"@type\":\"WebPage\",\"@id\":\"https:\/\/www.oarcanjo.net\/site\/santa-teresa-margarida-redi\/\",\"url\":\"https:\/\/www.oarcanjo.net\/site\/santa-teresa-margarida-redi\/\",\"name\":\"Santa Teresa Margarida Redi - O Arcanjo no ar\",\"isPartOf\":{\"@id\":\"https:\/\/www.oarcanjo.net\/site\/#website\"},\"primaryImageOfPage\":{\"@id\":\"https:\/\/www.oarcanjo.net\/site\/santa-teresa-margarida-redi\/#primaryimage\"},\"image\":{\"@id\":\"https:\/\/www.oarcanjo.net\/site\/santa-teresa-margarida-redi\/#primaryimage\"},\"thumbnailUrl\":\"http:\/\/www.oarcanjo.net\/site\/wp-content\/uploads\/Santa-Teresa-Margarida-Redi.jpg\",\"datePublished\":\"2019-03-07T12:02:23+00:00\",\"dateModified\":\"2019-02-20T11:05:37+00:00\",\"breadcrumb\":{\"@id\":\"https:\/\/www.oarcanjo.net\/site\/santa-teresa-margarida-redi\/#breadcrumb\"},\"inLanguage\":\"pt-BR\",\"potentialAction\":[{\"@type\":\"ReadAction\",\"target\":[\"https:\/\/www.oarcanjo.net\/site\/santa-teresa-margarida-redi\/\"]}]},{\"@type\":\"ImageObject\",\"inLanguage\":\"pt-BR\",\"@id\":\"https:\/\/www.oarcanjo.net\/site\/santa-teresa-margarida-redi\/#primaryimage\",\"url\":\"https:\/\/www.oarcanjo.net\/site\/wp-content\/uploads\/Santa-Teresa-Margarida-Redi.jpg\",\"contentUrl\":\"https:\/\/www.oarcanjo.net\/site\/wp-content\/uploads\/Santa-Teresa-Margarida-Redi.jpg\",\"width\":237,\"height\":319,\"caption\":\"Santa Teresa Margarida Redi\"},{\"@type\":\"BreadcrumbList\",\"@id\":\"https:\/\/www.oarcanjo.net\/site\/santa-teresa-margarida-redi\/#breadcrumb\",\"itemListElement\":[{\"@type\":\"ListItem\",\"position\":1,\"name\":\"In\u00edcio\",\"item\":\"https:\/\/www.oarcanjo.net\/site\/\"},{\"@type\":\"ListItem\",\"position\":2,\"name\":\"Santa Teresa Margarida Redi\"}]},{\"@type\":\"WebSite\",\"@id\":\"https:\/\/www.oarcanjo.net\/site\/#website\",\"url\":\"https:\/\/www.oarcanjo.net\/site\/\",\"name\":\"O Arcanjo no ar\",\"description\":\"Site da Par\u00f3quia S\u00e3o Miguel Arcanjo (Arquidiocese de SP)\",\"publisher\":{\"@id\":\"https:\/\/www.oarcanjo.net\/site\/#organization\"},\"potentialAction\":[{\"@type\":\"SearchAction\",\"target\":{\"@type\":\"EntryPoint\",\"urlTemplate\":\"https:\/\/www.oarcanjo.net\/site\/?s={search_term_string}\"},\"query-input\":{\"@type\":\"PropertyValueSpecification\",\"valueRequired\":true,\"valueName\":\"search_term_string\"}}],\"inLanguage\":\"pt-BR\"},{\"@type\":\"Organization\",\"@id\":\"https:\/\/www.oarcanjo.net\/site\/#organization\",\"name\":\"Par\u00f3quia S\u00e3o Miguel Arcanjo\",\"url\":\"https:\/\/www.oarcanjo.net\/site\/\",\"logo\":{\"@type\":\"ImageObject\",\"inLanguage\":\"pt-BR\",\"@id\":\"https:\/\/www.oarcanjo.net\/site\/#\/schema\/logo\/image\/\",\"url\":\"https:\/\/www.oarcanjo.net\/site\/wp-content\/uploads\/LogoOArcanjo.png\",\"contentUrl\":\"https:\/\/www.oarcanjo.net\/site\/wp-content\/uploads\/LogoOArcanjo.png\",\"width\":319,\"height\":99,\"caption\":\"Par\u00f3quia S\u00e3o Miguel Arcanjo\"},\"image\":{\"@id\":\"https:\/\/www.oarcanjo.net\/site\/#\/schema\/logo\/image\/\"},\"sameAs\":[\"https:\/\/www.facebook.com\/OArcanjoNoAr\/\"]},{\"@type\":\"Person\",\"@id\":\"https:\/\/www.oarcanjo.net\/site\/#\/schema\/person\/5eb9480bedd2f3c97e430ce128c29c6c\",\"name\":\"danilo\"}]}<\/script>\n<!-- \/ Yoast SEO plugin. -->","yoast_head_json":{"title":"Santa Teresa Margarida Redi - O Arcanjo no ar","robots":{"index":"index","follow":"follow","max-snippet":"max-snippet:-1","max-image-preview":"max-image-preview:large","max-video-preview":"max-video-preview:-1"},"canonical":"https:\/\/www.oarcanjo.net\/site\/santa-teresa-margarida-redi\/","og_locale":"pt_BR","og_type":"article","og_title":"Santa Teresa Margarida Redi - O Arcanjo no ar","og_description":"7 de Mar\u00e7o Teresa Maragarida Redi do Sagrado Cora\u00e7\u00e3o de Jesus, no s\u00e9culo Anna Maria Redi, nasceu em Arezzo (Toscana \u2013 It\u00e1lia) a 15 de julho de 1747. Freq\u00fcentou, como educanda, o mosteiro de Santa Apol\u00f4nia de Floren\u00e7a at\u00e9 1764. Decisiva para a sua voca\u00e7\u00e3o foi a inspira\u00e7\u00e3o atribu\u00edda a Santa Teresa de \u00c1vila, gra\u00e7as [&hellip;]","og_url":"https:\/\/www.oarcanjo.net\/site\/santa-teresa-margarida-redi\/","og_site_name":"O Arcanjo no ar","article_publisher":"https:\/\/www.facebook.com\/OArcanjoNoAr\/","article_published_time":"2019-03-07T12:02:23+00:00","article_modified_time":"2019-02-20T11:05:37+00:00","og_image":[{"url":"http:\/\/www.oarcanjo.net\/site\/wp-content\/uploads\/Santa-Teresa-Margarida-Redi.jpg"}],"author":"danilo","twitter_card":"summary_large_image","twitter_misc":{"Escrito por":"danilo","Est. tempo de leitura":"7 minutos"},"schema":{"@context":"https:\/\/schema.org","@graph":[{"@type":"Article","@id":"https:\/\/www.oarcanjo.net\/site\/santa-teresa-margarida-redi\/#article","isPartOf":{"@id":"https:\/\/www.oarcanjo.net\/site\/santa-teresa-margarida-redi\/"},"author":{"name":"danilo","@id":"https:\/\/www.oarcanjo.net\/site\/#\/schema\/person\/5eb9480bedd2f3c97e430ce128c29c6c"},"headline":"Santa Teresa Margarida Redi","datePublished":"2019-03-07T12:02:23+00:00","dateModified":"2019-02-20T11:05:37+00:00","mainEntityOfPage":{"@id":"https:\/\/www.oarcanjo.net\/site\/santa-teresa-margarida-redi\/"},"wordCount":1356,"commentCount":0,"publisher":{"@id":"https:\/\/www.oarcanjo.net\/site\/#organization"},"image":{"@id":"https:\/\/www.oarcanjo.net\/site\/santa-teresa-margarida-redi\/#primaryimage"},"thumbnailUrl":"http:\/\/www.oarcanjo.net\/site\/wp-content\/uploads\/Santa-Teresa-Margarida-Redi.jpg","articleSection":["Testemunhos"],"inLanguage":"pt-BR","potentialAction":[{"@type":"CommentAction","name":"Comment","target":["https:\/\/www.oarcanjo.net\/site\/santa-teresa-margarida-redi\/#respond"]}]},{"@type":"WebPage","@id":"https:\/\/www.oarcanjo.net\/site\/santa-teresa-margarida-redi\/","url":"https:\/\/www.oarcanjo.net\/site\/santa-teresa-margarida-redi\/","name":"Santa Teresa Margarida Redi - O Arcanjo no ar","isPartOf":{"@id":"https:\/\/www.oarcanjo.net\/site\/#website"},"primaryImageOfPage":{"@id":"https:\/\/www.oarcanjo.net\/site\/santa-teresa-margarida-redi\/#primaryimage"},"image":{"@id":"https:\/\/www.oarcanjo.net\/site\/santa-teresa-margarida-redi\/#primaryimage"},"thumbnailUrl":"http:\/\/www.oarcanjo.net\/site\/wp-content\/uploads\/Santa-Teresa-Margarida-Redi.jpg","datePublished":"2019-03-07T12:02:23+00:00","dateModified":"2019-02-20T11:05:37+00:00","breadcrumb":{"@id":"https:\/\/www.oarcanjo.net\/site\/santa-teresa-margarida-redi\/#breadcrumb"},"inLanguage":"pt-BR","potentialAction":[{"@type":"ReadAction","target":["https:\/\/www.oarcanjo.net\/site\/santa-teresa-margarida-redi\/"]}]},{"@type":"ImageObject","inLanguage":"pt-BR","@id":"https:\/\/www.oarcanjo.net\/site\/santa-teresa-margarida-redi\/#primaryimage","url":"https:\/\/www.oarcanjo.net\/site\/wp-content\/uploads\/Santa-Teresa-Margarida-Redi.jpg","contentUrl":"https:\/\/www.oarcanjo.net\/site\/wp-content\/uploads\/Santa-Teresa-Margarida-Redi.jpg","width":237,"height":319,"caption":"Santa Teresa Margarida Redi"},{"@type":"BreadcrumbList","@id":"https:\/\/www.oarcanjo.net\/site\/santa-teresa-margarida-redi\/#breadcrumb","itemListElement":[{"@type":"ListItem","position":1,"name":"In\u00edcio","item":"https:\/\/www.oarcanjo.net\/site\/"},{"@type":"ListItem","position":2,"name":"Santa Teresa Margarida Redi"}]},{"@type":"WebSite","@id":"https:\/\/www.oarcanjo.net\/site\/#website","url":"https:\/\/www.oarcanjo.net\/site\/","name":"O Arcanjo no ar","description":"Site da Par\u00f3quia S\u00e3o Miguel Arcanjo (Arquidiocese de SP)","publisher":{"@id":"https:\/\/www.oarcanjo.net\/site\/#organization"},"potentialAction":[{"@type":"SearchAction","target":{"@type":"EntryPoint","urlTemplate":"https:\/\/www.oarcanjo.net\/site\/?s={search_term_string}"},"query-input":{"@type":"PropertyValueSpecification","valueRequired":true,"valueName":"search_term_string"}}],"inLanguage":"pt-BR"},{"@type":"Organization","@id":"https:\/\/www.oarcanjo.net\/site\/#organization","name":"Par\u00f3quia S\u00e3o Miguel Arcanjo","url":"https:\/\/www.oarcanjo.net\/site\/","logo":{"@type":"ImageObject","inLanguage":"pt-BR","@id":"https:\/\/www.oarcanjo.net\/site\/#\/schema\/logo\/image\/","url":"https:\/\/www.oarcanjo.net\/site\/wp-content\/uploads\/LogoOArcanjo.png","contentUrl":"https:\/\/www.oarcanjo.net\/site\/wp-content\/uploads\/LogoOArcanjo.png","width":319,"height":99,"caption":"Par\u00f3quia S\u00e3o Miguel Arcanjo"},"image":{"@id":"https:\/\/www.oarcanjo.net\/site\/#\/schema\/logo\/image\/"},"sameAs":["https:\/\/www.facebook.com\/OArcanjoNoAr\/"]},{"@type":"Person","@id":"https:\/\/www.oarcanjo.net\/site\/#\/schema\/person\/5eb9480bedd2f3c97e430ce128c29c6c","name":"danilo"}]}},"publishpress_future_action":{"enabled":false,"date":"2026-05-07 23:37:15","action":"category","newStatus":"draft","terms":[],"taxonomy":"category"},"publishpress_future_workflow_manual_trigger":{"enabledWorkflows":[]},"_links":{"self":[{"href":"https:\/\/www.oarcanjo.net\/site\/wp-json\/wp\/v2\/posts\/8231"}],"collection":[{"href":"https:\/\/www.oarcanjo.net\/site\/wp-json\/wp\/v2\/posts"}],"about":[{"href":"https:\/\/www.oarcanjo.net\/site\/wp-json\/wp\/v2\/types\/post"}],"author":[{"embeddable":true,"href":"https:\/\/www.oarcanjo.net\/site\/wp-json\/wp\/v2\/users\/14"}],"replies":[{"embeddable":true,"href":"https:\/\/www.oarcanjo.net\/site\/wp-json\/wp\/v2\/comments?post=8231"}],"version-history":[{"count":1,"href":"https:\/\/www.oarcanjo.net\/site\/wp-json\/wp\/v2\/posts\/8231\/revisions"}],"predecessor-version":[{"id":92964,"href":"https:\/\/www.oarcanjo.net\/site\/wp-json\/wp\/v2\/posts\/8231\/revisions\/92964"}],"wp:attachment":[{"href":"https:\/\/www.oarcanjo.net\/site\/wp-json\/wp\/v2\/media?parent=8231"}],"wp:term":[{"taxonomy":"category","embeddable":true,"href":"https:\/\/www.oarcanjo.net\/site\/wp-json\/wp\/v2\/categories?post=8231"},{"taxonomy":"post_tag","embeddable":true,"href":"https:\/\/www.oarcanjo.net\/site\/wp-json\/wp\/v2\/tags?post=8231"}],"curies":[{"name":"wp","href":"https:\/\/api.w.org\/{rel}","templated":true}]}}