
{"id":8234,"date":"2019-03-07T00:05:23","date_gmt":"2019-03-07T03:05:23","guid":{"rendered":"http:\/\/www.oarcanjo.net\/site\/?p=8234"},"modified":"2019-02-20T08:05:32","modified_gmt":"2019-02-20T11:05:32","slug":"santas-perpetua-e-felicidade","status":"publish","type":"post","link":"https:\/\/www.oarcanjo.net\/site\/santas-perpetua-e-felicidade\/","title":{"rendered":"Santas Perp\u00e9tua e Felicidade"},"content":{"rendered":"<p><img decoding=\"async\" src=\"http:\/\/img.photobucket.com\/albums\/v295\/desanu\/santasperpetuaefelicidade.jpg\" alt=\"\" \/><\/p>\n<p>7 de Mar\u00e7o<\/p>\n<p>Senhora e escrava, Perp\u00e9tua e Felicidade sofreram a pris\u00e3o juntas, na f\u00e9 e na solidariedade, no ano de 203, na \u00c1frica do Norte.<\/p>\n<p>O imperador Severo, tamb\u00e9m de origem africana, havia decretado a pena de morte para os crist\u00e3os. Perp\u00e9tua era de fam\u00edlia nobre, filha de pai pag\u00e3o, tinha vinte e dois anos e um filho rec\u00e9m-nascido. Sua escrava, Felicidade, estava gr\u00e1vida de oito meses e rezava diariamente para que o filho nascesse antes da execu\u00e7\u00e3o e obteve essa gra\u00e7a. Isso aconteceu num parto de muito sofrimento, dois dias antes de serem levadas \u00e0 arena, para as feras famintas.<\/p>\n<p>Perp\u00e9tua escreveu um di\u00e1rio na pris\u00e3o, onde relata todo o sofrimento de que foram v\u00edtimas e que figura entre os escritos mais realistas e comoventes da Igreja. Al\u00e9m de descrever os horrores da escurid\u00e3o e a forma selvagem como eram tratadas no calabou\u00e7o, ela narrou como seu pai a procurou na pris\u00e3o, com autoriza\u00e7\u00e3o do juiz, para tentar faz\u00ea-la desistir da f\u00e9 em Cristo e assim salvar sua vida.<\/p>\n<p>Mas ambas, senhora e escrava, mantiveram-se firmes, tamb\u00e9m como outros seis crist\u00e3os que se tornaram seus companheiros no mart\u00edrio. Elas que ainda n\u00e3o tinham sido batizadas fizeram quest\u00e3o de receber o sacramento na pris\u00e3o, para reafirmar suas posi\u00e7\u00f5es de crist\u00e3s e, em nenhum momento sequer, pensaram em salvar as vidas negando o cristianismo.<\/p>\n<p>Segundo os escritos oficiais que complementam o di\u00e1rio de Perp\u00e9tua, os homens foram despeda\u00e7ados por leopardos. Perp\u00e9tua e Felicidade foram degoladas, depois de atacadas por touros e vacas. Era o dia 07 de mar\u00e7o de 203.<\/p>\n<p>Perp\u00e9tua viveu a \u00faltima hora dando extraordin\u00e1ria prova de amor e de tranq\u00fcila dignidade. Viu Felicidade ser abatida sob os golpes dos animais, e docemente a amparou e a suspendeu nos bra\u00e7os; depois recomp\u00f4s o seu vestido estra\u00e7alhado, demonstrando um genu\u00edno respeito por ela. Esses gestos geraram na popula\u00e7\u00e3o pag\u00e3, um breve momento de como\u00e7\u00e3o piedosa. Mas por poucos segundos, pois a vontade da massa enfurecida prevaleceu, at\u00e9 ver o golpe fatal da degola\u00e7\u00e3o.<\/p>\n<p>Pelo mart\u00edrio, Perp\u00e9tua e Felicidade entram para a Igreja, que as veneram nesse dia com as honras lit\u00fargicas.<\/p>\n<div id=\"themify_builder_content-8234\" data-postid=\"8234\" class=\"themify_builder_content themify_builder_content-8234 themify_builder themify_builder_front\">\n\t<\/div>\n<!-- \/themify_builder_content -->","protected":false},"excerpt":{"rendered":"<p>7 de Mar\u00e7o Senhora e escrava, Perp\u00e9tua e Felicidade sofreram a pris\u00e3o juntas, na f\u00e9 e na solidariedade, no ano de 203, na \u00c1frica do Norte. O imperador Severo, tamb\u00e9m de origem africana, havia decretado a pena de morte para os crist\u00e3os. Perp\u00e9tua era de fam\u00edlia nobre, filha de pai pag\u00e3o, tinha vinte e dois [&hellip;]<\/p>\n","protected":false},"author":14,"featured_media":0,"comment_status":"open","ping_status":"open","sticky":false,"template":"","format":"standard","meta":{"ngg_post_thumbnail":0,"footnotes":""},"categories":[186],"tags":[],"yoast_head":"<!-- This site is optimized with the Yoast SEO plugin v23.5 - https:\/\/yoast.com\/wordpress\/plugins\/seo\/ -->\n<title>Santas Perp\u00e9tua e Felicidade - O Arcanjo no ar<\/title>\n<meta name=\"robots\" content=\"index, follow, max-snippet:-1, max-image-preview:large, max-video-preview:-1\" \/>\n<link rel=\"canonical\" href=\"https:\/\/www.oarcanjo.net\/site\/santas-perpetua-e-felicidade\/\" \/>\n<meta property=\"og:locale\" content=\"pt_BR\" \/>\n<meta property=\"og:type\" content=\"article\" \/>\n<meta property=\"og:title\" content=\"Santas Perp\u00e9tua e Felicidade - O Arcanjo no ar\" \/>\n<meta property=\"og:description\" content=\"7 de Mar\u00e7o Senhora e escrava, Perp\u00e9tua e Felicidade sofreram a pris\u00e3o juntas, na f\u00e9 e na solidariedade, no ano de 203, na \u00c1frica do Norte. O imperador Severo, tamb\u00e9m de origem africana, havia decretado a pena de morte para os crist\u00e3os. Perp\u00e9tua era de fam\u00edlia nobre, filha de pai pag\u00e3o, tinha vinte e dois [&hellip;]\" \/>\n<meta property=\"og:url\" content=\"https:\/\/www.oarcanjo.net\/site\/santas-perpetua-e-felicidade\/\" \/>\n<meta property=\"og:site_name\" content=\"O Arcanjo no ar\" \/>\n<meta property=\"article:publisher\" content=\"https:\/\/www.facebook.com\/OArcanjoNoAr\/\" \/>\n<meta property=\"article:published_time\" content=\"2019-03-07T03:05:23+00:00\" \/>\n<meta property=\"article:modified_time\" content=\"2019-02-20T11:05:32+00:00\" \/>\n<meta property=\"og:image\" content=\"http:\/\/img.photobucket.com\/albums\/v295\/desanu\/santasperpetuaefelicidade.jpg\" \/>\n<meta name=\"author\" content=\"danilo\" \/>\n<meta name=\"twitter:card\" content=\"summary_large_image\" \/>\n<meta name=\"twitter:label1\" content=\"Escrito por\" \/>\n\t<meta name=\"twitter:data1\" content=\"danilo\" \/>\n\t<meta name=\"twitter:label2\" content=\"Est. tempo de leitura\" \/>\n\t<meta name=\"twitter:data2\" content=\"2 minutos\" \/>\n<script type=\"application\/ld+json\" class=\"yoast-schema-graph\">{\"@context\":\"https:\/\/schema.org\",\"@graph\":[{\"@type\":\"Article\",\"@id\":\"https:\/\/www.oarcanjo.net\/site\/santas-perpetua-e-felicidade\/#article\",\"isPartOf\":{\"@id\":\"https:\/\/www.oarcanjo.net\/site\/santas-perpetua-e-felicidade\/\"},\"author\":{\"name\":\"danilo\",\"@id\":\"https:\/\/www.oarcanjo.net\/site\/#\/schema\/person\/5eb9480bedd2f3c97e430ce128c29c6c\"},\"headline\":\"Santas Perp\u00e9tua e Felicidade\",\"datePublished\":\"2019-03-07T03:05:23+00:00\",\"dateModified\":\"2019-02-20T11:05:32+00:00\",\"mainEntityOfPage\":{\"@id\":\"https:\/\/www.oarcanjo.net\/site\/santas-perpetua-e-felicidade\/\"},\"wordCount\":400,\"commentCount\":2,\"publisher\":{\"@id\":\"https:\/\/www.oarcanjo.net\/site\/#organization\"},\"image\":{\"@id\":\"https:\/\/www.oarcanjo.net\/site\/santas-perpetua-e-felicidade\/#primaryimage\"},\"thumbnailUrl\":\"http:\/\/img.photobucket.com\/albums\/v295\/desanu\/santasperpetuaefelicidade.jpg\",\"articleSection\":[\"Testemunhos\"],\"inLanguage\":\"pt-BR\",\"potentialAction\":[{\"@type\":\"CommentAction\",\"name\":\"Comment\",\"target\":[\"https:\/\/www.oarcanjo.net\/site\/santas-perpetua-e-felicidade\/#respond\"]}]},{\"@type\":\"WebPage\",\"@id\":\"https:\/\/www.oarcanjo.net\/site\/santas-perpetua-e-felicidade\/\",\"url\":\"https:\/\/www.oarcanjo.net\/site\/santas-perpetua-e-felicidade\/\",\"name\":\"Santas Perp\u00e9tua e Felicidade - O Arcanjo no ar\",\"isPartOf\":{\"@id\":\"https:\/\/www.oarcanjo.net\/site\/#website\"},\"primaryImageOfPage\":{\"@id\":\"https:\/\/www.oarcanjo.net\/site\/santas-perpetua-e-felicidade\/#primaryimage\"},\"image\":{\"@id\":\"https:\/\/www.oarcanjo.net\/site\/santas-perpetua-e-felicidade\/#primaryimage\"},\"thumbnailUrl\":\"http:\/\/img.photobucket.com\/albums\/v295\/desanu\/santasperpetuaefelicidade.jpg\",\"datePublished\":\"2019-03-07T03:05:23+00:00\",\"dateModified\":\"2019-02-20T11:05:32+00:00\",\"breadcrumb\":{\"@id\":\"https:\/\/www.oarcanjo.net\/site\/santas-perpetua-e-felicidade\/#breadcrumb\"},\"inLanguage\":\"pt-BR\",\"potentialAction\":[{\"@type\":\"ReadAction\",\"target\":[\"https:\/\/www.oarcanjo.net\/site\/santas-perpetua-e-felicidade\/\"]}]},{\"@type\":\"ImageObject\",\"inLanguage\":\"pt-BR\",\"@id\":\"https:\/\/www.oarcanjo.net\/site\/santas-perpetua-e-felicidade\/#primaryimage\",\"url\":\"http:\/\/img.photobucket.com\/albums\/v295\/desanu\/santasperpetuaefelicidade.jpg\",\"contentUrl\":\"http:\/\/img.photobucket.com\/albums\/v295\/desanu\/santasperpetuaefelicidade.jpg\"},{\"@type\":\"BreadcrumbList\",\"@id\":\"https:\/\/www.oarcanjo.net\/site\/santas-perpetua-e-felicidade\/#breadcrumb\",\"itemListElement\":[{\"@type\":\"ListItem\",\"position\":1,\"name\":\"In\u00edcio\",\"item\":\"https:\/\/www.oarcanjo.net\/site\/\"},{\"@type\":\"ListItem\",\"position\":2,\"name\":\"Santas Perp\u00e9tua e Felicidade\"}]},{\"@type\":\"WebSite\",\"@id\":\"https:\/\/www.oarcanjo.net\/site\/#website\",\"url\":\"https:\/\/www.oarcanjo.net\/site\/\",\"name\":\"O Arcanjo no ar\",\"description\":\"Site da Par\u00f3quia S\u00e3o Miguel Arcanjo (Arquidiocese de SP)\",\"publisher\":{\"@id\":\"https:\/\/www.oarcanjo.net\/site\/#organization\"},\"potentialAction\":[{\"@type\":\"SearchAction\",\"target\":{\"@type\":\"EntryPoint\",\"urlTemplate\":\"https:\/\/www.oarcanjo.net\/site\/?s={search_term_string}\"},\"query-input\":{\"@type\":\"PropertyValueSpecification\",\"valueRequired\":true,\"valueName\":\"search_term_string\"}}],\"inLanguage\":\"pt-BR\"},{\"@type\":\"Organization\",\"@id\":\"https:\/\/www.oarcanjo.net\/site\/#organization\",\"name\":\"Par\u00f3quia S\u00e3o Miguel Arcanjo\",\"url\":\"https:\/\/www.oarcanjo.net\/site\/\",\"logo\":{\"@type\":\"ImageObject\",\"inLanguage\":\"pt-BR\",\"@id\":\"https:\/\/www.oarcanjo.net\/site\/#\/schema\/logo\/image\/\",\"url\":\"https:\/\/www.oarcanjo.net\/site\/wp-content\/uploads\/LogoOArcanjo.png\",\"contentUrl\":\"https:\/\/www.oarcanjo.net\/site\/wp-content\/uploads\/LogoOArcanjo.png\",\"width\":319,\"height\":99,\"caption\":\"Par\u00f3quia S\u00e3o Miguel Arcanjo\"},\"image\":{\"@id\":\"https:\/\/www.oarcanjo.net\/site\/#\/schema\/logo\/image\/\"},\"sameAs\":[\"https:\/\/www.facebook.com\/OArcanjoNoAr\/\"]},{\"@type\":\"Person\",\"@id\":\"https:\/\/www.oarcanjo.net\/site\/#\/schema\/person\/5eb9480bedd2f3c97e430ce128c29c6c\",\"name\":\"danilo\"}]}<\/script>\n<!-- \/ Yoast SEO plugin. -->","yoast_head_json":{"title":"Santas Perp\u00e9tua e Felicidade - O Arcanjo no ar","robots":{"index":"index","follow":"follow","max-snippet":"max-snippet:-1","max-image-preview":"max-image-preview:large","max-video-preview":"max-video-preview:-1"},"canonical":"https:\/\/www.oarcanjo.net\/site\/santas-perpetua-e-felicidade\/","og_locale":"pt_BR","og_type":"article","og_title":"Santas Perp\u00e9tua e Felicidade - O Arcanjo no ar","og_description":"7 de Mar\u00e7o Senhora e escrava, Perp\u00e9tua e Felicidade sofreram a pris\u00e3o juntas, na f\u00e9 e na solidariedade, no ano de 203, na \u00c1frica do Norte. O imperador Severo, tamb\u00e9m de origem africana, havia decretado a pena de morte para os crist\u00e3os. Perp\u00e9tua era de fam\u00edlia nobre, filha de pai pag\u00e3o, tinha vinte e dois [&hellip;]","og_url":"https:\/\/www.oarcanjo.net\/site\/santas-perpetua-e-felicidade\/","og_site_name":"O Arcanjo no ar","article_publisher":"https:\/\/www.facebook.com\/OArcanjoNoAr\/","article_published_time":"2019-03-07T03:05:23+00:00","article_modified_time":"2019-02-20T11:05:32+00:00","og_image":[{"url":"http:\/\/img.photobucket.com\/albums\/v295\/desanu\/santasperpetuaefelicidade.jpg"}],"author":"danilo","twitter_card":"summary_large_image","twitter_misc":{"Escrito por":"danilo","Est. tempo de leitura":"2 minutos"},"schema":{"@context":"https:\/\/schema.org","@graph":[{"@type":"Article","@id":"https:\/\/www.oarcanjo.net\/site\/santas-perpetua-e-felicidade\/#article","isPartOf":{"@id":"https:\/\/www.oarcanjo.net\/site\/santas-perpetua-e-felicidade\/"},"author":{"name":"danilo","@id":"https:\/\/www.oarcanjo.net\/site\/#\/schema\/person\/5eb9480bedd2f3c97e430ce128c29c6c"},"headline":"Santas Perp\u00e9tua e Felicidade","datePublished":"2019-03-07T03:05:23+00:00","dateModified":"2019-02-20T11:05:32+00:00","mainEntityOfPage":{"@id":"https:\/\/www.oarcanjo.net\/site\/santas-perpetua-e-felicidade\/"},"wordCount":400,"commentCount":2,"publisher":{"@id":"https:\/\/www.oarcanjo.net\/site\/#organization"},"image":{"@id":"https:\/\/www.oarcanjo.net\/site\/santas-perpetua-e-felicidade\/#primaryimage"},"thumbnailUrl":"http:\/\/img.photobucket.com\/albums\/v295\/desanu\/santasperpetuaefelicidade.jpg","articleSection":["Testemunhos"],"inLanguage":"pt-BR","potentialAction":[{"@type":"CommentAction","name":"Comment","target":["https:\/\/www.oarcanjo.net\/site\/santas-perpetua-e-felicidade\/#respond"]}]},{"@type":"WebPage","@id":"https:\/\/www.oarcanjo.net\/site\/santas-perpetua-e-felicidade\/","url":"https:\/\/www.oarcanjo.net\/site\/santas-perpetua-e-felicidade\/","name":"Santas Perp\u00e9tua e Felicidade - O Arcanjo no ar","isPartOf":{"@id":"https:\/\/www.oarcanjo.net\/site\/#website"},"primaryImageOfPage":{"@id":"https:\/\/www.oarcanjo.net\/site\/santas-perpetua-e-felicidade\/#primaryimage"},"image":{"@id":"https:\/\/www.oarcanjo.net\/site\/santas-perpetua-e-felicidade\/#primaryimage"},"thumbnailUrl":"http:\/\/img.photobucket.com\/albums\/v295\/desanu\/santasperpetuaefelicidade.jpg","datePublished":"2019-03-07T03:05:23+00:00","dateModified":"2019-02-20T11:05:32+00:00","breadcrumb":{"@id":"https:\/\/www.oarcanjo.net\/site\/santas-perpetua-e-felicidade\/#breadcrumb"},"inLanguage":"pt-BR","potentialAction":[{"@type":"ReadAction","target":["https:\/\/www.oarcanjo.net\/site\/santas-perpetua-e-felicidade\/"]}]},{"@type":"ImageObject","inLanguage":"pt-BR","@id":"https:\/\/www.oarcanjo.net\/site\/santas-perpetua-e-felicidade\/#primaryimage","url":"http:\/\/img.photobucket.com\/albums\/v295\/desanu\/santasperpetuaefelicidade.jpg","contentUrl":"http:\/\/img.photobucket.com\/albums\/v295\/desanu\/santasperpetuaefelicidade.jpg"},{"@type":"BreadcrumbList","@id":"https:\/\/www.oarcanjo.net\/site\/santas-perpetua-e-felicidade\/#breadcrumb","itemListElement":[{"@type":"ListItem","position":1,"name":"In\u00edcio","item":"https:\/\/www.oarcanjo.net\/site\/"},{"@type":"ListItem","position":2,"name":"Santas Perp\u00e9tua e Felicidade"}]},{"@type":"WebSite","@id":"https:\/\/www.oarcanjo.net\/site\/#website","url":"https:\/\/www.oarcanjo.net\/site\/","name":"O Arcanjo no ar","description":"Site da Par\u00f3quia S\u00e3o Miguel Arcanjo (Arquidiocese de SP)","publisher":{"@id":"https:\/\/www.oarcanjo.net\/site\/#organization"},"potentialAction":[{"@type":"SearchAction","target":{"@type":"EntryPoint","urlTemplate":"https:\/\/www.oarcanjo.net\/site\/?s={search_term_string}"},"query-input":{"@type":"PropertyValueSpecification","valueRequired":true,"valueName":"search_term_string"}}],"inLanguage":"pt-BR"},{"@type":"Organization","@id":"https:\/\/www.oarcanjo.net\/site\/#organization","name":"Par\u00f3quia S\u00e3o Miguel Arcanjo","url":"https:\/\/www.oarcanjo.net\/site\/","logo":{"@type":"ImageObject","inLanguage":"pt-BR","@id":"https:\/\/www.oarcanjo.net\/site\/#\/schema\/logo\/image\/","url":"https:\/\/www.oarcanjo.net\/site\/wp-content\/uploads\/LogoOArcanjo.png","contentUrl":"https:\/\/www.oarcanjo.net\/site\/wp-content\/uploads\/LogoOArcanjo.png","width":319,"height":99,"caption":"Par\u00f3quia S\u00e3o Miguel Arcanjo"},"image":{"@id":"https:\/\/www.oarcanjo.net\/site\/#\/schema\/logo\/image\/"},"sameAs":["https:\/\/www.facebook.com\/OArcanjoNoAr\/"]},{"@type":"Person","@id":"https:\/\/www.oarcanjo.net\/site\/#\/schema\/person\/5eb9480bedd2f3c97e430ce128c29c6c","name":"danilo"}]}},"publishpress_future_action":{"enabled":false,"date":"2026-05-08 01:04:43","action":"category","newStatus":"draft","terms":[],"taxonomy":"category"},"publishpress_future_workflow_manual_trigger":{"enabledWorkflows":[]},"_links":{"self":[{"href":"https:\/\/www.oarcanjo.net\/site\/wp-json\/wp\/v2\/posts\/8234"}],"collection":[{"href":"https:\/\/www.oarcanjo.net\/site\/wp-json\/wp\/v2\/posts"}],"about":[{"href":"https:\/\/www.oarcanjo.net\/site\/wp-json\/wp\/v2\/types\/post"}],"author":[{"embeddable":true,"href":"https:\/\/www.oarcanjo.net\/site\/wp-json\/wp\/v2\/users\/14"}],"replies":[{"embeddable":true,"href":"https:\/\/www.oarcanjo.net\/site\/wp-json\/wp\/v2\/comments?post=8234"}],"version-history":[{"count":1,"href":"https:\/\/www.oarcanjo.net\/site\/wp-json\/wp\/v2\/posts\/8234\/revisions"}],"predecessor-version":[{"id":92963,"href":"https:\/\/www.oarcanjo.net\/site\/wp-json\/wp\/v2\/posts\/8234\/revisions\/92963"}],"wp:attachment":[{"href":"https:\/\/www.oarcanjo.net\/site\/wp-json\/wp\/v2\/media?parent=8234"}],"wp:term":[{"taxonomy":"category","embeddable":true,"href":"https:\/\/www.oarcanjo.net\/site\/wp-json\/wp\/v2\/categories?post=8234"},{"taxonomy":"post_tag","embeddable":true,"href":"https:\/\/www.oarcanjo.net\/site\/wp-json\/wp\/v2\/tags?post=8234"}],"curies":[{"name":"wp","href":"https:\/\/api.w.org\/{rel}","templated":true}]}}