
{"id":8242,"date":"2019-03-09T00:43:42","date_gmt":"2019-03-09T03:43:42","guid":{"rendered":"http:\/\/www.oarcanjo.net\/site\/?p=8242"},"modified":"2019-02-20T08:05:46","modified_gmt":"2019-02-20T11:05:46","slug":"sao-gregorio-de-nissa","status":"publish","type":"post","link":"https:\/\/www.oarcanjo.net\/site\/sao-gregorio-de-nissa\/","title":{"rendered":"S\u00e3o Greg\u00f3rio de Nissa"},"content":{"rendered":"<p><img decoding=\"async\" src=\"http:\/\/filosofiaufrn.files.wordpress.com\/2008\/11\/gregorio-de-nissa.jpg\" alt=\"\" \/><\/p>\n<p>9 de Mar\u00e7o<\/p>\n<p>Os registros e a tradi\u00e7\u00e3o trazem poucos dados sobre a vida de Greg\u00f3rio de Nissa, antes dele se tornar sacerdote. Mas, existe a literatura teol\u00f3gica que nos d\u00e1 luz sobre seus pensamentos e seu modo de agir em rela\u00e7\u00e3o ao cristianismo, que ele mesmo escreveu e nos deixou. Ele nasceu na Cesarea da Capad\u00f3cia, Turquia entre os anos 330 a 335. Seus pais Bas\u00edlio, apelidado de &#8220;o velho&#8221;, e Am\u00e9lia, tiveram dez filhos dos quais: Greg\u00f3rio, Pedro, Bas\u00edlio e Macrina, se tornaram santos. Sem contar o av\u00f4, que morreu m\u00e1rtir e a av\u00f3, da qual a irm\u00e3 herdou o nome, e que a Igreja tamb\u00e9m venera.<\/p>\n<p>Greg\u00f3rio estudou em Atenas, e se interessou especialmente pelos principais autores cl\u00e1ssicos da raz\u00e3o, como Plat\u00e3o e Arist\u00f3teles, mas tamb\u00e9m os da f\u00e9, como Or\u00edgenes e Met\u00f3dio de Olimpo. Mais tarde se casou e foi lecionar. Ao se tornar vi\u00favo abandonou o cargo de professor, para se dedicar s\u00f3 ao Cristianismo. Sob a orienta\u00e7\u00e3o e influ\u00eancia de Greg\u00f3rio Nazianzeno, que tamb\u00e9m \u00e9 celebrado e com quem ele convivera, foi motivado a seguir a vida religiosa \u00e0 exemplo dos seus irm\u00e3os. Optando pela mon\u00e1stica, se isolou num mosteiro do qual saiu somente quando, em 371, foi nomeado bispo de Nissa, na Capad\u00f3cia.<\/p>\n<p>Tornou-se um te\u00f3logo conhecido e respeitado atrav\u00e9s de seus famosos trabalhos dogm\u00e1ticos, dos quais &#8220;Grande Catequese&#8221; \u00e9 considerado o principal. Dentre suas obras importantes, encontramos tamb\u00e9m o &#8220;Livro sobre a Virgindade&#8221;, referente a Maria, M\u00e3e de Deus. Todas escritas durante o tempo vivido na solid\u00e3o das margens do rio \u00cdris, onde se isolara com seu irm\u00e3o Bas\u00edlio, que depois se tornou bispo da Cesarea.<\/p>\n<p>Amante da solid\u00e3o e do estudo, foi a contragosto que assumiu a diocese de Nissa. Sua bondade e falta de senso pr\u00e1tico eram t\u00e3o not\u00f3rias, que muitos a consideravam ingenuidade. Tanto que, nesse cargo, Greg\u00f3rio viu-se acusado de desperdi\u00e7ar bens da Igreja, sendo, de repente, deposto e mandado ao ex\u00edlio, no ano 376, per\u00edodo em que faleceu seu irm\u00e3o Bas\u00edlio. Entretanto, dois anos depois, provou que tudo n\u00e3o passou de uma trama dos hereges arianos, porque as acusa\u00e7\u00f5es n\u00e3o foram fundamentadas e Greg\u00f3rio teve sua inoc\u00eancia reconhecida. Aclamado pelos fi\u00e9is e pelo povo, reassumiu a diocese.<\/p>\n<p>Depois desse epis\u00f3dio do ex\u00edlio, o conceito de Greg\u00f3rio de Nissa subiu muito no mundo crist\u00e3o e ele resolveu in\u00fameras diverg\u00eancias entre as igrejas orientais, sendo o mediador de quest\u00f5es doutrin\u00e1rias ou mesmo administrativas. Cumpriu tamb\u00e9m miss\u00f5es determinadas pelo pr\u00f3prio imperador. Ele teve participa\u00e7\u00f5es decisivas nos conc\u00edlios: de Antioquia e o de Constantinopla, em 394, onde se definiu a &#8220;coluna da ortodoxia&#8221;. Colocou a paz entre as Igrejas da Ar\u00e1bia e da Palestina.<\/p>\n<p>H\u00e1 muitos pontos em comum entre Greg\u00f3rio de Nissa e Tom\u00e1s d&#8217;Aquino se compararmos, no trabalho de ambos, o cuidado em dar aos problemas enfrentados, cada um \u00e0 sua \u00e9poca, uma resposta em sintonia com os dados da f\u00e9 e as exig\u00eancias da raz\u00e3o. Greg\u00f3rio de Nissa \u00e9 considerado um dos padres orientais mais expressivos do s\u00e9culo IV. Ele morreu entre os anos 395 a 400 e sua festa se comemora no dia 09 de mar\u00e7o.<\/p>\n<div id=\"themify_builder_content-8242\" data-postid=\"8242\" class=\"themify_builder_content themify_builder_content-8242 themify_builder themify_builder_front\">\n\t<\/div>\n<!-- \/themify_builder_content -->","protected":false},"excerpt":{"rendered":"<p>9 de Mar\u00e7o Os registros e a tradi\u00e7\u00e3o trazem poucos dados sobre a vida de Greg\u00f3rio de Nissa, antes dele se tornar sacerdote. Mas, existe a literatura teol\u00f3gica que nos d\u00e1 luz sobre seus pensamentos e seu modo de agir em rela\u00e7\u00e3o ao cristianismo, que ele mesmo escreveu e nos deixou. Ele nasceu na Cesarea [&hellip;]<\/p>\n","protected":false},"author":14,"featured_media":0,"comment_status":"open","ping_status":"open","sticky":false,"template":"","format":"standard","meta":{"ngg_post_thumbnail":0,"footnotes":""},"categories":[186],"tags":[],"yoast_head":"<!-- This site is optimized with the Yoast SEO plugin v23.5 - https:\/\/yoast.com\/wordpress\/plugins\/seo\/ -->\n<title>S\u00e3o Greg\u00f3rio de Nissa - O Arcanjo no ar<\/title>\n<meta name=\"robots\" content=\"index, follow, max-snippet:-1, max-image-preview:large, max-video-preview:-1\" \/>\n<link rel=\"canonical\" href=\"https:\/\/www.oarcanjo.net\/site\/sao-gregorio-de-nissa\/\" \/>\n<meta property=\"og:locale\" content=\"pt_BR\" \/>\n<meta property=\"og:type\" content=\"article\" \/>\n<meta property=\"og:title\" content=\"S\u00e3o Greg\u00f3rio de Nissa - O Arcanjo no ar\" \/>\n<meta property=\"og:description\" content=\"9 de Mar\u00e7o Os registros e a tradi\u00e7\u00e3o trazem poucos dados sobre a vida de Greg\u00f3rio de Nissa, antes dele se tornar sacerdote. Mas, existe a literatura teol\u00f3gica que nos d\u00e1 luz sobre seus pensamentos e seu modo de agir em rela\u00e7\u00e3o ao cristianismo, que ele mesmo escreveu e nos deixou. Ele nasceu na Cesarea [&hellip;]\" \/>\n<meta property=\"og:url\" content=\"https:\/\/www.oarcanjo.net\/site\/sao-gregorio-de-nissa\/\" \/>\n<meta property=\"og:site_name\" content=\"O Arcanjo no ar\" \/>\n<meta property=\"article:publisher\" content=\"https:\/\/www.facebook.com\/OArcanjoNoAr\/\" \/>\n<meta property=\"article:published_time\" content=\"2019-03-09T03:43:42+00:00\" \/>\n<meta property=\"article:modified_time\" content=\"2019-02-20T11:05:46+00:00\" \/>\n<meta property=\"og:image\" content=\"http:\/\/filosofiaufrn.files.wordpress.com\/2008\/11\/gregorio-de-nissa.jpg\" \/>\n<meta name=\"author\" content=\"danilo\" \/>\n<meta name=\"twitter:card\" content=\"summary_large_image\" \/>\n<meta name=\"twitter:label1\" content=\"Escrito por\" \/>\n\t<meta name=\"twitter:data1\" content=\"danilo\" \/>\n\t<meta name=\"twitter:label2\" content=\"Est. tempo de leitura\" \/>\n\t<meta name=\"twitter:data2\" content=\"3 minutos\" \/>\n<script type=\"application\/ld+json\" class=\"yoast-schema-graph\">{\"@context\":\"https:\/\/schema.org\",\"@graph\":[{\"@type\":\"Article\",\"@id\":\"https:\/\/www.oarcanjo.net\/site\/sao-gregorio-de-nissa\/#article\",\"isPartOf\":{\"@id\":\"https:\/\/www.oarcanjo.net\/site\/sao-gregorio-de-nissa\/\"},\"author\":{\"name\":\"danilo\",\"@id\":\"https:\/\/www.oarcanjo.net\/site\/#\/schema\/person\/5eb9480bedd2f3c97e430ce128c29c6c\"},\"headline\":\"S\u00e3o Greg\u00f3rio de Nissa\",\"datePublished\":\"2019-03-09T03:43:42+00:00\",\"dateModified\":\"2019-02-20T11:05:46+00:00\",\"mainEntityOfPage\":{\"@id\":\"https:\/\/www.oarcanjo.net\/site\/sao-gregorio-de-nissa\/\"},\"wordCount\":584,\"commentCount\":0,\"publisher\":{\"@id\":\"https:\/\/www.oarcanjo.net\/site\/#organization\"},\"image\":{\"@id\":\"https:\/\/www.oarcanjo.net\/site\/sao-gregorio-de-nissa\/#primaryimage\"},\"thumbnailUrl\":\"http:\/\/filosofiaufrn.files.wordpress.com\/2008\/11\/gregorio-de-nissa.jpg\",\"articleSection\":[\"Testemunhos\"],\"inLanguage\":\"pt-BR\",\"potentialAction\":[{\"@type\":\"CommentAction\",\"name\":\"Comment\",\"target\":[\"https:\/\/www.oarcanjo.net\/site\/sao-gregorio-de-nissa\/#respond\"]}]},{\"@type\":\"WebPage\",\"@id\":\"https:\/\/www.oarcanjo.net\/site\/sao-gregorio-de-nissa\/\",\"url\":\"https:\/\/www.oarcanjo.net\/site\/sao-gregorio-de-nissa\/\",\"name\":\"S\u00e3o Greg\u00f3rio de Nissa - O Arcanjo no ar\",\"isPartOf\":{\"@id\":\"https:\/\/www.oarcanjo.net\/site\/#website\"},\"primaryImageOfPage\":{\"@id\":\"https:\/\/www.oarcanjo.net\/site\/sao-gregorio-de-nissa\/#primaryimage\"},\"image\":{\"@id\":\"https:\/\/www.oarcanjo.net\/site\/sao-gregorio-de-nissa\/#primaryimage\"},\"thumbnailUrl\":\"http:\/\/filosofiaufrn.files.wordpress.com\/2008\/11\/gregorio-de-nissa.jpg\",\"datePublished\":\"2019-03-09T03:43:42+00:00\",\"dateModified\":\"2019-02-20T11:05:46+00:00\",\"breadcrumb\":{\"@id\":\"https:\/\/www.oarcanjo.net\/site\/sao-gregorio-de-nissa\/#breadcrumb\"},\"inLanguage\":\"pt-BR\",\"potentialAction\":[{\"@type\":\"ReadAction\",\"target\":[\"https:\/\/www.oarcanjo.net\/site\/sao-gregorio-de-nissa\/\"]}]},{\"@type\":\"ImageObject\",\"inLanguage\":\"pt-BR\",\"@id\":\"https:\/\/www.oarcanjo.net\/site\/sao-gregorio-de-nissa\/#primaryimage\",\"url\":\"http:\/\/filosofiaufrn.files.wordpress.com\/2008\/11\/gregorio-de-nissa.jpg\",\"contentUrl\":\"http:\/\/filosofiaufrn.files.wordpress.com\/2008\/11\/gregorio-de-nissa.jpg\"},{\"@type\":\"BreadcrumbList\",\"@id\":\"https:\/\/www.oarcanjo.net\/site\/sao-gregorio-de-nissa\/#breadcrumb\",\"itemListElement\":[{\"@type\":\"ListItem\",\"position\":1,\"name\":\"In\u00edcio\",\"item\":\"https:\/\/www.oarcanjo.net\/site\/\"},{\"@type\":\"ListItem\",\"position\":2,\"name\":\"S\u00e3o Greg\u00f3rio de Nissa\"}]},{\"@type\":\"WebSite\",\"@id\":\"https:\/\/www.oarcanjo.net\/site\/#website\",\"url\":\"https:\/\/www.oarcanjo.net\/site\/\",\"name\":\"O Arcanjo no ar\",\"description\":\"Site da Par\u00f3quia S\u00e3o Miguel Arcanjo (Arquidiocese de SP)\",\"publisher\":{\"@id\":\"https:\/\/www.oarcanjo.net\/site\/#organization\"},\"potentialAction\":[{\"@type\":\"SearchAction\",\"target\":{\"@type\":\"EntryPoint\",\"urlTemplate\":\"https:\/\/www.oarcanjo.net\/site\/?s={search_term_string}\"},\"query-input\":{\"@type\":\"PropertyValueSpecification\",\"valueRequired\":true,\"valueName\":\"search_term_string\"}}],\"inLanguage\":\"pt-BR\"},{\"@type\":\"Organization\",\"@id\":\"https:\/\/www.oarcanjo.net\/site\/#organization\",\"name\":\"Par\u00f3quia S\u00e3o Miguel Arcanjo\",\"url\":\"https:\/\/www.oarcanjo.net\/site\/\",\"logo\":{\"@type\":\"ImageObject\",\"inLanguage\":\"pt-BR\",\"@id\":\"https:\/\/www.oarcanjo.net\/site\/#\/schema\/logo\/image\/\",\"url\":\"https:\/\/www.oarcanjo.net\/site\/wp-content\/uploads\/LogoOArcanjo.png\",\"contentUrl\":\"https:\/\/www.oarcanjo.net\/site\/wp-content\/uploads\/LogoOArcanjo.png\",\"width\":319,\"height\":99,\"caption\":\"Par\u00f3quia S\u00e3o Miguel Arcanjo\"},\"image\":{\"@id\":\"https:\/\/www.oarcanjo.net\/site\/#\/schema\/logo\/image\/\"},\"sameAs\":[\"https:\/\/www.facebook.com\/OArcanjoNoAr\/\"]},{\"@type\":\"Person\",\"@id\":\"https:\/\/www.oarcanjo.net\/site\/#\/schema\/person\/5eb9480bedd2f3c97e430ce128c29c6c\",\"name\":\"danilo\"}]}<\/script>\n<!-- \/ Yoast SEO plugin. -->","yoast_head_json":{"title":"S\u00e3o Greg\u00f3rio de Nissa - O Arcanjo no ar","robots":{"index":"index","follow":"follow","max-snippet":"max-snippet:-1","max-image-preview":"max-image-preview:large","max-video-preview":"max-video-preview:-1"},"canonical":"https:\/\/www.oarcanjo.net\/site\/sao-gregorio-de-nissa\/","og_locale":"pt_BR","og_type":"article","og_title":"S\u00e3o Greg\u00f3rio de Nissa - O Arcanjo no ar","og_description":"9 de Mar\u00e7o Os registros e a tradi\u00e7\u00e3o trazem poucos dados sobre a vida de Greg\u00f3rio de Nissa, antes dele se tornar sacerdote. Mas, existe a literatura teol\u00f3gica que nos d\u00e1 luz sobre seus pensamentos e seu modo de agir em rela\u00e7\u00e3o ao cristianismo, que ele mesmo escreveu e nos deixou. Ele nasceu na Cesarea [&hellip;]","og_url":"https:\/\/www.oarcanjo.net\/site\/sao-gregorio-de-nissa\/","og_site_name":"O Arcanjo no ar","article_publisher":"https:\/\/www.facebook.com\/OArcanjoNoAr\/","article_published_time":"2019-03-09T03:43:42+00:00","article_modified_time":"2019-02-20T11:05:46+00:00","og_image":[{"url":"http:\/\/filosofiaufrn.files.wordpress.com\/2008\/11\/gregorio-de-nissa.jpg"}],"author":"danilo","twitter_card":"summary_large_image","twitter_misc":{"Escrito por":"danilo","Est. tempo de leitura":"3 minutos"},"schema":{"@context":"https:\/\/schema.org","@graph":[{"@type":"Article","@id":"https:\/\/www.oarcanjo.net\/site\/sao-gregorio-de-nissa\/#article","isPartOf":{"@id":"https:\/\/www.oarcanjo.net\/site\/sao-gregorio-de-nissa\/"},"author":{"name":"danilo","@id":"https:\/\/www.oarcanjo.net\/site\/#\/schema\/person\/5eb9480bedd2f3c97e430ce128c29c6c"},"headline":"S\u00e3o Greg\u00f3rio de Nissa","datePublished":"2019-03-09T03:43:42+00:00","dateModified":"2019-02-20T11:05:46+00:00","mainEntityOfPage":{"@id":"https:\/\/www.oarcanjo.net\/site\/sao-gregorio-de-nissa\/"},"wordCount":584,"commentCount":0,"publisher":{"@id":"https:\/\/www.oarcanjo.net\/site\/#organization"},"image":{"@id":"https:\/\/www.oarcanjo.net\/site\/sao-gregorio-de-nissa\/#primaryimage"},"thumbnailUrl":"http:\/\/filosofiaufrn.files.wordpress.com\/2008\/11\/gregorio-de-nissa.jpg","articleSection":["Testemunhos"],"inLanguage":"pt-BR","potentialAction":[{"@type":"CommentAction","name":"Comment","target":["https:\/\/www.oarcanjo.net\/site\/sao-gregorio-de-nissa\/#respond"]}]},{"@type":"WebPage","@id":"https:\/\/www.oarcanjo.net\/site\/sao-gregorio-de-nissa\/","url":"https:\/\/www.oarcanjo.net\/site\/sao-gregorio-de-nissa\/","name":"S\u00e3o Greg\u00f3rio de Nissa - O Arcanjo no ar","isPartOf":{"@id":"https:\/\/www.oarcanjo.net\/site\/#website"},"primaryImageOfPage":{"@id":"https:\/\/www.oarcanjo.net\/site\/sao-gregorio-de-nissa\/#primaryimage"},"image":{"@id":"https:\/\/www.oarcanjo.net\/site\/sao-gregorio-de-nissa\/#primaryimage"},"thumbnailUrl":"http:\/\/filosofiaufrn.files.wordpress.com\/2008\/11\/gregorio-de-nissa.jpg","datePublished":"2019-03-09T03:43:42+00:00","dateModified":"2019-02-20T11:05:46+00:00","breadcrumb":{"@id":"https:\/\/www.oarcanjo.net\/site\/sao-gregorio-de-nissa\/#breadcrumb"},"inLanguage":"pt-BR","potentialAction":[{"@type":"ReadAction","target":["https:\/\/www.oarcanjo.net\/site\/sao-gregorio-de-nissa\/"]}]},{"@type":"ImageObject","inLanguage":"pt-BR","@id":"https:\/\/www.oarcanjo.net\/site\/sao-gregorio-de-nissa\/#primaryimage","url":"http:\/\/filosofiaufrn.files.wordpress.com\/2008\/11\/gregorio-de-nissa.jpg","contentUrl":"http:\/\/filosofiaufrn.files.wordpress.com\/2008\/11\/gregorio-de-nissa.jpg"},{"@type":"BreadcrumbList","@id":"https:\/\/www.oarcanjo.net\/site\/sao-gregorio-de-nissa\/#breadcrumb","itemListElement":[{"@type":"ListItem","position":1,"name":"In\u00edcio","item":"https:\/\/www.oarcanjo.net\/site\/"},{"@type":"ListItem","position":2,"name":"S\u00e3o Greg\u00f3rio de Nissa"}]},{"@type":"WebSite","@id":"https:\/\/www.oarcanjo.net\/site\/#website","url":"https:\/\/www.oarcanjo.net\/site\/","name":"O Arcanjo no ar","description":"Site da Par\u00f3quia S\u00e3o Miguel Arcanjo (Arquidiocese de SP)","publisher":{"@id":"https:\/\/www.oarcanjo.net\/site\/#organization"},"potentialAction":[{"@type":"SearchAction","target":{"@type":"EntryPoint","urlTemplate":"https:\/\/www.oarcanjo.net\/site\/?s={search_term_string}"},"query-input":{"@type":"PropertyValueSpecification","valueRequired":true,"valueName":"search_term_string"}}],"inLanguage":"pt-BR"},{"@type":"Organization","@id":"https:\/\/www.oarcanjo.net\/site\/#organization","name":"Par\u00f3quia S\u00e3o Miguel Arcanjo","url":"https:\/\/www.oarcanjo.net\/site\/","logo":{"@type":"ImageObject","inLanguage":"pt-BR","@id":"https:\/\/www.oarcanjo.net\/site\/#\/schema\/logo\/image\/","url":"https:\/\/www.oarcanjo.net\/site\/wp-content\/uploads\/LogoOArcanjo.png","contentUrl":"https:\/\/www.oarcanjo.net\/site\/wp-content\/uploads\/LogoOArcanjo.png","width":319,"height":99,"caption":"Par\u00f3quia S\u00e3o Miguel Arcanjo"},"image":{"@id":"https:\/\/www.oarcanjo.net\/site\/#\/schema\/logo\/image\/"},"sameAs":["https:\/\/www.facebook.com\/OArcanjoNoAr\/"]},{"@type":"Person","@id":"https:\/\/www.oarcanjo.net\/site\/#\/schema\/person\/5eb9480bedd2f3c97e430ce128c29c6c","name":"danilo"}]}},"publishpress_future_action":{"enabled":false,"date":"2026-05-07 23:37:15","action":"category","newStatus":"draft","terms":[],"taxonomy":"category"},"publishpress_future_workflow_manual_trigger":{"enabledWorkflows":[]},"_links":{"self":[{"href":"https:\/\/www.oarcanjo.net\/site\/wp-json\/wp\/v2\/posts\/8242"}],"collection":[{"href":"https:\/\/www.oarcanjo.net\/site\/wp-json\/wp\/v2\/posts"}],"about":[{"href":"https:\/\/www.oarcanjo.net\/site\/wp-json\/wp\/v2\/types\/post"}],"author":[{"embeddable":true,"href":"https:\/\/www.oarcanjo.net\/site\/wp-json\/wp\/v2\/users\/14"}],"replies":[{"embeddable":true,"href":"https:\/\/www.oarcanjo.net\/site\/wp-json\/wp\/v2\/comments?post=8242"}],"version-history":[{"count":1,"href":"https:\/\/www.oarcanjo.net\/site\/wp-json\/wp\/v2\/posts\/8242\/revisions"}],"predecessor-version":[{"id":92966,"href":"https:\/\/www.oarcanjo.net\/site\/wp-json\/wp\/v2\/posts\/8242\/revisions\/92966"}],"wp:attachment":[{"href":"https:\/\/www.oarcanjo.net\/site\/wp-json\/wp\/v2\/media?parent=8242"}],"wp:term":[{"taxonomy":"category","embeddable":true,"href":"https:\/\/www.oarcanjo.net\/site\/wp-json\/wp\/v2\/categories?post=8242"},{"taxonomy":"post_tag","embeddable":true,"href":"https:\/\/www.oarcanjo.net\/site\/wp-json\/wp\/v2\/tags?post=8242"}],"curies":[{"name":"wp","href":"https:\/\/api.w.org\/{rel}","templated":true}]}}