
{"id":8244,"date":"2019-03-09T00:44:55","date_gmt":"2019-03-09T03:44:55","guid":{"rendered":"http:\/\/www.oarcanjo.net\/site\/?p=8244"},"modified":"2019-02-20T08:05:49","modified_gmt":"2019-02-20T11:05:49","slug":"santa-catarina-vegri-da-bolonha","status":"publish","type":"post","link":"https:\/\/www.oarcanjo.net\/site\/santa-catarina-vegri-da-bolonha\/","title":{"rendered":"Santa Catarina (Vegri) da Bolonha"},"content":{"rendered":"<p><img loading=\"lazy\" decoding=\"async\" class=\"alignnone size-full wp-image-69452\" src=\"http:\/\/www.oarcanjo.net\/site\/wp-content\/uploads\/Santa-Catarina-de-Bolonha.jpg\" alt=\"Santa Catarina (Vegri) da Bolonha\" width=\"240\" height=\"300\" \/><\/p>\n<p>9 de Mar\u00e7o<\/p>\n<p>Catarina Vegri nasceu no dia 08 de setembro de 1413, na cidade de Bolonha, It\u00e1lia. Seu pai era o estimado juiz Jo\u00e3o de Vegri e trabalhava para a corte local, bem situado socialmente, dispunha de razo\u00e1vel conforto para a fam\u00edlia. Quando a menina completou nove anos de idade, a fam\u00edlia se transferiu para Ferrara, porque seu pai tinha sido convocado pelo duque Nicolau III, que estava construindo seu ducado, composto pelas cidades de Ferrara, Modena e Reggio. E ela foi nomeada dama de companhia de Margarida, filha de Nicolau.<\/p>\n<p>Dessa forma Catarina vivia na florescente corte, cercada pela nata de artistas e intelectuais. Aprendia m\u00fasica, pintura, dan\u00e7a e as tradicionais mat\u00e9rias acad\u00eamicas, com os renomados da \u00e9poca, mas demonstrava vontade e determina\u00e7\u00e3o de se tornar religiosa. E foi o que fez quando toda essa opul\u00eancia terminou, com a morte prematura de seu pai. Catarina tinha ent\u00e3o treze anos e teve de voltar para Bolonha, com sua m\u00e3e Benvinda Manolini, que se casara outra vez.<\/p>\n<p>Ap\u00f3s um ano de luto ela ingressou na Ordem terceira de S\u00e3o Francisco, em Bolonha, onde permaneceu por cinco anos, vividos sob intensos conflitos interiores e angustias pessoais. Amadurecendo a id\u00e9ia de se tornar uma clarissa, em 1432, retornou para Ferrara para ingressar na Ordem de Santa Clara, onde trabalhou incessantemente fiel \u00e0s Regras fazendo todos os tipos de servi\u00e7os. Lavou pratos, cuidou da horta, da portaria, ensinou catecismo, escreveu novas ora\u00e7\u00f5es e comp\u00f4s novos cantos, at\u00e9 finalmente ser eleita abadessa, para administrar o convento que se tornou famoso e muito procurado. Tudo indicava que era necess\u00e1rio fundar mais um, e Catarina, como abadessa que era, o construiu em Bolonha, inaugurando-o em 1456. Nele ela viu ingressar sua m\u00e3e, que de novo se encontrava vi\u00fava.<\/p>\n<p>Contam os registros e a tradi\u00e7\u00e3o que Catarina possu\u00eda v\u00e1rios dons especiais. Enriquecidos pelo trabalho \u00e1rduo e sofrimento pessoal, traduziram-se atrav\u00e9s de vis\u00f5es contemplativas e fatos prodigiosos, inclusive por gra\u00e7as, que operou em vida. De suas contempla\u00e7\u00f5es, a mais conhecida foi a primeira, que lhe possibilitou presenciar o ju\u00edzo final e que a marcou por toda a vida. Outra bastante divulgada foi a que ocorreu na noite de Natal de 1456. Catarina ficou orando a noite toda e, no fim da madrugada, lhe apareceu Nossa Senhora com o Menino Jesus no colo, que depois passou para os seus bra\u00e7os.<\/p>\n<p>Quanto aos prod\u00edgios, um foi presenciado por todo o convento. Certo dia uma novi\u00e7a feriu-se trabalhando na horta, decepando um dedo do pr\u00f3prio p\u00e9 com a p\u00e1 que manuseava. Ent\u00e3o, Catarina apanhou o dedo amputado, colocou no lugar, rezou com a novi\u00e7a e o dedo voltou a se unir \u00e0 pele. S\u00e3o c\u00e9lebres tamb\u00e9m as gra\u00e7as pelas convers\u00f5es que ela conseguiu.<\/p>\n<p>A fama de sua santidade se propagou ainda em vida entre os fi\u00e9is. Mas logo depois de sua morte no dia 09 de mar\u00e7o de 1463, passou a ser chamada de santa por todos, pelos prod\u00edgios e gra\u00e7as que logo ocorreram no local de sua sepultura. Tanto que dezoito dias depois, seu corpo foi exumado, para ser transladado e a\u00ed se constatou que ele estava incorrupto, male\u00e1vel e exalando um doce perfume.<\/p>\n<p>Desde ent\u00e3o, ela n\u00e3o foi mais sepultada, foi colocada sentada numa cadeira, na capela ao lado do altar mor da igreja do convento Corpus Domini, em Bolonha. E assim permanece at\u00e9 hoje, sem se deteriorar, apesar dos v\u00e1rios s\u00e9culos transcorridos. O culto \u00e0 Santa Catarina Vegri ou da Bolonha foi autorizado em 1712 pelo papa Clemente XI e o dia de sua morte escolhido para sua venera\u00e7\u00e3o lit\u00fargica.<\/p>\n<div id=\"themify_builder_content-8244\" data-postid=\"8244\" class=\"themify_builder_content themify_builder_content-8244 themify_builder themify_builder_front\">\n\t<\/div>\n<!-- \/themify_builder_content -->","protected":false},"excerpt":{"rendered":"<p>9 de Mar\u00e7o Catarina Vegri nasceu no dia 08 de setembro de 1413, na cidade de Bolonha, It\u00e1lia. Seu pai era o estimado juiz Jo\u00e3o de Vegri e trabalhava para a corte local, bem situado socialmente, dispunha de razo\u00e1vel conforto para a fam\u00edlia. Quando a menina completou nove anos de idade, a fam\u00edlia se transferiu [&hellip;]<\/p>\n","protected":false},"author":14,"featured_media":0,"comment_status":"open","ping_status":"open","sticky":false,"template":"","format":"standard","meta":{"ngg_post_thumbnail":0,"footnotes":""},"categories":[186],"tags":[],"yoast_head":"<!-- This site is optimized with the Yoast SEO plugin v23.5 - https:\/\/yoast.com\/wordpress\/plugins\/seo\/ -->\n<title>Santa Catarina (Vegri) da Bolonha - O Arcanjo no ar<\/title>\n<meta name=\"robots\" content=\"index, follow, max-snippet:-1, max-image-preview:large, max-video-preview:-1\" \/>\n<link rel=\"canonical\" href=\"https:\/\/www.oarcanjo.net\/site\/santa-catarina-vegri-da-bolonha\/\" \/>\n<meta property=\"og:locale\" content=\"pt_BR\" \/>\n<meta property=\"og:type\" content=\"article\" \/>\n<meta property=\"og:title\" content=\"Santa Catarina (Vegri) da Bolonha - O Arcanjo no ar\" \/>\n<meta property=\"og:description\" content=\"9 de Mar\u00e7o Catarina Vegri nasceu no dia 08 de setembro de 1413, na cidade de Bolonha, It\u00e1lia. Seu pai era o estimado juiz Jo\u00e3o de Vegri e trabalhava para a corte local, bem situado socialmente, dispunha de razo\u00e1vel conforto para a fam\u00edlia. Quando a menina completou nove anos de idade, a fam\u00edlia se transferiu [&hellip;]\" \/>\n<meta property=\"og:url\" content=\"https:\/\/www.oarcanjo.net\/site\/santa-catarina-vegri-da-bolonha\/\" \/>\n<meta property=\"og:site_name\" content=\"O Arcanjo no ar\" \/>\n<meta property=\"article:publisher\" content=\"https:\/\/www.facebook.com\/OArcanjoNoAr\/\" \/>\n<meta property=\"article:published_time\" content=\"2019-03-09T03:44:55+00:00\" \/>\n<meta property=\"article:modified_time\" content=\"2019-02-20T11:05:49+00:00\" \/>\n<meta property=\"og:image\" content=\"http:\/\/www.oarcanjo.net\/site\/wp-content\/uploads\/Santa-Catarina-de-Bolonha.jpg\" \/>\n<meta name=\"author\" content=\"danilo\" \/>\n<meta name=\"twitter:card\" content=\"summary_large_image\" \/>\n<meta name=\"twitter:label1\" content=\"Escrito por\" \/>\n\t<meta name=\"twitter:data1\" content=\"danilo\" \/>\n\t<meta name=\"twitter:label2\" content=\"Est. tempo de leitura\" \/>\n\t<meta name=\"twitter:data2\" content=\"3 minutos\" \/>\n<script type=\"application\/ld+json\" class=\"yoast-schema-graph\">{\"@context\":\"https:\/\/schema.org\",\"@graph\":[{\"@type\":\"Article\",\"@id\":\"https:\/\/www.oarcanjo.net\/site\/santa-catarina-vegri-da-bolonha\/#article\",\"isPartOf\":{\"@id\":\"https:\/\/www.oarcanjo.net\/site\/santa-catarina-vegri-da-bolonha\/\"},\"author\":{\"name\":\"danilo\",\"@id\":\"https:\/\/www.oarcanjo.net\/site\/#\/schema\/person\/5eb9480bedd2f3c97e430ce128c29c6c\"},\"headline\":\"Santa Catarina (Vegri) da Bolonha\",\"datePublished\":\"2019-03-09T03:44:55+00:00\",\"dateModified\":\"2019-02-20T11:05:49+00:00\",\"mainEntityOfPage\":{\"@id\":\"https:\/\/www.oarcanjo.net\/site\/santa-catarina-vegri-da-bolonha\/\"},\"wordCount\":639,\"commentCount\":0,\"publisher\":{\"@id\":\"https:\/\/www.oarcanjo.net\/site\/#organization\"},\"image\":{\"@id\":\"https:\/\/www.oarcanjo.net\/site\/santa-catarina-vegri-da-bolonha\/#primaryimage\"},\"thumbnailUrl\":\"http:\/\/www.oarcanjo.net\/site\/wp-content\/uploads\/Santa-Catarina-de-Bolonha.jpg\",\"articleSection\":[\"Testemunhos\"],\"inLanguage\":\"pt-BR\",\"potentialAction\":[{\"@type\":\"CommentAction\",\"name\":\"Comment\",\"target\":[\"https:\/\/www.oarcanjo.net\/site\/santa-catarina-vegri-da-bolonha\/#respond\"]}]},{\"@type\":\"WebPage\",\"@id\":\"https:\/\/www.oarcanjo.net\/site\/santa-catarina-vegri-da-bolonha\/\",\"url\":\"https:\/\/www.oarcanjo.net\/site\/santa-catarina-vegri-da-bolonha\/\",\"name\":\"Santa Catarina (Vegri) da Bolonha - O Arcanjo no ar\",\"isPartOf\":{\"@id\":\"https:\/\/www.oarcanjo.net\/site\/#website\"},\"primaryImageOfPage\":{\"@id\":\"https:\/\/www.oarcanjo.net\/site\/santa-catarina-vegri-da-bolonha\/#primaryimage\"},\"image\":{\"@id\":\"https:\/\/www.oarcanjo.net\/site\/santa-catarina-vegri-da-bolonha\/#primaryimage\"},\"thumbnailUrl\":\"http:\/\/www.oarcanjo.net\/site\/wp-content\/uploads\/Santa-Catarina-de-Bolonha.jpg\",\"datePublished\":\"2019-03-09T03:44:55+00:00\",\"dateModified\":\"2019-02-20T11:05:49+00:00\",\"breadcrumb\":{\"@id\":\"https:\/\/www.oarcanjo.net\/site\/santa-catarina-vegri-da-bolonha\/#breadcrumb\"},\"inLanguage\":\"pt-BR\",\"potentialAction\":[{\"@type\":\"ReadAction\",\"target\":[\"https:\/\/www.oarcanjo.net\/site\/santa-catarina-vegri-da-bolonha\/\"]}]},{\"@type\":\"ImageObject\",\"inLanguage\":\"pt-BR\",\"@id\":\"https:\/\/www.oarcanjo.net\/site\/santa-catarina-vegri-da-bolonha\/#primaryimage\",\"url\":\"https:\/\/www.oarcanjo.net\/site\/wp-content\/uploads\/Santa-Catarina-de-Bolonha.jpg\",\"contentUrl\":\"https:\/\/www.oarcanjo.net\/site\/wp-content\/uploads\/Santa-Catarina-de-Bolonha.jpg\",\"width\":240,\"height\":300,\"caption\":\"Santa Catarina (Vegri) da Bolonha\"},{\"@type\":\"BreadcrumbList\",\"@id\":\"https:\/\/www.oarcanjo.net\/site\/santa-catarina-vegri-da-bolonha\/#breadcrumb\",\"itemListElement\":[{\"@type\":\"ListItem\",\"position\":1,\"name\":\"In\u00edcio\",\"item\":\"https:\/\/www.oarcanjo.net\/site\/\"},{\"@type\":\"ListItem\",\"position\":2,\"name\":\"Santa Catarina (Vegri) da Bolonha\"}]},{\"@type\":\"WebSite\",\"@id\":\"https:\/\/www.oarcanjo.net\/site\/#website\",\"url\":\"https:\/\/www.oarcanjo.net\/site\/\",\"name\":\"O Arcanjo no ar\",\"description\":\"Site da Par\u00f3quia S\u00e3o Miguel Arcanjo (Arquidiocese de SP)\",\"publisher\":{\"@id\":\"https:\/\/www.oarcanjo.net\/site\/#organization\"},\"potentialAction\":[{\"@type\":\"SearchAction\",\"target\":{\"@type\":\"EntryPoint\",\"urlTemplate\":\"https:\/\/www.oarcanjo.net\/site\/?s={search_term_string}\"},\"query-input\":{\"@type\":\"PropertyValueSpecification\",\"valueRequired\":true,\"valueName\":\"search_term_string\"}}],\"inLanguage\":\"pt-BR\"},{\"@type\":\"Organization\",\"@id\":\"https:\/\/www.oarcanjo.net\/site\/#organization\",\"name\":\"Par\u00f3quia S\u00e3o Miguel Arcanjo\",\"url\":\"https:\/\/www.oarcanjo.net\/site\/\",\"logo\":{\"@type\":\"ImageObject\",\"inLanguage\":\"pt-BR\",\"@id\":\"https:\/\/www.oarcanjo.net\/site\/#\/schema\/logo\/image\/\",\"url\":\"https:\/\/www.oarcanjo.net\/site\/wp-content\/uploads\/LogoOArcanjo.png\",\"contentUrl\":\"https:\/\/www.oarcanjo.net\/site\/wp-content\/uploads\/LogoOArcanjo.png\",\"width\":319,\"height\":99,\"caption\":\"Par\u00f3quia S\u00e3o Miguel Arcanjo\"},\"image\":{\"@id\":\"https:\/\/www.oarcanjo.net\/site\/#\/schema\/logo\/image\/\"},\"sameAs\":[\"https:\/\/www.facebook.com\/OArcanjoNoAr\/\"]},{\"@type\":\"Person\",\"@id\":\"https:\/\/www.oarcanjo.net\/site\/#\/schema\/person\/5eb9480bedd2f3c97e430ce128c29c6c\",\"name\":\"danilo\"}]}<\/script>\n<!-- \/ Yoast SEO plugin. -->","yoast_head_json":{"title":"Santa Catarina (Vegri) da Bolonha - O Arcanjo no ar","robots":{"index":"index","follow":"follow","max-snippet":"max-snippet:-1","max-image-preview":"max-image-preview:large","max-video-preview":"max-video-preview:-1"},"canonical":"https:\/\/www.oarcanjo.net\/site\/santa-catarina-vegri-da-bolonha\/","og_locale":"pt_BR","og_type":"article","og_title":"Santa Catarina (Vegri) da Bolonha - O Arcanjo no ar","og_description":"9 de Mar\u00e7o Catarina Vegri nasceu no dia 08 de setembro de 1413, na cidade de Bolonha, It\u00e1lia. Seu pai era o estimado juiz Jo\u00e3o de Vegri e trabalhava para a corte local, bem situado socialmente, dispunha de razo\u00e1vel conforto para a fam\u00edlia. Quando a menina completou nove anos de idade, a fam\u00edlia se transferiu [&hellip;]","og_url":"https:\/\/www.oarcanjo.net\/site\/santa-catarina-vegri-da-bolonha\/","og_site_name":"O Arcanjo no ar","article_publisher":"https:\/\/www.facebook.com\/OArcanjoNoAr\/","article_published_time":"2019-03-09T03:44:55+00:00","article_modified_time":"2019-02-20T11:05:49+00:00","og_image":[{"url":"http:\/\/www.oarcanjo.net\/site\/wp-content\/uploads\/Santa-Catarina-de-Bolonha.jpg"}],"author":"danilo","twitter_card":"summary_large_image","twitter_misc":{"Escrito por":"danilo","Est. tempo de leitura":"3 minutos"},"schema":{"@context":"https:\/\/schema.org","@graph":[{"@type":"Article","@id":"https:\/\/www.oarcanjo.net\/site\/santa-catarina-vegri-da-bolonha\/#article","isPartOf":{"@id":"https:\/\/www.oarcanjo.net\/site\/santa-catarina-vegri-da-bolonha\/"},"author":{"name":"danilo","@id":"https:\/\/www.oarcanjo.net\/site\/#\/schema\/person\/5eb9480bedd2f3c97e430ce128c29c6c"},"headline":"Santa Catarina (Vegri) da Bolonha","datePublished":"2019-03-09T03:44:55+00:00","dateModified":"2019-02-20T11:05:49+00:00","mainEntityOfPage":{"@id":"https:\/\/www.oarcanjo.net\/site\/santa-catarina-vegri-da-bolonha\/"},"wordCount":639,"commentCount":0,"publisher":{"@id":"https:\/\/www.oarcanjo.net\/site\/#organization"},"image":{"@id":"https:\/\/www.oarcanjo.net\/site\/santa-catarina-vegri-da-bolonha\/#primaryimage"},"thumbnailUrl":"http:\/\/www.oarcanjo.net\/site\/wp-content\/uploads\/Santa-Catarina-de-Bolonha.jpg","articleSection":["Testemunhos"],"inLanguage":"pt-BR","potentialAction":[{"@type":"CommentAction","name":"Comment","target":["https:\/\/www.oarcanjo.net\/site\/santa-catarina-vegri-da-bolonha\/#respond"]}]},{"@type":"WebPage","@id":"https:\/\/www.oarcanjo.net\/site\/santa-catarina-vegri-da-bolonha\/","url":"https:\/\/www.oarcanjo.net\/site\/santa-catarina-vegri-da-bolonha\/","name":"Santa Catarina (Vegri) da Bolonha - O Arcanjo no ar","isPartOf":{"@id":"https:\/\/www.oarcanjo.net\/site\/#website"},"primaryImageOfPage":{"@id":"https:\/\/www.oarcanjo.net\/site\/santa-catarina-vegri-da-bolonha\/#primaryimage"},"image":{"@id":"https:\/\/www.oarcanjo.net\/site\/santa-catarina-vegri-da-bolonha\/#primaryimage"},"thumbnailUrl":"http:\/\/www.oarcanjo.net\/site\/wp-content\/uploads\/Santa-Catarina-de-Bolonha.jpg","datePublished":"2019-03-09T03:44:55+00:00","dateModified":"2019-02-20T11:05:49+00:00","breadcrumb":{"@id":"https:\/\/www.oarcanjo.net\/site\/santa-catarina-vegri-da-bolonha\/#breadcrumb"},"inLanguage":"pt-BR","potentialAction":[{"@type":"ReadAction","target":["https:\/\/www.oarcanjo.net\/site\/santa-catarina-vegri-da-bolonha\/"]}]},{"@type":"ImageObject","inLanguage":"pt-BR","@id":"https:\/\/www.oarcanjo.net\/site\/santa-catarina-vegri-da-bolonha\/#primaryimage","url":"https:\/\/www.oarcanjo.net\/site\/wp-content\/uploads\/Santa-Catarina-de-Bolonha.jpg","contentUrl":"https:\/\/www.oarcanjo.net\/site\/wp-content\/uploads\/Santa-Catarina-de-Bolonha.jpg","width":240,"height":300,"caption":"Santa Catarina (Vegri) da Bolonha"},{"@type":"BreadcrumbList","@id":"https:\/\/www.oarcanjo.net\/site\/santa-catarina-vegri-da-bolonha\/#breadcrumb","itemListElement":[{"@type":"ListItem","position":1,"name":"In\u00edcio","item":"https:\/\/www.oarcanjo.net\/site\/"},{"@type":"ListItem","position":2,"name":"Santa Catarina (Vegri) da Bolonha"}]},{"@type":"WebSite","@id":"https:\/\/www.oarcanjo.net\/site\/#website","url":"https:\/\/www.oarcanjo.net\/site\/","name":"O Arcanjo no ar","description":"Site da Par\u00f3quia S\u00e3o Miguel Arcanjo (Arquidiocese de SP)","publisher":{"@id":"https:\/\/www.oarcanjo.net\/site\/#organization"},"potentialAction":[{"@type":"SearchAction","target":{"@type":"EntryPoint","urlTemplate":"https:\/\/www.oarcanjo.net\/site\/?s={search_term_string}"},"query-input":{"@type":"PropertyValueSpecification","valueRequired":true,"valueName":"search_term_string"}}],"inLanguage":"pt-BR"},{"@type":"Organization","@id":"https:\/\/www.oarcanjo.net\/site\/#organization","name":"Par\u00f3quia S\u00e3o Miguel Arcanjo","url":"https:\/\/www.oarcanjo.net\/site\/","logo":{"@type":"ImageObject","inLanguage":"pt-BR","@id":"https:\/\/www.oarcanjo.net\/site\/#\/schema\/logo\/image\/","url":"https:\/\/www.oarcanjo.net\/site\/wp-content\/uploads\/LogoOArcanjo.png","contentUrl":"https:\/\/www.oarcanjo.net\/site\/wp-content\/uploads\/LogoOArcanjo.png","width":319,"height":99,"caption":"Par\u00f3quia S\u00e3o Miguel Arcanjo"},"image":{"@id":"https:\/\/www.oarcanjo.net\/site\/#\/schema\/logo\/image\/"},"sameAs":["https:\/\/www.facebook.com\/OArcanjoNoAr\/"]},{"@type":"Person","@id":"https:\/\/www.oarcanjo.net\/site\/#\/schema\/person\/5eb9480bedd2f3c97e430ce128c29c6c","name":"danilo"}]}},"publishpress_future_action":{"enabled":false,"date":"2026-05-07 22:27:29","action":"category","newStatus":"draft","terms":[],"taxonomy":"category"},"publishpress_future_workflow_manual_trigger":{"enabledWorkflows":[]},"_links":{"self":[{"href":"https:\/\/www.oarcanjo.net\/site\/wp-json\/wp\/v2\/posts\/8244"}],"collection":[{"href":"https:\/\/www.oarcanjo.net\/site\/wp-json\/wp\/v2\/posts"}],"about":[{"href":"https:\/\/www.oarcanjo.net\/site\/wp-json\/wp\/v2\/types\/post"}],"author":[{"embeddable":true,"href":"https:\/\/www.oarcanjo.net\/site\/wp-json\/wp\/v2\/users\/14"}],"replies":[{"embeddable":true,"href":"https:\/\/www.oarcanjo.net\/site\/wp-json\/wp\/v2\/comments?post=8244"}],"version-history":[{"count":1,"href":"https:\/\/www.oarcanjo.net\/site\/wp-json\/wp\/v2\/posts\/8244\/revisions"}],"predecessor-version":[{"id":92967,"href":"https:\/\/www.oarcanjo.net\/site\/wp-json\/wp\/v2\/posts\/8244\/revisions\/92967"}],"wp:attachment":[{"href":"https:\/\/www.oarcanjo.net\/site\/wp-json\/wp\/v2\/media?parent=8244"}],"wp:term":[{"taxonomy":"category","embeddable":true,"href":"https:\/\/www.oarcanjo.net\/site\/wp-json\/wp\/v2\/categories?post=8244"},{"taxonomy":"post_tag","embeddable":true,"href":"https:\/\/www.oarcanjo.net\/site\/wp-json\/wp\/v2\/tags?post=8244"}],"curies":[{"name":"wp","href":"https:\/\/api.w.org\/{rel}","templated":true}]}}