
{"id":82481,"date":"2017-06-18T23:57:58","date_gmt":"2017-06-19T02:57:58","guid":{"rendered":"http:\/\/www.oarcanjo.net\/site\/?p=82481"},"modified":"2017-06-18T23:57:58","modified_gmt":"2017-06-19T02:57:58","slug":"corpus-christi-procissao-2017","status":"publish","type":"post","link":"https:\/\/www.oarcanjo.net\/site\/corpus-christi-procissao-2017\/","title":{"rendered":"Corpus Christi &#8211; prociss\u00e3o 2017"},"content":{"rendered":"<p>A Comunidade S\u00e3o Miguel Arcanjo saiu em prociss\u00e3o pelas ruas do bairro, na tarde deste dia 15\/06\/2017, acompanhando o Senhor Sacramentado. Pe Julio realizou a celebra\u00e7\u00e3o eucar\u00edstica na Capela da Universidade S\u00e3o Judas Tadeu no hor\u00e1rio tradicional das 15hs. A comunidade, ent\u00e3o, saiu em prociss\u00e3o, sendo que o mesmo PE Julio carregou o hostens\u00f3rio e, chegando no Conjunto Residencial do IAPI, passou sobre o tapete delicadamente preparado pelos moradores daquela localidade. Tamb\u00e9m havia um altar e p\u00e3es, que foram aben\u00e7oados e partilhados. Ora\u00e7\u00f5es, cantos, a prociss\u00e3o seguiu pelas ruas chegando at\u00e9 a casa da fam\u00edlia Fabretti, recebida com fogos e onde novamente um bonito altar recebeu o Senhor na h\u00f3stia consagrada. Mais partilha de p\u00e3es e as ora\u00e7\u00f5es. Noite chegando e o povo caminhou em ora\u00e7\u00e3o e com os cantos tradicionais. A caminhada de f\u00e9 foi encerrada na Igreja S\u00e3o Miguel Arcanjo.<\/p>\n<p>Vejam as fotos<\/p>\nngg_shortcode_0_placeholder\n<p>Mais fotos<\/p>\nngg_shortcode_1_placeholder\n<p>Olhem as fotos da prepara\u00e7\u00e3o do bonito tapete na Rua do Residencial IAPI.<\/p>\nngg_shortcode_2_placeholder\n<div id=\"themify_builder_content-82481\" data-postid=\"82481\" class=\"themify_builder_content themify_builder_content-82481 themify_builder themify_builder_front\">\n\t<\/div>\n<!-- \/themify_builder_content -->","protected":false},"excerpt":{"rendered":"<p>A Comunidade S\u00e3o Miguel Arcanjo saiu em prociss\u00e3o pelas ruas do bairro, na tarde deste dia 15\/06\/2017, acompanhando o Senhor Sacramentado. Pe Julio realizou a celebra\u00e7\u00e3o eucar\u00edstica na Capela da Universidade S\u00e3o Judas Tadeu no hor\u00e1rio tradicional das 15hs. A comunidade, ent\u00e3o, saiu em prociss\u00e3o, sendo que o mesmo PE Julio carregou o hostens\u00f3rio e, [&hellip;]<\/p>\n","protected":false},"author":10,"featured_media":0,"comment_status":"open","ping_status":"open","sticky":false,"template":"","format":"standard","meta":{"ngg_post_thumbnail":0,"footnotes":""},"categories":[7],"tags":[],"yoast_head":"<!-- This site is optimized with the Yoast SEO plugin v23.5 - https:\/\/yoast.com\/wordpress\/plugins\/seo\/ -->\n<title>Corpus Christi - prociss\u00e3o 2017 - O Arcanjo no ar<\/title>\n<meta name=\"robots\" content=\"index, follow, max-snippet:-1, max-image-preview:large, max-video-preview:-1\" \/>\n<link rel=\"canonical\" href=\"https:\/\/www.oarcanjo.net\/site\/corpus-christi-procissao-2017\/\" \/>\n<meta property=\"og:locale\" content=\"pt_BR\" \/>\n<meta property=\"og:type\" content=\"article\" \/>\n<meta property=\"og:title\" content=\"Corpus Christi - prociss\u00e3o 2017 - O Arcanjo no ar\" \/>\n<meta property=\"og:description\" content=\"A Comunidade S\u00e3o Miguel Arcanjo saiu em prociss\u00e3o pelas ruas do bairro, na tarde deste dia 15\/06\/2017, acompanhando o Senhor Sacramentado. Pe Julio realizou a celebra\u00e7\u00e3o eucar\u00edstica na Capela da Universidade S\u00e3o Judas Tadeu no hor\u00e1rio tradicional das 15hs. A comunidade, ent\u00e3o, saiu em prociss\u00e3o, sendo que o mesmo PE Julio carregou o hostens\u00f3rio e, [&hellip;]\" \/>\n<meta property=\"og:url\" content=\"https:\/\/www.oarcanjo.net\/site\/corpus-christi-procissao-2017\/\" \/>\n<meta property=\"og:site_name\" content=\"O Arcanjo no ar\" \/>\n<meta property=\"article:publisher\" content=\"https:\/\/www.facebook.com\/OArcanjoNoAr\/\" \/>\n<meta property=\"article:published_time\" content=\"2017-06-19T02:57:58+00:00\" \/>\n<meta property=\"og:image\" content=\"https:\/\/www.oarcanjo.net\/site\/wp-content\/uploads\/logo-o-arcanjo-no-ar-facebook.png\" \/>\n\t<meta property=\"og:image:width\" content=\"300\" \/>\n\t<meta property=\"og:image:height\" content=\"300\" \/>\n\t<meta property=\"og:image:type\" content=\"image\/png\" \/>\n<meta name=\"author\" content=\"carlos\" \/>\n<meta name=\"twitter:card\" content=\"summary_large_image\" \/>\n<meta name=\"twitter:label1\" content=\"Escrito por\" \/>\n\t<meta name=\"twitter:data1\" content=\"carlos\" \/>\n\t<meta name=\"twitter:label2\" content=\"Est. tempo de leitura\" \/>\n\t<meta name=\"twitter:data2\" content=\"1 minuto\" \/>\n<script type=\"application\/ld+json\" class=\"yoast-schema-graph\">{\"@context\":\"https:\/\/schema.org\",\"@graph\":[{\"@type\":\"Article\",\"@id\":\"https:\/\/www.oarcanjo.net\/site\/corpus-christi-procissao-2017\/#article\",\"isPartOf\":{\"@id\":\"https:\/\/www.oarcanjo.net\/site\/corpus-christi-procissao-2017\/\"},\"author\":{\"name\":\"carlos\",\"@id\":\"https:\/\/www.oarcanjo.net\/site\/#\/schema\/person\/f7870e710d8c8c30673de3a0ac2e451d\"},\"headline\":\"Corpus Christi &#8211; prociss\u00e3o 2017\",\"datePublished\":\"2017-06-19T02:57:58+00:00\",\"dateModified\":\"2017-06-19T02:57:58+00:00\",\"mainEntityOfPage\":{\"@id\":\"https:\/\/www.oarcanjo.net\/site\/corpus-christi-procissao-2017\/\"},\"wordCount\":191,\"commentCount\":0,\"publisher\":{\"@id\":\"https:\/\/www.oarcanjo.net\/site\/#organization\"},\"articleSection\":[\"Rosto da comunidade\"],\"inLanguage\":\"pt-BR\",\"potentialAction\":[{\"@type\":\"CommentAction\",\"name\":\"Comment\",\"target\":[\"https:\/\/www.oarcanjo.net\/site\/corpus-christi-procissao-2017\/#respond\"]}]},{\"@type\":\"WebPage\",\"@id\":\"https:\/\/www.oarcanjo.net\/site\/corpus-christi-procissao-2017\/\",\"url\":\"https:\/\/www.oarcanjo.net\/site\/corpus-christi-procissao-2017\/\",\"name\":\"Corpus Christi - prociss\u00e3o 2017 - O Arcanjo no ar\",\"isPartOf\":{\"@id\":\"https:\/\/www.oarcanjo.net\/site\/#website\"},\"datePublished\":\"2017-06-19T02:57:58+00:00\",\"dateModified\":\"2017-06-19T02:57:58+00:00\",\"breadcrumb\":{\"@id\":\"https:\/\/www.oarcanjo.net\/site\/corpus-christi-procissao-2017\/#breadcrumb\"},\"inLanguage\":\"pt-BR\",\"potentialAction\":[{\"@type\":\"ReadAction\",\"target\":[\"https:\/\/www.oarcanjo.net\/site\/corpus-christi-procissao-2017\/\"]}]},{\"@type\":\"BreadcrumbList\",\"@id\":\"https:\/\/www.oarcanjo.net\/site\/corpus-christi-procissao-2017\/#breadcrumb\",\"itemListElement\":[{\"@type\":\"ListItem\",\"position\":1,\"name\":\"In\u00edcio\",\"item\":\"https:\/\/www.oarcanjo.net\/site\/\"},{\"@type\":\"ListItem\",\"position\":2,\"name\":\"Corpus Christi &#8211; prociss\u00e3o 2017\"}]},{\"@type\":\"WebSite\",\"@id\":\"https:\/\/www.oarcanjo.net\/site\/#website\",\"url\":\"https:\/\/www.oarcanjo.net\/site\/\",\"name\":\"O Arcanjo no ar\",\"description\":\"Site da Par\u00f3quia S\u00e3o Miguel Arcanjo (Arquidiocese de SP)\",\"publisher\":{\"@id\":\"https:\/\/www.oarcanjo.net\/site\/#organization\"},\"potentialAction\":[{\"@type\":\"SearchAction\",\"target\":{\"@type\":\"EntryPoint\",\"urlTemplate\":\"https:\/\/www.oarcanjo.net\/site\/?s={search_term_string}\"},\"query-input\":{\"@type\":\"PropertyValueSpecification\",\"valueRequired\":true,\"valueName\":\"search_term_string\"}}],\"inLanguage\":\"pt-BR\"},{\"@type\":\"Organization\",\"@id\":\"https:\/\/www.oarcanjo.net\/site\/#organization\",\"name\":\"Par\u00f3quia S\u00e3o Miguel Arcanjo\",\"url\":\"https:\/\/www.oarcanjo.net\/site\/\",\"logo\":{\"@type\":\"ImageObject\",\"inLanguage\":\"pt-BR\",\"@id\":\"https:\/\/www.oarcanjo.net\/site\/#\/schema\/logo\/image\/\",\"url\":\"https:\/\/www.oarcanjo.net\/site\/wp-content\/uploads\/LogoOArcanjo.png\",\"contentUrl\":\"https:\/\/www.oarcanjo.net\/site\/wp-content\/uploads\/LogoOArcanjo.png\",\"width\":319,\"height\":99,\"caption\":\"Par\u00f3quia S\u00e3o Miguel Arcanjo\"},\"image\":{\"@id\":\"https:\/\/www.oarcanjo.net\/site\/#\/schema\/logo\/image\/\"},\"sameAs\":[\"https:\/\/www.facebook.com\/OArcanjoNoAr\/\"]},{\"@type\":\"Person\",\"@id\":\"https:\/\/www.oarcanjo.net\/site\/#\/schema\/person\/f7870e710d8c8c30673de3a0ac2e451d\",\"name\":\"carlos\"}]}<\/script>\n<!-- \/ Yoast SEO plugin. -->","yoast_head_json":{"title":"Corpus Christi - prociss\u00e3o 2017 - O Arcanjo no ar","robots":{"index":"index","follow":"follow","max-snippet":"max-snippet:-1","max-image-preview":"max-image-preview:large","max-video-preview":"max-video-preview:-1"},"canonical":"https:\/\/www.oarcanjo.net\/site\/corpus-christi-procissao-2017\/","og_locale":"pt_BR","og_type":"article","og_title":"Corpus Christi - prociss\u00e3o 2017 - O Arcanjo no ar","og_description":"A Comunidade S\u00e3o Miguel Arcanjo saiu em prociss\u00e3o pelas ruas do bairro, na tarde deste dia 15\/06\/2017, acompanhando o Senhor Sacramentado. Pe Julio realizou a celebra\u00e7\u00e3o eucar\u00edstica na Capela da Universidade S\u00e3o Judas Tadeu no hor\u00e1rio tradicional das 15hs. A comunidade, ent\u00e3o, saiu em prociss\u00e3o, sendo que o mesmo PE Julio carregou o hostens\u00f3rio e, [&hellip;]","og_url":"https:\/\/www.oarcanjo.net\/site\/corpus-christi-procissao-2017\/","og_site_name":"O Arcanjo no ar","article_publisher":"https:\/\/www.facebook.com\/OArcanjoNoAr\/","article_published_time":"2017-06-19T02:57:58+00:00","og_image":[{"width":300,"height":300,"url":"https:\/\/www.oarcanjo.net\/site\/wp-content\/uploads\/logo-o-arcanjo-no-ar-facebook.png","type":"image\/png"}],"author":"carlos","twitter_card":"summary_large_image","twitter_misc":{"Escrito por":"carlos","Est. tempo de leitura":"1 minuto"},"schema":{"@context":"https:\/\/schema.org","@graph":[{"@type":"Article","@id":"https:\/\/www.oarcanjo.net\/site\/corpus-christi-procissao-2017\/#article","isPartOf":{"@id":"https:\/\/www.oarcanjo.net\/site\/corpus-christi-procissao-2017\/"},"author":{"name":"carlos","@id":"https:\/\/www.oarcanjo.net\/site\/#\/schema\/person\/f7870e710d8c8c30673de3a0ac2e451d"},"headline":"Corpus Christi &#8211; prociss\u00e3o 2017","datePublished":"2017-06-19T02:57:58+00:00","dateModified":"2017-06-19T02:57:58+00:00","mainEntityOfPage":{"@id":"https:\/\/www.oarcanjo.net\/site\/corpus-christi-procissao-2017\/"},"wordCount":191,"commentCount":0,"publisher":{"@id":"https:\/\/www.oarcanjo.net\/site\/#organization"},"articleSection":["Rosto da comunidade"],"inLanguage":"pt-BR","potentialAction":[{"@type":"CommentAction","name":"Comment","target":["https:\/\/www.oarcanjo.net\/site\/corpus-christi-procissao-2017\/#respond"]}]},{"@type":"WebPage","@id":"https:\/\/www.oarcanjo.net\/site\/corpus-christi-procissao-2017\/","url":"https:\/\/www.oarcanjo.net\/site\/corpus-christi-procissao-2017\/","name":"Corpus Christi - prociss\u00e3o 2017 - O Arcanjo no ar","isPartOf":{"@id":"https:\/\/www.oarcanjo.net\/site\/#website"},"datePublished":"2017-06-19T02:57:58+00:00","dateModified":"2017-06-19T02:57:58+00:00","breadcrumb":{"@id":"https:\/\/www.oarcanjo.net\/site\/corpus-christi-procissao-2017\/#breadcrumb"},"inLanguage":"pt-BR","potentialAction":[{"@type":"ReadAction","target":["https:\/\/www.oarcanjo.net\/site\/corpus-christi-procissao-2017\/"]}]},{"@type":"BreadcrumbList","@id":"https:\/\/www.oarcanjo.net\/site\/corpus-christi-procissao-2017\/#breadcrumb","itemListElement":[{"@type":"ListItem","position":1,"name":"In\u00edcio","item":"https:\/\/www.oarcanjo.net\/site\/"},{"@type":"ListItem","position":2,"name":"Corpus Christi &#8211; prociss\u00e3o 2017"}]},{"@type":"WebSite","@id":"https:\/\/www.oarcanjo.net\/site\/#website","url":"https:\/\/www.oarcanjo.net\/site\/","name":"O Arcanjo no ar","description":"Site da Par\u00f3quia S\u00e3o Miguel Arcanjo (Arquidiocese de SP)","publisher":{"@id":"https:\/\/www.oarcanjo.net\/site\/#organization"},"potentialAction":[{"@type":"SearchAction","target":{"@type":"EntryPoint","urlTemplate":"https:\/\/www.oarcanjo.net\/site\/?s={search_term_string}"},"query-input":{"@type":"PropertyValueSpecification","valueRequired":true,"valueName":"search_term_string"}}],"inLanguage":"pt-BR"},{"@type":"Organization","@id":"https:\/\/www.oarcanjo.net\/site\/#organization","name":"Par\u00f3quia S\u00e3o Miguel Arcanjo","url":"https:\/\/www.oarcanjo.net\/site\/","logo":{"@type":"ImageObject","inLanguage":"pt-BR","@id":"https:\/\/www.oarcanjo.net\/site\/#\/schema\/logo\/image\/","url":"https:\/\/www.oarcanjo.net\/site\/wp-content\/uploads\/LogoOArcanjo.png","contentUrl":"https:\/\/www.oarcanjo.net\/site\/wp-content\/uploads\/LogoOArcanjo.png","width":319,"height":99,"caption":"Par\u00f3quia S\u00e3o Miguel Arcanjo"},"image":{"@id":"https:\/\/www.oarcanjo.net\/site\/#\/schema\/logo\/image\/"},"sameAs":["https:\/\/www.facebook.com\/OArcanjoNoAr\/"]},{"@type":"Person","@id":"https:\/\/www.oarcanjo.net\/site\/#\/schema\/person\/f7870e710d8c8c30673de3a0ac2e451d","name":"carlos"}]}},"publishpress_future_action":{"enabled":false,"date":"2026-05-06 13:17:21","action":"category","newStatus":"draft","terms":[],"taxonomy":"category"},"publishpress_future_workflow_manual_trigger":{"enabledWorkflows":[]},"_links":{"self":[{"href":"https:\/\/www.oarcanjo.net\/site\/wp-json\/wp\/v2\/posts\/82481"}],"collection":[{"href":"https:\/\/www.oarcanjo.net\/site\/wp-json\/wp\/v2\/posts"}],"about":[{"href":"https:\/\/www.oarcanjo.net\/site\/wp-json\/wp\/v2\/types\/post"}],"author":[{"embeddable":true,"href":"https:\/\/www.oarcanjo.net\/site\/wp-json\/wp\/v2\/users\/10"}],"replies":[{"embeddable":true,"href":"https:\/\/www.oarcanjo.net\/site\/wp-json\/wp\/v2\/comments?post=82481"}],"version-history":[{"count":0,"href":"https:\/\/www.oarcanjo.net\/site\/wp-json\/wp\/v2\/posts\/82481\/revisions"}],"wp:attachment":[{"href":"https:\/\/www.oarcanjo.net\/site\/wp-json\/wp\/v2\/media?parent=82481"}],"wp:term":[{"taxonomy":"category","embeddable":true,"href":"https:\/\/www.oarcanjo.net\/site\/wp-json\/wp\/v2\/categories?post=82481"},{"taxonomy":"post_tag","embeddable":true,"href":"https:\/\/www.oarcanjo.net\/site\/wp-json\/wp\/v2\/tags?post=82481"}],"curies":[{"name":"wp","href":"https:\/\/api.w.org\/{rel}","templated":true}]}}