
{"id":8252,"date":"2019-03-10T00:34:49","date_gmt":"2019-03-10T03:34:49","guid":{"rendered":"http:\/\/www.oarcanjo.net\/site\/?p=8252"},"modified":"2019-02-20T08:05:56","modified_gmt":"2019-02-20T11:05:56","slug":"os-quarenta-santos-martires-de-sebaste","status":"publish","type":"post","link":"https:\/\/www.oarcanjo.net\/site\/os-quarenta-santos-martires-de-sebaste\/","title":{"rendered":"Os quarenta santos m\u00e1rtires de Sebaste"},"content":{"rendered":"<p><img loading=\"lazy\" decoding=\"async\" class=\"alignnone size-full wp-image-69458\" src=\"http:\/\/www.oarcanjo.net\/site\/wp-content\/uploads\/Os-Quarenta-Santos-Martires-de-Sebaste.jpg\" alt=\"Os quarenta santos m\u00e1rtires de Sebaste\" width=\"250\" height=\"347\" srcset=\"https:\/\/www.oarcanjo.net\/site\/wp-content\/uploads\/Os-Quarenta-Santos-Martires-de-Sebaste.jpg 250w, https:\/\/www.oarcanjo.net\/site\/wp-content\/uploads\/Os-Quarenta-Santos-Martires-de-Sebaste-216x300.jpg 216w\" sizes=\"(max-width: 250px) 100vw, 250px\" \/><\/p>\n<p>10 de Mar\u00e7o<\/p>\n<p>O mart\u00edrio dos quarenta legion\u00e1rios ocorreu no ano 320, em Sebaste, na Arm\u00eania. Nessa \u00e9poca foi publicada na cidade uma ordem do governador Lic\u00ednio, grande inimigo dos crist\u00e3os, afirmando que todos aqueles que n\u00e3o oferecessem sacrif\u00edcios aos deuses pag\u00e3os seriam punidos com a morte. Contudo se apresentou diante da autoridade uma legi\u00e3o inteira de soldados, afirmando serem crist\u00e3os e recusando-se a queimar incenso ou sacrificar animais. Para testar at\u00e9 onde ia a coragem dos soldados, o prefeito local mandou que fossem presos e flagelados com correntes e ferros pontudos.<\/p>\n<p>De nada adiantou o castigo, pois os quarenta se mantiveram firmes em sua f\u00e9. O comandante os procurou ent\u00e3o, dizendo que n\u00e3o queria perder seus mais valorosos soldados, pedindo que renegassem sua f\u00e9. Tamb\u00e9m de nada adiantou e os legion\u00e1rios foram condenados a uma morte lenta e extremamente dolorosa. Foram colocados, nus, num tanque de gelo, sob a guarda de uma sentinela. A regi\u00e3o atravessava temperaturas muito baixas, de frio intenso. Ao lado havia uma sala com banhos quentes, roupas e comida para quem decidisse salvar a vida. Mas eles preferiram salvar a alma e ningu\u00e9m se rendeu durante tr\u00eas dias e tr\u00eas noites.<\/p>\n<p>Foi na terceira e \u00faltima noite que aconteceram fatos prodigiosos e plenos de gra\u00e7a. No meio da g\u00e9lida madrugada, o sentinela viu uma multid\u00e3o de anjos descer dos c\u00e9us e confortar os soldados. Isto \u00e9, confortar trinta e nove deles, pois um \u00fanico legion\u00e1rio desistira de enfrentar o frio e se dirigira \u00e0 sala de banhos. Morreu assim que tocou na \u00e1gua quente. Por outro lado, o sentinela que assistira \u00e0 chegada dos anjos se arrependeu de estar escondendo sua condi\u00e7\u00e3o religiosa, jogou longe as armas, ajoelhou-se, confessou ser crist\u00e3o tirando as roupas e se juntou aos demais. Morreram quase todos congelados.<\/p>\n<p>Apenas um deles, bastante jovem, ainda vivia quando os corpos foram recolhidos e levados para crema\u00e7\u00e3o. A m\u00e3e desse jovem soldado, sabendo do que sentia o filho, apanhou-o no colo e seguiu as carro\u00e7as com os cad\u00e1veres. O legion\u00e1rio morreu em seus bra\u00e7os e teve o corpo cremado junto com os companheiros.<\/p>\n<p>Eles escreveram na pris\u00e3o uma carta coletiva, que ainda hoje se conserva nos arquivos da Igreja e que cita os nomes de todos. Eis todos os m\u00e1rtires: Ac\u00e1cio, A\u00e9cio, Alexandre, Angias, Atan\u00e1sio, Caio, C\u00e2ndido, Ch\u00fadio, Cl\u00e1udio, Cirilo, Domiciano, Domno, Ed\u00e9lcion, Euvico, Eutichio, Fl\u00e1vio, Gorg\u00f4nio, Heliano, Helias, Her\u00e1clio, Hesichio, Jo\u00e3o, Bibiano, Le\u00f4ncio, Lisimacho, Milit\u00e3o, Nicolau, Filoctim\u00e3o, Prisco, Quiri\u00e3o, Sacerd\u00e3o, Severiano, Sis\u00ednio, Smaragdo, Te\u00f3dulo, Te\u00f3filo, Valente, Val\u00e9rio, Vibiano e Xanteas.<\/p>\n<div id=\"themify_builder_content-8252\" data-postid=\"8252\" class=\"themify_builder_content themify_builder_content-8252 themify_builder themify_builder_front\">\n\t<\/div>\n<!-- \/themify_builder_content -->","protected":false},"excerpt":{"rendered":"<p>10 de Mar\u00e7o O mart\u00edrio dos quarenta legion\u00e1rios ocorreu no ano 320, em Sebaste, na Arm\u00eania. Nessa \u00e9poca foi publicada na cidade uma ordem do governador Lic\u00ednio, grande inimigo dos crist\u00e3os, afirmando que todos aqueles que n\u00e3o oferecessem sacrif\u00edcios aos deuses pag\u00e3os seriam punidos com a morte. Contudo se apresentou diante da autoridade uma legi\u00e3o [&hellip;]<\/p>\n","protected":false},"author":14,"featured_media":0,"comment_status":"open","ping_status":"open","sticky":false,"template":"","format":"standard","meta":{"ngg_post_thumbnail":0,"footnotes":""},"categories":[186],"tags":[],"yoast_head":"<!-- This site is optimized with the Yoast SEO plugin v23.5 - https:\/\/yoast.com\/wordpress\/plugins\/seo\/ -->\n<title>Os quarenta santos m\u00e1rtires de Sebaste - O Arcanjo no ar<\/title>\n<meta name=\"robots\" content=\"index, follow, max-snippet:-1, max-image-preview:large, max-video-preview:-1\" \/>\n<link rel=\"canonical\" href=\"https:\/\/www.oarcanjo.net\/site\/os-quarenta-santos-martires-de-sebaste\/\" \/>\n<meta property=\"og:locale\" content=\"pt_BR\" \/>\n<meta property=\"og:type\" content=\"article\" \/>\n<meta property=\"og:title\" content=\"Os quarenta santos m\u00e1rtires de Sebaste - O Arcanjo no ar\" \/>\n<meta property=\"og:description\" content=\"10 de Mar\u00e7o O mart\u00edrio dos quarenta legion\u00e1rios ocorreu no ano 320, em Sebaste, na Arm\u00eania. Nessa \u00e9poca foi publicada na cidade uma ordem do governador Lic\u00ednio, grande inimigo dos crist\u00e3os, afirmando que todos aqueles que n\u00e3o oferecessem sacrif\u00edcios aos deuses pag\u00e3os seriam punidos com a morte. Contudo se apresentou diante da autoridade uma legi\u00e3o [&hellip;]\" \/>\n<meta property=\"og:url\" content=\"https:\/\/www.oarcanjo.net\/site\/os-quarenta-santos-martires-de-sebaste\/\" \/>\n<meta property=\"og:site_name\" content=\"O Arcanjo no ar\" \/>\n<meta property=\"article:publisher\" content=\"https:\/\/www.facebook.com\/OArcanjoNoAr\/\" \/>\n<meta property=\"article:published_time\" content=\"2019-03-10T03:34:49+00:00\" \/>\n<meta property=\"article:modified_time\" content=\"2019-02-20T11:05:56+00:00\" \/>\n<meta property=\"og:image\" content=\"http:\/\/www.oarcanjo.net\/site\/wp-content\/uploads\/Os-Quarenta-Santos-Martires-de-Sebaste.jpg\" \/>\n<meta name=\"author\" content=\"danilo\" \/>\n<meta name=\"twitter:card\" content=\"summary_large_image\" \/>\n<meta name=\"twitter:label1\" content=\"Escrito por\" \/>\n\t<meta name=\"twitter:data1\" content=\"danilo\" \/>\n\t<meta name=\"twitter:label2\" content=\"Est. tempo de leitura\" \/>\n\t<meta name=\"twitter:data2\" content=\"2 minutos\" \/>\n<script type=\"application\/ld+json\" class=\"yoast-schema-graph\">{\"@context\":\"https:\/\/schema.org\",\"@graph\":[{\"@type\":\"Article\",\"@id\":\"https:\/\/www.oarcanjo.net\/site\/os-quarenta-santos-martires-de-sebaste\/#article\",\"isPartOf\":{\"@id\":\"https:\/\/www.oarcanjo.net\/site\/os-quarenta-santos-martires-de-sebaste\/\"},\"author\":{\"name\":\"danilo\",\"@id\":\"https:\/\/www.oarcanjo.net\/site\/#\/schema\/person\/5eb9480bedd2f3c97e430ce128c29c6c\"},\"headline\":\"Os quarenta santos m\u00e1rtires de Sebaste\",\"datePublished\":\"2019-03-10T03:34:49+00:00\",\"dateModified\":\"2019-02-20T11:05:56+00:00\",\"mainEntityOfPage\":{\"@id\":\"https:\/\/www.oarcanjo.net\/site\/os-quarenta-santos-martires-de-sebaste\/\"},\"wordCount\":474,\"commentCount\":0,\"publisher\":{\"@id\":\"https:\/\/www.oarcanjo.net\/site\/#organization\"},\"image\":{\"@id\":\"https:\/\/www.oarcanjo.net\/site\/os-quarenta-santos-martires-de-sebaste\/#primaryimage\"},\"thumbnailUrl\":\"http:\/\/www.oarcanjo.net\/site\/wp-content\/uploads\/Os-Quarenta-Santos-Martires-de-Sebaste.jpg\",\"articleSection\":[\"Testemunhos\"],\"inLanguage\":\"pt-BR\",\"potentialAction\":[{\"@type\":\"CommentAction\",\"name\":\"Comment\",\"target\":[\"https:\/\/www.oarcanjo.net\/site\/os-quarenta-santos-martires-de-sebaste\/#respond\"]}]},{\"@type\":\"WebPage\",\"@id\":\"https:\/\/www.oarcanjo.net\/site\/os-quarenta-santos-martires-de-sebaste\/\",\"url\":\"https:\/\/www.oarcanjo.net\/site\/os-quarenta-santos-martires-de-sebaste\/\",\"name\":\"Os quarenta santos m\u00e1rtires de Sebaste - O Arcanjo no ar\",\"isPartOf\":{\"@id\":\"https:\/\/www.oarcanjo.net\/site\/#website\"},\"primaryImageOfPage\":{\"@id\":\"https:\/\/www.oarcanjo.net\/site\/os-quarenta-santos-martires-de-sebaste\/#primaryimage\"},\"image\":{\"@id\":\"https:\/\/www.oarcanjo.net\/site\/os-quarenta-santos-martires-de-sebaste\/#primaryimage\"},\"thumbnailUrl\":\"http:\/\/www.oarcanjo.net\/site\/wp-content\/uploads\/Os-Quarenta-Santos-Martires-de-Sebaste.jpg\",\"datePublished\":\"2019-03-10T03:34:49+00:00\",\"dateModified\":\"2019-02-20T11:05:56+00:00\",\"breadcrumb\":{\"@id\":\"https:\/\/www.oarcanjo.net\/site\/os-quarenta-santos-martires-de-sebaste\/#breadcrumb\"},\"inLanguage\":\"pt-BR\",\"potentialAction\":[{\"@type\":\"ReadAction\",\"target\":[\"https:\/\/www.oarcanjo.net\/site\/os-quarenta-santos-martires-de-sebaste\/\"]}]},{\"@type\":\"ImageObject\",\"inLanguage\":\"pt-BR\",\"@id\":\"https:\/\/www.oarcanjo.net\/site\/os-quarenta-santos-martires-de-sebaste\/#primaryimage\",\"url\":\"https:\/\/www.oarcanjo.net\/site\/wp-content\/uploads\/Os-Quarenta-Santos-Martires-de-Sebaste.jpg\",\"contentUrl\":\"https:\/\/www.oarcanjo.net\/site\/wp-content\/uploads\/Os-Quarenta-Santos-Martires-de-Sebaste.jpg\",\"width\":250,\"height\":347,\"caption\":\"Os quarenta santos m\u00e1rtires de Sebaste\"},{\"@type\":\"BreadcrumbList\",\"@id\":\"https:\/\/www.oarcanjo.net\/site\/os-quarenta-santos-martires-de-sebaste\/#breadcrumb\",\"itemListElement\":[{\"@type\":\"ListItem\",\"position\":1,\"name\":\"In\u00edcio\",\"item\":\"https:\/\/www.oarcanjo.net\/site\/\"},{\"@type\":\"ListItem\",\"position\":2,\"name\":\"Os quarenta santos m\u00e1rtires de Sebaste\"}]},{\"@type\":\"WebSite\",\"@id\":\"https:\/\/www.oarcanjo.net\/site\/#website\",\"url\":\"https:\/\/www.oarcanjo.net\/site\/\",\"name\":\"O Arcanjo no ar\",\"description\":\"Site da Par\u00f3quia S\u00e3o Miguel Arcanjo (Arquidiocese de SP)\",\"publisher\":{\"@id\":\"https:\/\/www.oarcanjo.net\/site\/#organization\"},\"potentialAction\":[{\"@type\":\"SearchAction\",\"target\":{\"@type\":\"EntryPoint\",\"urlTemplate\":\"https:\/\/www.oarcanjo.net\/site\/?s={search_term_string}\"},\"query-input\":{\"@type\":\"PropertyValueSpecification\",\"valueRequired\":true,\"valueName\":\"search_term_string\"}}],\"inLanguage\":\"pt-BR\"},{\"@type\":\"Organization\",\"@id\":\"https:\/\/www.oarcanjo.net\/site\/#organization\",\"name\":\"Par\u00f3quia S\u00e3o Miguel Arcanjo\",\"url\":\"https:\/\/www.oarcanjo.net\/site\/\",\"logo\":{\"@type\":\"ImageObject\",\"inLanguage\":\"pt-BR\",\"@id\":\"https:\/\/www.oarcanjo.net\/site\/#\/schema\/logo\/image\/\",\"url\":\"https:\/\/www.oarcanjo.net\/site\/wp-content\/uploads\/LogoOArcanjo.png\",\"contentUrl\":\"https:\/\/www.oarcanjo.net\/site\/wp-content\/uploads\/LogoOArcanjo.png\",\"width\":319,\"height\":99,\"caption\":\"Par\u00f3quia S\u00e3o Miguel Arcanjo\"},\"image\":{\"@id\":\"https:\/\/www.oarcanjo.net\/site\/#\/schema\/logo\/image\/\"},\"sameAs\":[\"https:\/\/www.facebook.com\/OArcanjoNoAr\/\"]},{\"@type\":\"Person\",\"@id\":\"https:\/\/www.oarcanjo.net\/site\/#\/schema\/person\/5eb9480bedd2f3c97e430ce128c29c6c\",\"name\":\"danilo\"}]}<\/script>\n<!-- \/ Yoast SEO plugin. -->","yoast_head_json":{"title":"Os quarenta santos m\u00e1rtires de Sebaste - O Arcanjo no ar","robots":{"index":"index","follow":"follow","max-snippet":"max-snippet:-1","max-image-preview":"max-image-preview:large","max-video-preview":"max-video-preview:-1"},"canonical":"https:\/\/www.oarcanjo.net\/site\/os-quarenta-santos-martires-de-sebaste\/","og_locale":"pt_BR","og_type":"article","og_title":"Os quarenta santos m\u00e1rtires de Sebaste - O Arcanjo no ar","og_description":"10 de Mar\u00e7o O mart\u00edrio dos quarenta legion\u00e1rios ocorreu no ano 320, em Sebaste, na Arm\u00eania. Nessa \u00e9poca foi publicada na cidade uma ordem do governador Lic\u00ednio, grande inimigo dos crist\u00e3os, afirmando que todos aqueles que n\u00e3o oferecessem sacrif\u00edcios aos deuses pag\u00e3os seriam punidos com a morte. Contudo se apresentou diante da autoridade uma legi\u00e3o [&hellip;]","og_url":"https:\/\/www.oarcanjo.net\/site\/os-quarenta-santos-martires-de-sebaste\/","og_site_name":"O Arcanjo no ar","article_publisher":"https:\/\/www.facebook.com\/OArcanjoNoAr\/","article_published_time":"2019-03-10T03:34:49+00:00","article_modified_time":"2019-02-20T11:05:56+00:00","og_image":[{"url":"http:\/\/www.oarcanjo.net\/site\/wp-content\/uploads\/Os-Quarenta-Santos-Martires-de-Sebaste.jpg"}],"author":"danilo","twitter_card":"summary_large_image","twitter_misc":{"Escrito por":"danilo","Est. tempo de leitura":"2 minutos"},"schema":{"@context":"https:\/\/schema.org","@graph":[{"@type":"Article","@id":"https:\/\/www.oarcanjo.net\/site\/os-quarenta-santos-martires-de-sebaste\/#article","isPartOf":{"@id":"https:\/\/www.oarcanjo.net\/site\/os-quarenta-santos-martires-de-sebaste\/"},"author":{"name":"danilo","@id":"https:\/\/www.oarcanjo.net\/site\/#\/schema\/person\/5eb9480bedd2f3c97e430ce128c29c6c"},"headline":"Os quarenta santos m\u00e1rtires de Sebaste","datePublished":"2019-03-10T03:34:49+00:00","dateModified":"2019-02-20T11:05:56+00:00","mainEntityOfPage":{"@id":"https:\/\/www.oarcanjo.net\/site\/os-quarenta-santos-martires-de-sebaste\/"},"wordCount":474,"commentCount":0,"publisher":{"@id":"https:\/\/www.oarcanjo.net\/site\/#organization"},"image":{"@id":"https:\/\/www.oarcanjo.net\/site\/os-quarenta-santos-martires-de-sebaste\/#primaryimage"},"thumbnailUrl":"http:\/\/www.oarcanjo.net\/site\/wp-content\/uploads\/Os-Quarenta-Santos-Martires-de-Sebaste.jpg","articleSection":["Testemunhos"],"inLanguage":"pt-BR","potentialAction":[{"@type":"CommentAction","name":"Comment","target":["https:\/\/www.oarcanjo.net\/site\/os-quarenta-santos-martires-de-sebaste\/#respond"]}]},{"@type":"WebPage","@id":"https:\/\/www.oarcanjo.net\/site\/os-quarenta-santos-martires-de-sebaste\/","url":"https:\/\/www.oarcanjo.net\/site\/os-quarenta-santos-martires-de-sebaste\/","name":"Os quarenta santos m\u00e1rtires de Sebaste - O Arcanjo no ar","isPartOf":{"@id":"https:\/\/www.oarcanjo.net\/site\/#website"},"primaryImageOfPage":{"@id":"https:\/\/www.oarcanjo.net\/site\/os-quarenta-santos-martires-de-sebaste\/#primaryimage"},"image":{"@id":"https:\/\/www.oarcanjo.net\/site\/os-quarenta-santos-martires-de-sebaste\/#primaryimage"},"thumbnailUrl":"http:\/\/www.oarcanjo.net\/site\/wp-content\/uploads\/Os-Quarenta-Santos-Martires-de-Sebaste.jpg","datePublished":"2019-03-10T03:34:49+00:00","dateModified":"2019-02-20T11:05:56+00:00","breadcrumb":{"@id":"https:\/\/www.oarcanjo.net\/site\/os-quarenta-santos-martires-de-sebaste\/#breadcrumb"},"inLanguage":"pt-BR","potentialAction":[{"@type":"ReadAction","target":["https:\/\/www.oarcanjo.net\/site\/os-quarenta-santos-martires-de-sebaste\/"]}]},{"@type":"ImageObject","inLanguage":"pt-BR","@id":"https:\/\/www.oarcanjo.net\/site\/os-quarenta-santos-martires-de-sebaste\/#primaryimage","url":"https:\/\/www.oarcanjo.net\/site\/wp-content\/uploads\/Os-Quarenta-Santos-Martires-de-Sebaste.jpg","contentUrl":"https:\/\/www.oarcanjo.net\/site\/wp-content\/uploads\/Os-Quarenta-Santos-Martires-de-Sebaste.jpg","width":250,"height":347,"caption":"Os quarenta santos m\u00e1rtires de Sebaste"},{"@type":"BreadcrumbList","@id":"https:\/\/www.oarcanjo.net\/site\/os-quarenta-santos-martires-de-sebaste\/#breadcrumb","itemListElement":[{"@type":"ListItem","position":1,"name":"In\u00edcio","item":"https:\/\/www.oarcanjo.net\/site\/"},{"@type":"ListItem","position":2,"name":"Os quarenta santos m\u00e1rtires de Sebaste"}]},{"@type":"WebSite","@id":"https:\/\/www.oarcanjo.net\/site\/#website","url":"https:\/\/www.oarcanjo.net\/site\/","name":"O Arcanjo no ar","description":"Site da Par\u00f3quia S\u00e3o Miguel Arcanjo (Arquidiocese de SP)","publisher":{"@id":"https:\/\/www.oarcanjo.net\/site\/#organization"},"potentialAction":[{"@type":"SearchAction","target":{"@type":"EntryPoint","urlTemplate":"https:\/\/www.oarcanjo.net\/site\/?s={search_term_string}"},"query-input":{"@type":"PropertyValueSpecification","valueRequired":true,"valueName":"search_term_string"}}],"inLanguage":"pt-BR"},{"@type":"Organization","@id":"https:\/\/www.oarcanjo.net\/site\/#organization","name":"Par\u00f3quia S\u00e3o Miguel Arcanjo","url":"https:\/\/www.oarcanjo.net\/site\/","logo":{"@type":"ImageObject","inLanguage":"pt-BR","@id":"https:\/\/www.oarcanjo.net\/site\/#\/schema\/logo\/image\/","url":"https:\/\/www.oarcanjo.net\/site\/wp-content\/uploads\/LogoOArcanjo.png","contentUrl":"https:\/\/www.oarcanjo.net\/site\/wp-content\/uploads\/LogoOArcanjo.png","width":319,"height":99,"caption":"Par\u00f3quia S\u00e3o Miguel Arcanjo"},"image":{"@id":"https:\/\/www.oarcanjo.net\/site\/#\/schema\/logo\/image\/"},"sameAs":["https:\/\/www.facebook.com\/OArcanjoNoAr\/"]},{"@type":"Person","@id":"https:\/\/www.oarcanjo.net\/site\/#\/schema\/person\/5eb9480bedd2f3c97e430ce128c29c6c","name":"danilo"}]}},"publishpress_future_action":{"enabled":false,"date":"2026-05-07 22:27:07","action":"category","newStatus":"draft","terms":[],"taxonomy":"category"},"publishpress_future_workflow_manual_trigger":{"enabledWorkflows":[]},"_links":{"self":[{"href":"https:\/\/www.oarcanjo.net\/site\/wp-json\/wp\/v2\/posts\/8252"}],"collection":[{"href":"https:\/\/www.oarcanjo.net\/site\/wp-json\/wp\/v2\/posts"}],"about":[{"href":"https:\/\/www.oarcanjo.net\/site\/wp-json\/wp\/v2\/types\/post"}],"author":[{"embeddable":true,"href":"https:\/\/www.oarcanjo.net\/site\/wp-json\/wp\/v2\/users\/14"}],"replies":[{"embeddable":true,"href":"https:\/\/www.oarcanjo.net\/site\/wp-json\/wp\/v2\/comments?post=8252"}],"version-history":[{"count":1,"href":"https:\/\/www.oarcanjo.net\/site\/wp-json\/wp\/v2\/posts\/8252\/revisions"}],"predecessor-version":[{"id":92969,"href":"https:\/\/www.oarcanjo.net\/site\/wp-json\/wp\/v2\/posts\/8252\/revisions\/92969"}],"wp:attachment":[{"href":"https:\/\/www.oarcanjo.net\/site\/wp-json\/wp\/v2\/media?parent=8252"}],"wp:term":[{"taxonomy":"category","embeddable":true,"href":"https:\/\/www.oarcanjo.net\/site\/wp-json\/wp\/v2\/categories?post=8252"},{"taxonomy":"post_tag","embeddable":true,"href":"https:\/\/www.oarcanjo.net\/site\/wp-json\/wp\/v2\/tags?post=8252"}],"curies":[{"name":"wp","href":"https:\/\/api.w.org\/{rel}","templated":true}]}}