
{"id":8258,"date":"2019-03-10T00:49:06","date_gmt":"2019-03-10T03:49:06","guid":{"rendered":"http:\/\/www.oarcanjo.net\/site\/?p=8258"},"modified":"2019-02-20T08:06:01","modified_gmt":"2019-02-20T11:06:01","slug":"sao-macario","status":"publish","type":"post","link":"https:\/\/www.oarcanjo.net\/site\/sao-macario\/","title":{"rendered":"S\u00e3o Mac\u00e1rio"},"content":{"rendered":"<p><img loading=\"lazy\" decoding=\"async\" class=\"alignnone size-full wp-image-69455\" src=\"http:\/\/www.oarcanjo.net\/site\/wp-content\/uploads\/Sao-Macario.jpg\" alt=\"S\u00e3o Mac\u00e1rio\" width=\"199\" height=\"271\" \/><\/p>\n<p>10 de Mar\u00e7o<\/p>\n<p><span style=\"font-size: x-small;color: #663300\">Seu nome, Mac\u00e1rio, tem um significado interessante, quer dizer: &#8220;feliz&#8221;, &#8220;iluminado&#8221;. S\u00e3o poucos os dados registrados sobre sua origem e de boa parte de sua vida. Mas, sua atua\u00e7\u00e3o foi singular para a Igreja de Roma quando se tornou bispo de Jerusal\u00e9m, cidade santa para os hebreus, lugar do \u00fanico Templo erguido ao \u00fanico Deus; e para os crist\u00e3os, lugar da Crucifica\u00e7\u00e3o e da Ressurrei\u00e7\u00e3o de Jesus Cristo.<\/span><\/p>\n<p>Essa Jerusal\u00e9m, da \u00e9poca de Mac\u00e1rio, n\u00e3o existe mais. J\u00e1 no ano 70, ap\u00f3s ter dominado uma insurrei\u00e7\u00e3o anti-romana, o futuro imperador Tito havia destru\u00eddo o Templo. Por\u00e9m, no ano 135, depois de outra revolta, essa no tempo do imperador Adriano, a mesma cidade foi colocada no ch\u00e3o, perdendo inclusive seu pr\u00f3prio nome. Nas suas ru\u00ednas ergueram uma col\u00f4nia romana chamada &#8220;Aelia Capitolina&#8221;, com seu Capit\u00f3lio, constru\u00eddo no lugar exato da sepultura de Jesus.<\/p>\n<p>Mac\u00e1rio viveu um momento important\u00edssimo como bispo. Ap\u00f3s a \u00faltima persegui\u00e7\u00e3o anticrist\u00e3, ordenada e depois suspensa pelo imperador Galerio, entre os anos 305 a 311. Foram os seus sucessores, Constantino e Lic\u00ednio, que concederam aos crist\u00e3os plena liberdade para praticarem sua f\u00e9, para celebrarem seu culto e tamb\u00e9m, para constru\u00edrem suas igrejas.<\/p>\n<p>Trata-se da &#8220;paz constantiniana&#8221; que se estendeu a todo Imp\u00e9rio e inclusive \u00e0 Jerusal\u00e9m, onde, o bispo Mac\u00e1rio se p\u00f4s a trabalhar. Obteve do soberano a autoriza\u00e7\u00e3o para demolir o Capit\u00f3lio e assim se fez vir novamente \u00e0 luz a \u00e1rea do Calv\u00e1rio e do Sepulcro do Senhor. Em cima desse local, surgiria mais tarde a grandiosa Bas\u00edlica da Ressurrei\u00e7\u00e3o.<\/p>\n<p>No mesmo per\u00edodo, houve no mundo crist\u00e3o uma grave ruptura, provocada pela doutrina do herege \u00c1rio, quanto \u00e0 natureza de Jesus Cristo. Mac\u00e1rio, o bispo de Jerusal\u00e9m, se op\u00f4s pronta e energicamente \u00e0 doutrina ariana. E, em maio de 325, ele agiu com firmeza no Conc\u00edlio celebrado em Nicea, pr\u00f3xima a Constantinopla, onde se fez a confirma\u00e7\u00e3o da genu\u00edna doutrina crist\u00e3.<\/p>\n<p>Os registros mostram ainda que o bispo Mac\u00e1rio foi um dos autores do s\u00edmbolo niceno, ou seja, do Credo que at\u00e9 hoje pronunciamos durante a celebra\u00e7\u00e3o da Santa Missa, onde professamos a f\u00e9 &#8220;em um s\u00f3 Deus, Pai Onipotente&#8221; e &#8220;em um s\u00f3 Senhor, Jesus Cristo&#8230; Deus verdadeiro de Deus Verdadeiro&#8221;.<\/p>\n<p>O bispo Mac\u00e1rio faleceu de causas naturais no dia 10 de mar\u00e7o de 335, em Jerusal\u00e9m. Seu culto \u00e9 muito antigo e sua festa ocorre nesse dia.<\/p>\n<div id=\"themify_builder_content-8258\" data-postid=\"8258\" class=\"themify_builder_content themify_builder_content-8258 themify_builder themify_builder_front\">\n\t<\/div>\n<!-- \/themify_builder_content -->","protected":false},"excerpt":{"rendered":"<p>10 de Mar\u00e7o Seu nome, Mac\u00e1rio, tem um significado interessante, quer dizer: &#8220;feliz&#8221;, &#8220;iluminado&#8221;. S\u00e3o poucos os dados registrados sobre sua origem e de boa parte de sua vida. Mas, sua atua\u00e7\u00e3o foi singular para a Igreja de Roma quando se tornou bispo de Jerusal\u00e9m, cidade santa para os hebreus, lugar do \u00fanico Templo erguido [&hellip;]<\/p>\n","protected":false},"author":14,"featured_media":0,"comment_status":"open","ping_status":"open","sticky":false,"template":"","format":"standard","meta":{"ngg_post_thumbnail":0,"footnotes":""},"categories":[186],"tags":[],"yoast_head":"<!-- This site is optimized with the Yoast SEO plugin v23.5 - https:\/\/yoast.com\/wordpress\/plugins\/seo\/ -->\n<title>S\u00e3o Mac\u00e1rio - O Arcanjo no ar<\/title>\n<meta name=\"robots\" content=\"index, follow, max-snippet:-1, max-image-preview:large, max-video-preview:-1\" \/>\n<link rel=\"canonical\" href=\"https:\/\/www.oarcanjo.net\/site\/sao-macario\/\" \/>\n<meta property=\"og:locale\" content=\"pt_BR\" \/>\n<meta property=\"og:type\" content=\"article\" \/>\n<meta property=\"og:title\" content=\"S\u00e3o Mac\u00e1rio - O Arcanjo no ar\" \/>\n<meta property=\"og:description\" content=\"10 de Mar\u00e7o Seu nome, Mac\u00e1rio, tem um significado interessante, quer dizer: &#8220;feliz&#8221;, &#8220;iluminado&#8221;. S\u00e3o poucos os dados registrados sobre sua origem e de boa parte de sua vida. Mas, sua atua\u00e7\u00e3o foi singular para a Igreja de Roma quando se tornou bispo de Jerusal\u00e9m, cidade santa para os hebreus, lugar do \u00fanico Templo erguido [&hellip;]\" \/>\n<meta property=\"og:url\" content=\"https:\/\/www.oarcanjo.net\/site\/sao-macario\/\" \/>\n<meta property=\"og:site_name\" content=\"O Arcanjo no ar\" \/>\n<meta property=\"article:publisher\" content=\"https:\/\/www.facebook.com\/OArcanjoNoAr\/\" \/>\n<meta property=\"article:published_time\" content=\"2019-03-10T03:49:06+00:00\" \/>\n<meta property=\"article:modified_time\" content=\"2019-02-20T11:06:01+00:00\" \/>\n<meta property=\"og:image\" content=\"http:\/\/www.oarcanjo.net\/site\/wp-content\/uploads\/Sao-Macario.jpg\" \/>\n<meta name=\"author\" content=\"danilo\" \/>\n<meta name=\"twitter:card\" content=\"summary_large_image\" \/>\n<meta name=\"twitter:label1\" content=\"Escrito por\" \/>\n\t<meta name=\"twitter:data1\" content=\"danilo\" \/>\n\t<meta name=\"twitter:label2\" content=\"Est. tempo de leitura\" \/>\n\t<meta name=\"twitter:data2\" content=\"2 minutos\" \/>\n<script type=\"application\/ld+json\" class=\"yoast-schema-graph\">{\"@context\":\"https:\/\/schema.org\",\"@graph\":[{\"@type\":\"Article\",\"@id\":\"https:\/\/www.oarcanjo.net\/site\/sao-macario\/#article\",\"isPartOf\":{\"@id\":\"https:\/\/www.oarcanjo.net\/site\/sao-macario\/\"},\"author\":{\"name\":\"danilo\",\"@id\":\"https:\/\/www.oarcanjo.net\/site\/#\/schema\/person\/5eb9480bedd2f3c97e430ce128c29c6c\"},\"headline\":\"S\u00e3o Mac\u00e1rio\",\"datePublished\":\"2019-03-10T03:49:06+00:00\",\"dateModified\":\"2019-02-20T11:06:01+00:00\",\"mainEntityOfPage\":{\"@id\":\"https:\/\/www.oarcanjo.net\/site\/sao-macario\/\"},\"wordCount\":440,\"commentCount\":1,\"publisher\":{\"@id\":\"https:\/\/www.oarcanjo.net\/site\/#organization\"},\"image\":{\"@id\":\"https:\/\/www.oarcanjo.net\/site\/sao-macario\/#primaryimage\"},\"thumbnailUrl\":\"http:\/\/www.oarcanjo.net\/site\/wp-content\/uploads\/Sao-Macario.jpg\",\"articleSection\":[\"Testemunhos\"],\"inLanguage\":\"pt-BR\",\"potentialAction\":[{\"@type\":\"CommentAction\",\"name\":\"Comment\",\"target\":[\"https:\/\/www.oarcanjo.net\/site\/sao-macario\/#respond\"]}]},{\"@type\":\"WebPage\",\"@id\":\"https:\/\/www.oarcanjo.net\/site\/sao-macario\/\",\"url\":\"https:\/\/www.oarcanjo.net\/site\/sao-macario\/\",\"name\":\"S\u00e3o Mac\u00e1rio - O Arcanjo no ar\",\"isPartOf\":{\"@id\":\"https:\/\/www.oarcanjo.net\/site\/#website\"},\"primaryImageOfPage\":{\"@id\":\"https:\/\/www.oarcanjo.net\/site\/sao-macario\/#primaryimage\"},\"image\":{\"@id\":\"https:\/\/www.oarcanjo.net\/site\/sao-macario\/#primaryimage\"},\"thumbnailUrl\":\"http:\/\/www.oarcanjo.net\/site\/wp-content\/uploads\/Sao-Macario.jpg\",\"datePublished\":\"2019-03-10T03:49:06+00:00\",\"dateModified\":\"2019-02-20T11:06:01+00:00\",\"breadcrumb\":{\"@id\":\"https:\/\/www.oarcanjo.net\/site\/sao-macario\/#breadcrumb\"},\"inLanguage\":\"pt-BR\",\"potentialAction\":[{\"@type\":\"ReadAction\",\"target\":[\"https:\/\/www.oarcanjo.net\/site\/sao-macario\/\"]}]},{\"@type\":\"ImageObject\",\"inLanguage\":\"pt-BR\",\"@id\":\"https:\/\/www.oarcanjo.net\/site\/sao-macario\/#primaryimage\",\"url\":\"https:\/\/www.oarcanjo.net\/site\/wp-content\/uploads\/Sao-Macario.jpg\",\"contentUrl\":\"https:\/\/www.oarcanjo.net\/site\/wp-content\/uploads\/Sao-Macario.jpg\",\"width\":199,\"height\":271,\"caption\":\"S\u00e3o Mac\u00e1rio\"},{\"@type\":\"BreadcrumbList\",\"@id\":\"https:\/\/www.oarcanjo.net\/site\/sao-macario\/#breadcrumb\",\"itemListElement\":[{\"@type\":\"ListItem\",\"position\":1,\"name\":\"In\u00edcio\",\"item\":\"https:\/\/www.oarcanjo.net\/site\/\"},{\"@type\":\"ListItem\",\"position\":2,\"name\":\"S\u00e3o Mac\u00e1rio\"}]},{\"@type\":\"WebSite\",\"@id\":\"https:\/\/www.oarcanjo.net\/site\/#website\",\"url\":\"https:\/\/www.oarcanjo.net\/site\/\",\"name\":\"O Arcanjo no ar\",\"description\":\"Site da Par\u00f3quia S\u00e3o Miguel Arcanjo (Arquidiocese de SP)\",\"publisher\":{\"@id\":\"https:\/\/www.oarcanjo.net\/site\/#organization\"},\"potentialAction\":[{\"@type\":\"SearchAction\",\"target\":{\"@type\":\"EntryPoint\",\"urlTemplate\":\"https:\/\/www.oarcanjo.net\/site\/?s={search_term_string}\"},\"query-input\":{\"@type\":\"PropertyValueSpecification\",\"valueRequired\":true,\"valueName\":\"search_term_string\"}}],\"inLanguage\":\"pt-BR\"},{\"@type\":\"Organization\",\"@id\":\"https:\/\/www.oarcanjo.net\/site\/#organization\",\"name\":\"Par\u00f3quia S\u00e3o Miguel Arcanjo\",\"url\":\"https:\/\/www.oarcanjo.net\/site\/\",\"logo\":{\"@type\":\"ImageObject\",\"inLanguage\":\"pt-BR\",\"@id\":\"https:\/\/www.oarcanjo.net\/site\/#\/schema\/logo\/image\/\",\"url\":\"https:\/\/www.oarcanjo.net\/site\/wp-content\/uploads\/LogoOArcanjo.png\",\"contentUrl\":\"https:\/\/www.oarcanjo.net\/site\/wp-content\/uploads\/LogoOArcanjo.png\",\"width\":319,\"height\":99,\"caption\":\"Par\u00f3quia S\u00e3o Miguel Arcanjo\"},\"image\":{\"@id\":\"https:\/\/www.oarcanjo.net\/site\/#\/schema\/logo\/image\/\"},\"sameAs\":[\"https:\/\/www.facebook.com\/OArcanjoNoAr\/\"]},{\"@type\":\"Person\",\"@id\":\"https:\/\/www.oarcanjo.net\/site\/#\/schema\/person\/5eb9480bedd2f3c97e430ce128c29c6c\",\"name\":\"danilo\"}]}<\/script>\n<!-- \/ Yoast SEO plugin. -->","yoast_head_json":{"title":"S\u00e3o Mac\u00e1rio - O Arcanjo no ar","robots":{"index":"index","follow":"follow","max-snippet":"max-snippet:-1","max-image-preview":"max-image-preview:large","max-video-preview":"max-video-preview:-1"},"canonical":"https:\/\/www.oarcanjo.net\/site\/sao-macario\/","og_locale":"pt_BR","og_type":"article","og_title":"S\u00e3o Mac\u00e1rio - O Arcanjo no ar","og_description":"10 de Mar\u00e7o Seu nome, Mac\u00e1rio, tem um significado interessante, quer dizer: &#8220;feliz&#8221;, &#8220;iluminado&#8221;. S\u00e3o poucos os dados registrados sobre sua origem e de boa parte de sua vida. Mas, sua atua\u00e7\u00e3o foi singular para a Igreja de Roma quando se tornou bispo de Jerusal\u00e9m, cidade santa para os hebreus, lugar do \u00fanico Templo erguido [&hellip;]","og_url":"https:\/\/www.oarcanjo.net\/site\/sao-macario\/","og_site_name":"O Arcanjo no ar","article_publisher":"https:\/\/www.facebook.com\/OArcanjoNoAr\/","article_published_time":"2019-03-10T03:49:06+00:00","article_modified_time":"2019-02-20T11:06:01+00:00","og_image":[{"url":"http:\/\/www.oarcanjo.net\/site\/wp-content\/uploads\/Sao-Macario.jpg"}],"author":"danilo","twitter_card":"summary_large_image","twitter_misc":{"Escrito por":"danilo","Est. tempo de leitura":"2 minutos"},"schema":{"@context":"https:\/\/schema.org","@graph":[{"@type":"Article","@id":"https:\/\/www.oarcanjo.net\/site\/sao-macario\/#article","isPartOf":{"@id":"https:\/\/www.oarcanjo.net\/site\/sao-macario\/"},"author":{"name":"danilo","@id":"https:\/\/www.oarcanjo.net\/site\/#\/schema\/person\/5eb9480bedd2f3c97e430ce128c29c6c"},"headline":"S\u00e3o Mac\u00e1rio","datePublished":"2019-03-10T03:49:06+00:00","dateModified":"2019-02-20T11:06:01+00:00","mainEntityOfPage":{"@id":"https:\/\/www.oarcanjo.net\/site\/sao-macario\/"},"wordCount":440,"commentCount":1,"publisher":{"@id":"https:\/\/www.oarcanjo.net\/site\/#organization"},"image":{"@id":"https:\/\/www.oarcanjo.net\/site\/sao-macario\/#primaryimage"},"thumbnailUrl":"http:\/\/www.oarcanjo.net\/site\/wp-content\/uploads\/Sao-Macario.jpg","articleSection":["Testemunhos"],"inLanguage":"pt-BR","potentialAction":[{"@type":"CommentAction","name":"Comment","target":["https:\/\/www.oarcanjo.net\/site\/sao-macario\/#respond"]}]},{"@type":"WebPage","@id":"https:\/\/www.oarcanjo.net\/site\/sao-macario\/","url":"https:\/\/www.oarcanjo.net\/site\/sao-macario\/","name":"S\u00e3o Mac\u00e1rio - O Arcanjo no ar","isPartOf":{"@id":"https:\/\/www.oarcanjo.net\/site\/#website"},"primaryImageOfPage":{"@id":"https:\/\/www.oarcanjo.net\/site\/sao-macario\/#primaryimage"},"image":{"@id":"https:\/\/www.oarcanjo.net\/site\/sao-macario\/#primaryimage"},"thumbnailUrl":"http:\/\/www.oarcanjo.net\/site\/wp-content\/uploads\/Sao-Macario.jpg","datePublished":"2019-03-10T03:49:06+00:00","dateModified":"2019-02-20T11:06:01+00:00","breadcrumb":{"@id":"https:\/\/www.oarcanjo.net\/site\/sao-macario\/#breadcrumb"},"inLanguage":"pt-BR","potentialAction":[{"@type":"ReadAction","target":["https:\/\/www.oarcanjo.net\/site\/sao-macario\/"]}]},{"@type":"ImageObject","inLanguage":"pt-BR","@id":"https:\/\/www.oarcanjo.net\/site\/sao-macario\/#primaryimage","url":"https:\/\/www.oarcanjo.net\/site\/wp-content\/uploads\/Sao-Macario.jpg","contentUrl":"https:\/\/www.oarcanjo.net\/site\/wp-content\/uploads\/Sao-Macario.jpg","width":199,"height":271,"caption":"S\u00e3o Mac\u00e1rio"},{"@type":"BreadcrumbList","@id":"https:\/\/www.oarcanjo.net\/site\/sao-macario\/#breadcrumb","itemListElement":[{"@type":"ListItem","position":1,"name":"In\u00edcio","item":"https:\/\/www.oarcanjo.net\/site\/"},{"@type":"ListItem","position":2,"name":"S\u00e3o Mac\u00e1rio"}]},{"@type":"WebSite","@id":"https:\/\/www.oarcanjo.net\/site\/#website","url":"https:\/\/www.oarcanjo.net\/site\/","name":"O Arcanjo no ar","description":"Site da Par\u00f3quia S\u00e3o Miguel Arcanjo (Arquidiocese de SP)","publisher":{"@id":"https:\/\/www.oarcanjo.net\/site\/#organization"},"potentialAction":[{"@type":"SearchAction","target":{"@type":"EntryPoint","urlTemplate":"https:\/\/www.oarcanjo.net\/site\/?s={search_term_string}"},"query-input":{"@type":"PropertyValueSpecification","valueRequired":true,"valueName":"search_term_string"}}],"inLanguage":"pt-BR"},{"@type":"Organization","@id":"https:\/\/www.oarcanjo.net\/site\/#organization","name":"Par\u00f3quia S\u00e3o Miguel Arcanjo","url":"https:\/\/www.oarcanjo.net\/site\/","logo":{"@type":"ImageObject","inLanguage":"pt-BR","@id":"https:\/\/www.oarcanjo.net\/site\/#\/schema\/logo\/image\/","url":"https:\/\/www.oarcanjo.net\/site\/wp-content\/uploads\/LogoOArcanjo.png","contentUrl":"https:\/\/www.oarcanjo.net\/site\/wp-content\/uploads\/LogoOArcanjo.png","width":319,"height":99,"caption":"Par\u00f3quia S\u00e3o Miguel Arcanjo"},"image":{"@id":"https:\/\/www.oarcanjo.net\/site\/#\/schema\/logo\/image\/"},"sameAs":["https:\/\/www.facebook.com\/OArcanjoNoAr\/"]},{"@type":"Person","@id":"https:\/\/www.oarcanjo.net\/site\/#\/schema\/person\/5eb9480bedd2f3c97e430ce128c29c6c","name":"danilo"}]}},"publishpress_future_action":{"enabled":false,"date":"2026-05-07 23:37:15","action":"category","newStatus":"draft","terms":[],"taxonomy":"category"},"publishpress_future_workflow_manual_trigger":{"enabledWorkflows":[]},"_links":{"self":[{"href":"https:\/\/www.oarcanjo.net\/site\/wp-json\/wp\/v2\/posts\/8258"}],"collection":[{"href":"https:\/\/www.oarcanjo.net\/site\/wp-json\/wp\/v2\/posts"}],"about":[{"href":"https:\/\/www.oarcanjo.net\/site\/wp-json\/wp\/v2\/types\/post"}],"author":[{"embeddable":true,"href":"https:\/\/www.oarcanjo.net\/site\/wp-json\/wp\/v2\/users\/14"}],"replies":[{"embeddable":true,"href":"https:\/\/www.oarcanjo.net\/site\/wp-json\/wp\/v2\/comments?post=8258"}],"version-history":[{"count":1,"href":"https:\/\/www.oarcanjo.net\/site\/wp-json\/wp\/v2\/posts\/8258\/revisions"}],"predecessor-version":[{"id":92970,"href":"https:\/\/www.oarcanjo.net\/site\/wp-json\/wp\/v2\/posts\/8258\/revisions\/92970"}],"wp:attachment":[{"href":"https:\/\/www.oarcanjo.net\/site\/wp-json\/wp\/v2\/media?parent=8258"}],"wp:term":[{"taxonomy":"category","embeddable":true,"href":"https:\/\/www.oarcanjo.net\/site\/wp-json\/wp\/v2\/categories?post=8258"},{"taxonomy":"post_tag","embeddable":true,"href":"https:\/\/www.oarcanjo.net\/site\/wp-json\/wp\/v2\/tags?post=8258"}],"curies":[{"name":"wp","href":"https:\/\/api.w.org\/{rel}","templated":true}]}}