
{"id":8264,"date":"2019-03-11T00:53:29","date_gmt":"2019-03-11T03:53:29","guid":{"rendered":"http:\/\/www.oarcanjo.net\/site\/?p=8264"},"modified":"2019-02-20T08:06:18","modified_gmt":"2019-02-20T11:06:18","slug":"sao-eulogio","status":"publish","type":"post","link":"https:\/\/www.oarcanjo.net\/site\/sao-eulogio\/","title":{"rendered":"S\u00e3o Eul\u00f3gio"},"content":{"rendered":"<p><img loading=\"lazy\" decoding=\"async\" class=\"alignnone size-full wp-image-69505\" src=\"http:\/\/www.oarcanjo.net\/site\/wp-content\/uploads\/Sao-Eulogio.jpg\" alt=\"S\u00e3o Eul\u00f3gio\" width=\"302\" height=\"400\" srcset=\"https:\/\/www.oarcanjo.net\/site\/wp-content\/uploads\/Sao-Eulogio.jpg 302w, https:\/\/www.oarcanjo.net\/site\/wp-content\/uploads\/Sao-Eulogio-227x300.jpg 227w\" sizes=\"(max-width: 302px) 100vw, 302px\" \/><\/p>\n<p>11 de Mar\u00e7o<\/p>\n<p>Eul\u00f3gio talvez seja a v\u00edtima mais c\u00e9lebre da invas\u00e3o da Espanha pelos \u00e1rabes vindos da \u00c1frica ao longo dos s\u00e9culos VIII ao XIII. Entretanto, inicialmente todos os crist\u00e3os espanh\u00f3is n\u00e3o eram candidatos ao mart\u00edrio ou \u00e0 escravid\u00e3o e os Califas n\u00e3o eram tidos como intolerantes e sanguin\u00e1rios. Ao contr\u00e1rio, a Espanha gozava, sob a domina\u00e7\u00e3o dos \u00e1rabes, longos per\u00edodos de paz e de benesses, determinantes para o desenvolvimento de um alto padr\u00e3o de civiliza\u00e7\u00e3o, diferente do concedido pela domina\u00e7\u00e3o dos romanos.<\/p>\n<p>Tamb\u00e9m na religi\u00e3o, eles pareciam tolerantes. N\u00e3o combatiam o Cristianismo, mas o mantinham na sombra e abafado, sem for\u00e7a para se difundir, para fazer progressos, para que n\u00e3o entrasse em pol\u00eamica com a religi\u00e3o do Estado, ou seja, a mu\u00e7ulmana. Desejavam um Cristianismo adormecido.<\/p>\n<p>Mas os cat\u00f3licos da Espanha n\u00e3o se submeteram aos desejos dos \u00e1rabes. E n\u00e3o por provoca\u00e7\u00e3o aos mu\u00e7ulmanos, mas porque a sua f\u00e9, vivida com coer\u00eancia , n\u00e3o podia se apagar pela ren\u00fancia e pelo sil\u00eancio. Tamb\u00e9m Eul\u00f3gio, nascido em C\u00f3rdoba de uma fam\u00edlia da nobreza da cidade, foi um desses crist\u00e3os \u00edntegros. Ele era sacerdote de C\u00f3rdoba quando a persegui\u00e7\u00e3o aos crist\u00e3os come\u00e7ou e j\u00e1 era famoso pela cultura e atua\u00e7\u00e3o social audaciosa, ao mesmo tempo em que trabalhava com humildade junto aos pobres e necessitados. Formado na Universidade de C\u00f3rdoba, muito requisitada na \u00e9poca , ele lecionava numa escola p\u00fablica e se reciclava visitando dezenas de museus, mosteiros e centros de estudos.<\/p>\n<p>Escrevia muito, como por exemplo os livros: &#8220;Memorial&#8221; e &#8220;Apologia&#8221;, nos quais fez uma contundente an\u00e1lise da religi\u00e3o mu\u00e7ulmana confrontada com a crist\u00e3, pregando a verdade que \u00e9 a liberdade pela f\u00e9 em Cristo. Essa defesa da f\u00e9 e dos fi\u00e9is ele apregoava na escola p\u00fablica onde lecionava bem como nos conventos e igrejas que visitava, aprimorando os preceitos do cristianismo aos fi\u00e9is e \u00e0s pessoas que o escutavam, conseguido milhares de convers\u00f5es.<\/p>\n<p>Por isso, e por assistir aos crist\u00e3os presos, os quais amparava na f\u00e9, o valoroso padre espanhol irritou as autoridades \u00e1rabes que, apesar do respeito que tinham por ele, mandaram prende-lo. Baseado no que ocorria nos calabou\u00e7os, onde eram jogados os crist\u00e3os antes da execu\u00e7\u00e3o da pena de morte, escreveu a &#8220;Hist\u00f3ria dos M\u00e1rtires da Espanha&#8221;. Uma obra que registrou para a posteridade o mart\u00edrio de pessoas cujo \u00fanico crime era manter sua convic\u00e7\u00e3o na f\u00e9 em Cristo.<\/p>\n<p>Depois, libertado gra\u00e7as \u00e0 influ\u00eancia de familiares e autoridades locais, voltou a atuar com a mesma for\u00e7a. Falecido o bispo de C\u00f3rdoba, Eul\u00f3gio foi nomeado para o cargo. Passou ent\u00e3o a ser considerado l\u00edder da resist\u00eancia aos mu\u00e7ulmanos e, quando conseguiu converter a filha de um influente chefe \u00e1rabe, a paci\u00eancia dos isl\u00e2micos chegou ao fim. Eul\u00f3gio, foi novamente processado, preso e, desta vez, condenado \u00e0 morte.<\/p>\n<p>Sua execu\u00e7\u00e3o se deu no dia 11 de mar\u00e7o de 859. Data que a Igreja manteve para sua festa, j\u00e1 muito antiga para os crist\u00e3os espanh\u00f3is e os da \u00c1frica do Norte, depois estendida para todos os crist\u00e3os, pela tradi\u00e7\u00e3o de sua venera\u00e7\u00e3o.<\/p>\n<p><img decoding=\"async\" src=\"http:\/\/lh5.ggpht.com\/_jTpss3bYcl4\/SbRZB7ahWgI\/AAAAAAAAR0U\/e4r_0LI2glA\/11+DE+MAR%C3%87O+DIA+DE+SANTO+EUL%C3%93GIO.jpg\" alt=\"\" \/><\/p>\n<div id=\"themify_builder_content-8264\" data-postid=\"8264\" class=\"themify_builder_content themify_builder_content-8264 themify_builder themify_builder_front\">\n\t<\/div>\n<!-- \/themify_builder_content -->","protected":false},"excerpt":{"rendered":"<p>11 de Mar\u00e7o Eul\u00f3gio talvez seja a v\u00edtima mais c\u00e9lebre da invas\u00e3o da Espanha pelos \u00e1rabes vindos da \u00c1frica ao longo dos s\u00e9culos VIII ao XIII. Entretanto, inicialmente todos os crist\u00e3os espanh\u00f3is n\u00e3o eram candidatos ao mart\u00edrio ou \u00e0 escravid\u00e3o e os Califas n\u00e3o eram tidos como intolerantes e sanguin\u00e1rios. Ao contr\u00e1rio, a Espanha gozava, [&hellip;]<\/p>\n","protected":false},"author":14,"featured_media":0,"comment_status":"open","ping_status":"open","sticky":false,"template":"","format":"standard","meta":{"ngg_post_thumbnail":0,"footnotes":""},"categories":[186],"tags":[],"yoast_head":"<!-- This site is optimized with the Yoast SEO plugin v23.5 - https:\/\/yoast.com\/wordpress\/plugins\/seo\/ -->\n<title>S\u00e3o Eul\u00f3gio - O Arcanjo no ar<\/title>\n<meta name=\"robots\" content=\"index, follow, max-snippet:-1, max-image-preview:large, max-video-preview:-1\" \/>\n<link rel=\"canonical\" href=\"https:\/\/www.oarcanjo.net\/site\/sao-eulogio\/\" \/>\n<meta property=\"og:locale\" content=\"pt_BR\" \/>\n<meta property=\"og:type\" content=\"article\" \/>\n<meta property=\"og:title\" content=\"S\u00e3o Eul\u00f3gio - O Arcanjo no ar\" \/>\n<meta property=\"og:description\" content=\"11 de Mar\u00e7o Eul\u00f3gio talvez seja a v\u00edtima mais c\u00e9lebre da invas\u00e3o da Espanha pelos \u00e1rabes vindos da \u00c1frica ao longo dos s\u00e9culos VIII ao XIII. Entretanto, inicialmente todos os crist\u00e3os espanh\u00f3is n\u00e3o eram candidatos ao mart\u00edrio ou \u00e0 escravid\u00e3o e os Califas n\u00e3o eram tidos como intolerantes e sanguin\u00e1rios. Ao contr\u00e1rio, a Espanha gozava, [&hellip;]\" \/>\n<meta property=\"og:url\" content=\"https:\/\/www.oarcanjo.net\/site\/sao-eulogio\/\" \/>\n<meta property=\"og:site_name\" content=\"O Arcanjo no ar\" \/>\n<meta property=\"article:publisher\" content=\"https:\/\/www.facebook.com\/OArcanjoNoAr\/\" \/>\n<meta property=\"article:published_time\" content=\"2019-03-11T03:53:29+00:00\" \/>\n<meta property=\"article:modified_time\" content=\"2019-02-20T11:06:18+00:00\" \/>\n<meta property=\"og:image\" content=\"http:\/\/www.oarcanjo.net\/site\/wp-content\/uploads\/Sao-Eulogio.jpg\" \/>\n<meta name=\"author\" content=\"danilo\" \/>\n<meta name=\"twitter:card\" content=\"summary_large_image\" \/>\n<meta name=\"twitter:label1\" content=\"Escrito por\" \/>\n\t<meta name=\"twitter:data1\" content=\"danilo\" \/>\n\t<meta name=\"twitter:label2\" content=\"Est. tempo de leitura\" \/>\n\t<meta name=\"twitter:data2\" content=\"3 minutos\" \/>\n<script type=\"application\/ld+json\" class=\"yoast-schema-graph\">{\"@context\":\"https:\/\/schema.org\",\"@graph\":[{\"@type\":\"Article\",\"@id\":\"https:\/\/www.oarcanjo.net\/site\/sao-eulogio\/#article\",\"isPartOf\":{\"@id\":\"https:\/\/www.oarcanjo.net\/site\/sao-eulogio\/\"},\"author\":{\"name\":\"danilo\",\"@id\":\"https:\/\/www.oarcanjo.net\/site\/#\/schema\/person\/5eb9480bedd2f3c97e430ce128c29c6c\"},\"headline\":\"S\u00e3o Eul\u00f3gio\",\"datePublished\":\"2019-03-11T03:53:29+00:00\",\"dateModified\":\"2019-02-20T11:06:18+00:00\",\"mainEntityOfPage\":{\"@id\":\"https:\/\/www.oarcanjo.net\/site\/sao-eulogio\/\"},\"wordCount\":580,\"commentCount\":0,\"publisher\":{\"@id\":\"https:\/\/www.oarcanjo.net\/site\/#organization\"},\"image\":{\"@id\":\"https:\/\/www.oarcanjo.net\/site\/sao-eulogio\/#primaryimage\"},\"thumbnailUrl\":\"http:\/\/www.oarcanjo.net\/site\/wp-content\/uploads\/Sao-Eulogio.jpg\",\"articleSection\":[\"Testemunhos\"],\"inLanguage\":\"pt-BR\",\"potentialAction\":[{\"@type\":\"CommentAction\",\"name\":\"Comment\",\"target\":[\"https:\/\/www.oarcanjo.net\/site\/sao-eulogio\/#respond\"]}]},{\"@type\":\"WebPage\",\"@id\":\"https:\/\/www.oarcanjo.net\/site\/sao-eulogio\/\",\"url\":\"https:\/\/www.oarcanjo.net\/site\/sao-eulogio\/\",\"name\":\"S\u00e3o Eul\u00f3gio - O Arcanjo no ar\",\"isPartOf\":{\"@id\":\"https:\/\/www.oarcanjo.net\/site\/#website\"},\"primaryImageOfPage\":{\"@id\":\"https:\/\/www.oarcanjo.net\/site\/sao-eulogio\/#primaryimage\"},\"image\":{\"@id\":\"https:\/\/www.oarcanjo.net\/site\/sao-eulogio\/#primaryimage\"},\"thumbnailUrl\":\"http:\/\/www.oarcanjo.net\/site\/wp-content\/uploads\/Sao-Eulogio.jpg\",\"datePublished\":\"2019-03-11T03:53:29+00:00\",\"dateModified\":\"2019-02-20T11:06:18+00:00\",\"breadcrumb\":{\"@id\":\"https:\/\/www.oarcanjo.net\/site\/sao-eulogio\/#breadcrumb\"},\"inLanguage\":\"pt-BR\",\"potentialAction\":[{\"@type\":\"ReadAction\",\"target\":[\"https:\/\/www.oarcanjo.net\/site\/sao-eulogio\/\"]}]},{\"@type\":\"ImageObject\",\"inLanguage\":\"pt-BR\",\"@id\":\"https:\/\/www.oarcanjo.net\/site\/sao-eulogio\/#primaryimage\",\"url\":\"https:\/\/www.oarcanjo.net\/site\/wp-content\/uploads\/Sao-Eulogio.jpg\",\"contentUrl\":\"https:\/\/www.oarcanjo.net\/site\/wp-content\/uploads\/Sao-Eulogio.jpg\",\"width\":302,\"height\":400,\"caption\":\"S\u00e3o Eul\u00f3gio\"},{\"@type\":\"BreadcrumbList\",\"@id\":\"https:\/\/www.oarcanjo.net\/site\/sao-eulogio\/#breadcrumb\",\"itemListElement\":[{\"@type\":\"ListItem\",\"position\":1,\"name\":\"In\u00edcio\",\"item\":\"https:\/\/www.oarcanjo.net\/site\/\"},{\"@type\":\"ListItem\",\"position\":2,\"name\":\"S\u00e3o Eul\u00f3gio\"}]},{\"@type\":\"WebSite\",\"@id\":\"https:\/\/www.oarcanjo.net\/site\/#website\",\"url\":\"https:\/\/www.oarcanjo.net\/site\/\",\"name\":\"O Arcanjo no ar\",\"description\":\"Site da Par\u00f3quia S\u00e3o Miguel Arcanjo (Arquidiocese de SP)\",\"publisher\":{\"@id\":\"https:\/\/www.oarcanjo.net\/site\/#organization\"},\"potentialAction\":[{\"@type\":\"SearchAction\",\"target\":{\"@type\":\"EntryPoint\",\"urlTemplate\":\"https:\/\/www.oarcanjo.net\/site\/?s={search_term_string}\"},\"query-input\":{\"@type\":\"PropertyValueSpecification\",\"valueRequired\":true,\"valueName\":\"search_term_string\"}}],\"inLanguage\":\"pt-BR\"},{\"@type\":\"Organization\",\"@id\":\"https:\/\/www.oarcanjo.net\/site\/#organization\",\"name\":\"Par\u00f3quia S\u00e3o Miguel Arcanjo\",\"url\":\"https:\/\/www.oarcanjo.net\/site\/\",\"logo\":{\"@type\":\"ImageObject\",\"inLanguage\":\"pt-BR\",\"@id\":\"https:\/\/www.oarcanjo.net\/site\/#\/schema\/logo\/image\/\",\"url\":\"https:\/\/www.oarcanjo.net\/site\/wp-content\/uploads\/LogoOArcanjo.png\",\"contentUrl\":\"https:\/\/www.oarcanjo.net\/site\/wp-content\/uploads\/LogoOArcanjo.png\",\"width\":319,\"height\":99,\"caption\":\"Par\u00f3quia S\u00e3o Miguel Arcanjo\"},\"image\":{\"@id\":\"https:\/\/www.oarcanjo.net\/site\/#\/schema\/logo\/image\/\"},\"sameAs\":[\"https:\/\/www.facebook.com\/OArcanjoNoAr\/\"]},{\"@type\":\"Person\",\"@id\":\"https:\/\/www.oarcanjo.net\/site\/#\/schema\/person\/5eb9480bedd2f3c97e430ce128c29c6c\",\"name\":\"danilo\"}]}<\/script>\n<!-- \/ Yoast SEO plugin. -->","yoast_head_json":{"title":"S\u00e3o Eul\u00f3gio - O Arcanjo no ar","robots":{"index":"index","follow":"follow","max-snippet":"max-snippet:-1","max-image-preview":"max-image-preview:large","max-video-preview":"max-video-preview:-1"},"canonical":"https:\/\/www.oarcanjo.net\/site\/sao-eulogio\/","og_locale":"pt_BR","og_type":"article","og_title":"S\u00e3o Eul\u00f3gio - O Arcanjo no ar","og_description":"11 de Mar\u00e7o Eul\u00f3gio talvez seja a v\u00edtima mais c\u00e9lebre da invas\u00e3o da Espanha pelos \u00e1rabes vindos da \u00c1frica ao longo dos s\u00e9culos VIII ao XIII. Entretanto, inicialmente todos os crist\u00e3os espanh\u00f3is n\u00e3o eram candidatos ao mart\u00edrio ou \u00e0 escravid\u00e3o e os Califas n\u00e3o eram tidos como intolerantes e sanguin\u00e1rios. Ao contr\u00e1rio, a Espanha gozava, [&hellip;]","og_url":"https:\/\/www.oarcanjo.net\/site\/sao-eulogio\/","og_site_name":"O Arcanjo no ar","article_publisher":"https:\/\/www.facebook.com\/OArcanjoNoAr\/","article_published_time":"2019-03-11T03:53:29+00:00","article_modified_time":"2019-02-20T11:06:18+00:00","og_image":[{"url":"http:\/\/www.oarcanjo.net\/site\/wp-content\/uploads\/Sao-Eulogio.jpg"}],"author":"danilo","twitter_card":"summary_large_image","twitter_misc":{"Escrito por":"danilo","Est. tempo de leitura":"3 minutos"},"schema":{"@context":"https:\/\/schema.org","@graph":[{"@type":"Article","@id":"https:\/\/www.oarcanjo.net\/site\/sao-eulogio\/#article","isPartOf":{"@id":"https:\/\/www.oarcanjo.net\/site\/sao-eulogio\/"},"author":{"name":"danilo","@id":"https:\/\/www.oarcanjo.net\/site\/#\/schema\/person\/5eb9480bedd2f3c97e430ce128c29c6c"},"headline":"S\u00e3o Eul\u00f3gio","datePublished":"2019-03-11T03:53:29+00:00","dateModified":"2019-02-20T11:06:18+00:00","mainEntityOfPage":{"@id":"https:\/\/www.oarcanjo.net\/site\/sao-eulogio\/"},"wordCount":580,"commentCount":0,"publisher":{"@id":"https:\/\/www.oarcanjo.net\/site\/#organization"},"image":{"@id":"https:\/\/www.oarcanjo.net\/site\/sao-eulogio\/#primaryimage"},"thumbnailUrl":"http:\/\/www.oarcanjo.net\/site\/wp-content\/uploads\/Sao-Eulogio.jpg","articleSection":["Testemunhos"],"inLanguage":"pt-BR","potentialAction":[{"@type":"CommentAction","name":"Comment","target":["https:\/\/www.oarcanjo.net\/site\/sao-eulogio\/#respond"]}]},{"@type":"WebPage","@id":"https:\/\/www.oarcanjo.net\/site\/sao-eulogio\/","url":"https:\/\/www.oarcanjo.net\/site\/sao-eulogio\/","name":"S\u00e3o Eul\u00f3gio - O Arcanjo no ar","isPartOf":{"@id":"https:\/\/www.oarcanjo.net\/site\/#website"},"primaryImageOfPage":{"@id":"https:\/\/www.oarcanjo.net\/site\/sao-eulogio\/#primaryimage"},"image":{"@id":"https:\/\/www.oarcanjo.net\/site\/sao-eulogio\/#primaryimage"},"thumbnailUrl":"http:\/\/www.oarcanjo.net\/site\/wp-content\/uploads\/Sao-Eulogio.jpg","datePublished":"2019-03-11T03:53:29+00:00","dateModified":"2019-02-20T11:06:18+00:00","breadcrumb":{"@id":"https:\/\/www.oarcanjo.net\/site\/sao-eulogio\/#breadcrumb"},"inLanguage":"pt-BR","potentialAction":[{"@type":"ReadAction","target":["https:\/\/www.oarcanjo.net\/site\/sao-eulogio\/"]}]},{"@type":"ImageObject","inLanguage":"pt-BR","@id":"https:\/\/www.oarcanjo.net\/site\/sao-eulogio\/#primaryimage","url":"https:\/\/www.oarcanjo.net\/site\/wp-content\/uploads\/Sao-Eulogio.jpg","contentUrl":"https:\/\/www.oarcanjo.net\/site\/wp-content\/uploads\/Sao-Eulogio.jpg","width":302,"height":400,"caption":"S\u00e3o Eul\u00f3gio"},{"@type":"BreadcrumbList","@id":"https:\/\/www.oarcanjo.net\/site\/sao-eulogio\/#breadcrumb","itemListElement":[{"@type":"ListItem","position":1,"name":"In\u00edcio","item":"https:\/\/www.oarcanjo.net\/site\/"},{"@type":"ListItem","position":2,"name":"S\u00e3o Eul\u00f3gio"}]},{"@type":"WebSite","@id":"https:\/\/www.oarcanjo.net\/site\/#website","url":"https:\/\/www.oarcanjo.net\/site\/","name":"O Arcanjo no ar","description":"Site da Par\u00f3quia S\u00e3o Miguel Arcanjo (Arquidiocese de SP)","publisher":{"@id":"https:\/\/www.oarcanjo.net\/site\/#organization"},"potentialAction":[{"@type":"SearchAction","target":{"@type":"EntryPoint","urlTemplate":"https:\/\/www.oarcanjo.net\/site\/?s={search_term_string}"},"query-input":{"@type":"PropertyValueSpecification","valueRequired":true,"valueName":"search_term_string"}}],"inLanguage":"pt-BR"},{"@type":"Organization","@id":"https:\/\/www.oarcanjo.net\/site\/#organization","name":"Par\u00f3quia S\u00e3o Miguel Arcanjo","url":"https:\/\/www.oarcanjo.net\/site\/","logo":{"@type":"ImageObject","inLanguage":"pt-BR","@id":"https:\/\/www.oarcanjo.net\/site\/#\/schema\/logo\/image\/","url":"https:\/\/www.oarcanjo.net\/site\/wp-content\/uploads\/LogoOArcanjo.png","contentUrl":"https:\/\/www.oarcanjo.net\/site\/wp-content\/uploads\/LogoOArcanjo.png","width":319,"height":99,"caption":"Par\u00f3quia S\u00e3o Miguel Arcanjo"},"image":{"@id":"https:\/\/www.oarcanjo.net\/site\/#\/schema\/logo\/image\/"},"sameAs":["https:\/\/www.facebook.com\/OArcanjoNoAr\/"]},{"@type":"Person","@id":"https:\/\/www.oarcanjo.net\/site\/#\/schema\/person\/5eb9480bedd2f3c97e430ce128c29c6c","name":"danilo"}]}},"publishpress_future_action":{"enabled":false,"date":"2026-05-07 22:27:23","action":"category","newStatus":"draft","terms":[],"taxonomy":"category"},"publishpress_future_workflow_manual_trigger":{"enabledWorkflows":[]},"_links":{"self":[{"href":"https:\/\/www.oarcanjo.net\/site\/wp-json\/wp\/v2\/posts\/8264"}],"collection":[{"href":"https:\/\/www.oarcanjo.net\/site\/wp-json\/wp\/v2\/posts"}],"about":[{"href":"https:\/\/www.oarcanjo.net\/site\/wp-json\/wp\/v2\/types\/post"}],"author":[{"embeddable":true,"href":"https:\/\/www.oarcanjo.net\/site\/wp-json\/wp\/v2\/users\/14"}],"replies":[{"embeddable":true,"href":"https:\/\/www.oarcanjo.net\/site\/wp-json\/wp\/v2\/comments?post=8264"}],"version-history":[{"count":1,"href":"https:\/\/www.oarcanjo.net\/site\/wp-json\/wp\/v2\/posts\/8264\/revisions"}],"predecessor-version":[{"id":92971,"href":"https:\/\/www.oarcanjo.net\/site\/wp-json\/wp\/v2\/posts\/8264\/revisions\/92971"}],"wp:attachment":[{"href":"https:\/\/www.oarcanjo.net\/site\/wp-json\/wp\/v2\/media?parent=8264"}],"wp:term":[{"taxonomy":"category","embeddable":true,"href":"https:\/\/www.oarcanjo.net\/site\/wp-json\/wp\/v2\/categories?post=8264"},{"taxonomy":"post_tag","embeddable":true,"href":"https:\/\/www.oarcanjo.net\/site\/wp-json\/wp\/v2\/tags?post=8264"}],"curies":[{"name":"wp","href":"https:\/\/api.w.org\/{rel}","templated":true}]}}