
{"id":8267,"date":"2010-03-06T02:03:53","date_gmt":"2010-03-06T04:03:53","guid":{"rendered":"http:\/\/www.oarcanjo.net\/site\/?p=8267"},"modified":"2010-03-06T02:03:53","modified_gmt":"2010-03-06T04:03:53","slug":"chile-e-haiti-ainda-a-solidariedade","status":"publish","type":"post","link":"https:\/\/www.oarcanjo.net\/site\/chile-e-haiti-ainda-a-solidariedade\/","title":{"rendered":"Chile e Haiti: Ainda a Solidariedade"},"content":{"rendered":"<p>Dom Dem\u00e9trio Valentini<\/p>\n<p>Primeiro foi o Haiti, o pa\u00eds mais pobre da Am\u00e9rica Latina, sacudido por violento terremoto que deixou a cifra espantosa de mais de duzentos mil mortos.<\/p>\n<p>Agora \u00e9 o Chile, atingido por terremoto ainda mais forte, mas com seu epicentro um pouco mais distante de aglomerados urbanos.<\/p>\n<p>Ambos, por\u00e9m, com pesadas conseq\u00fc\u00eancias, que levar\u00e3o anos para serem reparadas. O mais tr\u00e1gico \u00e9 sempre o que n\u00e3o pode ser reparado, como a perda de vidas humanas.<\/p>\n<p>Em favor do Haiti, a CNBB em conjunto com a C\u00e1ritas lan\u00e7ou de imediato uma campanha, que teve ades\u00f5es surpreendentes, mostrando como nestes momentos emerge com for\u00e7a a solidariedade para com irm\u00e3os e irm\u00e3s v\u00edtimas dessas trag\u00e9dias.<\/p>\n<p>Agora para o Chile, a Caritas Brasileira se sente no compromisso de lan\u00e7ar campanha semelhante, mesmo que haja diferen\u00e7as not\u00e1veis a serem levadas em conta. Mas n\u00e3o \u00e9 o caso de fazer contas em cima das evidentes diferen\u00e7as. O apelo \u00e9 o mesmo: em ambos os casos, s\u00e3o irm\u00e3os e irm\u00e3s que est\u00e3o passando por grave prova\u00e7\u00e3o, diante da qual n\u00e3o podemos permanecer inertes, nem podemos ficar s\u00f3 nos sentimentos. Percebemos a necessidade de traduzir nossa solidariedade em gestos de ajuda concreta, por pequena que seja. Ela pode se multiplicar em surpreendentes energias nas pessoas que est\u00e3o diretamente envolvidas no socorro \u00e0s v\u00edtimas.<\/p>\n<p>Impressiona a seq\u00fc\u00eancia de trag\u00e9dias que est\u00e3o se abatendo pelo mundo. Muitas delas fora do nosso alcance como os terremotos e outros desastres naturais. Outras provocadas pela a\u00e7\u00e3o humana. Todas mostram o quanto nosso mundo est\u00e1 carente de solidariedade.<\/p>\n<p>Colocadas no contexto da campanha da fraternidade deste ano, sobre a economia e sua rela\u00e7\u00e3o com a vida, estas trag\u00e9dias refor\u00e7am a convic\u00e7\u00e3o de que a solidariedade n\u00e3o pode ser olhada como rem\u00e9dio espor\u00e1dico, ou componente ex\u00f3tico que enfeita um pouco o cotidiano das nossas refregas.<\/p>\n<p>A solidariedade precisa ser cultivada e implantada como parte integrante de todos os nossos relacionamentos humanos, mesmo aqueles mediados pelas diversas atividades econ\u00f4micas. A solidariedade n\u00e3o \u00e9 op\u00e7\u00e3o secund\u00e1ria e subjetiva, como tempero facultativo para um card\u00e1pio que a dispensa facilmente.<\/p>\n<p>Mesmo quando falamos de &#8220;economia solid\u00e1ria&#8221;, corremos o risco de vender a id\u00e9ia de que a solidariedade s\u00f3 \u00e9 componente de ensaios superficiais e perif\u00e9ricos de alternativas econ\u00f4micas, enquanto a economia deveria continuar sendo praticada sob o comando dos r\u00edgidos ditames do lucro e da explora\u00e7\u00e3o.<\/p>\n<p>O pr\u00f3prio mercado nasceu sob o signo da solidariedade, que levava as pessoas a oferecerem o que tinham em excesso, para outras que em troca cediam o que lhes sobrava. Dependendo da an\u00e1lise que a partir da\u00ed se faz do processo econ\u00f4mico, facilmente a solidariedade \u00e9 exclu\u00edda, ainda mais se aparecem outras refer\u00eancias que se dizem as verdadeiras promotoras da din\u00e2mica econ\u00f4mica.<\/p>\n<p>Pois bem, teorias \u00e0 parte, a evid\u00eancia \u00e9 esta: a solidariedade precisa se tornar conatural \u00e0 exist\u00eancia humana, e a todos os seus relacionamentos.<\/p>\n<p>Agora, por exemplo, com o terremoto no Chile, devia ser mais do que evidente que \u00e9 preciso colocar em a\u00e7\u00e3o nossa solidariedade. Nem deveria se aguardar a &#8220;autoriza\u00e7\u00e3o&#8221; de algu\u00e9m, como se a solidariedade fosse opcional. A C\u00e1ritas Brasileira tamb\u00e9m entende que o apelo \u00e9 evidente, e precisa ser respondido de imediato, sem aguardar autoriza\u00e7\u00f5es optativas. E\u00b4 a dimens\u00e3o humana que justifica a solidariedade, a servi\u00e7o da qual a C\u00e1ritas coloca mais esta campanha em favor agora do povo irm\u00e3o do Chile. Teremos a alegria de constatar a grande solidariedade do pr\u00f3prio povo chileno, reconstruindo seu pa\u00eds e deixando-o melhor do que estava antes do terremoto.<\/p>\n<p>Viva o povo chileno!<\/p>\n<div id=\"themify_builder_content-8267\" data-postid=\"8267\" class=\"themify_builder_content themify_builder_content-8267 themify_builder themify_builder_front\">\n\t<\/div>\n<!-- \/themify_builder_content -->","protected":false},"excerpt":{"rendered":"<p>Dom Dem\u00e9trio Valentini Primeiro foi o Haiti, o pa\u00eds mais pobre da Am\u00e9rica Latina, sacudido por violento terremoto que deixou a cifra espantosa de mais de duzentos mil mortos. Agora \u00e9 o Chile, atingido por terremoto ainda mais forte, mas com seu epicentro um pouco mais distante de aglomerados urbanos. Ambos, por\u00e9m, com pesadas conseq\u00fc\u00eancias, [&hellip;]<\/p>\n","protected":false},"author":5,"featured_media":0,"comment_status":"open","ping_status":"open","sticky":false,"template":"","format":"standard","meta":{"ngg_post_thumbnail":0,"footnotes":""},"categories":[9],"tags":[90,1493,63,1404,88,1405],"yoast_head":"<!-- This site is optimized with the Yoast SEO plugin v23.5 - https:\/\/yoast.com\/wordpress\/plugins\/seo\/ -->\n<title>Chile e Haiti: Ainda a Solidariedade - O Arcanjo no ar<\/title>\n<meta name=\"robots\" content=\"index, follow, max-snippet:-1, max-image-preview:large, max-video-preview:-1\" \/>\n<link rel=\"canonical\" href=\"https:\/\/www.oarcanjo.net\/site\/chile-e-haiti-ainda-a-solidariedade\/\" \/>\n<meta property=\"og:locale\" content=\"pt_BR\" \/>\n<meta property=\"og:type\" content=\"article\" \/>\n<meta property=\"og:title\" content=\"Chile e Haiti: Ainda a Solidariedade - O Arcanjo no ar\" \/>\n<meta property=\"og:description\" content=\"Dom Dem\u00e9trio Valentini Primeiro foi o Haiti, o pa\u00eds mais pobre da Am\u00e9rica Latina, sacudido por violento terremoto que deixou a cifra espantosa de mais de duzentos mil mortos. Agora \u00e9 o Chile, atingido por terremoto ainda mais forte, mas com seu epicentro um pouco mais distante de aglomerados urbanos. Ambos, por\u00e9m, com pesadas conseq\u00fc\u00eancias, [&hellip;]\" \/>\n<meta property=\"og:url\" content=\"https:\/\/www.oarcanjo.net\/site\/chile-e-haiti-ainda-a-solidariedade\/\" \/>\n<meta property=\"og:site_name\" content=\"O Arcanjo no ar\" \/>\n<meta property=\"article:publisher\" content=\"https:\/\/www.facebook.com\/OArcanjoNoAr\/\" \/>\n<meta property=\"article:published_time\" content=\"2010-03-06T04:03:53+00:00\" \/>\n<meta property=\"og:image\" content=\"https:\/\/www.oarcanjo.net\/site\/wp-content\/uploads\/logo-o-arcanjo-no-ar-facebook.png\" \/>\n\t<meta property=\"og:image:width\" content=\"300\" \/>\n\t<meta property=\"og:image:height\" content=\"300\" \/>\n\t<meta property=\"og:image:type\" content=\"image\/png\" \/>\n<meta name=\"author\" content=\"editor\" \/>\n<meta name=\"twitter:card\" content=\"summary_large_image\" \/>\n<meta name=\"twitter:label1\" content=\"Escrito por\" \/>\n\t<meta name=\"twitter:data1\" content=\"editor\" \/>\n\t<meta name=\"twitter:label2\" content=\"Est. tempo de leitura\" \/>\n\t<meta name=\"twitter:data2\" content=\"3 minutos\" \/>\n<script type=\"application\/ld+json\" class=\"yoast-schema-graph\">{\"@context\":\"https:\/\/schema.org\",\"@graph\":[{\"@type\":\"Article\",\"@id\":\"https:\/\/www.oarcanjo.net\/site\/chile-e-haiti-ainda-a-solidariedade\/#article\",\"isPartOf\":{\"@id\":\"https:\/\/www.oarcanjo.net\/site\/chile-e-haiti-ainda-a-solidariedade\/\"},\"author\":{\"name\":\"editor\",\"@id\":\"https:\/\/www.oarcanjo.net\/site\/#\/schema\/person\/f7024d007863202483a31326673a0838\"},\"headline\":\"Chile e Haiti: Ainda a Solidariedade\",\"datePublished\":\"2010-03-06T04:03:53+00:00\",\"dateModified\":\"2010-03-06T04:03:53+00:00\",\"mainEntityOfPage\":{\"@id\":\"https:\/\/www.oarcanjo.net\/site\/chile-e-haiti-ainda-a-solidariedade\/\"},\"wordCount\":653,\"commentCount\":0,\"publisher\":{\"@id\":\"https:\/\/www.oarcanjo.net\/site\/#organization\"},\"keywords\":[\"C\u00e1ritas\",\"Chile\",\"CNBB\",\"Haiti\",\"solidariedade\",\"terremoto\"],\"articleSection\":[\"Reflex\u00f5es\"],\"inLanguage\":\"pt-BR\",\"potentialAction\":[{\"@type\":\"CommentAction\",\"name\":\"Comment\",\"target\":[\"https:\/\/www.oarcanjo.net\/site\/chile-e-haiti-ainda-a-solidariedade\/#respond\"]}]},{\"@type\":\"WebPage\",\"@id\":\"https:\/\/www.oarcanjo.net\/site\/chile-e-haiti-ainda-a-solidariedade\/\",\"url\":\"https:\/\/www.oarcanjo.net\/site\/chile-e-haiti-ainda-a-solidariedade\/\",\"name\":\"Chile e Haiti: Ainda a Solidariedade - O Arcanjo no ar\",\"isPartOf\":{\"@id\":\"https:\/\/www.oarcanjo.net\/site\/#website\"},\"datePublished\":\"2010-03-06T04:03:53+00:00\",\"dateModified\":\"2010-03-06T04:03:53+00:00\",\"breadcrumb\":{\"@id\":\"https:\/\/www.oarcanjo.net\/site\/chile-e-haiti-ainda-a-solidariedade\/#breadcrumb\"},\"inLanguage\":\"pt-BR\",\"potentialAction\":[{\"@type\":\"ReadAction\",\"target\":[\"https:\/\/www.oarcanjo.net\/site\/chile-e-haiti-ainda-a-solidariedade\/\"]}]},{\"@type\":\"BreadcrumbList\",\"@id\":\"https:\/\/www.oarcanjo.net\/site\/chile-e-haiti-ainda-a-solidariedade\/#breadcrumb\",\"itemListElement\":[{\"@type\":\"ListItem\",\"position\":1,\"name\":\"In\u00edcio\",\"item\":\"https:\/\/www.oarcanjo.net\/site\/\"},{\"@type\":\"ListItem\",\"position\":2,\"name\":\"Chile e Haiti: Ainda a Solidariedade\"}]},{\"@type\":\"WebSite\",\"@id\":\"https:\/\/www.oarcanjo.net\/site\/#website\",\"url\":\"https:\/\/www.oarcanjo.net\/site\/\",\"name\":\"O Arcanjo no ar\",\"description\":\"Site da Par\u00f3quia S\u00e3o Miguel Arcanjo (Arquidiocese de SP)\",\"publisher\":{\"@id\":\"https:\/\/www.oarcanjo.net\/site\/#organization\"},\"potentialAction\":[{\"@type\":\"SearchAction\",\"target\":{\"@type\":\"EntryPoint\",\"urlTemplate\":\"https:\/\/www.oarcanjo.net\/site\/?s={search_term_string}\"},\"query-input\":{\"@type\":\"PropertyValueSpecification\",\"valueRequired\":true,\"valueName\":\"search_term_string\"}}],\"inLanguage\":\"pt-BR\"},{\"@type\":\"Organization\",\"@id\":\"https:\/\/www.oarcanjo.net\/site\/#organization\",\"name\":\"Par\u00f3quia S\u00e3o Miguel Arcanjo\",\"url\":\"https:\/\/www.oarcanjo.net\/site\/\",\"logo\":{\"@type\":\"ImageObject\",\"inLanguage\":\"pt-BR\",\"@id\":\"https:\/\/www.oarcanjo.net\/site\/#\/schema\/logo\/image\/\",\"url\":\"https:\/\/www.oarcanjo.net\/site\/wp-content\/uploads\/LogoOArcanjo.png\",\"contentUrl\":\"https:\/\/www.oarcanjo.net\/site\/wp-content\/uploads\/LogoOArcanjo.png\",\"width\":319,\"height\":99,\"caption\":\"Par\u00f3quia S\u00e3o Miguel Arcanjo\"},\"image\":{\"@id\":\"https:\/\/www.oarcanjo.net\/site\/#\/schema\/logo\/image\/\"},\"sameAs\":[\"https:\/\/www.facebook.com\/OArcanjoNoAr\/\"]},{\"@type\":\"Person\",\"@id\":\"https:\/\/www.oarcanjo.net\/site\/#\/schema\/person\/f7024d007863202483a31326673a0838\",\"name\":\"editor\",\"sameAs\":[\"http:\/\/www.oarcanjo.net\"]}]}<\/script>\n<!-- \/ Yoast SEO plugin. -->","yoast_head_json":{"title":"Chile e Haiti: Ainda a Solidariedade - O Arcanjo no ar","robots":{"index":"index","follow":"follow","max-snippet":"max-snippet:-1","max-image-preview":"max-image-preview:large","max-video-preview":"max-video-preview:-1"},"canonical":"https:\/\/www.oarcanjo.net\/site\/chile-e-haiti-ainda-a-solidariedade\/","og_locale":"pt_BR","og_type":"article","og_title":"Chile e Haiti: Ainda a Solidariedade - O Arcanjo no ar","og_description":"Dom Dem\u00e9trio Valentini Primeiro foi o Haiti, o pa\u00eds mais pobre da Am\u00e9rica Latina, sacudido por violento terremoto que deixou a cifra espantosa de mais de duzentos mil mortos. Agora \u00e9 o Chile, atingido por terremoto ainda mais forte, mas com seu epicentro um pouco mais distante de aglomerados urbanos. Ambos, por\u00e9m, com pesadas conseq\u00fc\u00eancias, [&hellip;]","og_url":"https:\/\/www.oarcanjo.net\/site\/chile-e-haiti-ainda-a-solidariedade\/","og_site_name":"O Arcanjo no ar","article_publisher":"https:\/\/www.facebook.com\/OArcanjoNoAr\/","article_published_time":"2010-03-06T04:03:53+00:00","og_image":[{"width":300,"height":300,"url":"https:\/\/www.oarcanjo.net\/site\/wp-content\/uploads\/logo-o-arcanjo-no-ar-facebook.png","type":"image\/png"}],"author":"editor","twitter_card":"summary_large_image","twitter_misc":{"Escrito por":"editor","Est. tempo de leitura":"3 minutos"},"schema":{"@context":"https:\/\/schema.org","@graph":[{"@type":"Article","@id":"https:\/\/www.oarcanjo.net\/site\/chile-e-haiti-ainda-a-solidariedade\/#article","isPartOf":{"@id":"https:\/\/www.oarcanjo.net\/site\/chile-e-haiti-ainda-a-solidariedade\/"},"author":{"name":"editor","@id":"https:\/\/www.oarcanjo.net\/site\/#\/schema\/person\/f7024d007863202483a31326673a0838"},"headline":"Chile e Haiti: Ainda a Solidariedade","datePublished":"2010-03-06T04:03:53+00:00","dateModified":"2010-03-06T04:03:53+00:00","mainEntityOfPage":{"@id":"https:\/\/www.oarcanjo.net\/site\/chile-e-haiti-ainda-a-solidariedade\/"},"wordCount":653,"commentCount":0,"publisher":{"@id":"https:\/\/www.oarcanjo.net\/site\/#organization"},"keywords":["C\u00e1ritas","Chile","CNBB","Haiti","solidariedade","terremoto"],"articleSection":["Reflex\u00f5es"],"inLanguage":"pt-BR","potentialAction":[{"@type":"CommentAction","name":"Comment","target":["https:\/\/www.oarcanjo.net\/site\/chile-e-haiti-ainda-a-solidariedade\/#respond"]}]},{"@type":"WebPage","@id":"https:\/\/www.oarcanjo.net\/site\/chile-e-haiti-ainda-a-solidariedade\/","url":"https:\/\/www.oarcanjo.net\/site\/chile-e-haiti-ainda-a-solidariedade\/","name":"Chile e Haiti: Ainda a Solidariedade - O Arcanjo no ar","isPartOf":{"@id":"https:\/\/www.oarcanjo.net\/site\/#website"},"datePublished":"2010-03-06T04:03:53+00:00","dateModified":"2010-03-06T04:03:53+00:00","breadcrumb":{"@id":"https:\/\/www.oarcanjo.net\/site\/chile-e-haiti-ainda-a-solidariedade\/#breadcrumb"},"inLanguage":"pt-BR","potentialAction":[{"@type":"ReadAction","target":["https:\/\/www.oarcanjo.net\/site\/chile-e-haiti-ainda-a-solidariedade\/"]}]},{"@type":"BreadcrumbList","@id":"https:\/\/www.oarcanjo.net\/site\/chile-e-haiti-ainda-a-solidariedade\/#breadcrumb","itemListElement":[{"@type":"ListItem","position":1,"name":"In\u00edcio","item":"https:\/\/www.oarcanjo.net\/site\/"},{"@type":"ListItem","position":2,"name":"Chile e Haiti: Ainda a Solidariedade"}]},{"@type":"WebSite","@id":"https:\/\/www.oarcanjo.net\/site\/#website","url":"https:\/\/www.oarcanjo.net\/site\/","name":"O Arcanjo no ar","description":"Site da Par\u00f3quia S\u00e3o Miguel Arcanjo (Arquidiocese de SP)","publisher":{"@id":"https:\/\/www.oarcanjo.net\/site\/#organization"},"potentialAction":[{"@type":"SearchAction","target":{"@type":"EntryPoint","urlTemplate":"https:\/\/www.oarcanjo.net\/site\/?s={search_term_string}"},"query-input":{"@type":"PropertyValueSpecification","valueRequired":true,"valueName":"search_term_string"}}],"inLanguage":"pt-BR"},{"@type":"Organization","@id":"https:\/\/www.oarcanjo.net\/site\/#organization","name":"Par\u00f3quia S\u00e3o Miguel Arcanjo","url":"https:\/\/www.oarcanjo.net\/site\/","logo":{"@type":"ImageObject","inLanguage":"pt-BR","@id":"https:\/\/www.oarcanjo.net\/site\/#\/schema\/logo\/image\/","url":"https:\/\/www.oarcanjo.net\/site\/wp-content\/uploads\/LogoOArcanjo.png","contentUrl":"https:\/\/www.oarcanjo.net\/site\/wp-content\/uploads\/LogoOArcanjo.png","width":319,"height":99,"caption":"Par\u00f3quia S\u00e3o Miguel Arcanjo"},"image":{"@id":"https:\/\/www.oarcanjo.net\/site\/#\/schema\/logo\/image\/"},"sameAs":["https:\/\/www.facebook.com\/OArcanjoNoAr\/"]},{"@type":"Person","@id":"https:\/\/www.oarcanjo.net\/site\/#\/schema\/person\/f7024d007863202483a31326673a0838","name":"editor","sameAs":["http:\/\/www.oarcanjo.net"]}]}},"publishpress_future_action":{"enabled":false,"date":"2026-05-10 10:02:39","action":"category","newStatus":"draft","terms":[],"taxonomy":"category"},"publishpress_future_workflow_manual_trigger":{"enabledWorkflows":[]},"_links":{"self":[{"href":"https:\/\/www.oarcanjo.net\/site\/wp-json\/wp\/v2\/posts\/8267"}],"collection":[{"href":"https:\/\/www.oarcanjo.net\/site\/wp-json\/wp\/v2\/posts"}],"about":[{"href":"https:\/\/www.oarcanjo.net\/site\/wp-json\/wp\/v2\/types\/post"}],"author":[{"embeddable":true,"href":"https:\/\/www.oarcanjo.net\/site\/wp-json\/wp\/v2\/users\/5"}],"replies":[{"embeddable":true,"href":"https:\/\/www.oarcanjo.net\/site\/wp-json\/wp\/v2\/comments?post=8267"}],"version-history":[{"count":0,"href":"https:\/\/www.oarcanjo.net\/site\/wp-json\/wp\/v2\/posts\/8267\/revisions"}],"wp:attachment":[{"href":"https:\/\/www.oarcanjo.net\/site\/wp-json\/wp\/v2\/media?parent=8267"}],"wp:term":[{"taxonomy":"category","embeddable":true,"href":"https:\/\/www.oarcanjo.net\/site\/wp-json\/wp\/v2\/categories?post=8267"},{"taxonomy":"post_tag","embeddable":true,"href":"https:\/\/www.oarcanjo.net\/site\/wp-json\/wp\/v2\/tags?post=8267"}],"curies":[{"name":"wp","href":"https:\/\/api.w.org\/{rel}","templated":true}]}}