
{"id":8271,"date":"2019-03-12T00:50:26","date_gmt":"2019-03-12T03:50:26","guid":{"rendered":"http:\/\/www.oarcanjo.net\/site\/?p=8271"},"modified":"2019-02-20T08:06:31","modified_gmt":"2019-02-20T11:06:31","slug":"sao-luis-orione","status":"publish","type":"post","link":"https:\/\/www.oarcanjo.net\/site\/sao-luis-orione\/","title":{"rendered":"S\u00e3o Lu\u00eds Orione"},"content":{"rendered":"<p><img loading=\"lazy\" decoding=\"async\" class=\"alignnone size-full wp-image-69502\" src=\"http:\/\/www.oarcanjo.net\/site\/wp-content\/uploads\/Sao-Luis-Orione.jpg\" alt=\"S\u00e3o Lu\u00eds Orione\" width=\"350\" height=\"336\" srcset=\"https:\/\/www.oarcanjo.net\/site\/wp-content\/uploads\/Sao-Luis-Orione.jpg 350w, https:\/\/www.oarcanjo.net\/site\/wp-content\/uploads\/Sao-Luis-Orione-300x288.jpg 300w\" sizes=\"(max-width: 350px) 100vw, 350px\" \/><\/p>\n<p>12 de Mar\u00e7o<\/p>\n<p>No dia 23 de junho de 1872, no vilarejo italiano de Pontecurone, nasceu o quarto filho do casal Vit\u00f3rio Orione e Carolina Feltri: Jo\u00e3o Luis Orione. Foi batizado no dia seguinte, 24 de junho, festa de S\u00e3o Jo\u00e3o, na Par\u00f3quia de Santa Maria da Assun\u00e7\u00e3o, tendo como padrinho seu irm\u00e3o mais velho, Benedetto.<\/p>\n<p>\u00c0 fam\u00edlia Orione n\u00e3o faltava o necess\u00e1rio, mas era pobre, entre as mais pobres do vilarejo. Dizia S\u00e3o Luis Orione: \u201cEntre as gra\u00e7as que o Senhor me concedeu, eu tive aquela de ter nascido pobre. Os meus sempre trabalharam para poder comer\u201d. Esta era a situa\u00e7\u00e3o comum \u00e0 grande maioria dos seus conterr\u00e2neos.<\/p>\n<p>Seu pai Vit\u00f3rio, era calceteiro, e por isso passava muito tempo longe da fam\u00edlia, apesar de ser muito ligado a ela. Embora n\u00e3o sendo um cat\u00f3lico praticante, n\u00e3o era privado do sentido religioso, ajudou a intuir em Dom Orione o sentido da generosidade, da retid\u00e3o, do trabalho bem feito e da predile\u00e7\u00e3o para com o mundo dos pobres.<\/p>\n<p>Carolina Feltri teve uma fun\u00e7\u00e3o muito importante na forma\u00e7\u00e3o religiosa de Luis Orione, pois se destacava pela assiduidade \u00e0s pr\u00e1ticas religiosas. \u00c9 descrita como uma mulher simples, espont\u00e2nea, reta e muito sens\u00edvel aos pobres. Seu m\u00e9todo educativo era baseado na religi\u00e3o e na piedade. A devo\u00e7\u00e3o mariana de Dom Orione tem sua origem em sua m\u00e3e.<\/p>\n<p>Desde muito cedo, Luiz Orione j\u00e1 revelava ser uma crian\u00e7a extraordin\u00e1ria, pois muito precocemente, advertiu sua fam\u00edlia para o chamado de sua miss\u00e3o: seguir Jesus Cristo atrav\u00e9s do sacerd\u00f3cio.<\/p>\n<p>O primeiro momento de sua forma\u00e7\u00e3o sacerdotal se deu no semin\u00e1rio dos frades franciscanos, onde seu esp\u00edrito foi moldado de ilimitada obedi\u00eancia, amor e devo\u00e7\u00e3o \u00e0 autoridade da Igreja, o Papa. No entanto, em abril de 1886, foi acometido por uma grave pneumonia, que amea\u00e7ou sua vida, levando-o \u00e0 beira da morte. Devido a sua debilita\u00e7\u00e3o, os frades decidiram envi\u00e1-lo de volta para junto da fam\u00edlia.<\/p>\n<p>Um tempo de trabalho junto com o pai no servi\u00e7o rude de cal\u00e7ar estradas e assentar paralelep\u00edpedos valeu-lhe nova sa\u00fade. Pouco tempo depois, foi cursar o gin\u00e1sio em Turim, aluno de Dom Bosco. L\u00e1 descobriu os mist\u00e9rios da f\u00e9 e entregou-se com confian\u00e7a ao mestre, que o tinha entre os mais queridos. Dom Bosco faleceu em 1888, mas continuou vivo na mente e no cora\u00e7\u00e3o de Dom Orione.<br \/>\nNo momento de decidir entre o noviciado salesiano e o semin\u00e1rio, foi tomado por uma profunda ang\u00fastia. Superou a crise com um dos seus famosos sonhos, no qual apareceu para confort\u00e1-lo Dom Bosco, trazendo nos bra\u00e7os uma veste que deixou cair nos ombros de Luis Orione. Finalmente estava certo de que o Senhor o queria no semin\u00e1rio. Entra assim, no semin\u00e1rio de Tortona em 1889.<\/p>\n<p>Uma longa doen\u00e7a atingiu seu pai, que veio a falecer em 1892. Sua m\u00e3e, Carolina, viu desaparecer suas economias, de tal modo que Luiz, para continuar os estudos, ocupou um dos tr\u00eas lugares de guardi\u00e3o da catedral de Tortona \u2013 servi\u00e7o reservado aos seminaristas mais pobres. Recebia doze liras mensalmente, das quais a metade dava para outro seminarista que estava em situa\u00e7\u00e3o mais dif\u00edcil que a sua. E \u00e9 justamente na sacristia daquela catedral que ele d\u00e1 in\u00edcio a sua grande obra de Ap\u00f3stolo e Educador.<\/p>\n<p>Em abril de 1892, veio-lhe ao encontro uma crian\u00e7a expulsa da aula de catecismo da Par\u00f3quia S\u00e3o Miguel (Tortona). Sentindo-se acolhido pelo cl\u00e9rigo Orione, o garoto retornou, acompanhado de outros colegas.<\/p>\n<p>Mais tarde, o bispo, Monsenhor Bandi, concedeu-lhe os jardins da casa episcopal. Foi o primeiro Orat\u00f3rio que apareceu na Diocese de Tortona. No dia 03 de julho de 1892 foi feita a inaugura\u00e7\u00e3o solene do mesmo, com a presen\u00e7a de dois bispos, padres e seminaristas. O cl\u00e9rigo Luiz Orione, aos vinte anos de idade, pronunciou o seu primeiro discurso para a multid\u00e3o ali presente, sobre o tema: \u201cCristo, Maria, Papa e Almas\u201d. Assim se inicia o Orat\u00f3rio Festivo S\u00e3o Luis, ber\u00e7o da futura Obra de Dom Orione.<\/p>\n<p>Em outubro de 1893, foi fundado o primeiro col\u00e9gio para menores abandonados, no bairro de S\u00e3o Bernardino de Tortona, com quarenta jovens, dentre os quais alguns queriam ser padres, mas n\u00e3o podiam pagar a mensalidade do semin\u00e1rio. \u00c9 a primeira funda\u00e7\u00e3o da Pequena Obra da Divina Provid\u00eancia que hoje se encontra espalhada por mais de duas dezenas de pa\u00edses. S\u00e3o Luis Orione foi modelo de f\u00e9 e abandono na Provid\u00eancia.<\/p>\n<p>No dia 13 de abril de 1895 foi ordenado sacerdote e continuou dirigindo sua f\u00e9 e seu amor a Deus, no sentido mais realista e concreto. Foi um homem \u201cp\u00e9 no ch\u00e3o\u201d. Com um cora\u00e7\u00e3o bondoso e sem limites via os problemas e sofrimentos das popula\u00e7\u00f5es indefesas, criando mecanismos para defend\u00ea-las. Via as ang\u00fastias secretas dos indiv\u00edduos e sabia confort\u00e1-los.<\/p>\n<p>Suas aten\u00e7\u00f5es especiais foram para os seguintes grupos: os menores abandonados, os doentes, os idosos sem recursos e os rejeitados da sociedade e seus quatro amores eram: Jesus, Maria, O Papa e as Almas (pessoas mais pobres, mais necessitadas).<br \/>\nSua frase mais repetida \u00e9: \u201cFazer o bem sempre, o bem a todos, o mal nunca a ningu\u00e9m\u201d.<\/p>\n<p>Dom Orione, na sua grande preocupa\u00e7\u00e3o em servir ao pr\u00f3ximo, esquecia-se de sua sa\u00fade, que inspirava cuidados, devido aos problemas que sofria do cora\u00e7\u00e3o. A Congrega\u00e7\u00e3o preocupada com esse fato procurava convenc\u00ea-lo a ir para um lugar mais tranq\u00fcilo, onde pudesse repousar. No entanto, sua vontade era estar junto aos pobres e necessitados. Dizia ele: \u201cQuero morrer entre os pobres e n\u00e3o entre as palmeiras\u201d. Em obedi\u00eancia aos seus confrades e cedendo a insist\u00eancia dos mesmos, foi para San Remo, onde veio a falecer quatro dias depois, sereno e tranquilo, proferindo as palavras:\u201dJesus, Jesus, Jesus\u201d. Era 12 de mar\u00e7o de 1940.<\/p>\n<p>Depois de sua morte o corpo de Dom Orione foi guardado numa cripta, no subterr\u00e2neo do Santu\u00e1rio de Tortona. Ap\u00f3s aproximadamente 25 anos, houve uma grande enchente que inundou o local onde estava guardado o corpo. Com o objetivo de limpar o local, foi aberta a cripta e tiveram uma grande surpresa: seu corpo estava intacto. Depois de v\u00e1rios procedimentos e muitas an\u00e1lises o corpo foi liberado para ser exposto a visita\u00e7\u00e3o, numa redoma de vidro, no Santu\u00e1rio de Tortona, de onde, no dia 16 de maio, dia de sua santifica\u00e7\u00e3o foi levado para Roma.<\/p>\n<p>Depois dessa descoberta, os seus seguidores se sentiram ainda mais inspirados para v\u00ea-lo proclamado santo. Iniciando assim, um longo processo de santifica\u00e7\u00e3o, composto de tr\u00eas passos importantes: o primeiro \u00e9 aquele em que a Igreja reconhece as virtudes crist\u00e3s heroicamente e o declara Vener\u00e1vel ou Servo de Deus, que aconteceu no dia 06 de fevereiro de 1978. O segundo foi a Beatifica\u00e7\u00e3o ocorrida em 26 de outubro de 1980, pelo reconhecimento de um milagre sucedido com Giorgio Passamonti, que entra em estado de coma totalmente irremedi\u00e1vel. Nessa situa\u00e7\u00e3o de desespero a m\u00e3e recorre a Dom Orione e alguns dias depois o rapaz sai do coma, para espanto dos m\u00e9dicos, recuperando completamente a sa\u00fade.<\/p>\n<p>O \u00faltimo passo foi o segundo milagre aceito pelo Vaticano e que o levou aos altares. Em 1990, Pierino Penacca de Monperone, adoeceu e ao realizar diversos exames descobriu que possu\u00eda um c\u00e2ncer pulmonar. Como n\u00e3o resistiria ao tratamento que seria feito a base de quimioterapia ou radioterapia, por causa da idade avan\u00e7ada (77 anos), o conselho dos m\u00e9dicos \u00e9 que deixassem o paciente a vontade. Depois de muitas ora\u00e7\u00f5es e novenas, pedindo a intercess\u00e3o de S\u00e3o Luis Orione, Pierino que tinha certeza que seria atendido, inexplicavelmente recupera a sa\u00fade e passa por novos exames, onde \u00e9 diagnosticado que estava curado da doen\u00e7a. Foi um milagre, pois n\u00e3o conseguiram explica\u00e7\u00f5es em termos m\u00e9dicos.<\/p>\n<p>Depois desse milagre, o papa Jo\u00e3o Paulo II, assinou o pedido feito por seus seguidores para que Jo\u00e3o Luis Orione, padre fundador da Pequena Obra da Divina Provid\u00eancia, fosse considerado santo. Em 16 de maio de 2004, o beato Dom Orione, foi considerado santo. S\u00e3o Luis Orione.<\/p>\n<p>Lembrando que a santidade \u00e9 conquistada pela viv\u00eancia do Evangelho, isto \u00e9, colocando em pr\u00e1tica a proposta de vida de Jesus, e esse chamado \u00e9 para todos n\u00f3s. E S\u00e3o Luis Orione obedeceu ao chamado de Deus, dando o seu sim.<\/p>\n<p><img loading=\"lazy\" decoding=\"async\" src=\"http:\/\/4.bp.blogspot.com\/_eyM9NmSOva8\/S4084KfQqnI\/AAAAAAAACjQ\/TKm-7EYBs-c\/S1600-R\/testata_preghiera2.jpg\" alt=\"\" width=\"683\" height=\"136\" \/><\/p>\n<p><img decoding=\"async\" src=\"http:\/\/www.fimdostempos.net\/incorruptos\/foto_orione.JPG\" alt=\"\" \/><\/p>\n<div>\n<table id=\"AutoNumber1\" border=\"0\" width=\"60%\" cellspacing=\"0\" cellpadding=\"0\">\n<tbody>\n<tr>\n<td width=\"100%\"><span style=\"font-size: medium\">Dois Santos, uma\u00a0mensagem para a It\u00e1lia e para o mundo<\/span><\/p>\n<p><span style=\"font-size: medium\">A hist\u00f3ria da It\u00e1lia contempor\u00e2nea recebeu uma contribui\u00e7\u00e3o not\u00e1vel do testemunho de padre An\u00edbal Maria Di Francia e de Dom Lu\u00eds Orione, unidos pelo terremoto de Messina de 1908 e pela santidade.<\/span><\/p>\n<p><strong>de padre Flavio Peloso<br \/>\n<\/strong><em>postulador-geral da Pequena Obra da Divina Provid\u00eancia<\/em><\/p>\n<p><img decoding=\"async\" src=\"http:\/\/www.30giorni.it\/foto\/1087475485328.jpg\" alt=\"\" border=\"0\" \/><\/p>\n<p><strong>An\u00edbal Maria Di Francia e Dom Lu\u00eds Orione<\/strong><\/p>\n<table border=\"0\" width=\"1%\" cellspacing=\"0\" cellpadding=\"0\" align=\"left\">\n<tbody>\n<tr>\n<td><\/td>\n<\/tr>\n<tr>\n<td><\/td>\n<td rowspan=\"2\"><\/td>\n<\/tr>\n<tr>\n<td><\/td>\n<\/tr>\n<\/tbody>\n<\/table>\n<p><strong>O <\/strong>que fez com que Dom Orione e padre An\u00edbal se encontrassem foi o terr\u00edvel terremoto que, \u00e0s 5h20 da manh\u00e3 de 28 de dezembro de 1908, sacudindo a terra por 37 segundos, deixou cerca de 80 mil mortos entre os destro\u00e7os das cidades italianas de R\u00e9gio Cal\u00e1bria e Messina.<br \/>\nEm Messina, a cidade da dor, o padre vindo do norte encontrou o c\u00f4nego An\u00edbal Maria Di Francia para, juntos, escreveram uma das mais gloriosas p\u00e1ginas da tr\u00e1gica hist\u00f3ria de Messina: l\u00e1, salvaram muitas pessoas do desespero, deram um futuro a uma multid\u00e3o de \u00f3rf\u00e3os, organizaram a solidariedade de tantas pessoas generosas provenientes de toda a It\u00e1lia. Dom Orione, depois nomeado vig\u00e1rio-geral da diocese por sugest\u00e3o expressa do Papa, encontrou resist\u00eancias, adversidades; chegou at\u00e9 a sofrer um atentado. A seu lado, como um anjo da guarda, a aconselh\u00e1-lo e defend\u00ea-lo das m\u00e1s inten\u00e7\u00f5es de aproveitadores indig\u00adnos, estava sempre padre An\u00edbal. Dos escombros do desastroso terremoto, lan\u00e7aram uma ponte de solidariedade entre o norte e o sul da It\u00e1lia.<br \/>\nA unidade da It\u00e1lia &#8211; ainda t\u00e3o fr\u00e1gil e contestada tanto no Norte quanto no Sul no tempo de nossos dois protagonistas &#8211; foi feita tamb\u00e9m por santos como padre An\u00edbal Di Francia e padre Lu\u00eds Orione. Massimo d\u2019Azeglio deixou em todos os livros de hist\u00f3ria da It\u00e1lia uma m\u00e1xima que pronunciou no dia seguinte \u00e0 unifica\u00e7\u00e3o do pa\u00eds: \u201cA It\u00e1lia est\u00e1 feita, agora devemos fazer os italianos\u201d. Para dizer a verdade, a It\u00e1lia j\u00e1 estava feita, e os italianos tamb\u00e9m. Mas, no tempo de padre An\u00edbal e Dom Orione, a It\u00e1lia ainda estava profundamente dividida: isso \u00e9 preciso reconhecer. N\u00e3o haviam sido suficientes os inescrupulosos comandantes de armas, ao estilo de Garibaldi; n\u00e3o fora suficiente a a\u00e7\u00e3o de h\u00e1beis artes\u00e3os da pol\u00edtica, como Cavour e Giolitti; n\u00e3o tivera influ\u00eancia profunda a consciente opera\u00e7\u00e3o de identifica\u00e7\u00e3o nacional constru\u00edda em torno da monarquia dos Sav\u00f3ia e de outros s\u00edmbolos coletivos; muito menos haviam sido determinantes os interesses econ\u00f4micos que, por sua natureza, s\u00e3o elitistas.<br \/>\nO que faltava para que se fizesse a unidade era a fraternidade, verdadeiro e insubstitu\u00edvel fundamento da unidade. Uma fraternidade n\u00e3o idealista ou pietista, mas conjugada ao respeito pelas culturas, \u00e0 solidariedade e \u00e0 paci\u00eancia em primeiro lugar e, em seguida, \u00e0 promo\u00e7\u00e3o das diferen\u00e7as. E poucos eventos contribu\u00edram tanto para estimular essa fraternidade na It\u00e1lia nos primeiros anos do s\u00e9culo XX quanto a dor padecida pelo povo das regi\u00f5es da Cal\u00e1bria e da Sic\u00edlia com o terremoto de 1908, e a solidariedade expressada por pessoas generosas provenientes de toda a It\u00e1lia entre as ru\u00ednas daqueles vilarejos. Em R\u00e9gio Cal\u00e1bria e em Messina, nos anos que se seguiram ao terremoto, falavam-se todos os dialetos da It\u00e1lia, ao lado do italiano elegante e culto dos v\u00e1rios Tommaso Gallarati Scotti, Aiace Alfieri, Gabriella Spalletti Rasponi, Zileri Dal Verme, Gina e Bice Tincani e outros.<\/p>\n<p><img decoding=\"async\" src=\"http:\/\/www.30giorni.it\/foto\/1087474168375.jpg\" alt=\"\" border=\"0\" \/><\/p>\n<table border=\"0\" width=\"1%\" cellspacing=\"0\" cellpadding=\"0\" align=\"right\">\n<tbody>\n<tr>\n<td><\/td>\n<\/tr>\n<tr>\n<td rowspan=\"2\"><\/td>\n<td><\/td>\n<\/tr>\n<tr>\n<td><\/td>\n<\/tr>\n<\/tbody>\n<\/table>\n<p><strong>Messina, atingida pelo terremoto de 1908<\/strong><\/p>\n<p>A unidade da It\u00e1lia foi feita tamb\u00e9m por homens como Dom Orione, que funda uma congrega\u00e7\u00e3o, deixa tudo, inclusive os preconceitos populares e sociol\u00f3gicos que alimentavam um absurdo racismo entre o Norte e o Sul, desce do Piemonte para a Sic\u00edlia e, l\u00e1, permanece por tr\u00eas anos; sofre em sua pele os preconceitos que tamb\u00e9m est\u00e3o presentes no mundo cat\u00f3lico e no clero, mas ama aquele povo e d\u00e1 um testemunho de fraternidade que permanecer\u00e1 indel\u00e9vel. A unidade da It\u00e1lia foi feita tamb\u00e9m por padre An\u00edbal Di Francia, que, por uma superior sintonia espiritual, estreita amizade com aquele \u201cpadre setentrional\u201d, aconselha-o e o defende, mesmo ao custo de ser tratado como um estranho por seus pr\u00f3prios concidad\u00e3os, e, surpreendentemente, empresta uma enorme soma \u00e0quele pobre padre do norte, para que compre uma casa em Br\u00e1, naquela regi\u00e3o do Piemonte que ainda era vista como usurpadora e aproveitadora na Sic\u00edlia.<br \/>\nCertamente, a hist\u00f3ria da It\u00e1lia na Idade Contempor\u00e2nea recebeu uma contribui\u00e7\u00e3o not\u00e1vel do testemunho de padre An\u00edbal Di Francia e de padre Lu\u00eds Orione, unidos pelo terremoto e pela santidade. Com sua amizade e seu servi\u00e7o, mostraram que a fraternidade, premissa de toda e qualquer unidade social verdadeira e duradoura, tem suas ra\u00edzes na superior paternidade de Deus, que os dois santos adoraram em sua alma e amaram nos irm\u00e3os.<\/p>\n<p>Uma carta in\u00e9dita do c\u00d4nego Di Francia a Dom Orione<\/p>\n<p>I.M.I. Sava, 18.9.1909<\/p>\n<p><em>Meu estimad\u00edssimo P. Orione,<\/em><br \/>\n<em>Recebi com grande alegria, por interm\u00e9dio do car\u00edssimo C\u00f4n. Vitale, que veio a Oria, a not\u00edcia de que V. Rev.\u00aa assumiu, na nossa aus\u00eancia, a Dire\u00e7\u00e3o dos nossos Institutos!<\/em><br \/>\n<em>A partir deste momento, portanto, estamos todos sujeitos a sua s\u00e1bia Dire\u00e7\u00e3o, e V. Rev.\u00aa \u00e9 proclamado nosso Diretor-Geral. Abrace em seu cora\u00e7\u00e3o apost\u00f3lico esta outra Obra como sua, e impulsione-a no caminho de sua dupla finalidade, religiosa e beneficente, mediante suas ora\u00e7\u00f5es ardentes, seus conselhos, suas instru\u00e7\u00f5es e suas ordens. Todos e todas, de todas as casas, estamos prontos, com a ajuda do Senhor, para a sua Obedi\u00eancia. Espero agora que o Cora\u00e7\u00e3o Sant\u00edssimo de Jesus queira conceder-nos as gra\u00e7as que minha indignidade n\u00e3o p\u00f4de obter, e traga reparo a tantos e tantos males que produzi&#8230;<\/em><br \/>\n<em>Apresento a V. Rev.\u00aa, ao lado de todo o pessoal de nossas sete casas diminutas, o sagrado Estandarte sobre o qual est\u00e1 escrito: \u201cRogate ergo Dominum messis ut mittat Operarios in messem suam\u201d. Essa Palavra Divina sa\u00edda do Divino Zelo, no qual est\u00e1 contido um grande segredo de salva\u00e7\u00e3o para a Igreja e para a Sociedade, V. Rev.\u00aa a co\u00adlha da boca ador\u00e1vel do Redentor Divino, como n\u00f3s a colhemos e imprimimos em nossos cora\u00e7\u00f5es para formar a partir dela uma sant\u00edssima miss\u00e3o; e que dela se fa\u00e7a Ap\u00f3stolo e pregoeiro.<\/em><br \/>\n<em>Estou em Sava, a 10 quil\u00f4metros de Oria, onde v\u00e1rias pessoas fervem e trabalham para formar uma Casa das nossas Irm\u00e3s.<\/em><br \/>\n<em>Pe\u00e7o-lhe a S. B\u00ean\u00e7\u00e3o, beijo-lhe as m\u00e3os, e me reafirmo:<\/em><\/p>\n<p>Seu humil\u00edssimo servo<br \/>\nC\u00f4n. M. A. Di Francia<\/p>\n<p>Um escrito\u00a0 de Dom Orione<\/p>\n<p><em>Os sicilianos, quando eu falava ao Papa [Pio X], tinham Santos aut\u00eanticos. Havia um Santo: o C\u00f4nego Di Francia, que aqui esteve [em Tortona] e tamb\u00e9m em Vila Moffa, pregando os Exerc\u00edcios Espirituais aos Sacerdotes e aos Cl\u00e9rigos. Trabalha-se agora em sua causa de Beatifica\u00e7\u00e3o.<\/em><br \/>\n<em>Se eu comprei a Moffa, pude faz\u00ea-lo porque esse C\u00f4nego veio em meu aux\u00edlio. Comprei Moffa quando ainda estava em Messina. Moffa custou 12 ou 17 mil liras, n\u00e3o me lembro bem. Mudaram os tempos e o valor da moeda. Faltavam-me ainda 5 mil liras, que me foram emprestadas pelo C\u00f4nego Di Francia e depois devolvidas. Pensem no que era isso para um piemont\u00eas que vivia em Messina! Dizer \u201cpiemont\u00eas\u201d e dizer inimigo da Santa Igreja, naquela \u00e9poca, era a mesma coisa. Naquela \u00e9poca, e ao menos durante algumas dezenas de anos depois, dizer piemont\u00eas era como dizer inimigo do Papa, pois o movimento revolucion\u00e1rio contra o Papa come\u00e7ara no Piemonte, em Turim.<\/em><br \/>\n<em>E depois o C\u00f4nego Di Francia foi da Sic\u00edlia at\u00e9 Moffa para pregar os Exerc\u00edcios, e me disse uma coisa. Mas isso eu n\u00e3o lhes digo. [Todos prestam aten\u00e7\u00e3o para ver se ele dir\u00e1. Dom Orione p\u00e1ra um momento para pensar e depois, sorrindo, pergunta] Ent\u00e3o, nenhum de voc\u00eas estava em Moffa? [Respondem que n\u00e3o] Ah, ent\u00e3o eu posso lhes dizer. Ele me disse: \u201cTome cuidado, pois aqui h\u00e1 uns malandros que fingem ter piedade, que fingem uma voca\u00e7\u00e3o que n\u00e3o t\u00eam: n\u00e3o confie muito nos pesco\u00e7os tortos. Quanto mais tiverem o pesco\u00e7o torto, menos se pode confiar\u201d. Esse foi o lembrete que aquele Santo me deu: n\u00e3o confie nos pesco\u00e7os tortos.<\/em><\/td>\n<\/tr>\n<\/tbody>\n<\/table>\n<\/div>\n<div id=\"themify_builder_content-8271\" data-postid=\"8271\" class=\"themify_builder_content themify_builder_content-8271 themify_builder themify_builder_front\">\n\t<\/div>\n<!-- \/themify_builder_content -->","protected":false},"excerpt":{"rendered":"<p>12 de Mar\u00e7o No dia 23 de junho de 1872, no vilarejo italiano de Pontecurone, nasceu o quarto filho do casal Vit\u00f3rio Orione e Carolina Feltri: Jo\u00e3o Luis Orione. Foi batizado no dia seguinte, 24 de junho, festa de S\u00e3o Jo\u00e3o, na Par\u00f3quia de Santa Maria da Assun\u00e7\u00e3o, tendo como padrinho seu irm\u00e3o mais velho, [&hellip;]<\/p>\n","protected":false},"author":14,"featured_media":0,"comment_status":"open","ping_status":"open","sticky":false,"template":"","format":"standard","meta":{"ngg_post_thumbnail":0,"footnotes":""},"categories":[186],"tags":[],"yoast_head":"<!-- This site is optimized with the Yoast SEO plugin v23.5 - https:\/\/yoast.com\/wordpress\/plugins\/seo\/ -->\n<title>S\u00e3o Lu\u00eds Orione - O Arcanjo no ar<\/title>\n<meta name=\"robots\" content=\"index, follow, max-snippet:-1, max-image-preview:large, max-video-preview:-1\" \/>\n<link rel=\"canonical\" href=\"https:\/\/www.oarcanjo.net\/site\/sao-luis-orione\/\" \/>\n<meta property=\"og:locale\" content=\"pt_BR\" \/>\n<meta property=\"og:type\" content=\"article\" \/>\n<meta property=\"og:title\" content=\"S\u00e3o Lu\u00eds Orione - O Arcanjo no ar\" \/>\n<meta property=\"og:description\" content=\"12 de Mar\u00e7o No dia 23 de junho de 1872, no vilarejo italiano de Pontecurone, nasceu o quarto filho do casal Vit\u00f3rio Orione e Carolina Feltri: Jo\u00e3o Luis Orione. Foi batizado no dia seguinte, 24 de junho, festa de S\u00e3o Jo\u00e3o, na Par\u00f3quia de Santa Maria da Assun\u00e7\u00e3o, tendo como padrinho seu irm\u00e3o mais velho, [&hellip;]\" \/>\n<meta property=\"og:url\" content=\"https:\/\/www.oarcanjo.net\/site\/sao-luis-orione\/\" \/>\n<meta property=\"og:site_name\" content=\"O Arcanjo no ar\" \/>\n<meta property=\"article:publisher\" content=\"https:\/\/www.facebook.com\/OArcanjoNoAr\/\" \/>\n<meta property=\"article:published_time\" content=\"2019-03-12T03:50:26+00:00\" \/>\n<meta property=\"article:modified_time\" content=\"2019-02-20T11:06:31+00:00\" \/>\n<meta property=\"og:image\" content=\"http:\/\/www.oarcanjo.net\/site\/wp-content\/uploads\/Sao-Luis-Orione.jpg\" \/>\n<meta name=\"author\" content=\"danilo\" \/>\n<meta name=\"twitter:card\" content=\"summary_large_image\" \/>\n<meta name=\"twitter:label1\" content=\"Escrito por\" \/>\n\t<meta name=\"twitter:data1\" content=\"danilo\" \/>\n\t<meta name=\"twitter:label2\" content=\"Est. tempo de leitura\" \/>\n\t<meta name=\"twitter:data2\" content=\"15 minutos\" \/>\n<script type=\"application\/ld+json\" class=\"yoast-schema-graph\">{\"@context\":\"https:\/\/schema.org\",\"@graph\":[{\"@type\":\"Article\",\"@id\":\"https:\/\/www.oarcanjo.net\/site\/sao-luis-orione\/#article\",\"isPartOf\":{\"@id\":\"https:\/\/www.oarcanjo.net\/site\/sao-luis-orione\/\"},\"author\":{\"name\":\"danilo\",\"@id\":\"https:\/\/www.oarcanjo.net\/site\/#\/schema\/person\/5eb9480bedd2f3c97e430ce128c29c6c\"},\"headline\":\"S\u00e3o Lu\u00eds Orione\",\"datePublished\":\"2019-03-12T03:50:26+00:00\",\"dateModified\":\"2019-02-20T11:06:31+00:00\",\"mainEntityOfPage\":{\"@id\":\"https:\/\/www.oarcanjo.net\/site\/sao-luis-orione\/\"},\"wordCount\":2944,\"commentCount\":0,\"publisher\":{\"@id\":\"https:\/\/www.oarcanjo.net\/site\/#organization\"},\"image\":{\"@id\":\"https:\/\/www.oarcanjo.net\/site\/sao-luis-orione\/#primaryimage\"},\"thumbnailUrl\":\"http:\/\/www.oarcanjo.net\/site\/wp-content\/uploads\/Sao-Luis-Orione.jpg\",\"articleSection\":[\"Testemunhos\"],\"inLanguage\":\"pt-BR\",\"potentialAction\":[{\"@type\":\"CommentAction\",\"name\":\"Comment\",\"target\":[\"https:\/\/www.oarcanjo.net\/site\/sao-luis-orione\/#respond\"]}]},{\"@type\":\"WebPage\",\"@id\":\"https:\/\/www.oarcanjo.net\/site\/sao-luis-orione\/\",\"url\":\"https:\/\/www.oarcanjo.net\/site\/sao-luis-orione\/\",\"name\":\"S\u00e3o Lu\u00eds Orione - O Arcanjo no ar\",\"isPartOf\":{\"@id\":\"https:\/\/www.oarcanjo.net\/site\/#website\"},\"primaryImageOfPage\":{\"@id\":\"https:\/\/www.oarcanjo.net\/site\/sao-luis-orione\/#primaryimage\"},\"image\":{\"@id\":\"https:\/\/www.oarcanjo.net\/site\/sao-luis-orione\/#primaryimage\"},\"thumbnailUrl\":\"http:\/\/www.oarcanjo.net\/site\/wp-content\/uploads\/Sao-Luis-Orione.jpg\",\"datePublished\":\"2019-03-12T03:50:26+00:00\",\"dateModified\":\"2019-02-20T11:06:31+00:00\",\"breadcrumb\":{\"@id\":\"https:\/\/www.oarcanjo.net\/site\/sao-luis-orione\/#breadcrumb\"},\"inLanguage\":\"pt-BR\",\"potentialAction\":[{\"@type\":\"ReadAction\",\"target\":[\"https:\/\/www.oarcanjo.net\/site\/sao-luis-orione\/\"]}]},{\"@type\":\"ImageObject\",\"inLanguage\":\"pt-BR\",\"@id\":\"https:\/\/www.oarcanjo.net\/site\/sao-luis-orione\/#primaryimage\",\"url\":\"https:\/\/www.oarcanjo.net\/site\/wp-content\/uploads\/Sao-Luis-Orione.jpg\",\"contentUrl\":\"https:\/\/www.oarcanjo.net\/site\/wp-content\/uploads\/Sao-Luis-Orione.jpg\",\"width\":350,\"height\":336,\"caption\":\"S\u00e3o Lu\u00eds Orione\"},{\"@type\":\"BreadcrumbList\",\"@id\":\"https:\/\/www.oarcanjo.net\/site\/sao-luis-orione\/#breadcrumb\",\"itemListElement\":[{\"@type\":\"ListItem\",\"position\":1,\"name\":\"In\u00edcio\",\"item\":\"https:\/\/www.oarcanjo.net\/site\/\"},{\"@type\":\"ListItem\",\"position\":2,\"name\":\"S\u00e3o Lu\u00eds Orione\"}]},{\"@type\":\"WebSite\",\"@id\":\"https:\/\/www.oarcanjo.net\/site\/#website\",\"url\":\"https:\/\/www.oarcanjo.net\/site\/\",\"name\":\"O Arcanjo no ar\",\"description\":\"Site da Par\u00f3quia S\u00e3o Miguel Arcanjo (Arquidiocese de SP)\",\"publisher\":{\"@id\":\"https:\/\/www.oarcanjo.net\/site\/#organization\"},\"potentialAction\":[{\"@type\":\"SearchAction\",\"target\":{\"@type\":\"EntryPoint\",\"urlTemplate\":\"https:\/\/www.oarcanjo.net\/site\/?s={search_term_string}\"},\"query-input\":{\"@type\":\"PropertyValueSpecification\",\"valueRequired\":true,\"valueName\":\"search_term_string\"}}],\"inLanguage\":\"pt-BR\"},{\"@type\":\"Organization\",\"@id\":\"https:\/\/www.oarcanjo.net\/site\/#organization\",\"name\":\"Par\u00f3quia S\u00e3o Miguel Arcanjo\",\"url\":\"https:\/\/www.oarcanjo.net\/site\/\",\"logo\":{\"@type\":\"ImageObject\",\"inLanguage\":\"pt-BR\",\"@id\":\"https:\/\/www.oarcanjo.net\/site\/#\/schema\/logo\/image\/\",\"url\":\"https:\/\/www.oarcanjo.net\/site\/wp-content\/uploads\/LogoOArcanjo.png\",\"contentUrl\":\"https:\/\/www.oarcanjo.net\/site\/wp-content\/uploads\/LogoOArcanjo.png\",\"width\":319,\"height\":99,\"caption\":\"Par\u00f3quia S\u00e3o Miguel Arcanjo\"},\"image\":{\"@id\":\"https:\/\/www.oarcanjo.net\/site\/#\/schema\/logo\/image\/\"},\"sameAs\":[\"https:\/\/www.facebook.com\/OArcanjoNoAr\/\"]},{\"@type\":\"Person\",\"@id\":\"https:\/\/www.oarcanjo.net\/site\/#\/schema\/person\/5eb9480bedd2f3c97e430ce128c29c6c\",\"name\":\"danilo\"}]}<\/script>\n<!-- \/ Yoast SEO plugin. -->","yoast_head_json":{"title":"S\u00e3o Lu\u00eds Orione - O Arcanjo no ar","robots":{"index":"index","follow":"follow","max-snippet":"max-snippet:-1","max-image-preview":"max-image-preview:large","max-video-preview":"max-video-preview:-1"},"canonical":"https:\/\/www.oarcanjo.net\/site\/sao-luis-orione\/","og_locale":"pt_BR","og_type":"article","og_title":"S\u00e3o Lu\u00eds Orione - O Arcanjo no ar","og_description":"12 de Mar\u00e7o No dia 23 de junho de 1872, no vilarejo italiano de Pontecurone, nasceu o quarto filho do casal Vit\u00f3rio Orione e Carolina Feltri: Jo\u00e3o Luis Orione. Foi batizado no dia seguinte, 24 de junho, festa de S\u00e3o Jo\u00e3o, na Par\u00f3quia de Santa Maria da Assun\u00e7\u00e3o, tendo como padrinho seu irm\u00e3o mais velho, [&hellip;]","og_url":"https:\/\/www.oarcanjo.net\/site\/sao-luis-orione\/","og_site_name":"O Arcanjo no ar","article_publisher":"https:\/\/www.facebook.com\/OArcanjoNoAr\/","article_published_time":"2019-03-12T03:50:26+00:00","article_modified_time":"2019-02-20T11:06:31+00:00","og_image":[{"url":"http:\/\/www.oarcanjo.net\/site\/wp-content\/uploads\/Sao-Luis-Orione.jpg"}],"author":"danilo","twitter_card":"summary_large_image","twitter_misc":{"Escrito por":"danilo","Est. tempo de leitura":"15 minutos"},"schema":{"@context":"https:\/\/schema.org","@graph":[{"@type":"Article","@id":"https:\/\/www.oarcanjo.net\/site\/sao-luis-orione\/#article","isPartOf":{"@id":"https:\/\/www.oarcanjo.net\/site\/sao-luis-orione\/"},"author":{"name":"danilo","@id":"https:\/\/www.oarcanjo.net\/site\/#\/schema\/person\/5eb9480bedd2f3c97e430ce128c29c6c"},"headline":"S\u00e3o Lu\u00eds Orione","datePublished":"2019-03-12T03:50:26+00:00","dateModified":"2019-02-20T11:06:31+00:00","mainEntityOfPage":{"@id":"https:\/\/www.oarcanjo.net\/site\/sao-luis-orione\/"},"wordCount":2944,"commentCount":0,"publisher":{"@id":"https:\/\/www.oarcanjo.net\/site\/#organization"},"image":{"@id":"https:\/\/www.oarcanjo.net\/site\/sao-luis-orione\/#primaryimage"},"thumbnailUrl":"http:\/\/www.oarcanjo.net\/site\/wp-content\/uploads\/Sao-Luis-Orione.jpg","articleSection":["Testemunhos"],"inLanguage":"pt-BR","potentialAction":[{"@type":"CommentAction","name":"Comment","target":["https:\/\/www.oarcanjo.net\/site\/sao-luis-orione\/#respond"]}]},{"@type":"WebPage","@id":"https:\/\/www.oarcanjo.net\/site\/sao-luis-orione\/","url":"https:\/\/www.oarcanjo.net\/site\/sao-luis-orione\/","name":"S\u00e3o Lu\u00eds Orione - O Arcanjo no ar","isPartOf":{"@id":"https:\/\/www.oarcanjo.net\/site\/#website"},"primaryImageOfPage":{"@id":"https:\/\/www.oarcanjo.net\/site\/sao-luis-orione\/#primaryimage"},"image":{"@id":"https:\/\/www.oarcanjo.net\/site\/sao-luis-orione\/#primaryimage"},"thumbnailUrl":"http:\/\/www.oarcanjo.net\/site\/wp-content\/uploads\/Sao-Luis-Orione.jpg","datePublished":"2019-03-12T03:50:26+00:00","dateModified":"2019-02-20T11:06:31+00:00","breadcrumb":{"@id":"https:\/\/www.oarcanjo.net\/site\/sao-luis-orione\/#breadcrumb"},"inLanguage":"pt-BR","potentialAction":[{"@type":"ReadAction","target":["https:\/\/www.oarcanjo.net\/site\/sao-luis-orione\/"]}]},{"@type":"ImageObject","inLanguage":"pt-BR","@id":"https:\/\/www.oarcanjo.net\/site\/sao-luis-orione\/#primaryimage","url":"https:\/\/www.oarcanjo.net\/site\/wp-content\/uploads\/Sao-Luis-Orione.jpg","contentUrl":"https:\/\/www.oarcanjo.net\/site\/wp-content\/uploads\/Sao-Luis-Orione.jpg","width":350,"height":336,"caption":"S\u00e3o Lu\u00eds Orione"},{"@type":"BreadcrumbList","@id":"https:\/\/www.oarcanjo.net\/site\/sao-luis-orione\/#breadcrumb","itemListElement":[{"@type":"ListItem","position":1,"name":"In\u00edcio","item":"https:\/\/www.oarcanjo.net\/site\/"},{"@type":"ListItem","position":2,"name":"S\u00e3o Lu\u00eds Orione"}]},{"@type":"WebSite","@id":"https:\/\/www.oarcanjo.net\/site\/#website","url":"https:\/\/www.oarcanjo.net\/site\/","name":"O Arcanjo no ar","description":"Site da Par\u00f3quia S\u00e3o Miguel Arcanjo (Arquidiocese de SP)","publisher":{"@id":"https:\/\/www.oarcanjo.net\/site\/#organization"},"potentialAction":[{"@type":"SearchAction","target":{"@type":"EntryPoint","urlTemplate":"https:\/\/www.oarcanjo.net\/site\/?s={search_term_string}"},"query-input":{"@type":"PropertyValueSpecification","valueRequired":true,"valueName":"search_term_string"}}],"inLanguage":"pt-BR"},{"@type":"Organization","@id":"https:\/\/www.oarcanjo.net\/site\/#organization","name":"Par\u00f3quia S\u00e3o Miguel Arcanjo","url":"https:\/\/www.oarcanjo.net\/site\/","logo":{"@type":"ImageObject","inLanguage":"pt-BR","@id":"https:\/\/www.oarcanjo.net\/site\/#\/schema\/logo\/image\/","url":"https:\/\/www.oarcanjo.net\/site\/wp-content\/uploads\/LogoOArcanjo.png","contentUrl":"https:\/\/www.oarcanjo.net\/site\/wp-content\/uploads\/LogoOArcanjo.png","width":319,"height":99,"caption":"Par\u00f3quia S\u00e3o Miguel Arcanjo"},"image":{"@id":"https:\/\/www.oarcanjo.net\/site\/#\/schema\/logo\/image\/"},"sameAs":["https:\/\/www.facebook.com\/OArcanjoNoAr\/"]},{"@type":"Person","@id":"https:\/\/www.oarcanjo.net\/site\/#\/schema\/person\/5eb9480bedd2f3c97e430ce128c29c6c","name":"danilo"}]}},"publishpress_future_action":{"enabled":false,"date":"2026-05-07 22:27:29","action":"category","newStatus":"draft","terms":[],"taxonomy":"category"},"publishpress_future_workflow_manual_trigger":{"enabledWorkflows":[]},"_links":{"self":[{"href":"https:\/\/www.oarcanjo.net\/site\/wp-json\/wp\/v2\/posts\/8271"}],"collection":[{"href":"https:\/\/www.oarcanjo.net\/site\/wp-json\/wp\/v2\/posts"}],"about":[{"href":"https:\/\/www.oarcanjo.net\/site\/wp-json\/wp\/v2\/types\/post"}],"author":[{"embeddable":true,"href":"https:\/\/www.oarcanjo.net\/site\/wp-json\/wp\/v2\/users\/14"}],"replies":[{"embeddable":true,"href":"https:\/\/www.oarcanjo.net\/site\/wp-json\/wp\/v2\/comments?post=8271"}],"version-history":[{"count":1,"href":"https:\/\/www.oarcanjo.net\/site\/wp-json\/wp\/v2\/posts\/8271\/revisions"}],"predecessor-version":[{"id":92973,"href":"https:\/\/www.oarcanjo.net\/site\/wp-json\/wp\/v2\/posts\/8271\/revisions\/92973"}],"wp:attachment":[{"href":"https:\/\/www.oarcanjo.net\/site\/wp-json\/wp\/v2\/media?parent=8271"}],"wp:term":[{"taxonomy":"category","embeddable":true,"href":"https:\/\/www.oarcanjo.net\/site\/wp-json\/wp\/v2\/categories?post=8271"},{"taxonomy":"post_tag","embeddable":true,"href":"https:\/\/www.oarcanjo.net\/site\/wp-json\/wp\/v2\/tags?post=8271"}],"curies":[{"name":"wp","href":"https:\/\/api.w.org\/{rel}","templated":true}]}}