
{"id":8274,"date":"2010-03-06T09:57:41","date_gmt":"2010-03-06T11:57:41","guid":{"rendered":"http:\/\/www.oarcanjo.net\/site\/?p=8274"},"modified":"2010-03-08T00:42:19","modified_gmt":"2010-03-08T02:42:19","slug":"terceiro-domingo-da-quaresma","status":"publish","type":"post","link":"https:\/\/www.oarcanjo.net\/site\/terceiro-domingo-da-quaresma\/","title":{"rendered":"Terceiro Domingo da Quaresma"},"content":{"rendered":"<p>Muita gente diz que Deus castiga. Muitos olham as calamidades e sofrimentos do povo dizendo ou pensando que \u00e9 castigo de Deus.<\/p>\n<p>Assim manifestaram-se alguns diante de doen\u00e7as epidemias, terremotos e outros sofrimentos que fazem parte da vida humana e dos intrincados arranjos pol\u00edticos que causam tanta desgra\u00e7a e sofrimentos aos pobres e pequenos.<\/p>\n<p>A teologia da retribui\u00e7\u00e3o vigente no tempo de JESUS continua fazendo seguidores at\u00e9 hoje, que gostam de usar as desgra\u00e7as e sofrimentos para manipular a consci\u00eancia religiosa do povo e manifestar uma imagem de Deus distorcida e desfigurada que atende aos interesses dos que det\u00e9m o poder.<\/p>\n<p>JESUS rejeita o fatalismo e o destino que castiga os pecadores e p\u00f5e \u00e0 luz as maldades humanas que\u00a0causam sofrimento e exigem convers\u00e3o, sen\u00e3o todos v\u00e3o morrer do mesmo modo.<\/p>\n<p>JESUS manisfesta um Deus que n\u00e3o castiga mas que ama e pacientemente espera a convers\u00e3o de seus filhos.<\/p>\n<p>A par\u00e1bola da figueira mostra que Deus \u00e9 radicalmente bom, paciente e generoso.<\/p>\n<p>O seu amor paciente e generoso nos chama \u00e0 convers\u00e3o e \u00e0\u00a0transforma\u00e7\u00e3o.<\/p>\n<p>O tempo da quaresma \u00e9 tempo prop\u00edcio para mergulharmos no amor de Deus e na sua miseric\u00f3rdia de humanizarmos a vida.<\/p>\n<p><object id=\"qikPlayer\" classid=\"clsid:d27cdb6e-ae6d-11cf-96b8-444553540000\" width=\"425\" height=\"319\" codebase=\"http:\/\/download.macromedia.com\/pub\/shockwave\/cabs\/flash\/swflash.cab#version=6,0,40,0\"><param name=\"align\" value=\"middle\" \/><param name=\"allowScriptAccess\" value=\"sameDomain\" \/><param name=\"allowFullScreen\" value=\"true\" \/><param name=\"quality\" value=\"high\" \/><param name=\"bgcolor\" value=\"#333333\" \/><param name=\"FlashVars\" value=\"streamID=147e961970264be49e44ed9612e2087d&amp;autoplay=false\" \/><param name=\"src\" value=\"http:\/\/qik.com\/swfs\/qikPlayer5.swf\" \/><param name=\"name\" value=\"qikPlayer\" \/><param name=\"flashvars\" value=\"streamID=147e961970264be49e44ed9612e2087d&amp;autoplay=false\" \/><param name=\"allowfullscreen\" value=\"true\" \/><embed id=\"qikPlayer\" type=\"application\/x-shockwave-flash\" width=\"425\" height=\"319\" src=\"http:\/\/qik.com\/swfs\/qikPlayer5.swf\" quality=\"high\" bgcolor=\"#333333\" allowscriptaccess=\"sameDomain\" allowfullscreen=\"true\" flashvars=\"streamID=147e961970264be49e44ed9612e2087d&amp;autoplay=false\" name=\"qikPlayer\" align=\"middle\"><\/embed><\/object><\/p>\n<div id=\"themify_builder_content-8274\" data-postid=\"8274\" class=\"themify_builder_content themify_builder_content-8274 themify_builder themify_builder_front\">\n\t<\/div>\n<!-- \/themify_builder_content -->","protected":false},"excerpt":{"rendered":"<p>Muita gente diz que Deus castiga. Muitos olham as calamidades e sofrimentos do povo dizendo ou pensando que \u00e9 castigo de Deus. Assim manifestaram-se alguns diante de doen\u00e7as epidemias, terremotos e outros sofrimentos que fazem parte da vida humana e dos intrincados arranjos pol\u00edticos que causam tanta desgra\u00e7a e sofrimentos aos pobres e pequenos. A [&hellip;]<\/p>\n","protected":false},"author":4,"featured_media":0,"comment_status":"open","ping_status":"open","sticky":false,"template":"","format":"standard","meta":{"ngg_post_thumbnail":0,"footnotes":""},"categories":[4,475],"tags":[227],"yoast_head":"<!-- This site is optimized with the Yoast SEO plugin v23.5 - https:\/\/yoast.com\/wordpress\/plugins\/seo\/ -->\n<title>Terceiro Domingo da Quaresma - O Arcanjo no ar<\/title>\n<meta name=\"robots\" content=\"index, follow, max-snippet:-1, max-image-preview:large, max-video-preview:-1\" \/>\n<link rel=\"canonical\" href=\"https:\/\/www.oarcanjo.net\/site\/terceiro-domingo-da-quaresma\/\" \/>\n<meta property=\"og:locale\" content=\"pt_BR\" \/>\n<meta property=\"og:type\" content=\"article\" \/>\n<meta property=\"og:title\" content=\"Terceiro Domingo da Quaresma - O Arcanjo no ar\" \/>\n<meta property=\"og:description\" content=\"Muita gente diz que Deus castiga. Muitos olham as calamidades e sofrimentos do povo dizendo ou pensando que \u00e9 castigo de Deus. Assim manifestaram-se alguns diante de doen\u00e7as epidemias, terremotos e outros sofrimentos que fazem parte da vida humana e dos intrincados arranjos pol\u00edticos que causam tanta desgra\u00e7a e sofrimentos aos pobres e pequenos. A [&hellip;]\" \/>\n<meta property=\"og:url\" content=\"https:\/\/www.oarcanjo.net\/site\/terceiro-domingo-da-quaresma\/\" \/>\n<meta property=\"og:site_name\" content=\"O Arcanjo no ar\" \/>\n<meta property=\"article:publisher\" content=\"https:\/\/www.facebook.com\/OArcanjoNoAr\/\" \/>\n<meta property=\"article:published_time\" content=\"2010-03-06T11:57:41+00:00\" \/>\n<meta property=\"article:modified_time\" content=\"2010-03-08T02:42:19+00:00\" \/>\n<meta property=\"og:image\" content=\"https:\/\/www.oarcanjo.net\/site\/wp-content\/uploads\/logo-o-arcanjo-no-ar-facebook.png\" \/>\n\t<meta property=\"og:image:width\" content=\"300\" \/>\n\t<meta property=\"og:image:height\" content=\"300\" \/>\n\t<meta property=\"og:image:type\" content=\"image\/png\" \/>\n<meta name=\"author\" content=\"julio\" \/>\n<meta name=\"twitter:card\" content=\"summary_large_image\" \/>\n<meta name=\"twitter:label1\" content=\"Escrito por\" \/>\n\t<meta name=\"twitter:data1\" content=\"julio\" \/>\n\t<meta name=\"twitter:label2\" content=\"Est. tempo de leitura\" \/>\n\t<meta name=\"twitter:data2\" content=\"1 minuto\" \/>\n<script type=\"application\/ld+json\" class=\"yoast-schema-graph\">{\"@context\":\"https:\/\/schema.org\",\"@graph\":[{\"@type\":\"Article\",\"@id\":\"https:\/\/www.oarcanjo.net\/site\/terceiro-domingo-da-quaresma\/#article\",\"isPartOf\":{\"@id\":\"https:\/\/www.oarcanjo.net\/site\/terceiro-domingo-da-quaresma\/\"},\"author\":{\"name\":\"julio\",\"@id\":\"https:\/\/www.oarcanjo.net\/site\/#\/schema\/person\/d78ea01c648c91e29c364b516767079e\"},\"headline\":\"Terceiro Domingo da Quaresma\",\"datePublished\":\"2010-03-06T11:57:41+00:00\",\"dateModified\":\"2010-03-08T02:42:19+00:00\",\"mainEntityOfPage\":{\"@id\":\"https:\/\/www.oarcanjo.net\/site\/terceiro-domingo-da-quaresma\/\"},\"wordCount\":213,\"commentCount\":3,\"publisher\":{\"@id\":\"https:\/\/www.oarcanjo.net\/site\/#organization\"},\"keywords\":[\"Quaresma\"],\"articleSection\":[\"Blog\",\"Homilias\"],\"inLanguage\":\"pt-BR\",\"potentialAction\":[{\"@type\":\"CommentAction\",\"name\":\"Comment\",\"target\":[\"https:\/\/www.oarcanjo.net\/site\/terceiro-domingo-da-quaresma\/#respond\"]}]},{\"@type\":\"WebPage\",\"@id\":\"https:\/\/www.oarcanjo.net\/site\/terceiro-domingo-da-quaresma\/\",\"url\":\"https:\/\/www.oarcanjo.net\/site\/terceiro-domingo-da-quaresma\/\",\"name\":\"Terceiro Domingo da Quaresma - O Arcanjo no ar\",\"isPartOf\":{\"@id\":\"https:\/\/www.oarcanjo.net\/site\/#website\"},\"datePublished\":\"2010-03-06T11:57:41+00:00\",\"dateModified\":\"2010-03-08T02:42:19+00:00\",\"breadcrumb\":{\"@id\":\"https:\/\/www.oarcanjo.net\/site\/terceiro-domingo-da-quaresma\/#breadcrumb\"},\"inLanguage\":\"pt-BR\",\"potentialAction\":[{\"@type\":\"ReadAction\",\"target\":[\"https:\/\/www.oarcanjo.net\/site\/terceiro-domingo-da-quaresma\/\"]}]},{\"@type\":\"BreadcrumbList\",\"@id\":\"https:\/\/www.oarcanjo.net\/site\/terceiro-domingo-da-quaresma\/#breadcrumb\",\"itemListElement\":[{\"@type\":\"ListItem\",\"position\":1,\"name\":\"In\u00edcio\",\"item\":\"https:\/\/www.oarcanjo.net\/site\/\"},{\"@type\":\"ListItem\",\"position\":2,\"name\":\"Terceiro Domingo da Quaresma\"}]},{\"@type\":\"WebSite\",\"@id\":\"https:\/\/www.oarcanjo.net\/site\/#website\",\"url\":\"https:\/\/www.oarcanjo.net\/site\/\",\"name\":\"O Arcanjo no ar\",\"description\":\"Site da Par\u00f3quia S\u00e3o Miguel Arcanjo (Arquidiocese de SP)\",\"publisher\":{\"@id\":\"https:\/\/www.oarcanjo.net\/site\/#organization\"},\"potentialAction\":[{\"@type\":\"SearchAction\",\"target\":{\"@type\":\"EntryPoint\",\"urlTemplate\":\"https:\/\/www.oarcanjo.net\/site\/?s={search_term_string}\"},\"query-input\":{\"@type\":\"PropertyValueSpecification\",\"valueRequired\":true,\"valueName\":\"search_term_string\"}}],\"inLanguage\":\"pt-BR\"},{\"@type\":\"Organization\",\"@id\":\"https:\/\/www.oarcanjo.net\/site\/#organization\",\"name\":\"Par\u00f3quia S\u00e3o Miguel Arcanjo\",\"url\":\"https:\/\/www.oarcanjo.net\/site\/\",\"logo\":{\"@type\":\"ImageObject\",\"inLanguage\":\"pt-BR\",\"@id\":\"https:\/\/www.oarcanjo.net\/site\/#\/schema\/logo\/image\/\",\"url\":\"https:\/\/www.oarcanjo.net\/site\/wp-content\/uploads\/LogoOArcanjo.png\",\"contentUrl\":\"https:\/\/www.oarcanjo.net\/site\/wp-content\/uploads\/LogoOArcanjo.png\",\"width\":319,\"height\":99,\"caption\":\"Par\u00f3quia S\u00e3o Miguel Arcanjo\"},\"image\":{\"@id\":\"https:\/\/www.oarcanjo.net\/site\/#\/schema\/logo\/image\/\"},\"sameAs\":[\"https:\/\/www.facebook.com\/OArcanjoNoAr\/\"]},{\"@type\":\"Person\",\"@id\":\"https:\/\/www.oarcanjo.net\/site\/#\/schema\/person\/d78ea01c648c91e29c364b516767079e\",\"name\":\"julio\",\"sameAs\":[\"http:\/\/www.oarcanjo.net\"]}]}<\/script>\n<!-- \/ Yoast SEO plugin. -->","yoast_head_json":{"title":"Terceiro Domingo da Quaresma - O Arcanjo no ar","robots":{"index":"index","follow":"follow","max-snippet":"max-snippet:-1","max-image-preview":"max-image-preview:large","max-video-preview":"max-video-preview:-1"},"canonical":"https:\/\/www.oarcanjo.net\/site\/terceiro-domingo-da-quaresma\/","og_locale":"pt_BR","og_type":"article","og_title":"Terceiro Domingo da Quaresma - O Arcanjo no ar","og_description":"Muita gente diz que Deus castiga. Muitos olham as calamidades e sofrimentos do povo dizendo ou pensando que \u00e9 castigo de Deus. Assim manifestaram-se alguns diante de doen\u00e7as epidemias, terremotos e outros sofrimentos que fazem parte da vida humana e dos intrincados arranjos pol\u00edticos que causam tanta desgra\u00e7a e sofrimentos aos pobres e pequenos. A [&hellip;]","og_url":"https:\/\/www.oarcanjo.net\/site\/terceiro-domingo-da-quaresma\/","og_site_name":"O Arcanjo no ar","article_publisher":"https:\/\/www.facebook.com\/OArcanjoNoAr\/","article_published_time":"2010-03-06T11:57:41+00:00","article_modified_time":"2010-03-08T02:42:19+00:00","og_image":[{"width":300,"height":300,"url":"https:\/\/www.oarcanjo.net\/site\/wp-content\/uploads\/logo-o-arcanjo-no-ar-facebook.png","type":"image\/png"}],"author":"julio","twitter_card":"summary_large_image","twitter_misc":{"Escrito por":"julio","Est. tempo de leitura":"1 minuto"},"schema":{"@context":"https:\/\/schema.org","@graph":[{"@type":"Article","@id":"https:\/\/www.oarcanjo.net\/site\/terceiro-domingo-da-quaresma\/#article","isPartOf":{"@id":"https:\/\/www.oarcanjo.net\/site\/terceiro-domingo-da-quaresma\/"},"author":{"name":"julio","@id":"https:\/\/www.oarcanjo.net\/site\/#\/schema\/person\/d78ea01c648c91e29c364b516767079e"},"headline":"Terceiro Domingo da Quaresma","datePublished":"2010-03-06T11:57:41+00:00","dateModified":"2010-03-08T02:42:19+00:00","mainEntityOfPage":{"@id":"https:\/\/www.oarcanjo.net\/site\/terceiro-domingo-da-quaresma\/"},"wordCount":213,"commentCount":3,"publisher":{"@id":"https:\/\/www.oarcanjo.net\/site\/#organization"},"keywords":["Quaresma"],"articleSection":["Blog","Homilias"],"inLanguage":"pt-BR","potentialAction":[{"@type":"CommentAction","name":"Comment","target":["https:\/\/www.oarcanjo.net\/site\/terceiro-domingo-da-quaresma\/#respond"]}]},{"@type":"WebPage","@id":"https:\/\/www.oarcanjo.net\/site\/terceiro-domingo-da-quaresma\/","url":"https:\/\/www.oarcanjo.net\/site\/terceiro-domingo-da-quaresma\/","name":"Terceiro Domingo da Quaresma - O Arcanjo no ar","isPartOf":{"@id":"https:\/\/www.oarcanjo.net\/site\/#website"},"datePublished":"2010-03-06T11:57:41+00:00","dateModified":"2010-03-08T02:42:19+00:00","breadcrumb":{"@id":"https:\/\/www.oarcanjo.net\/site\/terceiro-domingo-da-quaresma\/#breadcrumb"},"inLanguage":"pt-BR","potentialAction":[{"@type":"ReadAction","target":["https:\/\/www.oarcanjo.net\/site\/terceiro-domingo-da-quaresma\/"]}]},{"@type":"BreadcrumbList","@id":"https:\/\/www.oarcanjo.net\/site\/terceiro-domingo-da-quaresma\/#breadcrumb","itemListElement":[{"@type":"ListItem","position":1,"name":"In\u00edcio","item":"https:\/\/www.oarcanjo.net\/site\/"},{"@type":"ListItem","position":2,"name":"Terceiro Domingo da Quaresma"}]},{"@type":"WebSite","@id":"https:\/\/www.oarcanjo.net\/site\/#website","url":"https:\/\/www.oarcanjo.net\/site\/","name":"O Arcanjo no ar","description":"Site da Par\u00f3quia S\u00e3o Miguel Arcanjo (Arquidiocese de SP)","publisher":{"@id":"https:\/\/www.oarcanjo.net\/site\/#organization"},"potentialAction":[{"@type":"SearchAction","target":{"@type":"EntryPoint","urlTemplate":"https:\/\/www.oarcanjo.net\/site\/?s={search_term_string}"},"query-input":{"@type":"PropertyValueSpecification","valueRequired":true,"valueName":"search_term_string"}}],"inLanguage":"pt-BR"},{"@type":"Organization","@id":"https:\/\/www.oarcanjo.net\/site\/#organization","name":"Par\u00f3quia S\u00e3o Miguel Arcanjo","url":"https:\/\/www.oarcanjo.net\/site\/","logo":{"@type":"ImageObject","inLanguage":"pt-BR","@id":"https:\/\/www.oarcanjo.net\/site\/#\/schema\/logo\/image\/","url":"https:\/\/www.oarcanjo.net\/site\/wp-content\/uploads\/LogoOArcanjo.png","contentUrl":"https:\/\/www.oarcanjo.net\/site\/wp-content\/uploads\/LogoOArcanjo.png","width":319,"height":99,"caption":"Par\u00f3quia S\u00e3o Miguel Arcanjo"},"image":{"@id":"https:\/\/www.oarcanjo.net\/site\/#\/schema\/logo\/image\/"},"sameAs":["https:\/\/www.facebook.com\/OArcanjoNoAr\/"]},{"@type":"Person","@id":"https:\/\/www.oarcanjo.net\/site\/#\/schema\/person\/d78ea01c648c91e29c364b516767079e","name":"julio","sameAs":["http:\/\/www.oarcanjo.net"]}]}},"publishpress_future_action":{"enabled":false,"date":"2026-05-09 04:23:27","action":"category","newStatus":"draft","terms":[],"taxonomy":"category"},"publishpress_future_workflow_manual_trigger":{"enabledWorkflows":[]},"_links":{"self":[{"href":"https:\/\/www.oarcanjo.net\/site\/wp-json\/wp\/v2\/posts\/8274"}],"collection":[{"href":"https:\/\/www.oarcanjo.net\/site\/wp-json\/wp\/v2\/posts"}],"about":[{"href":"https:\/\/www.oarcanjo.net\/site\/wp-json\/wp\/v2\/types\/post"}],"author":[{"embeddable":true,"href":"https:\/\/www.oarcanjo.net\/site\/wp-json\/wp\/v2\/users\/4"}],"replies":[{"embeddable":true,"href":"https:\/\/www.oarcanjo.net\/site\/wp-json\/wp\/v2\/comments?post=8274"}],"version-history":[{"count":0,"href":"https:\/\/www.oarcanjo.net\/site\/wp-json\/wp\/v2\/posts\/8274\/revisions"}],"wp:attachment":[{"href":"https:\/\/www.oarcanjo.net\/site\/wp-json\/wp\/v2\/media?parent=8274"}],"wp:term":[{"taxonomy":"category","embeddable":true,"href":"https:\/\/www.oarcanjo.net\/site\/wp-json\/wp\/v2\/categories?post=8274"},{"taxonomy":"post_tag","embeddable":true,"href":"https:\/\/www.oarcanjo.net\/site\/wp-json\/wp\/v2\/tags?post=8274"}],"curies":[{"name":"wp","href":"https:\/\/api.w.org\/{rel}","templated":true}]}}