
{"id":8277,"date":"2019-03-12T09:35:31","date_gmt":"2019-03-12T12:35:31","guid":{"rendered":"http:\/\/www.oarcanjo.net\/site\/?p=8277"},"modified":"2019-02-20T08:06:34","modified_gmt":"2019-02-20T11:06:34","slug":"santa-serafina-ou-fina","status":"publish","type":"post","link":"https:\/\/www.oarcanjo.net\/site\/santa-serafina-ou-fina\/","title":{"rendered":"Santa Serafina ou Fina"},"content":{"rendered":"<p><img loading=\"lazy\" decoding=\"async\" class=\"alignnone size-full wp-image-69508\" src=\"http:\/\/www.oarcanjo.net\/site\/wp-content\/uploads\/Santa-Serafina.jpg\" alt=\"Santa Serafina ou Fina\" width=\"196\" height=\"197\" srcset=\"https:\/\/www.oarcanjo.net\/site\/wp-content\/uploads\/Santa-Serafina.jpg 196w, https:\/\/www.oarcanjo.net\/site\/wp-content\/uploads\/Santa-Serafina-150x150.jpg 150w\" sizes=\"(max-width: 196px) 100vw, 196px\" \/><\/p>\n<p>12 de Mar\u00e7o<\/p>\n<p>S\u00e3o Geminiano \u00e9 uma pequena, mas bel\u00edssima, cidade medieval, situada na regi\u00e3o da Toscana, It\u00e1lia. Essa cidade \u00e9 curiosamente cercada por numerosas torres. No passado, as fam\u00edlias nobres mandavam construir torres como s\u00edmbolo de poder e riqueza. Assim, quanto mais alta ou mais bonita fosse a torre, mais aristocrata era essa fam\u00edlia. A nobre fam\u00edlia Ciardi tamb\u00e9m mandou erguer sua torre, mas, n\u00e3o foi ela que eternizou o nome da fam\u00edlia, foi sua filha Serafina, a pequena e fr\u00e1gil &#8220;Fina&#8221;, como era chamada.<\/p>\n<p>Serafina nasceu no ano de 1238, seus pais, Imp\u00e9ria e C\u00e2mbio Ciardi, nessa \u00e9poca, eram nobres decadentes. Ela teve uma vida breve, mas de intensa religiosidade. Sempre foi uma menina modesta, pura, bondosa e caridosa para com todos. Com receio que, pela sua inoc\u00eancia, algu\u00e9m pudesse se aproveitar dela, seus pais sempre a alertavam quanto aos perigos mundanos. Por isso, se acentuou nela um maior amor \u00e0 pureza, tanto que resolveu consagrar sua virgindade a Cristo, que desejava como \u00fanico esposo.<\/p>\n<p>Serafina tinha dez anos de idade, quando adoeceu gravemente. Ficou com o corpo coberto de chagas, incur\u00e1veis e dolorosas, e incapacitada de se movimentar. Como se n\u00e3o bastasse, seu sofrimento aumentou ainda mais, com a morte de sua m\u00e3e. Durante cinco anos permaneceu im\u00f3vel numa cama de t\u00e1bua se mantendo feliz por sofrer, tendo como conforto seu amor \u00e0 Cristo, sua devo\u00e7\u00e3o \u00e0 Virgem Maria e aos Santos m\u00e1rtires da Igreja.<\/p>\n<p>Josefina era devota de S\u00e3o Greg\u00f3rio Magno. Em sonho, ele a avisou que a levaria para a vida eterna no dia em que ele pr\u00f3prio morrera, ou seja, 12 de mar\u00e7o. De fato, Serafina morreu com quinze anos de idade, no dia 12 de mar\u00e7o de 1253. No momento de sua morte, todos os sinos das torres ecoaram, sem que nenhuma m\u00e3o tivesse tocado nas cordas. Esse relato faz parte da sua biografia escrita no s\u00e9culo XIV, pelo padre Jo\u00e3o do Coppo.<\/p>\n<p>Extremamente amada, o culto a Serafina come\u00e7ou logo ap\u00f3s sua morte. A ela foram atribu\u00eddas in\u00fameras gra\u00e7as de cura, e fatos prodigiosos ocorreram no local de sua sepultura, que fizeram crescer cada vez mais sua fama de santidade e sua popularidade entre os fi\u00e9is.<\/p>\n<p>Em sua honra foi constru\u00eddo um hospital e em 1457 seu corpo foi transferido para o t\u00famulo constru\u00eddo na nova na catedral da cidade. A Igreja a declarou Santa e padroeira da cidade de S\u00e3o Geminiano e o dia 12 de mar\u00e7o escolhido para suas homenagens lit\u00fargicas.<\/p>\n<div id=\"themify_builder_content-8277\" data-postid=\"8277\" class=\"themify_builder_content themify_builder_content-8277 themify_builder themify_builder_front\">\n\t<\/div>\n<!-- \/themify_builder_content -->","protected":false},"excerpt":{"rendered":"<p>12 de Mar\u00e7o S\u00e3o Geminiano \u00e9 uma pequena, mas bel\u00edssima, cidade medieval, situada na regi\u00e3o da Toscana, It\u00e1lia. Essa cidade \u00e9 curiosamente cercada por numerosas torres. No passado, as fam\u00edlias nobres mandavam construir torres como s\u00edmbolo de poder e riqueza. Assim, quanto mais alta ou mais bonita fosse a torre, mais aristocrata era essa fam\u00edlia. [&hellip;]<\/p>\n","protected":false},"author":14,"featured_media":0,"comment_status":"open","ping_status":"open","sticky":false,"template":"","format":"standard","meta":{"ngg_post_thumbnail":0,"footnotes":""},"categories":[186],"tags":[],"yoast_head":"<!-- This site is optimized with the Yoast SEO plugin v23.5 - https:\/\/yoast.com\/wordpress\/plugins\/seo\/ -->\n<title>Santa Serafina ou Fina - O Arcanjo no ar<\/title>\n<meta name=\"robots\" content=\"index, follow, max-snippet:-1, max-image-preview:large, max-video-preview:-1\" \/>\n<link rel=\"canonical\" href=\"https:\/\/www.oarcanjo.net\/site\/santa-serafina-ou-fina\/\" \/>\n<meta property=\"og:locale\" content=\"pt_BR\" \/>\n<meta property=\"og:type\" content=\"article\" \/>\n<meta property=\"og:title\" content=\"Santa Serafina ou Fina - O Arcanjo no ar\" \/>\n<meta property=\"og:description\" content=\"12 de Mar\u00e7o S\u00e3o Geminiano \u00e9 uma pequena, mas bel\u00edssima, cidade medieval, situada na regi\u00e3o da Toscana, It\u00e1lia. Essa cidade \u00e9 curiosamente cercada por numerosas torres. No passado, as fam\u00edlias nobres mandavam construir torres como s\u00edmbolo de poder e riqueza. Assim, quanto mais alta ou mais bonita fosse a torre, mais aristocrata era essa fam\u00edlia. [&hellip;]\" \/>\n<meta property=\"og:url\" content=\"https:\/\/www.oarcanjo.net\/site\/santa-serafina-ou-fina\/\" \/>\n<meta property=\"og:site_name\" content=\"O Arcanjo no ar\" \/>\n<meta property=\"article:publisher\" content=\"https:\/\/www.facebook.com\/OArcanjoNoAr\/\" \/>\n<meta property=\"article:published_time\" content=\"2019-03-12T12:35:31+00:00\" \/>\n<meta property=\"article:modified_time\" content=\"2019-02-20T11:06:34+00:00\" \/>\n<meta property=\"og:image\" content=\"http:\/\/www.oarcanjo.net\/site\/wp-content\/uploads\/Santa-Serafina.jpg\" \/>\n<meta name=\"author\" content=\"danilo\" \/>\n<meta name=\"twitter:card\" content=\"summary_large_image\" \/>\n<meta name=\"twitter:label1\" content=\"Escrito por\" \/>\n\t<meta name=\"twitter:data1\" content=\"danilo\" \/>\n\t<meta name=\"twitter:label2\" content=\"Est. tempo de leitura\" \/>\n\t<meta name=\"twitter:data2\" content=\"2 minutos\" \/>\n<script type=\"application\/ld+json\" class=\"yoast-schema-graph\">{\"@context\":\"https:\/\/schema.org\",\"@graph\":[{\"@type\":\"Article\",\"@id\":\"https:\/\/www.oarcanjo.net\/site\/santa-serafina-ou-fina\/#article\",\"isPartOf\":{\"@id\":\"https:\/\/www.oarcanjo.net\/site\/santa-serafina-ou-fina\/\"},\"author\":{\"name\":\"danilo\",\"@id\":\"https:\/\/www.oarcanjo.net\/site\/#\/schema\/person\/5eb9480bedd2f3c97e430ce128c29c6c\"},\"headline\":\"Santa Serafina ou Fina\",\"datePublished\":\"2019-03-12T12:35:31+00:00\",\"dateModified\":\"2019-02-20T11:06:34+00:00\",\"mainEntityOfPage\":{\"@id\":\"https:\/\/www.oarcanjo.net\/site\/santa-serafina-ou-fina\/\"},\"wordCount\":447,\"commentCount\":0,\"publisher\":{\"@id\":\"https:\/\/www.oarcanjo.net\/site\/#organization\"},\"image\":{\"@id\":\"https:\/\/www.oarcanjo.net\/site\/santa-serafina-ou-fina\/#primaryimage\"},\"thumbnailUrl\":\"http:\/\/www.oarcanjo.net\/site\/wp-content\/uploads\/Santa-Serafina.jpg\",\"articleSection\":[\"Testemunhos\"],\"inLanguage\":\"pt-BR\",\"potentialAction\":[{\"@type\":\"CommentAction\",\"name\":\"Comment\",\"target\":[\"https:\/\/www.oarcanjo.net\/site\/santa-serafina-ou-fina\/#respond\"]}]},{\"@type\":\"WebPage\",\"@id\":\"https:\/\/www.oarcanjo.net\/site\/santa-serafina-ou-fina\/\",\"url\":\"https:\/\/www.oarcanjo.net\/site\/santa-serafina-ou-fina\/\",\"name\":\"Santa Serafina ou Fina - O Arcanjo no ar\",\"isPartOf\":{\"@id\":\"https:\/\/www.oarcanjo.net\/site\/#website\"},\"primaryImageOfPage\":{\"@id\":\"https:\/\/www.oarcanjo.net\/site\/santa-serafina-ou-fina\/#primaryimage\"},\"image\":{\"@id\":\"https:\/\/www.oarcanjo.net\/site\/santa-serafina-ou-fina\/#primaryimage\"},\"thumbnailUrl\":\"http:\/\/www.oarcanjo.net\/site\/wp-content\/uploads\/Santa-Serafina.jpg\",\"datePublished\":\"2019-03-12T12:35:31+00:00\",\"dateModified\":\"2019-02-20T11:06:34+00:00\",\"breadcrumb\":{\"@id\":\"https:\/\/www.oarcanjo.net\/site\/santa-serafina-ou-fina\/#breadcrumb\"},\"inLanguage\":\"pt-BR\",\"potentialAction\":[{\"@type\":\"ReadAction\",\"target\":[\"https:\/\/www.oarcanjo.net\/site\/santa-serafina-ou-fina\/\"]}]},{\"@type\":\"ImageObject\",\"inLanguage\":\"pt-BR\",\"@id\":\"https:\/\/www.oarcanjo.net\/site\/santa-serafina-ou-fina\/#primaryimage\",\"url\":\"https:\/\/www.oarcanjo.net\/site\/wp-content\/uploads\/Santa-Serafina.jpg\",\"contentUrl\":\"https:\/\/www.oarcanjo.net\/site\/wp-content\/uploads\/Santa-Serafina.jpg\",\"width\":196,\"height\":197,\"caption\":\"Santa Serafina ou Fina\"},{\"@type\":\"BreadcrumbList\",\"@id\":\"https:\/\/www.oarcanjo.net\/site\/santa-serafina-ou-fina\/#breadcrumb\",\"itemListElement\":[{\"@type\":\"ListItem\",\"position\":1,\"name\":\"In\u00edcio\",\"item\":\"https:\/\/www.oarcanjo.net\/site\/\"},{\"@type\":\"ListItem\",\"position\":2,\"name\":\"Santa Serafina ou Fina\"}]},{\"@type\":\"WebSite\",\"@id\":\"https:\/\/www.oarcanjo.net\/site\/#website\",\"url\":\"https:\/\/www.oarcanjo.net\/site\/\",\"name\":\"O Arcanjo no ar\",\"description\":\"Site da Par\u00f3quia S\u00e3o Miguel Arcanjo (Arquidiocese de SP)\",\"publisher\":{\"@id\":\"https:\/\/www.oarcanjo.net\/site\/#organization\"},\"potentialAction\":[{\"@type\":\"SearchAction\",\"target\":{\"@type\":\"EntryPoint\",\"urlTemplate\":\"https:\/\/www.oarcanjo.net\/site\/?s={search_term_string}\"},\"query-input\":{\"@type\":\"PropertyValueSpecification\",\"valueRequired\":true,\"valueName\":\"search_term_string\"}}],\"inLanguage\":\"pt-BR\"},{\"@type\":\"Organization\",\"@id\":\"https:\/\/www.oarcanjo.net\/site\/#organization\",\"name\":\"Par\u00f3quia S\u00e3o Miguel Arcanjo\",\"url\":\"https:\/\/www.oarcanjo.net\/site\/\",\"logo\":{\"@type\":\"ImageObject\",\"inLanguage\":\"pt-BR\",\"@id\":\"https:\/\/www.oarcanjo.net\/site\/#\/schema\/logo\/image\/\",\"url\":\"https:\/\/www.oarcanjo.net\/site\/wp-content\/uploads\/LogoOArcanjo.png\",\"contentUrl\":\"https:\/\/www.oarcanjo.net\/site\/wp-content\/uploads\/LogoOArcanjo.png\",\"width\":319,\"height\":99,\"caption\":\"Par\u00f3quia S\u00e3o Miguel Arcanjo\"},\"image\":{\"@id\":\"https:\/\/www.oarcanjo.net\/site\/#\/schema\/logo\/image\/\"},\"sameAs\":[\"https:\/\/www.facebook.com\/OArcanjoNoAr\/\"]},{\"@type\":\"Person\",\"@id\":\"https:\/\/www.oarcanjo.net\/site\/#\/schema\/person\/5eb9480bedd2f3c97e430ce128c29c6c\",\"name\":\"danilo\"}]}<\/script>\n<!-- \/ Yoast SEO plugin. -->","yoast_head_json":{"title":"Santa Serafina ou Fina - O Arcanjo no ar","robots":{"index":"index","follow":"follow","max-snippet":"max-snippet:-1","max-image-preview":"max-image-preview:large","max-video-preview":"max-video-preview:-1"},"canonical":"https:\/\/www.oarcanjo.net\/site\/santa-serafina-ou-fina\/","og_locale":"pt_BR","og_type":"article","og_title":"Santa Serafina ou Fina - O Arcanjo no ar","og_description":"12 de Mar\u00e7o S\u00e3o Geminiano \u00e9 uma pequena, mas bel\u00edssima, cidade medieval, situada na regi\u00e3o da Toscana, It\u00e1lia. Essa cidade \u00e9 curiosamente cercada por numerosas torres. No passado, as fam\u00edlias nobres mandavam construir torres como s\u00edmbolo de poder e riqueza. Assim, quanto mais alta ou mais bonita fosse a torre, mais aristocrata era essa fam\u00edlia. [&hellip;]","og_url":"https:\/\/www.oarcanjo.net\/site\/santa-serafina-ou-fina\/","og_site_name":"O Arcanjo no ar","article_publisher":"https:\/\/www.facebook.com\/OArcanjoNoAr\/","article_published_time":"2019-03-12T12:35:31+00:00","article_modified_time":"2019-02-20T11:06:34+00:00","og_image":[{"url":"http:\/\/www.oarcanjo.net\/site\/wp-content\/uploads\/Santa-Serafina.jpg"}],"author":"danilo","twitter_card":"summary_large_image","twitter_misc":{"Escrito por":"danilo","Est. tempo de leitura":"2 minutos"},"schema":{"@context":"https:\/\/schema.org","@graph":[{"@type":"Article","@id":"https:\/\/www.oarcanjo.net\/site\/santa-serafina-ou-fina\/#article","isPartOf":{"@id":"https:\/\/www.oarcanjo.net\/site\/santa-serafina-ou-fina\/"},"author":{"name":"danilo","@id":"https:\/\/www.oarcanjo.net\/site\/#\/schema\/person\/5eb9480bedd2f3c97e430ce128c29c6c"},"headline":"Santa Serafina ou Fina","datePublished":"2019-03-12T12:35:31+00:00","dateModified":"2019-02-20T11:06:34+00:00","mainEntityOfPage":{"@id":"https:\/\/www.oarcanjo.net\/site\/santa-serafina-ou-fina\/"},"wordCount":447,"commentCount":0,"publisher":{"@id":"https:\/\/www.oarcanjo.net\/site\/#organization"},"image":{"@id":"https:\/\/www.oarcanjo.net\/site\/santa-serafina-ou-fina\/#primaryimage"},"thumbnailUrl":"http:\/\/www.oarcanjo.net\/site\/wp-content\/uploads\/Santa-Serafina.jpg","articleSection":["Testemunhos"],"inLanguage":"pt-BR","potentialAction":[{"@type":"CommentAction","name":"Comment","target":["https:\/\/www.oarcanjo.net\/site\/santa-serafina-ou-fina\/#respond"]}]},{"@type":"WebPage","@id":"https:\/\/www.oarcanjo.net\/site\/santa-serafina-ou-fina\/","url":"https:\/\/www.oarcanjo.net\/site\/santa-serafina-ou-fina\/","name":"Santa Serafina ou Fina - O Arcanjo no ar","isPartOf":{"@id":"https:\/\/www.oarcanjo.net\/site\/#website"},"primaryImageOfPage":{"@id":"https:\/\/www.oarcanjo.net\/site\/santa-serafina-ou-fina\/#primaryimage"},"image":{"@id":"https:\/\/www.oarcanjo.net\/site\/santa-serafina-ou-fina\/#primaryimage"},"thumbnailUrl":"http:\/\/www.oarcanjo.net\/site\/wp-content\/uploads\/Santa-Serafina.jpg","datePublished":"2019-03-12T12:35:31+00:00","dateModified":"2019-02-20T11:06:34+00:00","breadcrumb":{"@id":"https:\/\/www.oarcanjo.net\/site\/santa-serafina-ou-fina\/#breadcrumb"},"inLanguage":"pt-BR","potentialAction":[{"@type":"ReadAction","target":["https:\/\/www.oarcanjo.net\/site\/santa-serafina-ou-fina\/"]}]},{"@type":"ImageObject","inLanguage":"pt-BR","@id":"https:\/\/www.oarcanjo.net\/site\/santa-serafina-ou-fina\/#primaryimage","url":"https:\/\/www.oarcanjo.net\/site\/wp-content\/uploads\/Santa-Serafina.jpg","contentUrl":"https:\/\/www.oarcanjo.net\/site\/wp-content\/uploads\/Santa-Serafina.jpg","width":196,"height":197,"caption":"Santa Serafina ou Fina"},{"@type":"BreadcrumbList","@id":"https:\/\/www.oarcanjo.net\/site\/santa-serafina-ou-fina\/#breadcrumb","itemListElement":[{"@type":"ListItem","position":1,"name":"In\u00edcio","item":"https:\/\/www.oarcanjo.net\/site\/"},{"@type":"ListItem","position":2,"name":"Santa Serafina ou Fina"}]},{"@type":"WebSite","@id":"https:\/\/www.oarcanjo.net\/site\/#website","url":"https:\/\/www.oarcanjo.net\/site\/","name":"O Arcanjo no ar","description":"Site da Par\u00f3quia S\u00e3o Miguel Arcanjo (Arquidiocese de SP)","publisher":{"@id":"https:\/\/www.oarcanjo.net\/site\/#organization"},"potentialAction":[{"@type":"SearchAction","target":{"@type":"EntryPoint","urlTemplate":"https:\/\/www.oarcanjo.net\/site\/?s={search_term_string}"},"query-input":{"@type":"PropertyValueSpecification","valueRequired":true,"valueName":"search_term_string"}}],"inLanguage":"pt-BR"},{"@type":"Organization","@id":"https:\/\/www.oarcanjo.net\/site\/#organization","name":"Par\u00f3quia S\u00e3o Miguel Arcanjo","url":"https:\/\/www.oarcanjo.net\/site\/","logo":{"@type":"ImageObject","inLanguage":"pt-BR","@id":"https:\/\/www.oarcanjo.net\/site\/#\/schema\/logo\/image\/","url":"https:\/\/www.oarcanjo.net\/site\/wp-content\/uploads\/LogoOArcanjo.png","contentUrl":"https:\/\/www.oarcanjo.net\/site\/wp-content\/uploads\/LogoOArcanjo.png","width":319,"height":99,"caption":"Par\u00f3quia S\u00e3o Miguel Arcanjo"},"image":{"@id":"https:\/\/www.oarcanjo.net\/site\/#\/schema\/logo\/image\/"},"sameAs":["https:\/\/www.facebook.com\/OArcanjoNoAr\/"]},{"@type":"Person","@id":"https:\/\/www.oarcanjo.net\/site\/#\/schema\/person\/5eb9480bedd2f3c97e430ce128c29c6c","name":"danilo"}]}},"publishpress_future_action":{"enabled":false,"date":"2026-05-07 23:47:37","action":"category","newStatus":"draft","terms":[],"taxonomy":"category"},"publishpress_future_workflow_manual_trigger":{"enabledWorkflows":[]},"_links":{"self":[{"href":"https:\/\/www.oarcanjo.net\/site\/wp-json\/wp\/v2\/posts\/8277"}],"collection":[{"href":"https:\/\/www.oarcanjo.net\/site\/wp-json\/wp\/v2\/posts"}],"about":[{"href":"https:\/\/www.oarcanjo.net\/site\/wp-json\/wp\/v2\/types\/post"}],"author":[{"embeddable":true,"href":"https:\/\/www.oarcanjo.net\/site\/wp-json\/wp\/v2\/users\/14"}],"replies":[{"embeddable":true,"href":"https:\/\/www.oarcanjo.net\/site\/wp-json\/wp\/v2\/comments?post=8277"}],"version-history":[{"count":1,"href":"https:\/\/www.oarcanjo.net\/site\/wp-json\/wp\/v2\/posts\/8277\/revisions"}],"predecessor-version":[{"id":92974,"href":"https:\/\/www.oarcanjo.net\/site\/wp-json\/wp\/v2\/posts\/8277\/revisions\/92974"}],"wp:attachment":[{"href":"https:\/\/www.oarcanjo.net\/site\/wp-json\/wp\/v2\/media?parent=8277"}],"wp:term":[{"taxonomy":"category","embeddable":true,"href":"https:\/\/www.oarcanjo.net\/site\/wp-json\/wp\/v2\/categories?post=8277"},{"taxonomy":"post_tag","embeddable":true,"href":"https:\/\/www.oarcanjo.net\/site\/wp-json\/wp\/v2\/tags?post=8277"}],"curies":[{"name":"wp","href":"https:\/\/api.w.org\/{rel}","templated":true}]}}