
{"id":8281,"date":"2019-03-13T00:40:16","date_gmt":"2019-03-13T03:40:16","guid":{"rendered":"http:\/\/www.oarcanjo.net\/site\/?p=8281"},"modified":"2019-02-20T08:06:38","modified_gmt":"2019-02-20T11:06:38","slug":"santa-eufrasia","status":"publish","type":"post","link":"https:\/\/www.oarcanjo.net\/site\/santa-eufrasia\/","title":{"rendered":"Santa Eufr\u00e1sia"},"content":{"rendered":"<p><img loading=\"lazy\" decoding=\"async\" class=\"alignnone  wp-image-69496\" src=\"http:\/\/www.oarcanjo.net\/site\/wp-content\/uploads\/Santa-Eufrasia.jpg\" alt=\"Santa Eufr\u00e1sia\" width=\"239\" height=\"342\" srcset=\"https:\/\/www.oarcanjo.net\/site\/wp-content\/uploads\/Santa-Eufrasia.jpg 313w, https:\/\/www.oarcanjo.net\/site\/wp-content\/uploads\/Santa-Eufrasia-210x300.jpg 210w\" sizes=\"(max-width: 239px) 100vw, 239px\" \/><\/p>\n<p>13 de Mar\u00e7o<\/p>\n<p>Eufr\u00e1sia, cujo nome em grego significa alegria, nasceu no ano 380, na \u00c1sia Menor e cresceu durante o reinado do imperador Teod\u00f3sio, de quem seus pais eram parentes. Portanto, foi educada para viver na corte, rodeada pelos prazeres e luxos. Mas, nunca se sentiu atra\u00edda por nada disso, mesmo porque, seus pais tamb\u00e9m viviam na humildade, apesar da fortuna que possu\u00edam.<\/p>\n<p>Depois que ela nasceu, filha \u00fanica, o casal decidiu fazer voto de castidade. Desejavam viver como irm\u00e3os, para melhor se dedicarem a Deus. Quanto \u00e0 jovem, desde pequena fazia jejuns e ora\u00e7\u00f5es que chegavam a durar alguns dias. Com a morte de seu pai, a sua m\u00e3e que come\u00e7ou a ser cortejada, resolveu se retirar para o Egito. L\u00e1, com sua fortuna, tamb\u00e9m intensificou a caridade da fam\u00edlia, levando com freq\u00fc\u00eancia Eufr\u00e1sia em suas visitas aos conventos e hospitais que ajudava a manter.<\/p>\n<p>Numa dessas visitas a um convento, quando Eufr\u00e1sia tinha apenas sete anos, ela pediu para n\u00e3o voltar para casa. Queria ficar definitivamente al\u00ed. Os registros mostram que, apesar da pouca idade, acompanhava as religiosas em todos os seus afazeres com disciplina e pontualidade, que chegavam a impressionar por sua maturidade. O tempo passou, sua m\u00e3e faleceu e Eufr\u00e1sia continuava no convento.<\/p>\n<p>Vendo-a assim \u00f3rf\u00e3, o imperador, seu parente, procurou por ela e lhe ofereceu a proposta que recebera de um senador, que a desejava desposar. O que, al\u00e9m de lhe dar estabilidade social aumentaria consideravelmente sua j\u00e1 enorme fortuna. Contudo Eufr\u00e1sia recusou, confirmando que desejava continuar na condi\u00e7\u00e3o de virgem e seguir a vida religiosa. Ali\u00e1s, n\u00e3o s\u00f3 recusou como pediu ao governante para distribuir todos seus bens entre os pobres.<\/p>\n<p>Os registros narram in\u00fameras gra\u00e7as e fatos prodigiosos ocorridos atrav\u00e9s de Eufr\u00e1sia. Consta que curou um menino \u00e0 beira da morte com o sinal da cruz.<\/p>\n<p>Certo dia sua superiora teve uma vis\u00e3o, onde era avisada da morte de Eufr\u00e1sia e sua futura proclama\u00e7\u00e3o como santa. A jovem nada sentia, mas mesmo assim fez quest\u00e3o de receber os sacramentos e como previsto, no dia seguinte, foi acometida de uma febre fort\u00edssima e ela morreu. Era o ano 412 e Eufr\u00e1sia foi sepultada no convento que tanto amava.<\/p>\n<p>O culto \u00e0 Santa Eufr\u00e1sia \u00e9 muito difundido no Oriente e Ocidente, pela singeleza de sua vida e pelas gra\u00e7as que at\u00e9 hoje ocorrem por sua intercess\u00e3o. Sua festa lit\u00fargica acontece no dia 13 de mar\u00e7o, data prov\u00e1vel de sua morte.<\/p>\n<div id=\"themify_builder_content-8281\" data-postid=\"8281\" class=\"themify_builder_content themify_builder_content-8281 themify_builder themify_builder_front\">\n\t<\/div>\n<!-- \/themify_builder_content -->","protected":false},"excerpt":{"rendered":"<p>13 de Mar\u00e7o Eufr\u00e1sia, cujo nome em grego significa alegria, nasceu no ano 380, na \u00c1sia Menor e cresceu durante o reinado do imperador Teod\u00f3sio, de quem seus pais eram parentes. Portanto, foi educada para viver na corte, rodeada pelos prazeres e luxos. Mas, nunca se sentiu atra\u00edda por nada disso, mesmo porque, seus pais [&hellip;]<\/p>\n","protected":false},"author":14,"featured_media":0,"comment_status":"open","ping_status":"open","sticky":false,"template":"","format":"standard","meta":{"ngg_post_thumbnail":0,"footnotes":""},"categories":[186],"tags":[],"yoast_head":"<!-- This site is optimized with the Yoast SEO plugin v23.5 - https:\/\/yoast.com\/wordpress\/plugins\/seo\/ -->\n<title>Santa Eufr\u00e1sia - O Arcanjo no ar<\/title>\n<meta name=\"robots\" content=\"index, follow, max-snippet:-1, max-image-preview:large, max-video-preview:-1\" \/>\n<link rel=\"canonical\" href=\"https:\/\/www.oarcanjo.net\/site\/santa-eufrasia\/\" \/>\n<meta property=\"og:locale\" content=\"pt_BR\" \/>\n<meta property=\"og:type\" content=\"article\" \/>\n<meta property=\"og:title\" content=\"Santa Eufr\u00e1sia - O Arcanjo no ar\" \/>\n<meta property=\"og:description\" content=\"13 de Mar\u00e7o Eufr\u00e1sia, cujo nome em grego significa alegria, nasceu no ano 380, na \u00c1sia Menor e cresceu durante o reinado do imperador Teod\u00f3sio, de quem seus pais eram parentes. Portanto, foi educada para viver na corte, rodeada pelos prazeres e luxos. Mas, nunca se sentiu atra\u00edda por nada disso, mesmo porque, seus pais [&hellip;]\" \/>\n<meta property=\"og:url\" content=\"https:\/\/www.oarcanjo.net\/site\/santa-eufrasia\/\" \/>\n<meta property=\"og:site_name\" content=\"O Arcanjo no ar\" \/>\n<meta property=\"article:publisher\" content=\"https:\/\/www.facebook.com\/OArcanjoNoAr\/\" \/>\n<meta property=\"article:published_time\" content=\"2019-03-13T03:40:16+00:00\" \/>\n<meta property=\"article:modified_time\" content=\"2019-02-20T11:06:38+00:00\" \/>\n<meta property=\"og:image\" content=\"http:\/\/www.oarcanjo.net\/site\/wp-content\/uploads\/Santa-Eufrasia.jpg\" \/>\n<meta name=\"author\" content=\"danilo\" \/>\n<meta name=\"twitter:card\" content=\"summary_large_image\" \/>\n<meta name=\"twitter:label1\" content=\"Escrito por\" \/>\n\t<meta name=\"twitter:data1\" content=\"danilo\" \/>\n\t<meta name=\"twitter:label2\" content=\"Est. tempo de leitura\" \/>\n\t<meta name=\"twitter:data2\" content=\"2 minutos\" \/>\n<script type=\"application\/ld+json\" class=\"yoast-schema-graph\">{\"@context\":\"https:\/\/schema.org\",\"@graph\":[{\"@type\":\"Article\",\"@id\":\"https:\/\/www.oarcanjo.net\/site\/santa-eufrasia\/#article\",\"isPartOf\":{\"@id\":\"https:\/\/www.oarcanjo.net\/site\/santa-eufrasia\/\"},\"author\":{\"name\":\"danilo\",\"@id\":\"https:\/\/www.oarcanjo.net\/site\/#\/schema\/person\/5eb9480bedd2f3c97e430ce128c29c6c\"},\"headline\":\"Santa Eufr\u00e1sia\",\"datePublished\":\"2019-03-13T03:40:16+00:00\",\"dateModified\":\"2019-02-20T11:06:38+00:00\",\"mainEntityOfPage\":{\"@id\":\"https:\/\/www.oarcanjo.net\/site\/santa-eufrasia\/\"},\"wordCount\":440,\"commentCount\":0,\"publisher\":{\"@id\":\"https:\/\/www.oarcanjo.net\/site\/#organization\"},\"image\":{\"@id\":\"https:\/\/www.oarcanjo.net\/site\/santa-eufrasia\/#primaryimage\"},\"thumbnailUrl\":\"http:\/\/www.oarcanjo.net\/site\/wp-content\/uploads\/Santa-Eufrasia.jpg\",\"articleSection\":[\"Testemunhos\"],\"inLanguage\":\"pt-BR\",\"potentialAction\":[{\"@type\":\"CommentAction\",\"name\":\"Comment\",\"target\":[\"https:\/\/www.oarcanjo.net\/site\/santa-eufrasia\/#respond\"]}]},{\"@type\":\"WebPage\",\"@id\":\"https:\/\/www.oarcanjo.net\/site\/santa-eufrasia\/\",\"url\":\"https:\/\/www.oarcanjo.net\/site\/santa-eufrasia\/\",\"name\":\"Santa Eufr\u00e1sia - O Arcanjo no ar\",\"isPartOf\":{\"@id\":\"https:\/\/www.oarcanjo.net\/site\/#website\"},\"primaryImageOfPage\":{\"@id\":\"https:\/\/www.oarcanjo.net\/site\/santa-eufrasia\/#primaryimage\"},\"image\":{\"@id\":\"https:\/\/www.oarcanjo.net\/site\/santa-eufrasia\/#primaryimage\"},\"thumbnailUrl\":\"http:\/\/www.oarcanjo.net\/site\/wp-content\/uploads\/Santa-Eufrasia.jpg\",\"datePublished\":\"2019-03-13T03:40:16+00:00\",\"dateModified\":\"2019-02-20T11:06:38+00:00\",\"breadcrumb\":{\"@id\":\"https:\/\/www.oarcanjo.net\/site\/santa-eufrasia\/#breadcrumb\"},\"inLanguage\":\"pt-BR\",\"potentialAction\":[{\"@type\":\"ReadAction\",\"target\":[\"https:\/\/www.oarcanjo.net\/site\/santa-eufrasia\/\"]}]},{\"@type\":\"ImageObject\",\"inLanguage\":\"pt-BR\",\"@id\":\"https:\/\/www.oarcanjo.net\/site\/santa-eufrasia\/#primaryimage\",\"url\":\"https:\/\/www.oarcanjo.net\/site\/wp-content\/uploads\/Santa-Eufrasia.jpg\",\"contentUrl\":\"https:\/\/www.oarcanjo.net\/site\/wp-content\/uploads\/Santa-Eufrasia.jpg\",\"width\":313,\"height\":448,\"caption\":\"Santa Eufr\u00e1sia\"},{\"@type\":\"BreadcrumbList\",\"@id\":\"https:\/\/www.oarcanjo.net\/site\/santa-eufrasia\/#breadcrumb\",\"itemListElement\":[{\"@type\":\"ListItem\",\"position\":1,\"name\":\"In\u00edcio\",\"item\":\"https:\/\/www.oarcanjo.net\/site\/\"},{\"@type\":\"ListItem\",\"position\":2,\"name\":\"Santa Eufr\u00e1sia\"}]},{\"@type\":\"WebSite\",\"@id\":\"https:\/\/www.oarcanjo.net\/site\/#website\",\"url\":\"https:\/\/www.oarcanjo.net\/site\/\",\"name\":\"O Arcanjo no ar\",\"description\":\"Site da Par\u00f3quia S\u00e3o Miguel Arcanjo (Arquidiocese de SP)\",\"publisher\":{\"@id\":\"https:\/\/www.oarcanjo.net\/site\/#organization\"},\"potentialAction\":[{\"@type\":\"SearchAction\",\"target\":{\"@type\":\"EntryPoint\",\"urlTemplate\":\"https:\/\/www.oarcanjo.net\/site\/?s={search_term_string}\"},\"query-input\":{\"@type\":\"PropertyValueSpecification\",\"valueRequired\":true,\"valueName\":\"search_term_string\"}}],\"inLanguage\":\"pt-BR\"},{\"@type\":\"Organization\",\"@id\":\"https:\/\/www.oarcanjo.net\/site\/#organization\",\"name\":\"Par\u00f3quia S\u00e3o Miguel Arcanjo\",\"url\":\"https:\/\/www.oarcanjo.net\/site\/\",\"logo\":{\"@type\":\"ImageObject\",\"inLanguage\":\"pt-BR\",\"@id\":\"https:\/\/www.oarcanjo.net\/site\/#\/schema\/logo\/image\/\",\"url\":\"https:\/\/www.oarcanjo.net\/site\/wp-content\/uploads\/LogoOArcanjo.png\",\"contentUrl\":\"https:\/\/www.oarcanjo.net\/site\/wp-content\/uploads\/LogoOArcanjo.png\",\"width\":319,\"height\":99,\"caption\":\"Par\u00f3quia S\u00e3o Miguel Arcanjo\"},\"image\":{\"@id\":\"https:\/\/www.oarcanjo.net\/site\/#\/schema\/logo\/image\/\"},\"sameAs\":[\"https:\/\/www.facebook.com\/OArcanjoNoAr\/\"]},{\"@type\":\"Person\",\"@id\":\"https:\/\/www.oarcanjo.net\/site\/#\/schema\/person\/5eb9480bedd2f3c97e430ce128c29c6c\",\"name\":\"danilo\"}]}<\/script>\n<!-- \/ Yoast SEO plugin. -->","yoast_head_json":{"title":"Santa Eufr\u00e1sia - O Arcanjo no ar","robots":{"index":"index","follow":"follow","max-snippet":"max-snippet:-1","max-image-preview":"max-image-preview:large","max-video-preview":"max-video-preview:-1"},"canonical":"https:\/\/www.oarcanjo.net\/site\/santa-eufrasia\/","og_locale":"pt_BR","og_type":"article","og_title":"Santa Eufr\u00e1sia - O Arcanjo no ar","og_description":"13 de Mar\u00e7o Eufr\u00e1sia, cujo nome em grego significa alegria, nasceu no ano 380, na \u00c1sia Menor e cresceu durante o reinado do imperador Teod\u00f3sio, de quem seus pais eram parentes. Portanto, foi educada para viver na corte, rodeada pelos prazeres e luxos. Mas, nunca se sentiu atra\u00edda por nada disso, mesmo porque, seus pais [&hellip;]","og_url":"https:\/\/www.oarcanjo.net\/site\/santa-eufrasia\/","og_site_name":"O Arcanjo no ar","article_publisher":"https:\/\/www.facebook.com\/OArcanjoNoAr\/","article_published_time":"2019-03-13T03:40:16+00:00","article_modified_time":"2019-02-20T11:06:38+00:00","og_image":[{"url":"http:\/\/www.oarcanjo.net\/site\/wp-content\/uploads\/Santa-Eufrasia.jpg"}],"author":"danilo","twitter_card":"summary_large_image","twitter_misc":{"Escrito por":"danilo","Est. tempo de leitura":"2 minutos"},"schema":{"@context":"https:\/\/schema.org","@graph":[{"@type":"Article","@id":"https:\/\/www.oarcanjo.net\/site\/santa-eufrasia\/#article","isPartOf":{"@id":"https:\/\/www.oarcanjo.net\/site\/santa-eufrasia\/"},"author":{"name":"danilo","@id":"https:\/\/www.oarcanjo.net\/site\/#\/schema\/person\/5eb9480bedd2f3c97e430ce128c29c6c"},"headline":"Santa Eufr\u00e1sia","datePublished":"2019-03-13T03:40:16+00:00","dateModified":"2019-02-20T11:06:38+00:00","mainEntityOfPage":{"@id":"https:\/\/www.oarcanjo.net\/site\/santa-eufrasia\/"},"wordCount":440,"commentCount":0,"publisher":{"@id":"https:\/\/www.oarcanjo.net\/site\/#organization"},"image":{"@id":"https:\/\/www.oarcanjo.net\/site\/santa-eufrasia\/#primaryimage"},"thumbnailUrl":"http:\/\/www.oarcanjo.net\/site\/wp-content\/uploads\/Santa-Eufrasia.jpg","articleSection":["Testemunhos"],"inLanguage":"pt-BR","potentialAction":[{"@type":"CommentAction","name":"Comment","target":["https:\/\/www.oarcanjo.net\/site\/santa-eufrasia\/#respond"]}]},{"@type":"WebPage","@id":"https:\/\/www.oarcanjo.net\/site\/santa-eufrasia\/","url":"https:\/\/www.oarcanjo.net\/site\/santa-eufrasia\/","name":"Santa Eufr\u00e1sia - O Arcanjo no ar","isPartOf":{"@id":"https:\/\/www.oarcanjo.net\/site\/#website"},"primaryImageOfPage":{"@id":"https:\/\/www.oarcanjo.net\/site\/santa-eufrasia\/#primaryimage"},"image":{"@id":"https:\/\/www.oarcanjo.net\/site\/santa-eufrasia\/#primaryimage"},"thumbnailUrl":"http:\/\/www.oarcanjo.net\/site\/wp-content\/uploads\/Santa-Eufrasia.jpg","datePublished":"2019-03-13T03:40:16+00:00","dateModified":"2019-02-20T11:06:38+00:00","breadcrumb":{"@id":"https:\/\/www.oarcanjo.net\/site\/santa-eufrasia\/#breadcrumb"},"inLanguage":"pt-BR","potentialAction":[{"@type":"ReadAction","target":["https:\/\/www.oarcanjo.net\/site\/santa-eufrasia\/"]}]},{"@type":"ImageObject","inLanguage":"pt-BR","@id":"https:\/\/www.oarcanjo.net\/site\/santa-eufrasia\/#primaryimage","url":"https:\/\/www.oarcanjo.net\/site\/wp-content\/uploads\/Santa-Eufrasia.jpg","contentUrl":"https:\/\/www.oarcanjo.net\/site\/wp-content\/uploads\/Santa-Eufrasia.jpg","width":313,"height":448,"caption":"Santa Eufr\u00e1sia"},{"@type":"BreadcrumbList","@id":"https:\/\/www.oarcanjo.net\/site\/santa-eufrasia\/#breadcrumb","itemListElement":[{"@type":"ListItem","position":1,"name":"In\u00edcio","item":"https:\/\/www.oarcanjo.net\/site\/"},{"@type":"ListItem","position":2,"name":"Santa Eufr\u00e1sia"}]},{"@type":"WebSite","@id":"https:\/\/www.oarcanjo.net\/site\/#website","url":"https:\/\/www.oarcanjo.net\/site\/","name":"O Arcanjo no ar","description":"Site da Par\u00f3quia S\u00e3o Miguel Arcanjo (Arquidiocese de SP)","publisher":{"@id":"https:\/\/www.oarcanjo.net\/site\/#organization"},"potentialAction":[{"@type":"SearchAction","target":{"@type":"EntryPoint","urlTemplate":"https:\/\/www.oarcanjo.net\/site\/?s={search_term_string}"},"query-input":{"@type":"PropertyValueSpecification","valueRequired":true,"valueName":"search_term_string"}}],"inLanguage":"pt-BR"},{"@type":"Organization","@id":"https:\/\/www.oarcanjo.net\/site\/#organization","name":"Par\u00f3quia S\u00e3o Miguel Arcanjo","url":"https:\/\/www.oarcanjo.net\/site\/","logo":{"@type":"ImageObject","inLanguage":"pt-BR","@id":"https:\/\/www.oarcanjo.net\/site\/#\/schema\/logo\/image\/","url":"https:\/\/www.oarcanjo.net\/site\/wp-content\/uploads\/LogoOArcanjo.png","contentUrl":"https:\/\/www.oarcanjo.net\/site\/wp-content\/uploads\/LogoOArcanjo.png","width":319,"height":99,"caption":"Par\u00f3quia S\u00e3o Miguel Arcanjo"},"image":{"@id":"https:\/\/www.oarcanjo.net\/site\/#\/schema\/logo\/image\/"},"sameAs":["https:\/\/www.facebook.com\/OArcanjoNoAr\/"]},{"@type":"Person","@id":"https:\/\/www.oarcanjo.net\/site\/#\/schema\/person\/5eb9480bedd2f3c97e430ce128c29c6c","name":"danilo"}]}},"publishpress_future_action":{"enabled":false,"date":"2026-05-07 23:25:56","action":"category","newStatus":"draft","terms":[],"taxonomy":"category"},"publishpress_future_workflow_manual_trigger":{"enabledWorkflows":[]},"_links":{"self":[{"href":"https:\/\/www.oarcanjo.net\/site\/wp-json\/wp\/v2\/posts\/8281"}],"collection":[{"href":"https:\/\/www.oarcanjo.net\/site\/wp-json\/wp\/v2\/posts"}],"about":[{"href":"https:\/\/www.oarcanjo.net\/site\/wp-json\/wp\/v2\/types\/post"}],"author":[{"embeddable":true,"href":"https:\/\/www.oarcanjo.net\/site\/wp-json\/wp\/v2\/users\/14"}],"replies":[{"embeddable":true,"href":"https:\/\/www.oarcanjo.net\/site\/wp-json\/wp\/v2\/comments?post=8281"}],"version-history":[{"count":1,"href":"https:\/\/www.oarcanjo.net\/site\/wp-json\/wp\/v2\/posts\/8281\/revisions"}],"predecessor-version":[{"id":92975,"href":"https:\/\/www.oarcanjo.net\/site\/wp-json\/wp\/v2\/posts\/8281\/revisions\/92975"}],"wp:attachment":[{"href":"https:\/\/www.oarcanjo.net\/site\/wp-json\/wp\/v2\/media?parent=8281"}],"wp:term":[{"taxonomy":"category","embeddable":true,"href":"https:\/\/www.oarcanjo.net\/site\/wp-json\/wp\/v2\/categories?post=8281"},{"taxonomy":"post_tag","embeddable":true,"href":"https:\/\/www.oarcanjo.net\/site\/wp-json\/wp\/v2\/tags?post=8281"}],"curies":[{"name":"wp","href":"https:\/\/api.w.org\/{rel}","templated":true}]}}