
{"id":8283,"date":"2019-03-13T11:30:13","date_gmt":"2019-03-13T14:30:13","guid":{"rendered":"http:\/\/www.oarcanjo.net\/site\/?p=8283"},"modified":"2019-02-20T08:06:42","modified_gmt":"2019-02-20T11:06:42","slug":"irma-dulce","status":"publish","type":"post","link":"https:\/\/www.oarcanjo.net\/site\/irma-dulce\/","title":{"rendered":"Irm\u00e3 Dulce"},"content":{"rendered":"<p><img loading=\"lazy\" decoding=\"async\" alt=\"\" src=\"http:\/\/fabiomonteiro.files.wordpress.com\/2009\/08\/irma_dulce.jpg\" width=\"505\" height=\"603\" \/><\/p>\n<p>13 de Mar\u00e7o<\/p>\n<p>Maria Rita de Souza Brito Lopes Pontes nasceu no dia 26 de maio de 1914, na Bahia, Brasil. Era a segunda filha do casal, Augusto Lopes Pontes, e Dulce Souza Brito, que j\u00e1 tinha quatro outros filhos. Sua m\u00e3e morreu aos vinte e seis anos, quando ela tinha apenas seis anos de idade, por\u00e9m, teve uma inf\u00e2ncia feliz, com os irm\u00e3os e os parentes, que procuravam compensar a grande perda. Certo dia, a menina foi com uma tia materna visitar os pobres de um convento. Foi diante de tanta priva\u00e7\u00e3o e sofrimento que a pequena decidiu: &#8220;Quero ser freira e dedicar minha vida aos pobres&#8221;. E isso ela nunca esqueceu.<\/p>\n<p>Maria Rita se desenvolveu pouco fisicamente, tornou-se uma mulher pequenina e de apar\u00eancia muito fr\u00e1gil. Mas aos dezenove anos, ap\u00f3s diplomar-se professora, ingressou na Congrega\u00e7\u00e3o das Irm\u00e3s Mission\u00e1rias da Imaculada Concei\u00e7\u00e3o da M\u00e3e de Deus, em Sergipe e, aos vinte anos, fez sua profiss\u00e3o religiosa, assumindo o nome de Irm\u00e3 Dulce, em homenagem \u00e0 m\u00e3e.<\/p>\n<p>Determinada a atender os mais carentes, voltou \u00e0 Bahia em 1934, iniciando um trabalho de assist\u00eancia \u00e0 comunidade pobre de Alagados e Itapagipe. Nesse mesmo ano funda a Uni\u00e3o Oper\u00e1ria S\u00e3o Francisco, primeiro movimento crist\u00e3o oper\u00e1rio de Salvador. A imprensa come\u00e7a a cham\u00e1-la de Irm\u00e3 Dulce dos Pobres, o anjo dos Alagados. Em 1937, fundou o C\u00edrculo Oper\u00e1rio da Bahia.<\/p>\n<p>Decidida a acolher os doentes que a procuravam, Irm\u00e3 Dulce os abrigava em casas abandonadas e, em seguida, sa\u00eda em busca de alimentos, rem\u00e9dios, assist\u00eancia m\u00e9dica e ajuda financeira dos comerciantes e pessoas amigas. Seu lema era: &#8220;Amar e servir o mais necessitado entre os necessitados, como se acolhesse<br \/>\no pr\u00f3prio Cristo&#8221;.<\/p>\n<p>E, sob esse escudo, Irm\u00e3 Dulce iniciou seu trabalho assistencial num albergue improvisado em 1946, no galinheiro do convento das Irm\u00e3s Mission\u00e1rias da Imaculada Concei\u00e7\u00e3o da M\u00e3e de Deus, para acolher setenta doentes que ela havia recolhido nas ruas de Salvador. Atualmente, a Associa\u00e7\u00e3o Obras Sociais Irm\u00e3 Dulce \u00e9 a maior ONG de sa\u00fade no Norte e Nordeste e a nona do Brasil, atendendo, em seus onze n\u00facleos, mais de um milh\u00e3o de carentes por ano, um trabalho inteiramente gratuito. Nessas Obras Sociais est\u00e3o portadores de defici\u00eancias, idosos, crian\u00e7as, adolescentes, mendigos, alco\u00f3licos, toxic\u00f4manos e todos os que vivem \u00e0 margem da sociedade.<\/p>\n<p>Para construir sua obra, Irm\u00e3 Dulce contou com o apoio do povo baiano, de brasileiros dos diversos estados e de personalidades internacionais. No dia 7 de julho de 1980, Irm\u00e3 Dulce ouviu do Papa Jo\u00e3o Paulo II, na sua primeira visita ao pa\u00eds, o incentivo para prosseguir com a sua obra. Quatro anos depois fundou a Associa\u00e7\u00e3o Filhas de Maria Servas dos Pobres. E em 1988, foi indicada para o Pr\u00eamio Nobel da Paz.<\/p>\n<p>Em 20 de outubro de 1991, na segunda visita ao Brasil, o Papa Jo\u00e3o Paulo II fez quest\u00e3o de visitar Irm\u00e3 Dulce, j\u00e1 bastante debilitada no seu leito de enferma, no Convento Santo Ant\u00f4nio. Aos 13 de mar\u00e7o de 1992, Irm\u00e3 Dulce faleceu, com setenta e sete anos de idade. A fragilidade dos \u00faltimos trinta anos da sua vida, com a sa\u00fade abalada seriamente, tinha setenta por cento da capacidade respirat\u00f3ria comprometida, n\u00e3o impediu que ela constru\u00edsse e mantivesse uma das maiores e respeitadas institui\u00e7\u00f5es filantr\u00f3picas do pa\u00eds.<\/p>\n<p>Por esse exemplo de vida, a Igreja Cat\u00f3lica abriu o processo para a beatifica\u00e7\u00e3o de Irm\u00e3 Dulce, em 2000. No final da fase diocesana, ap\u00f3s um ano e meio, o Papa Jo\u00e3o Paulo II a distinguiu como Serva de Deus. E quando se der sua beatifica\u00e7\u00e3o, sem d\u00favida ser\u00e1 celebrada uma vida inteira de testemunho de que a f\u00e9 e o amor s\u00e3o capazes de superar as piores dificuldades.<\/p>\n<p>O Memorial Irm\u00e3 Dulce guarda hoje cerca de dois mil relatos documentados de gra\u00e7as alcan\u00e7adas por baianos, pessoas de outros Estados e at\u00e9 de outros pa\u00edses, concedidas por intercess\u00e3o de Irm\u00e3 Dulce, que atestam a sua fama de santidade ainda em vida e as virtudes her\u00f3icas do &#8220;Anjo Bom da Bahia&#8221;, como a freira, j\u00e1 no final da vida, era reconhecida.<\/p>\n<p>A 21 de Janeiro de 2009, a Congrega\u00e7\u00e3o para as Causas dos Santos do Vaticano \u00a0anunciou o voto favor\u00e1vel que reconhece Irm\u00e3 Dulce como vener\u00e1vel<sup>.<\/sup><\/p>\n<p>A 03 de Abril de 2009, o papa Bento XVI aprovou o decreto de reconhecimento de suas virtudes her\u00f3icas E a qualquer momento pode ser uma Santa &#8220;Santa Irm\u00e3 Dulce&#8221;<\/p>\n<p><img decoding=\"async\" alt=\"\" src=\"http:\/\/correio24horas.globo.com\/recursos\/BancoImagens\/%7B9B127D72-AE19-4164-BA21-3064D95E4327%7D_irm%C3%A3%20dulce.jpg\" \/><\/p>\n<p><img decoding=\"async\" alt=\"\" src=\"http:\/\/jornalcrpd.vilabol.uol.com.br\/edicao11\/irmercio.gif\" \/>\u00a0<img decoding=\"async\" alt=\"\" src=\"http:\/\/www.irmadulce.org.br\/___teste\/_imgs\/anjo\/paginas\/vida.jpg\" \/>\u00a0<a id=\"apf6\" href=\"http:\/\/images.google.com.br\/imgres?imgurl=http:\/\/oglobo.globo.com\/fotos\/2009\/04\/23\/23_MVG_sp_dulce1.jpg&amp;imgrefurl=http:\/\/oglobo.globo.com\/pais\/mat\/2009\/04\/23\/processo-de-beatificacao-de-irma-dulce-promete-rapidez-recorde-no-vaticano-755402530.asp&amp;usg=__QwmicgsoSkLUavVEPsu_Df5JQ8s=&amp;h=460&amp;w=360&amp;sz=30&amp;hl=pt-BR&amp;start=43&amp;sig2=EqPfgfeigvjliGs8AWAnFw&amp;um=1&amp;itbs=1&amp;tbnid=kpHqlYRGolNfEM:&amp;tbnh=128&amp;tbnw=100&amp;prev=\/images%3Fq%3Dirm%25C3%25A3%2Bdulce%26start%3D36%26um%3D1%26hl%3Dpt-BR%26sa%3DN%26ndsp%3D18%26tbs%3Disch:1&amp;ei=Y0GSS4ewB9KUtgf_nfGACw\"><img loading=\"lazy\" decoding=\"async\" alt=\"\" src=\"http:\/\/t2.gstatic.com\/images?q=tbn:kpHqlYRGolNfEM:http:\/\/oglobo.globo.com\/fotos\/2009\/04\/23\/23_MVG_sp_dulce1.jpg\" width=\"160\" height=\"323\" \/><\/a><\/p>\n<p><img decoding=\"async\" alt=\"\" src=\"http:\/\/www.salvadorbahia.net\/sites\/default\/files\/suzana%20bresolin\/irma%20dulce%20monumento.jpg\" \/><\/p>\n<p>Memorial Irma Dulce<\/p>\n<div id=\"themify_builder_content-8283\" data-postid=\"8283\" class=\"themify_builder_content themify_builder_content-8283 themify_builder themify_builder_front\">\n\t<\/div>\n<!-- \/themify_builder_content -->","protected":false},"excerpt":{"rendered":"<p>13 de Mar\u00e7o Maria Rita de Souza Brito Lopes Pontes nasceu no dia 26 de maio de 1914, na Bahia, Brasil. Era a segunda filha do casal, Augusto Lopes Pontes, e Dulce Souza Brito, que j\u00e1 tinha quatro outros filhos. Sua m\u00e3e morreu aos vinte e seis anos, quando ela tinha apenas seis anos de [&hellip;]<\/p>\n","protected":false},"author":14,"featured_media":0,"comment_status":"open","ping_status":"open","sticky":false,"template":"","format":"standard","meta":{"ngg_post_thumbnail":0,"footnotes":""},"categories":[186],"tags":[],"yoast_head":"<!-- This site is optimized with the Yoast SEO plugin v23.5 - https:\/\/yoast.com\/wordpress\/plugins\/seo\/ -->\n<title>Irm\u00e3 Dulce - O Arcanjo no ar<\/title>\n<meta name=\"robots\" content=\"index, follow, max-snippet:-1, max-image-preview:large, max-video-preview:-1\" \/>\n<link rel=\"canonical\" href=\"https:\/\/www.oarcanjo.net\/site\/irma-dulce\/\" \/>\n<meta property=\"og:locale\" content=\"pt_BR\" \/>\n<meta property=\"og:type\" content=\"article\" \/>\n<meta property=\"og:title\" content=\"Irm\u00e3 Dulce - O Arcanjo no ar\" \/>\n<meta property=\"og:description\" content=\"13 de Mar\u00e7o Maria Rita de Souza Brito Lopes Pontes nasceu no dia 26 de maio de 1914, na Bahia, Brasil. Era a segunda filha do casal, Augusto Lopes Pontes, e Dulce Souza Brito, que j\u00e1 tinha quatro outros filhos. Sua m\u00e3e morreu aos vinte e seis anos, quando ela tinha apenas seis anos de [&hellip;]\" \/>\n<meta property=\"og:url\" content=\"https:\/\/www.oarcanjo.net\/site\/irma-dulce\/\" \/>\n<meta property=\"og:site_name\" content=\"O Arcanjo no ar\" \/>\n<meta property=\"article:publisher\" content=\"https:\/\/www.facebook.com\/OArcanjoNoAr\/\" \/>\n<meta property=\"article:published_time\" content=\"2019-03-13T14:30:13+00:00\" \/>\n<meta property=\"article:modified_time\" content=\"2019-02-20T11:06:42+00:00\" \/>\n<meta property=\"og:image\" content=\"http:\/\/fabiomonteiro.files.wordpress.com\/2009\/08\/irma_dulce.jpg\" \/>\n<meta name=\"author\" content=\"danilo\" \/>\n<meta name=\"twitter:card\" content=\"summary_large_image\" \/>\n<meta name=\"twitter:label1\" content=\"Escrito por\" \/>\n\t<meta name=\"twitter:data1\" content=\"danilo\" \/>\n\t<meta name=\"twitter:label2\" content=\"Est. tempo de leitura\" \/>\n\t<meta name=\"twitter:data2\" content=\"4 minutos\" \/>\n<script type=\"application\/ld+json\" class=\"yoast-schema-graph\">{\"@context\":\"https:\/\/schema.org\",\"@graph\":[{\"@type\":\"Article\",\"@id\":\"https:\/\/www.oarcanjo.net\/site\/irma-dulce\/#article\",\"isPartOf\":{\"@id\":\"https:\/\/www.oarcanjo.net\/site\/irma-dulce\/\"},\"author\":{\"name\":\"danilo\",\"@id\":\"https:\/\/www.oarcanjo.net\/site\/#\/schema\/person\/5eb9480bedd2f3c97e430ce128c29c6c\"},\"headline\":\"Irm\u00e3 Dulce\",\"datePublished\":\"2019-03-13T14:30:13+00:00\",\"dateModified\":\"2019-02-20T11:06:42+00:00\",\"mainEntityOfPage\":{\"@id\":\"https:\/\/www.oarcanjo.net\/site\/irma-dulce\/\"},\"wordCount\":786,\"commentCount\":2,\"publisher\":{\"@id\":\"https:\/\/www.oarcanjo.net\/site\/#organization\"},\"image\":{\"@id\":\"https:\/\/www.oarcanjo.net\/site\/irma-dulce\/#primaryimage\"},\"thumbnailUrl\":\"http:\/\/fabiomonteiro.files.wordpress.com\/2009\/08\/irma_dulce.jpg\",\"articleSection\":[\"Testemunhos\"],\"inLanguage\":\"pt-BR\",\"potentialAction\":[{\"@type\":\"CommentAction\",\"name\":\"Comment\",\"target\":[\"https:\/\/www.oarcanjo.net\/site\/irma-dulce\/#respond\"]}]},{\"@type\":\"WebPage\",\"@id\":\"https:\/\/www.oarcanjo.net\/site\/irma-dulce\/\",\"url\":\"https:\/\/www.oarcanjo.net\/site\/irma-dulce\/\",\"name\":\"Irm\u00e3 Dulce - O Arcanjo no ar\",\"isPartOf\":{\"@id\":\"https:\/\/www.oarcanjo.net\/site\/#website\"},\"primaryImageOfPage\":{\"@id\":\"https:\/\/www.oarcanjo.net\/site\/irma-dulce\/#primaryimage\"},\"image\":{\"@id\":\"https:\/\/www.oarcanjo.net\/site\/irma-dulce\/#primaryimage\"},\"thumbnailUrl\":\"http:\/\/fabiomonteiro.files.wordpress.com\/2009\/08\/irma_dulce.jpg\",\"datePublished\":\"2019-03-13T14:30:13+00:00\",\"dateModified\":\"2019-02-20T11:06:42+00:00\",\"breadcrumb\":{\"@id\":\"https:\/\/www.oarcanjo.net\/site\/irma-dulce\/#breadcrumb\"},\"inLanguage\":\"pt-BR\",\"potentialAction\":[{\"@type\":\"ReadAction\",\"target\":[\"https:\/\/www.oarcanjo.net\/site\/irma-dulce\/\"]}]},{\"@type\":\"ImageObject\",\"inLanguage\":\"pt-BR\",\"@id\":\"https:\/\/www.oarcanjo.net\/site\/irma-dulce\/#primaryimage\",\"url\":\"http:\/\/fabiomonteiro.files.wordpress.com\/2009\/08\/irma_dulce.jpg\",\"contentUrl\":\"http:\/\/fabiomonteiro.files.wordpress.com\/2009\/08\/irma_dulce.jpg\"},{\"@type\":\"BreadcrumbList\",\"@id\":\"https:\/\/www.oarcanjo.net\/site\/irma-dulce\/#breadcrumb\",\"itemListElement\":[{\"@type\":\"ListItem\",\"position\":1,\"name\":\"In\u00edcio\",\"item\":\"https:\/\/www.oarcanjo.net\/site\/\"},{\"@type\":\"ListItem\",\"position\":2,\"name\":\"Irm\u00e3 Dulce\"}]},{\"@type\":\"WebSite\",\"@id\":\"https:\/\/www.oarcanjo.net\/site\/#website\",\"url\":\"https:\/\/www.oarcanjo.net\/site\/\",\"name\":\"O Arcanjo no ar\",\"description\":\"Site da Par\u00f3quia S\u00e3o Miguel Arcanjo (Arquidiocese de SP)\",\"publisher\":{\"@id\":\"https:\/\/www.oarcanjo.net\/site\/#organization\"},\"potentialAction\":[{\"@type\":\"SearchAction\",\"target\":{\"@type\":\"EntryPoint\",\"urlTemplate\":\"https:\/\/www.oarcanjo.net\/site\/?s={search_term_string}\"},\"query-input\":{\"@type\":\"PropertyValueSpecification\",\"valueRequired\":true,\"valueName\":\"search_term_string\"}}],\"inLanguage\":\"pt-BR\"},{\"@type\":\"Organization\",\"@id\":\"https:\/\/www.oarcanjo.net\/site\/#organization\",\"name\":\"Par\u00f3quia S\u00e3o Miguel Arcanjo\",\"url\":\"https:\/\/www.oarcanjo.net\/site\/\",\"logo\":{\"@type\":\"ImageObject\",\"inLanguage\":\"pt-BR\",\"@id\":\"https:\/\/www.oarcanjo.net\/site\/#\/schema\/logo\/image\/\",\"url\":\"https:\/\/www.oarcanjo.net\/site\/wp-content\/uploads\/LogoOArcanjo.png\",\"contentUrl\":\"https:\/\/www.oarcanjo.net\/site\/wp-content\/uploads\/LogoOArcanjo.png\",\"width\":319,\"height\":99,\"caption\":\"Par\u00f3quia S\u00e3o Miguel Arcanjo\"},\"image\":{\"@id\":\"https:\/\/www.oarcanjo.net\/site\/#\/schema\/logo\/image\/\"},\"sameAs\":[\"https:\/\/www.facebook.com\/OArcanjoNoAr\/\"]},{\"@type\":\"Person\",\"@id\":\"https:\/\/www.oarcanjo.net\/site\/#\/schema\/person\/5eb9480bedd2f3c97e430ce128c29c6c\",\"name\":\"danilo\"}]}<\/script>\n<!-- \/ Yoast SEO plugin. -->","yoast_head_json":{"title":"Irm\u00e3 Dulce - O Arcanjo no ar","robots":{"index":"index","follow":"follow","max-snippet":"max-snippet:-1","max-image-preview":"max-image-preview:large","max-video-preview":"max-video-preview:-1"},"canonical":"https:\/\/www.oarcanjo.net\/site\/irma-dulce\/","og_locale":"pt_BR","og_type":"article","og_title":"Irm\u00e3 Dulce - O Arcanjo no ar","og_description":"13 de Mar\u00e7o Maria Rita de Souza Brito Lopes Pontes nasceu no dia 26 de maio de 1914, na Bahia, Brasil. Era a segunda filha do casal, Augusto Lopes Pontes, e Dulce Souza Brito, que j\u00e1 tinha quatro outros filhos. Sua m\u00e3e morreu aos vinte e seis anos, quando ela tinha apenas seis anos de [&hellip;]","og_url":"https:\/\/www.oarcanjo.net\/site\/irma-dulce\/","og_site_name":"O Arcanjo no ar","article_publisher":"https:\/\/www.facebook.com\/OArcanjoNoAr\/","article_published_time":"2019-03-13T14:30:13+00:00","article_modified_time":"2019-02-20T11:06:42+00:00","og_image":[{"url":"http:\/\/fabiomonteiro.files.wordpress.com\/2009\/08\/irma_dulce.jpg"}],"author":"danilo","twitter_card":"summary_large_image","twitter_misc":{"Escrito por":"danilo","Est. tempo de leitura":"4 minutos"},"schema":{"@context":"https:\/\/schema.org","@graph":[{"@type":"Article","@id":"https:\/\/www.oarcanjo.net\/site\/irma-dulce\/#article","isPartOf":{"@id":"https:\/\/www.oarcanjo.net\/site\/irma-dulce\/"},"author":{"name":"danilo","@id":"https:\/\/www.oarcanjo.net\/site\/#\/schema\/person\/5eb9480bedd2f3c97e430ce128c29c6c"},"headline":"Irm\u00e3 Dulce","datePublished":"2019-03-13T14:30:13+00:00","dateModified":"2019-02-20T11:06:42+00:00","mainEntityOfPage":{"@id":"https:\/\/www.oarcanjo.net\/site\/irma-dulce\/"},"wordCount":786,"commentCount":2,"publisher":{"@id":"https:\/\/www.oarcanjo.net\/site\/#organization"},"image":{"@id":"https:\/\/www.oarcanjo.net\/site\/irma-dulce\/#primaryimage"},"thumbnailUrl":"http:\/\/fabiomonteiro.files.wordpress.com\/2009\/08\/irma_dulce.jpg","articleSection":["Testemunhos"],"inLanguage":"pt-BR","potentialAction":[{"@type":"CommentAction","name":"Comment","target":["https:\/\/www.oarcanjo.net\/site\/irma-dulce\/#respond"]}]},{"@type":"WebPage","@id":"https:\/\/www.oarcanjo.net\/site\/irma-dulce\/","url":"https:\/\/www.oarcanjo.net\/site\/irma-dulce\/","name":"Irm\u00e3 Dulce - O Arcanjo no ar","isPartOf":{"@id":"https:\/\/www.oarcanjo.net\/site\/#website"},"primaryImageOfPage":{"@id":"https:\/\/www.oarcanjo.net\/site\/irma-dulce\/#primaryimage"},"image":{"@id":"https:\/\/www.oarcanjo.net\/site\/irma-dulce\/#primaryimage"},"thumbnailUrl":"http:\/\/fabiomonteiro.files.wordpress.com\/2009\/08\/irma_dulce.jpg","datePublished":"2019-03-13T14:30:13+00:00","dateModified":"2019-02-20T11:06:42+00:00","breadcrumb":{"@id":"https:\/\/www.oarcanjo.net\/site\/irma-dulce\/#breadcrumb"},"inLanguage":"pt-BR","potentialAction":[{"@type":"ReadAction","target":["https:\/\/www.oarcanjo.net\/site\/irma-dulce\/"]}]},{"@type":"ImageObject","inLanguage":"pt-BR","@id":"https:\/\/www.oarcanjo.net\/site\/irma-dulce\/#primaryimage","url":"http:\/\/fabiomonteiro.files.wordpress.com\/2009\/08\/irma_dulce.jpg","contentUrl":"http:\/\/fabiomonteiro.files.wordpress.com\/2009\/08\/irma_dulce.jpg"},{"@type":"BreadcrumbList","@id":"https:\/\/www.oarcanjo.net\/site\/irma-dulce\/#breadcrumb","itemListElement":[{"@type":"ListItem","position":1,"name":"In\u00edcio","item":"https:\/\/www.oarcanjo.net\/site\/"},{"@type":"ListItem","position":2,"name":"Irm\u00e3 Dulce"}]},{"@type":"WebSite","@id":"https:\/\/www.oarcanjo.net\/site\/#website","url":"https:\/\/www.oarcanjo.net\/site\/","name":"O Arcanjo no ar","description":"Site da Par\u00f3quia S\u00e3o Miguel Arcanjo (Arquidiocese de SP)","publisher":{"@id":"https:\/\/www.oarcanjo.net\/site\/#organization"},"potentialAction":[{"@type":"SearchAction","target":{"@type":"EntryPoint","urlTemplate":"https:\/\/www.oarcanjo.net\/site\/?s={search_term_string}"},"query-input":{"@type":"PropertyValueSpecification","valueRequired":true,"valueName":"search_term_string"}}],"inLanguage":"pt-BR"},{"@type":"Organization","@id":"https:\/\/www.oarcanjo.net\/site\/#organization","name":"Par\u00f3quia S\u00e3o Miguel Arcanjo","url":"https:\/\/www.oarcanjo.net\/site\/","logo":{"@type":"ImageObject","inLanguage":"pt-BR","@id":"https:\/\/www.oarcanjo.net\/site\/#\/schema\/logo\/image\/","url":"https:\/\/www.oarcanjo.net\/site\/wp-content\/uploads\/LogoOArcanjo.png","contentUrl":"https:\/\/www.oarcanjo.net\/site\/wp-content\/uploads\/LogoOArcanjo.png","width":319,"height":99,"caption":"Par\u00f3quia S\u00e3o Miguel Arcanjo"},"image":{"@id":"https:\/\/www.oarcanjo.net\/site\/#\/schema\/logo\/image\/"},"sameAs":["https:\/\/www.facebook.com\/OArcanjoNoAr\/"]},{"@type":"Person","@id":"https:\/\/www.oarcanjo.net\/site\/#\/schema\/person\/5eb9480bedd2f3c97e430ce128c29c6c","name":"danilo"}]}},"publishpress_future_action":{"enabled":false,"date":"2026-05-07 23:09:14","action":"category","newStatus":"draft","terms":[],"taxonomy":"category"},"publishpress_future_workflow_manual_trigger":{"enabledWorkflows":[]},"_links":{"self":[{"href":"https:\/\/www.oarcanjo.net\/site\/wp-json\/wp\/v2\/posts\/8283"}],"collection":[{"href":"https:\/\/www.oarcanjo.net\/site\/wp-json\/wp\/v2\/posts"}],"about":[{"href":"https:\/\/www.oarcanjo.net\/site\/wp-json\/wp\/v2\/types\/post"}],"author":[{"embeddable":true,"href":"https:\/\/www.oarcanjo.net\/site\/wp-json\/wp\/v2\/users\/14"}],"replies":[{"embeddable":true,"href":"https:\/\/www.oarcanjo.net\/site\/wp-json\/wp\/v2\/comments?post=8283"}],"version-history":[{"count":1,"href":"https:\/\/www.oarcanjo.net\/site\/wp-json\/wp\/v2\/posts\/8283\/revisions"}],"predecessor-version":[{"id":92976,"href":"https:\/\/www.oarcanjo.net\/site\/wp-json\/wp\/v2\/posts\/8283\/revisions\/92976"}],"wp:attachment":[{"href":"https:\/\/www.oarcanjo.net\/site\/wp-json\/wp\/v2\/media?parent=8283"}],"wp:term":[{"taxonomy":"category","embeddable":true,"href":"https:\/\/www.oarcanjo.net\/site\/wp-json\/wp\/v2\/categories?post=8283"},{"taxonomy":"post_tag","embeddable":true,"href":"https:\/\/www.oarcanjo.net\/site\/wp-json\/wp\/v2\/tags?post=8283"}],"curies":[{"name":"wp","href":"https:\/\/api.w.org\/{rel}","templated":true}]}}