
{"id":8287,"date":"2019-03-14T00:52:29","date_gmt":"2019-03-14T03:52:29","guid":{"rendered":"http:\/\/www.oarcanjo.net\/site\/?p=8287"},"modified":"2019-02-20T08:07:27","modified_gmt":"2019-02-20T11:07:27","slug":"santa-matilde","status":"publish","type":"post","link":"https:\/\/www.oarcanjo.net\/site\/santa-matilde\/","title":{"rendered":"Santa Matilde"},"content":{"rendered":"<p><img decoding=\"async\" src=\"http:\/\/www.tudook.com\/portalcatolico\/images\/matilda14-3.jpg\" alt=\"\" \/><\/p>\n<p>14 de Mar\u00e7o<\/p>\n<p>Matilde era filha de nobres sax\u00f5es. Nasceu em Westfalia, por volta do ano 895 e foi educada pela av\u00f3, tamb\u00e9m Matilde, abadessa de um convento de beneditinas em Herford. Por isso, aprendeu a ler, a escrever e estudou teologia e filosofia, fato pouco comum para as nobres da \u00e9poca, inclusive gostava de assuntos pol\u00edticos. Constatamos nos registros da \u00e9poca que associada \u00e0 brilhante intelig\u00eancia estava uma impressionante beleza f\u00edsica e de alma. Casou-se aos catorze anos com Henrique, duque da Sax\u00f4nia, que em pouco tempo se tornou Henrique I, rei da Alemanha, com o qual viveu um matrim\u00f4nio feliz por vinte anos.<\/p>\n<p>Foi um reinado justo e feliz tamb\u00e9m para o povo. Segundo os relatos, muito dessa justi\u00e7a recheada de bondade se deveu \u00e0 rainha que, desde o in\u00edcio, mostrou-se extremamente generosa com os s\u00faditos pobres e doentes. Enquanto a ela assistia \u00e0 popula\u00e7\u00e3o e erguia conventos, escolas e hospitais, o rei tornava a Alemanha l\u00edder da Europa, salvando-a da invas\u00e3o dos h\u00fangaros, regularizando a situa\u00e7\u00e3o de seu pa\u00eds com a It\u00e1lia e a Fran\u00e7a e exercendo ainda dom\u00ednio sobre os eslavos e dinamarqueses. Havia paz em sua na\u00e7\u00e3o, gra\u00e7as \u00e0 rainha, e por isso, ele podia se dedicar aos problemas externos, fortalecendo cada vez mais o seu reinado.<\/p>\n<p>Mas essa bonan\u00e7a chegou ao fim. Henrique I faleceu e come\u00e7ou o sofrimento de Matilde. Antes de morrer, o rei indicou para o trono seu primog\u00eanito Oton, mas seu irm\u00e3o Henrique queria o trono para si. As for\u00e7as aliadas de cada um dos pr\u00edncipes entraram em guerra, para desgosto de sua m\u00e3e. O ex\u00e9rcito do pr\u00edncipe Henrique foi derrotado e Oton foi coroado rei assumindo o trono. Em seguida, os filhos se voltaram contra a m\u00e3e, alegando que ela esbanjava os bens da coroa, com a Igreja e os pobres. Tiraram toda sua fortuna e ordenaram que deixasse a corte, exilando-a.<\/p>\n<p>Matilde, triste, infeliz e sofrendo muito, retirou-se para o convento de Engerm. Contudo, muitos anos mais tarde, Oton e Henrique se arrependeram do gesto terr\u00edvel de ingratid\u00e3o e devolveram \u00e0 m\u00e3e tudo o que lhe pertencia. De posse dos seus bens, Matilde distribuiu tudo o que tinha para os pobres.<\/p>\n<p>Preferindo continuar sua vida como religiosa permaneceu no convento onde, depois de muitas penit\u00eancias e ora\u00e7\u00f5es, desenvolveu o dom das profecias. Matilde faleceu em 968, sendo sepultada ao lado do marido, no convento de Quedlinburgo. Logo foi venerada como Santa pelo povo que propagou rapidamente a fama de sua santidade por todo mundo cat\u00f3lico do Ocidente ao Oriente. Especialmente na Alemanha, It\u00e1lia e M\u00f4naco ainda hoje sua festa, autorizada pela Igreja, \u00e9 largamente celebrada no dia 14 de mar\u00e7o.<\/p>\n<div id=\"themify_builder_content-8287\" data-postid=\"8287\" class=\"themify_builder_content themify_builder_content-8287 themify_builder themify_builder_front\">\n\t<\/div>\n<!-- \/themify_builder_content -->","protected":false},"excerpt":{"rendered":"<p>14 de Mar\u00e7o Matilde era filha de nobres sax\u00f5es. Nasceu em Westfalia, por volta do ano 895 e foi educada pela av\u00f3, tamb\u00e9m Matilde, abadessa de um convento de beneditinas em Herford. Por isso, aprendeu a ler, a escrever e estudou teologia e filosofia, fato pouco comum para as nobres da \u00e9poca, inclusive gostava de [&hellip;]<\/p>\n","protected":false},"author":14,"featured_media":0,"comment_status":"open","ping_status":"open","sticky":false,"template":"","format":"standard","meta":{"ngg_post_thumbnail":0,"footnotes":""},"categories":[186],"tags":[],"yoast_head":"<!-- This site is optimized with the Yoast SEO plugin v23.5 - https:\/\/yoast.com\/wordpress\/plugins\/seo\/ -->\n<title>Santa Matilde - O Arcanjo no ar<\/title>\n<meta name=\"robots\" content=\"index, follow, max-snippet:-1, max-image-preview:large, max-video-preview:-1\" \/>\n<link rel=\"canonical\" href=\"https:\/\/www.oarcanjo.net\/site\/santa-matilde\/\" \/>\n<meta property=\"og:locale\" content=\"pt_BR\" \/>\n<meta property=\"og:type\" content=\"article\" \/>\n<meta property=\"og:title\" content=\"Santa Matilde - O Arcanjo no ar\" \/>\n<meta property=\"og:description\" content=\"14 de Mar\u00e7o Matilde era filha de nobres sax\u00f5es. Nasceu em Westfalia, por volta do ano 895 e foi educada pela av\u00f3, tamb\u00e9m Matilde, abadessa de um convento de beneditinas em Herford. Por isso, aprendeu a ler, a escrever e estudou teologia e filosofia, fato pouco comum para as nobres da \u00e9poca, inclusive gostava de [&hellip;]\" \/>\n<meta property=\"og:url\" content=\"https:\/\/www.oarcanjo.net\/site\/santa-matilde\/\" \/>\n<meta property=\"og:site_name\" content=\"O Arcanjo no ar\" \/>\n<meta property=\"article:publisher\" content=\"https:\/\/www.facebook.com\/OArcanjoNoAr\/\" \/>\n<meta property=\"article:published_time\" content=\"2019-03-14T03:52:29+00:00\" \/>\n<meta property=\"article:modified_time\" content=\"2019-02-20T11:07:27+00:00\" \/>\n<meta property=\"og:image\" content=\"http:\/\/www.tudook.com\/portalcatolico\/images\/matilda14-3.jpg\" \/>\n<meta name=\"author\" content=\"danilo\" \/>\n<meta name=\"twitter:card\" content=\"summary_large_image\" \/>\n<meta name=\"twitter:label1\" content=\"Escrito por\" \/>\n\t<meta name=\"twitter:data1\" content=\"danilo\" \/>\n\t<meta name=\"twitter:label2\" content=\"Est. tempo de leitura\" \/>\n\t<meta name=\"twitter:data2\" content=\"2 minutos\" \/>\n<script type=\"application\/ld+json\" class=\"yoast-schema-graph\">{\"@context\":\"https:\/\/schema.org\",\"@graph\":[{\"@type\":\"Article\",\"@id\":\"https:\/\/www.oarcanjo.net\/site\/santa-matilde\/#article\",\"isPartOf\":{\"@id\":\"https:\/\/www.oarcanjo.net\/site\/santa-matilde\/\"},\"author\":{\"name\":\"danilo\",\"@id\":\"https:\/\/www.oarcanjo.net\/site\/#\/schema\/person\/5eb9480bedd2f3c97e430ce128c29c6c\"},\"headline\":\"Santa Matilde\",\"datePublished\":\"2019-03-14T03:52:29+00:00\",\"dateModified\":\"2019-02-20T11:07:27+00:00\",\"mainEntityOfPage\":{\"@id\":\"https:\/\/www.oarcanjo.net\/site\/santa-matilde\/\"},\"wordCount\":476,\"commentCount\":0,\"publisher\":{\"@id\":\"https:\/\/www.oarcanjo.net\/site\/#organization\"},\"image\":{\"@id\":\"https:\/\/www.oarcanjo.net\/site\/santa-matilde\/#primaryimage\"},\"thumbnailUrl\":\"http:\/\/www.tudook.com\/portalcatolico\/images\/matilda14-3.jpg\",\"articleSection\":[\"Testemunhos\"],\"inLanguage\":\"pt-BR\",\"potentialAction\":[{\"@type\":\"CommentAction\",\"name\":\"Comment\",\"target\":[\"https:\/\/www.oarcanjo.net\/site\/santa-matilde\/#respond\"]}]},{\"@type\":\"WebPage\",\"@id\":\"https:\/\/www.oarcanjo.net\/site\/santa-matilde\/\",\"url\":\"https:\/\/www.oarcanjo.net\/site\/santa-matilde\/\",\"name\":\"Santa Matilde - O Arcanjo no ar\",\"isPartOf\":{\"@id\":\"https:\/\/www.oarcanjo.net\/site\/#website\"},\"primaryImageOfPage\":{\"@id\":\"https:\/\/www.oarcanjo.net\/site\/santa-matilde\/#primaryimage\"},\"image\":{\"@id\":\"https:\/\/www.oarcanjo.net\/site\/santa-matilde\/#primaryimage\"},\"thumbnailUrl\":\"http:\/\/www.tudook.com\/portalcatolico\/images\/matilda14-3.jpg\",\"datePublished\":\"2019-03-14T03:52:29+00:00\",\"dateModified\":\"2019-02-20T11:07:27+00:00\",\"breadcrumb\":{\"@id\":\"https:\/\/www.oarcanjo.net\/site\/santa-matilde\/#breadcrumb\"},\"inLanguage\":\"pt-BR\",\"potentialAction\":[{\"@type\":\"ReadAction\",\"target\":[\"https:\/\/www.oarcanjo.net\/site\/santa-matilde\/\"]}]},{\"@type\":\"ImageObject\",\"inLanguage\":\"pt-BR\",\"@id\":\"https:\/\/www.oarcanjo.net\/site\/santa-matilde\/#primaryimage\",\"url\":\"http:\/\/www.tudook.com\/portalcatolico\/images\/matilda14-3.jpg\",\"contentUrl\":\"http:\/\/www.tudook.com\/portalcatolico\/images\/matilda14-3.jpg\"},{\"@type\":\"BreadcrumbList\",\"@id\":\"https:\/\/www.oarcanjo.net\/site\/santa-matilde\/#breadcrumb\",\"itemListElement\":[{\"@type\":\"ListItem\",\"position\":1,\"name\":\"In\u00edcio\",\"item\":\"https:\/\/www.oarcanjo.net\/site\/\"},{\"@type\":\"ListItem\",\"position\":2,\"name\":\"Santa Matilde\"}]},{\"@type\":\"WebSite\",\"@id\":\"https:\/\/www.oarcanjo.net\/site\/#website\",\"url\":\"https:\/\/www.oarcanjo.net\/site\/\",\"name\":\"O Arcanjo no ar\",\"description\":\"Site da Par\u00f3quia S\u00e3o Miguel Arcanjo (Arquidiocese de SP)\",\"publisher\":{\"@id\":\"https:\/\/www.oarcanjo.net\/site\/#organization\"},\"potentialAction\":[{\"@type\":\"SearchAction\",\"target\":{\"@type\":\"EntryPoint\",\"urlTemplate\":\"https:\/\/www.oarcanjo.net\/site\/?s={search_term_string}\"},\"query-input\":{\"@type\":\"PropertyValueSpecification\",\"valueRequired\":true,\"valueName\":\"search_term_string\"}}],\"inLanguage\":\"pt-BR\"},{\"@type\":\"Organization\",\"@id\":\"https:\/\/www.oarcanjo.net\/site\/#organization\",\"name\":\"Par\u00f3quia S\u00e3o Miguel Arcanjo\",\"url\":\"https:\/\/www.oarcanjo.net\/site\/\",\"logo\":{\"@type\":\"ImageObject\",\"inLanguage\":\"pt-BR\",\"@id\":\"https:\/\/www.oarcanjo.net\/site\/#\/schema\/logo\/image\/\",\"url\":\"https:\/\/www.oarcanjo.net\/site\/wp-content\/uploads\/LogoOArcanjo.png\",\"contentUrl\":\"https:\/\/www.oarcanjo.net\/site\/wp-content\/uploads\/LogoOArcanjo.png\",\"width\":319,\"height\":99,\"caption\":\"Par\u00f3quia S\u00e3o Miguel Arcanjo\"},\"image\":{\"@id\":\"https:\/\/www.oarcanjo.net\/site\/#\/schema\/logo\/image\/\"},\"sameAs\":[\"https:\/\/www.facebook.com\/OArcanjoNoAr\/\"]},{\"@type\":\"Person\",\"@id\":\"https:\/\/www.oarcanjo.net\/site\/#\/schema\/person\/5eb9480bedd2f3c97e430ce128c29c6c\",\"name\":\"danilo\"}]}<\/script>\n<!-- \/ Yoast SEO plugin. -->","yoast_head_json":{"title":"Santa Matilde - O Arcanjo no ar","robots":{"index":"index","follow":"follow","max-snippet":"max-snippet:-1","max-image-preview":"max-image-preview:large","max-video-preview":"max-video-preview:-1"},"canonical":"https:\/\/www.oarcanjo.net\/site\/santa-matilde\/","og_locale":"pt_BR","og_type":"article","og_title":"Santa Matilde - O Arcanjo no ar","og_description":"14 de Mar\u00e7o Matilde era filha de nobres sax\u00f5es. Nasceu em Westfalia, por volta do ano 895 e foi educada pela av\u00f3, tamb\u00e9m Matilde, abadessa de um convento de beneditinas em Herford. Por isso, aprendeu a ler, a escrever e estudou teologia e filosofia, fato pouco comum para as nobres da \u00e9poca, inclusive gostava de [&hellip;]","og_url":"https:\/\/www.oarcanjo.net\/site\/santa-matilde\/","og_site_name":"O Arcanjo no ar","article_publisher":"https:\/\/www.facebook.com\/OArcanjoNoAr\/","article_published_time":"2019-03-14T03:52:29+00:00","article_modified_time":"2019-02-20T11:07:27+00:00","og_image":[{"url":"http:\/\/www.tudook.com\/portalcatolico\/images\/matilda14-3.jpg"}],"author":"danilo","twitter_card":"summary_large_image","twitter_misc":{"Escrito por":"danilo","Est. tempo de leitura":"2 minutos"},"schema":{"@context":"https:\/\/schema.org","@graph":[{"@type":"Article","@id":"https:\/\/www.oarcanjo.net\/site\/santa-matilde\/#article","isPartOf":{"@id":"https:\/\/www.oarcanjo.net\/site\/santa-matilde\/"},"author":{"name":"danilo","@id":"https:\/\/www.oarcanjo.net\/site\/#\/schema\/person\/5eb9480bedd2f3c97e430ce128c29c6c"},"headline":"Santa Matilde","datePublished":"2019-03-14T03:52:29+00:00","dateModified":"2019-02-20T11:07:27+00:00","mainEntityOfPage":{"@id":"https:\/\/www.oarcanjo.net\/site\/santa-matilde\/"},"wordCount":476,"commentCount":0,"publisher":{"@id":"https:\/\/www.oarcanjo.net\/site\/#organization"},"image":{"@id":"https:\/\/www.oarcanjo.net\/site\/santa-matilde\/#primaryimage"},"thumbnailUrl":"http:\/\/www.tudook.com\/portalcatolico\/images\/matilda14-3.jpg","articleSection":["Testemunhos"],"inLanguage":"pt-BR","potentialAction":[{"@type":"CommentAction","name":"Comment","target":["https:\/\/www.oarcanjo.net\/site\/santa-matilde\/#respond"]}]},{"@type":"WebPage","@id":"https:\/\/www.oarcanjo.net\/site\/santa-matilde\/","url":"https:\/\/www.oarcanjo.net\/site\/santa-matilde\/","name":"Santa Matilde - O Arcanjo no ar","isPartOf":{"@id":"https:\/\/www.oarcanjo.net\/site\/#website"},"primaryImageOfPage":{"@id":"https:\/\/www.oarcanjo.net\/site\/santa-matilde\/#primaryimage"},"image":{"@id":"https:\/\/www.oarcanjo.net\/site\/santa-matilde\/#primaryimage"},"thumbnailUrl":"http:\/\/www.tudook.com\/portalcatolico\/images\/matilda14-3.jpg","datePublished":"2019-03-14T03:52:29+00:00","dateModified":"2019-02-20T11:07:27+00:00","breadcrumb":{"@id":"https:\/\/www.oarcanjo.net\/site\/santa-matilde\/#breadcrumb"},"inLanguage":"pt-BR","potentialAction":[{"@type":"ReadAction","target":["https:\/\/www.oarcanjo.net\/site\/santa-matilde\/"]}]},{"@type":"ImageObject","inLanguage":"pt-BR","@id":"https:\/\/www.oarcanjo.net\/site\/santa-matilde\/#primaryimage","url":"http:\/\/www.tudook.com\/portalcatolico\/images\/matilda14-3.jpg","contentUrl":"http:\/\/www.tudook.com\/portalcatolico\/images\/matilda14-3.jpg"},{"@type":"BreadcrumbList","@id":"https:\/\/www.oarcanjo.net\/site\/santa-matilde\/#breadcrumb","itemListElement":[{"@type":"ListItem","position":1,"name":"In\u00edcio","item":"https:\/\/www.oarcanjo.net\/site\/"},{"@type":"ListItem","position":2,"name":"Santa Matilde"}]},{"@type":"WebSite","@id":"https:\/\/www.oarcanjo.net\/site\/#website","url":"https:\/\/www.oarcanjo.net\/site\/","name":"O Arcanjo no ar","description":"Site da Par\u00f3quia S\u00e3o Miguel Arcanjo (Arquidiocese de SP)","publisher":{"@id":"https:\/\/www.oarcanjo.net\/site\/#organization"},"potentialAction":[{"@type":"SearchAction","target":{"@type":"EntryPoint","urlTemplate":"https:\/\/www.oarcanjo.net\/site\/?s={search_term_string}"},"query-input":{"@type":"PropertyValueSpecification","valueRequired":true,"valueName":"search_term_string"}}],"inLanguage":"pt-BR"},{"@type":"Organization","@id":"https:\/\/www.oarcanjo.net\/site\/#organization","name":"Par\u00f3quia S\u00e3o Miguel Arcanjo","url":"https:\/\/www.oarcanjo.net\/site\/","logo":{"@type":"ImageObject","inLanguage":"pt-BR","@id":"https:\/\/www.oarcanjo.net\/site\/#\/schema\/logo\/image\/","url":"https:\/\/www.oarcanjo.net\/site\/wp-content\/uploads\/LogoOArcanjo.png","contentUrl":"https:\/\/www.oarcanjo.net\/site\/wp-content\/uploads\/LogoOArcanjo.png","width":319,"height":99,"caption":"Par\u00f3quia S\u00e3o Miguel Arcanjo"},"image":{"@id":"https:\/\/www.oarcanjo.net\/site\/#\/schema\/logo\/image\/"},"sameAs":["https:\/\/www.facebook.com\/OArcanjoNoAr\/"]},{"@type":"Person","@id":"https:\/\/www.oarcanjo.net\/site\/#\/schema\/person\/5eb9480bedd2f3c97e430ce128c29c6c","name":"danilo"}]}},"publishpress_future_action":{"enabled":false,"date":"2026-05-07 21:56:03","action":"category","newStatus":"draft","terms":[],"taxonomy":"category"},"publishpress_future_workflow_manual_trigger":{"enabledWorkflows":[]},"_links":{"self":[{"href":"https:\/\/www.oarcanjo.net\/site\/wp-json\/wp\/v2\/posts\/8287"}],"collection":[{"href":"https:\/\/www.oarcanjo.net\/site\/wp-json\/wp\/v2\/posts"}],"about":[{"href":"https:\/\/www.oarcanjo.net\/site\/wp-json\/wp\/v2\/types\/post"}],"author":[{"embeddable":true,"href":"https:\/\/www.oarcanjo.net\/site\/wp-json\/wp\/v2\/users\/14"}],"replies":[{"embeddable":true,"href":"https:\/\/www.oarcanjo.net\/site\/wp-json\/wp\/v2\/comments?post=8287"}],"version-history":[{"count":1,"href":"https:\/\/www.oarcanjo.net\/site\/wp-json\/wp\/v2\/posts\/8287\/revisions"}],"predecessor-version":[{"id":92977,"href":"https:\/\/www.oarcanjo.net\/site\/wp-json\/wp\/v2\/posts\/8287\/revisions\/92977"}],"wp:attachment":[{"href":"https:\/\/www.oarcanjo.net\/site\/wp-json\/wp\/v2\/media?parent=8287"}],"wp:term":[{"taxonomy":"category","embeddable":true,"href":"https:\/\/www.oarcanjo.net\/site\/wp-json\/wp\/v2\/categories?post=8287"},{"taxonomy":"post_tag","embeddable":true,"href":"https:\/\/www.oarcanjo.net\/site\/wp-json\/wp\/v2\/tags?post=8287"}],"curies":[{"name":"wp","href":"https:\/\/api.w.org\/{rel}","templated":true}]}}