
{"id":8290,"date":"2019-03-15T00:54:05","date_gmt":"2019-03-15T03:54:05","guid":{"rendered":"http:\/\/www.oarcanjo.net\/site\/?p=8290"},"modified":"2019-02-20T08:07:36","modified_gmt":"2019-02-20T11:07:36","slug":"santa-luisa-de-marillac","status":"publish","type":"post","link":"https:\/\/www.oarcanjo.net\/site\/santa-luisa-de-marillac\/","title":{"rendered":"Santa Lu\u00edsa de Marillac"},"content":{"rendered":"<p><img loading=\"lazy\" decoding=\"async\" class=\"alignnone  wp-image-69493\" src=\"http:\/\/www.oarcanjo.net\/site\/wp-content\/uploads\/Santa-Luisa-de-Marillac.jpg\" alt=\"Santa Lu\u00edsa de Marillac\" width=\"261\" height=\"365\" srcset=\"https:\/\/www.oarcanjo.net\/site\/wp-content\/uploads\/Santa-Luisa-de-Marillac.jpg 429w, https:\/\/www.oarcanjo.net\/site\/wp-content\/uploads\/Santa-Luisa-de-Marillac-215x300.jpg 215w\" sizes=\"(max-width: 261px) 100vw, 261px\" \/><\/p>\n<p>15 de Mar\u00e7o<\/p>\n<p>Lu\u00edsa nasceu em 12 de agosto de 1591, filha natural de Lu\u00eds de Marillac, senhor de Ferri\u00e8res, aparentado com a nobreza francesa, cujas posses permitiram dar \u00e0 filha uma inf\u00e2ncia tranq\u00fcila. A menina aos tr\u00eas anos foi para o Convento Real de Poissy, em Paris onde recebeu uma educa\u00e7\u00e3o refinada, quer no plano espiritual, quer no human\u00edstico.<\/p>\n<p>Por\u00e9m, seu pai morreu quando ela tinha treze anos, sem deixar heran\u00e7a e, felizmente, nem d\u00edvidas. Nessas circunst\u00e2ncias Lu\u00edsa foi tirada do Convento, pela tia Valen\u00e7a, pois os Marillac n\u00e3o se dispuseram custear mais sua forma\u00e7\u00e3o. Ela desejava dedicar sua vida \u00e0 Deus, para cuidar dos pobres e doentes, mas agora com a escassez financeira teria de esperar para atingir esse objetivo.<\/p>\n<p>Durante dois anos viveu numa casa simples de mo\u00e7as custeando-se com trabalhos feitos em domic\u00edlio, especialmente bordados Ela tentou ingressar no mosteiro das capuchinhas das Filhas da Paix\u00e3o que acabavam de chegar em Paris, mas foi rejeitada pela apar\u00eancia de sa\u00fade d\u00e9bil, impr\u00f3pria para a vida de mosteiro. Depois disso viu-se constrangida a aceitar um casamento que os tios lhe arranjara. Foi com Antonio de Gr\u00e0s, que trabalhava como secret\u00e1rio da rainha. Com ele teve um filho, Miguel Antonio. Viveu feliz, pois o marido a respeitava e amava a fam\u00edlia. E se orgulhava da esposa que nas horas vagas cuidava dos deveres de piedade, mortificando-se com jejuns freq\u00fcentes, visitando os pobres, os hospitais e os asilos confortando a todos com seu socorro. At\u00e9 que ele pr\u00f3prio foi acometido por grave e longa enfermidade e ela passou a se dedicar primeiro \u00e0 ele sem abandonar os demais. Mas com isso novamente os problemas financeiros voltaram.<\/p>\n<p>Nesse per\u00edodo teve dois grandes conselheiros espirituais: Francisco de Sales e Vicente de Paulo, ambos depois declarados Santos pela Igreja. Foi gra\u00e7as \u00e0 dire\u00e7\u00e3o deles, que p\u00f4de superar e enfrentar os problemas que agitavam o seu cotidiano e a sua alma. Somente sua f\u00e9 a manteve firme e gra\u00e7as \u00e0 sua for\u00e7a, suplantou as adversidades, at\u00e9 o marido falecer, em 1625 e Miguel Antonio foi para o semin\u00e1rio.<\/p>\n<p>S\u00f3 ent\u00e3o Lu\u00edsa p\u00f4de dedicar-se totalmente aos pobres, doentes e velhos. Isso ocorreu porque Vicente de Paulo teve a ilumina\u00e7\u00e3o de colocar-la \u00e0 frente das Confrarias da Caridade, as quais fundara para socorrer as par\u00f3quias da Fran\u00e7a, e que vinham definhando. Vicente encarregou-a de visita-las, reorganiza-las, enfim dinamiza-las, e ela o fez durante anos.<\/p>\n<p>Em 1634 Lu\u00edsa, com ajuda e orienta\u00e7\u00e3o de Vicente de Paulo, fundou a Congrega\u00e7\u00e3o das Damas da Caridade, inicialmente com tr\u00eas senhoras da sociedade, mas esse n\u00facleo se tornaria depois uma Congrega\u00e7\u00e3o de Irm\u00e3s. Isso o porque servi\u00e7o que estas Damas prestavam aos pobres era limitado pelos seus deveres familiares e sociais e pela falta de h\u00e1bito aos trabalhos humildes e fatigantes. Era necess\u00e1rio colocar junto delas, pessoas generosas, livres e totalmente consagradas a Deus e aos pobres. Mas na Igreja n\u00e3o existiam porque a vida de consagra\u00e7\u00e3o para as mulheres estava concebida apenas como vida de clausura. Ent\u00e3o, Vicente e Lu\u00edsa, em 1642 ousaram e, criam as Irm\u00e3s dos Pobres, as Filhas da Caridade, a quem foram confiados os doentes, os enjeitados, os velhos, os mendigos, os soldados feridos e os condenados \u00e0s pris\u00f5es.<\/p>\n<p>Nascia um novo tipo de Irm\u00e3, com uma miss\u00e3o in\u00e9dita para aqueles tempos: uma vida consagrada em dispers\u00e3o pelos caminhos do sofrimento humano, assim estava criada a Congrega\u00e7\u00e3o das Irm\u00e3s Filhas da Caridade, em 1642. Na qual Lu\u00edsa fez os votos perp\u00e9tuos, sendo consagrada pelo pr\u00f3prio Vicente de Paulo. A obra, sob a dire\u00e7\u00e3o dela foi not\u00e1vel. Quando Paris foi assolada pela guerra e peste, em 1652, as Irm\u00e3s chegaram a atender quatorze mil pessoas, de todas as categorias sociais, sendo inclusive as primeiras Irm\u00e3s a serem requisitadas para o atendimento dos soldados feridos, nos campos de batalhas.<\/p>\n<p>Lu\u00edsa morreu em 15 de mar\u00e7o de 1660. Foi beatificada em 1920, e canonizada pelo Papa Pio XI, em 1934. Suas rel\u00edquias repousam na Capela da Visita\u00e7\u00e3o da Casa Matriz das Irm\u00e3s da Caridade, em Paris, Fran\u00e7a. Santa Lu\u00edsa de Marillac foi proclamada Padroeira das Obras Sociais e de todos os assistentes sociais, pelo Papa Jo\u00e3o XXIII, em 1960.<\/p>\n<p><img decoding=\"async\" src=\"http:\/\/2.bp.blogspot.com\/_N7qno7a5_DU\/SbfVJU2HXXI\/AAAAAAAAKW4\/SatusKCwFTo\/s400\/santa_luisa_de_marillac15_03.jpg\" alt=\"\" border=\"0\" \/><\/p>\n<p>Ladainha de Santa Luisa de Marillac.<\/p>\n<div>Senhor, tende piedade de n\u00f3s,<\/div>\n<div>Jesus Cristo, tende piedade de n\u00f3s,<\/div>\n<div>Senhor, tende piedade de n\u00f3s,<\/div>\n<div>Jesus Cristo, ouvi-nos,<\/div>\n<div>Jesus Cristo, atendei-nos.<\/div>\n<div>Pai Celestial, que sois Deus, tende piedade de n\u00f3s.<\/div>\n<div>Filho Redentor do mundo, que sois Deus, tende piedade de n\u00f3s.<\/div>\n<div>Esp\u00edrito Santo, que sois Deus, tende piedade de n\u00f3s.<\/div>\n<div>Sant\u00edssima Trindade, que sois um s\u00f3 Deus, tende piedade de n\u00f3s.<\/div>\n<div>Santa Maria, rogai por n\u00f3s.<\/div>\n<div>S\u00e3o Vicente de Paulo, rogai por n\u00f3s.<\/div>\n<div>Santa Luiza, rogai por n\u00f3s.<\/div>\n<div>Santa Luisa, gloriosa Fundadora das Irm\u00e3s de Caridade.<\/div>\n<div>Santa Luisa, m\u00e3e nossa dulc\u00edssima,<\/div>\n<div>Santa Luisa, de Deus muito amada,<\/div>\n<div>Santa Luisa, abrasada no amor de Deus.<\/div>\n<div>Santa Luisa, amant\u00edssima de Jesus Sacramentado.<\/div>\n<div>Santa Luisa, devot\u00edssima de Jesus e Maria,<\/div>\n<div>Santa Luisa, animada de grande amor aos pobres,<\/div>\n<div>Santa Luisa, serva infatig\u00e1vel dos pobres.<\/div>\n<div>Santa Luisa, mulher forte, felizmente encontrada,<\/div>\n<div>Santa Luisa, de admir\u00e1vel coragem na enfermidade.<\/div>\n<div>Santa Lu\u00edsa, constant\u00edssima nos jejuns e ora\u00e7\u00f5es.<\/div>\n<div>Santa Lu\u00edsa, dotada de inviol\u00e1vel obedi\u00eancia,<\/div>\n<div>Santa Luisa, resplandecente na pobreza e humildade,<\/div>\n<div>Santa Luisa, mestra formada no sil\u00eancio do retiro,<\/div>\n<div>Santa Luisa, de m\u00e3os inocentes e cora\u00e7\u00e3o puro,<\/div>\n<div>Santa Luisa, modelo de todas as virtudes,<\/div>\n<div>Santa Lu\u00edsa, admiravelmente ornada de boas obras,<\/div>\n<div>Santa Lu\u00edsa, querida de Deus e dos homens,<\/div>\n<div>Santa Lu\u00edsa, coroada de honra e gl\u00f3ria,<\/div>\n<div>Cordeiro de deus, que tirais os pecados do mundo,<\/div>\n<div>perdoai-nos Senhor,<\/div>\n<div>Cordeiro de Deus, que tirais os pecados do mundo,<\/div>\n<div>ouvi-nos Senhor,<\/div>\n<div>Cordeiro de Deus, que tirais os pecados do mundo,<\/div>\n<div>tende piedade de n\u00f3s.<\/div>\n<div id=\"themify_builder_content-8290\" data-postid=\"8290\" class=\"themify_builder_content themify_builder_content-8290 themify_builder themify_builder_front\">\n\t<\/div>\n<!-- \/themify_builder_content -->","protected":false},"excerpt":{"rendered":"<p>15 de Mar\u00e7o Lu\u00edsa nasceu em 12 de agosto de 1591, filha natural de Lu\u00eds de Marillac, senhor de Ferri\u00e8res, aparentado com a nobreza francesa, cujas posses permitiram dar \u00e0 filha uma inf\u00e2ncia tranq\u00fcila. A menina aos tr\u00eas anos foi para o Convento Real de Poissy, em Paris onde recebeu uma educa\u00e7\u00e3o refinada, quer no [&hellip;]<\/p>\n","protected":false},"author":14,"featured_media":0,"comment_status":"open","ping_status":"open","sticky":false,"template":"","format":"standard","meta":{"ngg_post_thumbnail":0,"footnotes":""},"categories":[186],"tags":[],"yoast_head":"<!-- This site is optimized with the Yoast SEO plugin v23.5 - https:\/\/yoast.com\/wordpress\/plugins\/seo\/ -->\n<title>Santa Lu\u00edsa de Marillac - O Arcanjo no ar<\/title>\n<meta name=\"robots\" content=\"index, follow, max-snippet:-1, max-image-preview:large, max-video-preview:-1\" \/>\n<link rel=\"canonical\" href=\"https:\/\/www.oarcanjo.net\/site\/santa-luisa-de-marillac\/\" \/>\n<meta property=\"og:locale\" content=\"pt_BR\" \/>\n<meta property=\"og:type\" content=\"article\" \/>\n<meta property=\"og:title\" content=\"Santa Lu\u00edsa de Marillac - O Arcanjo no ar\" \/>\n<meta property=\"og:description\" content=\"15 de Mar\u00e7o Lu\u00edsa nasceu em 12 de agosto de 1591, filha natural de Lu\u00eds de Marillac, senhor de Ferri\u00e8res, aparentado com a nobreza francesa, cujas posses permitiram dar \u00e0 filha uma inf\u00e2ncia tranq\u00fcila. A menina aos tr\u00eas anos foi para o Convento Real de Poissy, em Paris onde recebeu uma educa\u00e7\u00e3o refinada, quer no [&hellip;]\" \/>\n<meta property=\"og:url\" content=\"https:\/\/www.oarcanjo.net\/site\/santa-luisa-de-marillac\/\" \/>\n<meta property=\"og:site_name\" content=\"O Arcanjo no ar\" \/>\n<meta property=\"article:publisher\" content=\"https:\/\/www.facebook.com\/OArcanjoNoAr\/\" \/>\n<meta property=\"article:published_time\" content=\"2019-03-15T03:54:05+00:00\" \/>\n<meta property=\"article:modified_time\" content=\"2019-02-20T11:07:36+00:00\" \/>\n<meta property=\"og:image\" content=\"http:\/\/www.oarcanjo.net\/site\/wp-content\/uploads\/Santa-Luisa-de-Marillac.jpg\" \/>\n<meta name=\"author\" content=\"danilo\" \/>\n<meta name=\"twitter:card\" content=\"summary_large_image\" \/>\n<meta name=\"twitter:label1\" content=\"Escrito por\" \/>\n\t<meta name=\"twitter:data1\" content=\"danilo\" \/>\n\t<meta name=\"twitter:label2\" content=\"Est. tempo de leitura\" \/>\n\t<meta name=\"twitter:data2\" content=\"5 minutos\" \/>\n<script type=\"application\/ld+json\" class=\"yoast-schema-graph\">{\"@context\":\"https:\/\/schema.org\",\"@graph\":[{\"@type\":\"Article\",\"@id\":\"https:\/\/www.oarcanjo.net\/site\/santa-luisa-de-marillac\/#article\",\"isPartOf\":{\"@id\":\"https:\/\/www.oarcanjo.net\/site\/santa-luisa-de-marillac\/\"},\"author\":{\"name\":\"danilo\",\"@id\":\"https:\/\/www.oarcanjo.net\/site\/#\/schema\/person\/5eb9480bedd2f3c97e430ce128c29c6c\"},\"headline\":\"Santa Lu\u00edsa de Marillac\",\"datePublished\":\"2019-03-15T03:54:05+00:00\",\"dateModified\":\"2019-02-20T11:07:36+00:00\",\"mainEntityOfPage\":{\"@id\":\"https:\/\/www.oarcanjo.net\/site\/santa-luisa-de-marillac\/\"},\"wordCount\":1039,\"commentCount\":0,\"publisher\":{\"@id\":\"https:\/\/www.oarcanjo.net\/site\/#organization\"},\"image\":{\"@id\":\"https:\/\/www.oarcanjo.net\/site\/santa-luisa-de-marillac\/#primaryimage\"},\"thumbnailUrl\":\"http:\/\/www.oarcanjo.net\/site\/wp-content\/uploads\/Santa-Luisa-de-Marillac.jpg\",\"articleSection\":[\"Testemunhos\"],\"inLanguage\":\"pt-BR\",\"potentialAction\":[{\"@type\":\"CommentAction\",\"name\":\"Comment\",\"target\":[\"https:\/\/www.oarcanjo.net\/site\/santa-luisa-de-marillac\/#respond\"]}]},{\"@type\":\"WebPage\",\"@id\":\"https:\/\/www.oarcanjo.net\/site\/santa-luisa-de-marillac\/\",\"url\":\"https:\/\/www.oarcanjo.net\/site\/santa-luisa-de-marillac\/\",\"name\":\"Santa Lu\u00edsa de Marillac - O Arcanjo no ar\",\"isPartOf\":{\"@id\":\"https:\/\/www.oarcanjo.net\/site\/#website\"},\"primaryImageOfPage\":{\"@id\":\"https:\/\/www.oarcanjo.net\/site\/santa-luisa-de-marillac\/#primaryimage\"},\"image\":{\"@id\":\"https:\/\/www.oarcanjo.net\/site\/santa-luisa-de-marillac\/#primaryimage\"},\"thumbnailUrl\":\"http:\/\/www.oarcanjo.net\/site\/wp-content\/uploads\/Santa-Luisa-de-Marillac.jpg\",\"datePublished\":\"2019-03-15T03:54:05+00:00\",\"dateModified\":\"2019-02-20T11:07:36+00:00\",\"breadcrumb\":{\"@id\":\"https:\/\/www.oarcanjo.net\/site\/santa-luisa-de-marillac\/#breadcrumb\"},\"inLanguage\":\"pt-BR\",\"potentialAction\":[{\"@type\":\"ReadAction\",\"target\":[\"https:\/\/www.oarcanjo.net\/site\/santa-luisa-de-marillac\/\"]}]},{\"@type\":\"ImageObject\",\"inLanguage\":\"pt-BR\",\"@id\":\"https:\/\/www.oarcanjo.net\/site\/santa-luisa-de-marillac\/#primaryimage\",\"url\":\"https:\/\/www.oarcanjo.net\/site\/wp-content\/uploads\/Santa-Luisa-de-Marillac.jpg\",\"contentUrl\":\"https:\/\/www.oarcanjo.net\/site\/wp-content\/uploads\/Santa-Luisa-de-Marillac.jpg\",\"width\":429,\"height\":600,\"caption\":\"Santa Lu\u00edsa de Marillac\"},{\"@type\":\"BreadcrumbList\",\"@id\":\"https:\/\/www.oarcanjo.net\/site\/santa-luisa-de-marillac\/#breadcrumb\",\"itemListElement\":[{\"@type\":\"ListItem\",\"position\":1,\"name\":\"In\u00edcio\",\"item\":\"https:\/\/www.oarcanjo.net\/site\/\"},{\"@type\":\"ListItem\",\"position\":2,\"name\":\"Santa Lu\u00edsa de Marillac\"}]},{\"@type\":\"WebSite\",\"@id\":\"https:\/\/www.oarcanjo.net\/site\/#website\",\"url\":\"https:\/\/www.oarcanjo.net\/site\/\",\"name\":\"O Arcanjo no ar\",\"description\":\"Site da Par\u00f3quia S\u00e3o Miguel Arcanjo (Arquidiocese de SP)\",\"publisher\":{\"@id\":\"https:\/\/www.oarcanjo.net\/site\/#organization\"},\"potentialAction\":[{\"@type\":\"SearchAction\",\"target\":{\"@type\":\"EntryPoint\",\"urlTemplate\":\"https:\/\/www.oarcanjo.net\/site\/?s={search_term_string}\"},\"query-input\":{\"@type\":\"PropertyValueSpecification\",\"valueRequired\":true,\"valueName\":\"search_term_string\"}}],\"inLanguage\":\"pt-BR\"},{\"@type\":\"Organization\",\"@id\":\"https:\/\/www.oarcanjo.net\/site\/#organization\",\"name\":\"Par\u00f3quia S\u00e3o Miguel Arcanjo\",\"url\":\"https:\/\/www.oarcanjo.net\/site\/\",\"logo\":{\"@type\":\"ImageObject\",\"inLanguage\":\"pt-BR\",\"@id\":\"https:\/\/www.oarcanjo.net\/site\/#\/schema\/logo\/image\/\",\"url\":\"https:\/\/www.oarcanjo.net\/site\/wp-content\/uploads\/LogoOArcanjo.png\",\"contentUrl\":\"https:\/\/www.oarcanjo.net\/site\/wp-content\/uploads\/LogoOArcanjo.png\",\"width\":319,\"height\":99,\"caption\":\"Par\u00f3quia S\u00e3o Miguel Arcanjo\"},\"image\":{\"@id\":\"https:\/\/www.oarcanjo.net\/site\/#\/schema\/logo\/image\/\"},\"sameAs\":[\"https:\/\/www.facebook.com\/OArcanjoNoAr\/\"]},{\"@type\":\"Person\",\"@id\":\"https:\/\/www.oarcanjo.net\/site\/#\/schema\/person\/5eb9480bedd2f3c97e430ce128c29c6c\",\"name\":\"danilo\"}]}<\/script>\n<!-- \/ Yoast SEO plugin. -->","yoast_head_json":{"title":"Santa Lu\u00edsa de Marillac - O Arcanjo no ar","robots":{"index":"index","follow":"follow","max-snippet":"max-snippet:-1","max-image-preview":"max-image-preview:large","max-video-preview":"max-video-preview:-1"},"canonical":"https:\/\/www.oarcanjo.net\/site\/santa-luisa-de-marillac\/","og_locale":"pt_BR","og_type":"article","og_title":"Santa Lu\u00edsa de Marillac - O Arcanjo no ar","og_description":"15 de Mar\u00e7o Lu\u00edsa nasceu em 12 de agosto de 1591, filha natural de Lu\u00eds de Marillac, senhor de Ferri\u00e8res, aparentado com a nobreza francesa, cujas posses permitiram dar \u00e0 filha uma inf\u00e2ncia tranq\u00fcila. A menina aos tr\u00eas anos foi para o Convento Real de Poissy, em Paris onde recebeu uma educa\u00e7\u00e3o refinada, quer no [&hellip;]","og_url":"https:\/\/www.oarcanjo.net\/site\/santa-luisa-de-marillac\/","og_site_name":"O Arcanjo no ar","article_publisher":"https:\/\/www.facebook.com\/OArcanjoNoAr\/","article_published_time":"2019-03-15T03:54:05+00:00","article_modified_time":"2019-02-20T11:07:36+00:00","og_image":[{"url":"http:\/\/www.oarcanjo.net\/site\/wp-content\/uploads\/Santa-Luisa-de-Marillac.jpg"}],"author":"danilo","twitter_card":"summary_large_image","twitter_misc":{"Escrito por":"danilo","Est. tempo de leitura":"5 minutos"},"schema":{"@context":"https:\/\/schema.org","@graph":[{"@type":"Article","@id":"https:\/\/www.oarcanjo.net\/site\/santa-luisa-de-marillac\/#article","isPartOf":{"@id":"https:\/\/www.oarcanjo.net\/site\/santa-luisa-de-marillac\/"},"author":{"name":"danilo","@id":"https:\/\/www.oarcanjo.net\/site\/#\/schema\/person\/5eb9480bedd2f3c97e430ce128c29c6c"},"headline":"Santa Lu\u00edsa de Marillac","datePublished":"2019-03-15T03:54:05+00:00","dateModified":"2019-02-20T11:07:36+00:00","mainEntityOfPage":{"@id":"https:\/\/www.oarcanjo.net\/site\/santa-luisa-de-marillac\/"},"wordCount":1039,"commentCount":0,"publisher":{"@id":"https:\/\/www.oarcanjo.net\/site\/#organization"},"image":{"@id":"https:\/\/www.oarcanjo.net\/site\/santa-luisa-de-marillac\/#primaryimage"},"thumbnailUrl":"http:\/\/www.oarcanjo.net\/site\/wp-content\/uploads\/Santa-Luisa-de-Marillac.jpg","articleSection":["Testemunhos"],"inLanguage":"pt-BR","potentialAction":[{"@type":"CommentAction","name":"Comment","target":["https:\/\/www.oarcanjo.net\/site\/santa-luisa-de-marillac\/#respond"]}]},{"@type":"WebPage","@id":"https:\/\/www.oarcanjo.net\/site\/santa-luisa-de-marillac\/","url":"https:\/\/www.oarcanjo.net\/site\/santa-luisa-de-marillac\/","name":"Santa Lu\u00edsa de Marillac - O Arcanjo no ar","isPartOf":{"@id":"https:\/\/www.oarcanjo.net\/site\/#website"},"primaryImageOfPage":{"@id":"https:\/\/www.oarcanjo.net\/site\/santa-luisa-de-marillac\/#primaryimage"},"image":{"@id":"https:\/\/www.oarcanjo.net\/site\/santa-luisa-de-marillac\/#primaryimage"},"thumbnailUrl":"http:\/\/www.oarcanjo.net\/site\/wp-content\/uploads\/Santa-Luisa-de-Marillac.jpg","datePublished":"2019-03-15T03:54:05+00:00","dateModified":"2019-02-20T11:07:36+00:00","breadcrumb":{"@id":"https:\/\/www.oarcanjo.net\/site\/santa-luisa-de-marillac\/#breadcrumb"},"inLanguage":"pt-BR","potentialAction":[{"@type":"ReadAction","target":["https:\/\/www.oarcanjo.net\/site\/santa-luisa-de-marillac\/"]}]},{"@type":"ImageObject","inLanguage":"pt-BR","@id":"https:\/\/www.oarcanjo.net\/site\/santa-luisa-de-marillac\/#primaryimage","url":"https:\/\/www.oarcanjo.net\/site\/wp-content\/uploads\/Santa-Luisa-de-Marillac.jpg","contentUrl":"https:\/\/www.oarcanjo.net\/site\/wp-content\/uploads\/Santa-Luisa-de-Marillac.jpg","width":429,"height":600,"caption":"Santa Lu\u00edsa de Marillac"},{"@type":"BreadcrumbList","@id":"https:\/\/www.oarcanjo.net\/site\/santa-luisa-de-marillac\/#breadcrumb","itemListElement":[{"@type":"ListItem","position":1,"name":"In\u00edcio","item":"https:\/\/www.oarcanjo.net\/site\/"},{"@type":"ListItem","position":2,"name":"Santa Lu\u00edsa de Marillac"}]},{"@type":"WebSite","@id":"https:\/\/www.oarcanjo.net\/site\/#website","url":"https:\/\/www.oarcanjo.net\/site\/","name":"O Arcanjo no ar","description":"Site da Par\u00f3quia S\u00e3o Miguel Arcanjo (Arquidiocese de SP)","publisher":{"@id":"https:\/\/www.oarcanjo.net\/site\/#organization"},"potentialAction":[{"@type":"SearchAction","target":{"@type":"EntryPoint","urlTemplate":"https:\/\/www.oarcanjo.net\/site\/?s={search_term_string}"},"query-input":{"@type":"PropertyValueSpecification","valueRequired":true,"valueName":"search_term_string"}}],"inLanguage":"pt-BR"},{"@type":"Organization","@id":"https:\/\/www.oarcanjo.net\/site\/#organization","name":"Par\u00f3quia S\u00e3o Miguel Arcanjo","url":"https:\/\/www.oarcanjo.net\/site\/","logo":{"@type":"ImageObject","inLanguage":"pt-BR","@id":"https:\/\/www.oarcanjo.net\/site\/#\/schema\/logo\/image\/","url":"https:\/\/www.oarcanjo.net\/site\/wp-content\/uploads\/LogoOArcanjo.png","contentUrl":"https:\/\/www.oarcanjo.net\/site\/wp-content\/uploads\/LogoOArcanjo.png","width":319,"height":99,"caption":"Par\u00f3quia S\u00e3o Miguel Arcanjo"},"image":{"@id":"https:\/\/www.oarcanjo.net\/site\/#\/schema\/logo\/image\/"},"sameAs":["https:\/\/www.facebook.com\/OArcanjoNoAr\/"]},{"@type":"Person","@id":"https:\/\/www.oarcanjo.net\/site\/#\/schema\/person\/5eb9480bedd2f3c97e430ce128c29c6c","name":"danilo"}]}},"publishpress_future_action":{"enabled":false,"date":"2026-05-07 22:04:07","action":"category","newStatus":"draft","terms":[],"taxonomy":"category"},"publishpress_future_workflow_manual_trigger":{"enabledWorkflows":[]},"_links":{"self":[{"href":"https:\/\/www.oarcanjo.net\/site\/wp-json\/wp\/v2\/posts\/8290"}],"collection":[{"href":"https:\/\/www.oarcanjo.net\/site\/wp-json\/wp\/v2\/posts"}],"about":[{"href":"https:\/\/www.oarcanjo.net\/site\/wp-json\/wp\/v2\/types\/post"}],"author":[{"embeddable":true,"href":"https:\/\/www.oarcanjo.net\/site\/wp-json\/wp\/v2\/users\/14"}],"replies":[{"embeddable":true,"href":"https:\/\/www.oarcanjo.net\/site\/wp-json\/wp\/v2\/comments?post=8290"}],"version-history":[{"count":1,"href":"https:\/\/www.oarcanjo.net\/site\/wp-json\/wp\/v2\/posts\/8290\/revisions"}],"predecessor-version":[{"id":92979,"href":"https:\/\/www.oarcanjo.net\/site\/wp-json\/wp\/v2\/posts\/8290\/revisions\/92979"}],"wp:attachment":[{"href":"https:\/\/www.oarcanjo.net\/site\/wp-json\/wp\/v2\/media?parent=8290"}],"wp:term":[{"taxonomy":"category","embeddable":true,"href":"https:\/\/www.oarcanjo.net\/site\/wp-json\/wp\/v2\/categories?post=8290"},{"taxonomy":"post_tag","embeddable":true,"href":"https:\/\/www.oarcanjo.net\/site\/wp-json\/wp\/v2\/tags?post=8290"}],"curies":[{"name":"wp","href":"https:\/\/api.w.org\/{rel}","templated":true}]}}