
{"id":8293,"date":"2019-03-15T00:01:51","date_gmt":"2019-03-15T03:01:51","guid":{"rendered":"http:\/\/www.oarcanjo.net\/site\/?p=8293"},"modified":"2019-02-20T08:07:31","modified_gmt":"2019-02-20T11:07:31","slug":"sao-clemente-maria-hofbauer","status":"publish","type":"post","link":"https:\/\/www.oarcanjo.net\/site\/sao-clemente-maria-hofbauer\/","title":{"rendered":"S\u00e3o Clemente Maria Hofbauer"},"content":{"rendered":"<p><img loading=\"lazy\" decoding=\"async\" class=\"alignnone  wp-image-69511\" src=\"http:\/\/www.oarcanjo.net\/site\/wp-content\/uploads\/Sao-Clemente-Maria-Hofbauer.jpg\" alt=\"S\u00e3o Clemente Maria Hofbauer\" width=\"257\" height=\"343\" srcset=\"https:\/\/www.oarcanjo.net\/site\/wp-content\/uploads\/Sao-Clemente-Maria-Hofbauer.jpg 480w, https:\/\/www.oarcanjo.net\/site\/wp-content\/uploads\/Sao-Clemente-Maria-Hofbauer-225x300.jpg 225w\" sizes=\"(max-width: 257px) 100vw, 257px\" \/><\/p>\n<p>15 de Mar\u00e7o<\/p>\n<p>Batizado com o nome de Jo\u00e3o, ele nasceu num pequeno povoado da Mor\u00e1via, Rep\u00fablica Tcheca, em 26 de dezembro de 1751. De fam\u00edlia muito crist\u00e3 e pobre, n\u00e3o pode se dedicar aos estudos at\u00e9 a adolesc\u00eancia. Seus pais Paulo Hofbauer e Maria Steer tiveram doze filhos e ele tinha apenas sete anos, quando ficou \u00f3rf\u00e3o de pai. Consta de suas anota\u00e7\u00f5es que, nesse dia, sua m\u00e3e lhe mostrou um crucifixo e lhe disse: &#8220;A partir de hoje, este \u00e9 o teu Pai&#8221;. Jo\u00e3o entendeu bem a orienta\u00e7\u00e3o, decidindo, a partir de ent\u00e3o, que se tornaria padre e mission\u00e1rio.<\/p>\n<p>Mas as condi\u00e7\u00f5es em que vivia a fam\u00edlia dificultaram a realiza\u00e7\u00e3o de seu sonho. Aos quinze anos de idade, foi morar na cidade de Znaim, onde aprendeu o of\u00edcio de padeiro. Tr\u00eas anos depois conseguiu o emprego que mudou sua vida: padeiro do convento em Bruk, dos premonstratenses. A voca\u00e7\u00e3o do jovem foi notada pelo abade, que o deixou estudar, inclusive latim. Quando seu benfeitor morreu, Jo\u00e3o foi viver como eremita, primeiro na \u00c1ustria e depois, com a permiss\u00e3o do bispo de T\u00edvoli, pr\u00f3ximo \u00e0 capela de Quintilio. A\u00ed foi onde mudou o nome para o de Clemente Maria, recebendo o h\u00e1bito do bispo, que mais tarde se tornaria o Papa Pio VII. Certa vez, em outra viagem a Roma, entrou por acaso numa igreja de redentoristas. Foi o primeiro contato que teve com essa Ordem. Depois de assistir \u00e0 missa, pediu uma entrevista com o superior e, impressionado com as Regras e a atua\u00e7\u00e3o da Congrega\u00e7\u00e3o, pediu para ingressar nela e foi admitido.<\/p>\n<p>Um ano depois, tornou-se sacerdote redentorista. Seu sonho estava realizado, mas seu trabalho, apenas come\u00e7ando. Fixou resid\u00eancia em Vars\u00f3via, onde fundou casas e recebeu dezenas de novi\u00e7os. Reformou a igreja de S\u00e3o Benon, que estava caindo aos peda\u00e7os e a pequena casa da igreja tornou-se um grande e espa\u00e7oso convento. Durante vinte anos, padre Clemente atuou nessa par\u00f3quia, convertendo pag\u00e3os e atraindo multid\u00f5es. Tanto que eram necess\u00e1rios vinte e cinco padres para atender aos fi\u00e9is, celebrando diariamente duas missas em alem\u00e3o e duas em polon\u00eas. Com a expans\u00e3o do trabalho, p\u00f4de fundar mais tr\u00eas conventos e ativar as par\u00f3quias em volta da sua. Como capel\u00e3o do convento e da igreja das Ursulinas, teve uma influ\u00eancia extraordin\u00e1ria na cidade inteira e at\u00e9 al\u00e9m da mesma. Fundou tamb\u00e9m um asilo para abrigar as crian\u00e7as v\u00edtimas das sucessivas guerras da regi\u00e3o, uma escola para crian\u00e7as pobres e outra, de ensino superior, para meninos. Esta atividade ele a continuou at\u00e9 1808, quando Napole\u00e3o Bonaparte fechou a igreja e dispersou a comunidade. Enfrentou com serenidade, com outros redentoristas, a persegui\u00e7\u00e3o na Pol\u00f4nia, o fechamento da casa da Ordem e at\u00e9 a pris\u00e3o.<\/p>\n<p>Clemente n\u00e3o desistiu. Foi realizar miss\u00f5es na Alemanha, Su\u00ed\u00e7a e na \u00c1ustria, onde fez o clero retomar os conceitos crist\u00e3os esquecidos. Principalmente, aconselhou e encorajou alguns l\u00edderes do novo movimento rom\u00e2ntico e outros que trabalhavam para a renova\u00e7\u00e3o cat\u00f3lica nos pa\u00edses de idioma alem\u00e3o. A intensa atividade dele chamou a aten\u00e7\u00e3o da pol\u00edcia.<br \/>\nMas, s\u00f3 a morte poderia impedir Clemente Maria de atuar, que se deu em Viena, no dia 15 de mar\u00e7o de 1820, cuja popula\u00e7\u00e3o consternada assumiu o luto como o de um parente.<\/p>\n<p>Foi beatificado em1888, e canonizado pelo Papa Pio X, em 1909. Cinco anos depois o mesmo pont\u00edfice proclamou S\u00e3o Clemente Maria Hofbauer, o padroeiro de Viena e, tamb\u00e9m, dos padeiros, numa singela lembran\u00e7a da profiss\u00e3o exercida na sua adolesc\u00eancia. \u00c9 venerado como o principal propagador da Congrega\u00e7\u00e3o Redentorista, fora da It\u00e1lia.<\/p>\n<p><img decoding=\"async\" src=\"http:\/\/www.cssr.pt\/fotos\/santos\/STO02.JPG\" alt=\"\" \/><\/p>\n<div id=\"themify_builder_content-8293\" data-postid=\"8293\" class=\"themify_builder_content themify_builder_content-8293 themify_builder themify_builder_front\">\n\t<\/div>\n<!-- \/themify_builder_content -->","protected":false},"excerpt":{"rendered":"<p>15 de Mar\u00e7o Batizado com o nome de Jo\u00e3o, ele nasceu num pequeno povoado da Mor\u00e1via, Rep\u00fablica Tcheca, em 26 de dezembro de 1751. De fam\u00edlia muito crist\u00e3 e pobre, n\u00e3o pode se dedicar aos estudos at\u00e9 a adolesc\u00eancia. Seus pais Paulo Hofbauer e Maria Steer tiveram doze filhos e ele tinha apenas sete anos, [&hellip;]<\/p>\n","protected":false},"author":14,"featured_media":0,"comment_status":"open","ping_status":"open","sticky":false,"template":"","format":"standard","meta":{"ngg_post_thumbnail":0,"footnotes":""},"categories":[186],"tags":[],"yoast_head":"<!-- This site is optimized with the Yoast SEO plugin v23.5 - https:\/\/yoast.com\/wordpress\/plugins\/seo\/ -->\n<title>S\u00e3o Clemente Maria Hofbauer - O Arcanjo no ar<\/title>\n<meta name=\"robots\" content=\"index, follow, max-snippet:-1, max-image-preview:large, max-video-preview:-1\" \/>\n<link rel=\"canonical\" href=\"https:\/\/www.oarcanjo.net\/site\/sao-clemente-maria-hofbauer\/\" \/>\n<meta property=\"og:locale\" content=\"pt_BR\" \/>\n<meta property=\"og:type\" content=\"article\" \/>\n<meta property=\"og:title\" content=\"S\u00e3o Clemente Maria Hofbauer - O Arcanjo no ar\" \/>\n<meta property=\"og:description\" content=\"15 de Mar\u00e7o Batizado com o nome de Jo\u00e3o, ele nasceu num pequeno povoado da Mor\u00e1via, Rep\u00fablica Tcheca, em 26 de dezembro de 1751. De fam\u00edlia muito crist\u00e3 e pobre, n\u00e3o pode se dedicar aos estudos at\u00e9 a adolesc\u00eancia. Seus pais Paulo Hofbauer e Maria Steer tiveram doze filhos e ele tinha apenas sete anos, [&hellip;]\" \/>\n<meta property=\"og:url\" content=\"https:\/\/www.oarcanjo.net\/site\/sao-clemente-maria-hofbauer\/\" \/>\n<meta property=\"og:site_name\" content=\"O Arcanjo no ar\" \/>\n<meta property=\"article:publisher\" content=\"https:\/\/www.facebook.com\/OArcanjoNoAr\/\" \/>\n<meta property=\"article:published_time\" content=\"2019-03-15T03:01:51+00:00\" \/>\n<meta property=\"article:modified_time\" content=\"2019-02-20T11:07:31+00:00\" \/>\n<meta property=\"og:image\" content=\"http:\/\/www.oarcanjo.net\/site\/wp-content\/uploads\/Sao-Clemente-Maria-Hofbauer.jpg\" \/>\n<meta name=\"author\" content=\"danilo\" \/>\n<meta name=\"twitter:card\" content=\"summary_large_image\" \/>\n<meta name=\"twitter:label1\" content=\"Escrito por\" \/>\n\t<meta name=\"twitter:data1\" content=\"danilo\" \/>\n\t<meta name=\"twitter:label2\" content=\"Est. tempo de leitura\" \/>\n\t<meta name=\"twitter:data2\" content=\"3 minutos\" \/>\n<script type=\"application\/ld+json\" class=\"yoast-schema-graph\">{\"@context\":\"https:\/\/schema.org\",\"@graph\":[{\"@type\":\"Article\",\"@id\":\"https:\/\/www.oarcanjo.net\/site\/sao-clemente-maria-hofbauer\/#article\",\"isPartOf\":{\"@id\":\"https:\/\/www.oarcanjo.net\/site\/sao-clemente-maria-hofbauer\/\"},\"author\":{\"name\":\"danilo\",\"@id\":\"https:\/\/www.oarcanjo.net\/site\/#\/schema\/person\/5eb9480bedd2f3c97e430ce128c29c6c\"},\"headline\":\"S\u00e3o Clemente Maria Hofbauer\",\"datePublished\":\"2019-03-15T03:01:51+00:00\",\"dateModified\":\"2019-02-20T11:07:31+00:00\",\"mainEntityOfPage\":{\"@id\":\"https:\/\/www.oarcanjo.net\/site\/sao-clemente-maria-hofbauer\/\"},\"wordCount\":663,\"commentCount\":5,\"publisher\":{\"@id\":\"https:\/\/www.oarcanjo.net\/site\/#organization\"},\"image\":{\"@id\":\"https:\/\/www.oarcanjo.net\/site\/sao-clemente-maria-hofbauer\/#primaryimage\"},\"thumbnailUrl\":\"http:\/\/www.oarcanjo.net\/site\/wp-content\/uploads\/Sao-Clemente-Maria-Hofbauer.jpg\",\"articleSection\":[\"Testemunhos\"],\"inLanguage\":\"pt-BR\",\"potentialAction\":[{\"@type\":\"CommentAction\",\"name\":\"Comment\",\"target\":[\"https:\/\/www.oarcanjo.net\/site\/sao-clemente-maria-hofbauer\/#respond\"]}]},{\"@type\":\"WebPage\",\"@id\":\"https:\/\/www.oarcanjo.net\/site\/sao-clemente-maria-hofbauer\/\",\"url\":\"https:\/\/www.oarcanjo.net\/site\/sao-clemente-maria-hofbauer\/\",\"name\":\"S\u00e3o Clemente Maria Hofbauer - O Arcanjo no ar\",\"isPartOf\":{\"@id\":\"https:\/\/www.oarcanjo.net\/site\/#website\"},\"primaryImageOfPage\":{\"@id\":\"https:\/\/www.oarcanjo.net\/site\/sao-clemente-maria-hofbauer\/#primaryimage\"},\"image\":{\"@id\":\"https:\/\/www.oarcanjo.net\/site\/sao-clemente-maria-hofbauer\/#primaryimage\"},\"thumbnailUrl\":\"http:\/\/www.oarcanjo.net\/site\/wp-content\/uploads\/Sao-Clemente-Maria-Hofbauer.jpg\",\"datePublished\":\"2019-03-15T03:01:51+00:00\",\"dateModified\":\"2019-02-20T11:07:31+00:00\",\"breadcrumb\":{\"@id\":\"https:\/\/www.oarcanjo.net\/site\/sao-clemente-maria-hofbauer\/#breadcrumb\"},\"inLanguage\":\"pt-BR\",\"potentialAction\":[{\"@type\":\"ReadAction\",\"target\":[\"https:\/\/www.oarcanjo.net\/site\/sao-clemente-maria-hofbauer\/\"]}]},{\"@type\":\"ImageObject\",\"inLanguage\":\"pt-BR\",\"@id\":\"https:\/\/www.oarcanjo.net\/site\/sao-clemente-maria-hofbauer\/#primaryimage\",\"url\":\"https:\/\/www.oarcanjo.net\/site\/wp-content\/uploads\/Sao-Clemente-Maria-Hofbauer.jpg\",\"contentUrl\":\"https:\/\/www.oarcanjo.net\/site\/wp-content\/uploads\/Sao-Clemente-Maria-Hofbauer.jpg\",\"width\":480,\"height\":640,\"caption\":\"S\u00e3o Clemente Maria Hofbauer\"},{\"@type\":\"BreadcrumbList\",\"@id\":\"https:\/\/www.oarcanjo.net\/site\/sao-clemente-maria-hofbauer\/#breadcrumb\",\"itemListElement\":[{\"@type\":\"ListItem\",\"position\":1,\"name\":\"In\u00edcio\",\"item\":\"https:\/\/www.oarcanjo.net\/site\/\"},{\"@type\":\"ListItem\",\"position\":2,\"name\":\"S\u00e3o Clemente Maria Hofbauer\"}]},{\"@type\":\"WebSite\",\"@id\":\"https:\/\/www.oarcanjo.net\/site\/#website\",\"url\":\"https:\/\/www.oarcanjo.net\/site\/\",\"name\":\"O Arcanjo no ar\",\"description\":\"Site da Par\u00f3quia S\u00e3o Miguel Arcanjo (Arquidiocese de SP)\",\"publisher\":{\"@id\":\"https:\/\/www.oarcanjo.net\/site\/#organization\"},\"potentialAction\":[{\"@type\":\"SearchAction\",\"target\":{\"@type\":\"EntryPoint\",\"urlTemplate\":\"https:\/\/www.oarcanjo.net\/site\/?s={search_term_string}\"},\"query-input\":{\"@type\":\"PropertyValueSpecification\",\"valueRequired\":true,\"valueName\":\"search_term_string\"}}],\"inLanguage\":\"pt-BR\"},{\"@type\":\"Organization\",\"@id\":\"https:\/\/www.oarcanjo.net\/site\/#organization\",\"name\":\"Par\u00f3quia S\u00e3o Miguel Arcanjo\",\"url\":\"https:\/\/www.oarcanjo.net\/site\/\",\"logo\":{\"@type\":\"ImageObject\",\"inLanguage\":\"pt-BR\",\"@id\":\"https:\/\/www.oarcanjo.net\/site\/#\/schema\/logo\/image\/\",\"url\":\"https:\/\/www.oarcanjo.net\/site\/wp-content\/uploads\/LogoOArcanjo.png\",\"contentUrl\":\"https:\/\/www.oarcanjo.net\/site\/wp-content\/uploads\/LogoOArcanjo.png\",\"width\":319,\"height\":99,\"caption\":\"Par\u00f3quia S\u00e3o Miguel Arcanjo\"},\"image\":{\"@id\":\"https:\/\/www.oarcanjo.net\/site\/#\/schema\/logo\/image\/\"},\"sameAs\":[\"https:\/\/www.facebook.com\/OArcanjoNoAr\/\"]},{\"@type\":\"Person\",\"@id\":\"https:\/\/www.oarcanjo.net\/site\/#\/schema\/person\/5eb9480bedd2f3c97e430ce128c29c6c\",\"name\":\"danilo\"}]}<\/script>\n<!-- \/ Yoast SEO plugin. -->","yoast_head_json":{"title":"S\u00e3o Clemente Maria Hofbauer - O Arcanjo no ar","robots":{"index":"index","follow":"follow","max-snippet":"max-snippet:-1","max-image-preview":"max-image-preview:large","max-video-preview":"max-video-preview:-1"},"canonical":"https:\/\/www.oarcanjo.net\/site\/sao-clemente-maria-hofbauer\/","og_locale":"pt_BR","og_type":"article","og_title":"S\u00e3o Clemente Maria Hofbauer - O Arcanjo no ar","og_description":"15 de Mar\u00e7o Batizado com o nome de Jo\u00e3o, ele nasceu num pequeno povoado da Mor\u00e1via, Rep\u00fablica Tcheca, em 26 de dezembro de 1751. De fam\u00edlia muito crist\u00e3 e pobre, n\u00e3o pode se dedicar aos estudos at\u00e9 a adolesc\u00eancia. Seus pais Paulo Hofbauer e Maria Steer tiveram doze filhos e ele tinha apenas sete anos, [&hellip;]","og_url":"https:\/\/www.oarcanjo.net\/site\/sao-clemente-maria-hofbauer\/","og_site_name":"O Arcanjo no ar","article_publisher":"https:\/\/www.facebook.com\/OArcanjoNoAr\/","article_published_time":"2019-03-15T03:01:51+00:00","article_modified_time":"2019-02-20T11:07:31+00:00","og_image":[{"url":"http:\/\/www.oarcanjo.net\/site\/wp-content\/uploads\/Sao-Clemente-Maria-Hofbauer.jpg"}],"author":"danilo","twitter_card":"summary_large_image","twitter_misc":{"Escrito por":"danilo","Est. tempo de leitura":"3 minutos"},"schema":{"@context":"https:\/\/schema.org","@graph":[{"@type":"Article","@id":"https:\/\/www.oarcanjo.net\/site\/sao-clemente-maria-hofbauer\/#article","isPartOf":{"@id":"https:\/\/www.oarcanjo.net\/site\/sao-clemente-maria-hofbauer\/"},"author":{"name":"danilo","@id":"https:\/\/www.oarcanjo.net\/site\/#\/schema\/person\/5eb9480bedd2f3c97e430ce128c29c6c"},"headline":"S\u00e3o Clemente Maria Hofbauer","datePublished":"2019-03-15T03:01:51+00:00","dateModified":"2019-02-20T11:07:31+00:00","mainEntityOfPage":{"@id":"https:\/\/www.oarcanjo.net\/site\/sao-clemente-maria-hofbauer\/"},"wordCount":663,"commentCount":5,"publisher":{"@id":"https:\/\/www.oarcanjo.net\/site\/#organization"},"image":{"@id":"https:\/\/www.oarcanjo.net\/site\/sao-clemente-maria-hofbauer\/#primaryimage"},"thumbnailUrl":"http:\/\/www.oarcanjo.net\/site\/wp-content\/uploads\/Sao-Clemente-Maria-Hofbauer.jpg","articleSection":["Testemunhos"],"inLanguage":"pt-BR","potentialAction":[{"@type":"CommentAction","name":"Comment","target":["https:\/\/www.oarcanjo.net\/site\/sao-clemente-maria-hofbauer\/#respond"]}]},{"@type":"WebPage","@id":"https:\/\/www.oarcanjo.net\/site\/sao-clemente-maria-hofbauer\/","url":"https:\/\/www.oarcanjo.net\/site\/sao-clemente-maria-hofbauer\/","name":"S\u00e3o Clemente Maria Hofbauer - O Arcanjo no ar","isPartOf":{"@id":"https:\/\/www.oarcanjo.net\/site\/#website"},"primaryImageOfPage":{"@id":"https:\/\/www.oarcanjo.net\/site\/sao-clemente-maria-hofbauer\/#primaryimage"},"image":{"@id":"https:\/\/www.oarcanjo.net\/site\/sao-clemente-maria-hofbauer\/#primaryimage"},"thumbnailUrl":"http:\/\/www.oarcanjo.net\/site\/wp-content\/uploads\/Sao-Clemente-Maria-Hofbauer.jpg","datePublished":"2019-03-15T03:01:51+00:00","dateModified":"2019-02-20T11:07:31+00:00","breadcrumb":{"@id":"https:\/\/www.oarcanjo.net\/site\/sao-clemente-maria-hofbauer\/#breadcrumb"},"inLanguage":"pt-BR","potentialAction":[{"@type":"ReadAction","target":["https:\/\/www.oarcanjo.net\/site\/sao-clemente-maria-hofbauer\/"]}]},{"@type":"ImageObject","inLanguage":"pt-BR","@id":"https:\/\/www.oarcanjo.net\/site\/sao-clemente-maria-hofbauer\/#primaryimage","url":"https:\/\/www.oarcanjo.net\/site\/wp-content\/uploads\/Sao-Clemente-Maria-Hofbauer.jpg","contentUrl":"https:\/\/www.oarcanjo.net\/site\/wp-content\/uploads\/Sao-Clemente-Maria-Hofbauer.jpg","width":480,"height":640,"caption":"S\u00e3o Clemente Maria Hofbauer"},{"@type":"BreadcrumbList","@id":"https:\/\/www.oarcanjo.net\/site\/sao-clemente-maria-hofbauer\/#breadcrumb","itemListElement":[{"@type":"ListItem","position":1,"name":"In\u00edcio","item":"https:\/\/www.oarcanjo.net\/site\/"},{"@type":"ListItem","position":2,"name":"S\u00e3o Clemente Maria Hofbauer"}]},{"@type":"WebSite","@id":"https:\/\/www.oarcanjo.net\/site\/#website","url":"https:\/\/www.oarcanjo.net\/site\/","name":"O Arcanjo no ar","description":"Site da Par\u00f3quia S\u00e3o Miguel Arcanjo (Arquidiocese de SP)","publisher":{"@id":"https:\/\/www.oarcanjo.net\/site\/#organization"},"potentialAction":[{"@type":"SearchAction","target":{"@type":"EntryPoint","urlTemplate":"https:\/\/www.oarcanjo.net\/site\/?s={search_term_string}"},"query-input":{"@type":"PropertyValueSpecification","valueRequired":true,"valueName":"search_term_string"}}],"inLanguage":"pt-BR"},{"@type":"Organization","@id":"https:\/\/www.oarcanjo.net\/site\/#organization","name":"Par\u00f3quia S\u00e3o Miguel Arcanjo","url":"https:\/\/www.oarcanjo.net\/site\/","logo":{"@type":"ImageObject","inLanguage":"pt-BR","@id":"https:\/\/www.oarcanjo.net\/site\/#\/schema\/logo\/image\/","url":"https:\/\/www.oarcanjo.net\/site\/wp-content\/uploads\/LogoOArcanjo.png","contentUrl":"https:\/\/www.oarcanjo.net\/site\/wp-content\/uploads\/LogoOArcanjo.png","width":319,"height":99,"caption":"Par\u00f3quia S\u00e3o Miguel Arcanjo"},"image":{"@id":"https:\/\/www.oarcanjo.net\/site\/#\/schema\/logo\/image\/"},"sameAs":["https:\/\/www.facebook.com\/OArcanjoNoAr\/"]},{"@type":"Person","@id":"https:\/\/www.oarcanjo.net\/site\/#\/schema\/person\/5eb9480bedd2f3c97e430ce128c29c6c","name":"danilo"}]}},"publishpress_future_action":{"enabled":false,"date":"2026-05-07 22:04:44","action":"category","newStatus":"draft","terms":[],"taxonomy":"category"},"publishpress_future_workflow_manual_trigger":{"enabledWorkflows":[]},"_links":{"self":[{"href":"https:\/\/www.oarcanjo.net\/site\/wp-json\/wp\/v2\/posts\/8293"}],"collection":[{"href":"https:\/\/www.oarcanjo.net\/site\/wp-json\/wp\/v2\/posts"}],"about":[{"href":"https:\/\/www.oarcanjo.net\/site\/wp-json\/wp\/v2\/types\/post"}],"author":[{"embeddable":true,"href":"https:\/\/www.oarcanjo.net\/site\/wp-json\/wp\/v2\/users\/14"}],"replies":[{"embeddable":true,"href":"https:\/\/www.oarcanjo.net\/site\/wp-json\/wp\/v2\/comments?post=8293"}],"version-history":[{"count":1,"href":"https:\/\/www.oarcanjo.net\/site\/wp-json\/wp\/v2\/posts\/8293\/revisions"}],"predecessor-version":[{"id":92978,"href":"https:\/\/www.oarcanjo.net\/site\/wp-json\/wp\/v2\/posts\/8293\/revisions\/92978"}],"wp:attachment":[{"href":"https:\/\/www.oarcanjo.net\/site\/wp-json\/wp\/v2\/media?parent=8293"}],"wp:term":[{"taxonomy":"category","embeddable":true,"href":"https:\/\/www.oarcanjo.net\/site\/wp-json\/wp\/v2\/categories?post=8293"},{"taxonomy":"post_tag","embeddable":true,"href":"https:\/\/www.oarcanjo.net\/site\/wp-json\/wp\/v2\/tags?post=8293"}],"curies":[{"name":"wp","href":"https:\/\/api.w.org\/{rel}","templated":true}]}}