
{"id":82940,"date":"2017-06-25T22:50:10","date_gmt":"2017-06-26T01:50:10","guid":{"rendered":"http:\/\/www.oarcanjo.net\/site\/?p=82940"},"modified":"2017-06-30T11:10:52","modified_gmt":"2017-06-30T14:10:52","slug":"grupo-do-crisma-fara-peregrinacao-a-aparecida-no-dia-87","status":"publish","type":"post","link":"https:\/\/www.oarcanjo.net\/site\/grupo-do-crisma-fara-peregrinacao-a-aparecida-no-dia-87\/","title":{"rendered":"Grupo do crisma far\u00e1 peregrina\u00e7\u00e3o a Aparecida no dia 8\/7"},"content":{"rendered":"<p>Neste Ano Mariano, os participantes do grupo do crisma far\u00e3o peregrina\u00e7\u00e3o a Aparecida. Ser\u00e1 no pr\u00f3ximo dia 8\/7 e outros interessados podem participar. Mais detalhes nos avisos paroquiais da semana, gravados no final da missa das 18h na igreja S\u00e3o Miguel Arcanjo:<\/p>\n<p><iframe loading=\"lazy\" width=\"700\" height=\"394\" src=\"https:\/\/www.youtube.com\/embed\/jSEkEcZKuso?rel=0\" frameborder=\"0\" allowfullscreen=\"allowfullscreen\"><\/iframe><\/p>\n<div id=\"themify_builder_content-82940\" data-postid=\"82940\" class=\"themify_builder_content themify_builder_content-82940 themify_builder themify_builder_front\">\n\t<\/div>\n<!-- \/themify_builder_content -->","protected":false},"excerpt":{"rendered":"<p>Visita ao Santu\u00e1rio ocorre no Ano Mariano e outros interessados da comunidade tamb\u00e9m podem participar<\/p>\n","protected":false},"author":5,"featured_media":82941,"comment_status":"open","ping_status":"open","sticky":false,"template":"","format":"standard","meta":{"ngg_post_thumbnail":0,"footnotes":""},"categories":[476,3,8],"tags":[],"yoast_head":"<!-- This site is optimized with the Yoast SEO plugin v23.5 - https:\/\/yoast.com\/wordpress\/plugins\/seo\/ -->\n<title>Grupo do crisma far\u00e1 peregrina\u00e7\u00e3o a Aparecida no dia 8\/7 - O Arcanjo no ar<\/title>\n<meta name=\"robots\" content=\"index, follow, max-snippet:-1, max-image-preview:large, max-video-preview:-1\" \/>\n<link rel=\"canonical\" href=\"https:\/\/www.oarcanjo.net\/site\/grupo-do-crisma-fara-peregrinacao-a-aparecida-no-dia-87\/\" \/>\n<meta property=\"og:locale\" content=\"pt_BR\" \/>\n<meta property=\"og:type\" content=\"article\" \/>\n<meta property=\"og:title\" content=\"Grupo do crisma far\u00e1 peregrina\u00e7\u00e3o a Aparecida no dia 8\/7 - O Arcanjo no ar\" \/>\n<meta property=\"og:description\" content=\"Visita ao Santu\u00e1rio ocorre no Ano Mariano e outros interessados da comunidade tamb\u00e9m podem participar\" \/>\n<meta property=\"og:url\" content=\"https:\/\/www.oarcanjo.net\/site\/grupo-do-crisma-fara-peregrinacao-a-aparecida-no-dia-87\/\" \/>\n<meta property=\"og:site_name\" content=\"O Arcanjo no ar\" \/>\n<meta property=\"article:publisher\" content=\"https:\/\/www.facebook.com\/OArcanjoNoAr\/\" \/>\n<meta property=\"article:published_time\" content=\"2017-06-26T01:50:10+00:00\" \/>\n<meta property=\"article:modified_time\" content=\"2017-06-30T14:10:52+00:00\" \/>\n<meta property=\"og:image\" content=\"https:\/\/www.oarcanjo.net\/site\/wp-content\/uploads\/20170625Avisos02.png\" \/>\n\t<meta property=\"og:image:width\" content=\"1124\" \/>\n\t<meta property=\"og:image:height\" content=\"634\" \/>\n\t<meta property=\"og:image:type\" content=\"image\/png\" \/>\n<meta name=\"author\" content=\"editor\" \/>\n<meta name=\"twitter:card\" content=\"summary_large_image\" \/>\n<meta name=\"twitter:label1\" content=\"Escrito por\" \/>\n\t<meta name=\"twitter:data1\" content=\"editor\" \/>\n<script type=\"application\/ld+json\" class=\"yoast-schema-graph\">{\"@context\":\"https:\/\/schema.org\",\"@graph\":[{\"@type\":\"Article\",\"@id\":\"https:\/\/www.oarcanjo.net\/site\/grupo-do-crisma-fara-peregrinacao-a-aparecida-no-dia-87\/#article\",\"isPartOf\":{\"@id\":\"https:\/\/www.oarcanjo.net\/site\/grupo-do-crisma-fara-peregrinacao-a-aparecida-no-dia-87\/\"},\"author\":{\"name\":\"editor\",\"@id\":\"https:\/\/www.oarcanjo.net\/site\/#\/schema\/person\/f7024d007863202483a31326673a0838\"},\"headline\":\"Grupo do crisma far\u00e1 peregrina\u00e7\u00e3o a Aparecida no dia 8\/7\",\"datePublished\":\"2017-06-26T01:50:10+00:00\",\"dateModified\":\"2017-06-30T14:10:52+00:00\",\"mainEntityOfPage\":{\"@id\":\"https:\/\/www.oarcanjo.net\/site\/grupo-do-crisma-fara-peregrinacao-a-aparecida-no-dia-87\/\"},\"wordCount\":55,\"commentCount\":0,\"publisher\":{\"@id\":\"https:\/\/www.oarcanjo.net\/site\/#organization\"},\"image\":{\"@id\":\"https:\/\/www.oarcanjo.net\/site\/grupo-do-crisma-fara-peregrinacao-a-aparecida-no-dia-87\/#primaryimage\"},\"thumbnailUrl\":\"https:\/\/www.oarcanjo.net\/site\/wp-content\/uploads\/20170625Avisos02.png\",\"articleSection\":[\"Avisos\",\"Destaques\",\"Not\u00edcias\"],\"inLanguage\":\"pt-BR\",\"potentialAction\":[{\"@type\":\"CommentAction\",\"name\":\"Comment\",\"target\":[\"https:\/\/www.oarcanjo.net\/site\/grupo-do-crisma-fara-peregrinacao-a-aparecida-no-dia-87\/#respond\"]}]},{\"@type\":\"WebPage\",\"@id\":\"https:\/\/www.oarcanjo.net\/site\/grupo-do-crisma-fara-peregrinacao-a-aparecida-no-dia-87\/\",\"url\":\"https:\/\/www.oarcanjo.net\/site\/grupo-do-crisma-fara-peregrinacao-a-aparecida-no-dia-87\/\",\"name\":\"Grupo do crisma far\u00e1 peregrina\u00e7\u00e3o a Aparecida no dia 8\/7 - O Arcanjo no ar\",\"isPartOf\":{\"@id\":\"https:\/\/www.oarcanjo.net\/site\/#website\"},\"primaryImageOfPage\":{\"@id\":\"https:\/\/www.oarcanjo.net\/site\/grupo-do-crisma-fara-peregrinacao-a-aparecida-no-dia-87\/#primaryimage\"},\"image\":{\"@id\":\"https:\/\/www.oarcanjo.net\/site\/grupo-do-crisma-fara-peregrinacao-a-aparecida-no-dia-87\/#primaryimage\"},\"thumbnailUrl\":\"https:\/\/www.oarcanjo.net\/site\/wp-content\/uploads\/20170625Avisos02.png\",\"datePublished\":\"2017-06-26T01:50:10+00:00\",\"dateModified\":\"2017-06-30T14:10:52+00:00\",\"breadcrumb\":{\"@id\":\"https:\/\/www.oarcanjo.net\/site\/grupo-do-crisma-fara-peregrinacao-a-aparecida-no-dia-87\/#breadcrumb\"},\"inLanguage\":\"pt-BR\",\"potentialAction\":[{\"@type\":\"ReadAction\",\"target\":[\"https:\/\/www.oarcanjo.net\/site\/grupo-do-crisma-fara-peregrinacao-a-aparecida-no-dia-87\/\"]}]},{\"@type\":\"ImageObject\",\"inLanguage\":\"pt-BR\",\"@id\":\"https:\/\/www.oarcanjo.net\/site\/grupo-do-crisma-fara-peregrinacao-a-aparecida-no-dia-87\/#primaryimage\",\"url\":\"https:\/\/www.oarcanjo.net\/site\/wp-content\/uploads\/20170625Avisos02.png\",\"contentUrl\":\"https:\/\/www.oarcanjo.net\/site\/wp-content\/uploads\/20170625Avisos02.png\",\"width\":1124,\"height\":634},{\"@type\":\"BreadcrumbList\",\"@id\":\"https:\/\/www.oarcanjo.net\/site\/grupo-do-crisma-fara-peregrinacao-a-aparecida-no-dia-87\/#breadcrumb\",\"itemListElement\":[{\"@type\":\"ListItem\",\"position\":1,\"name\":\"In\u00edcio\",\"item\":\"https:\/\/www.oarcanjo.net\/site\/\"},{\"@type\":\"ListItem\",\"position\":2,\"name\":\"Grupo do crisma far\u00e1 peregrina\u00e7\u00e3o a Aparecida no dia 8\/7\"}]},{\"@type\":\"WebSite\",\"@id\":\"https:\/\/www.oarcanjo.net\/site\/#website\",\"url\":\"https:\/\/www.oarcanjo.net\/site\/\",\"name\":\"O Arcanjo no ar\",\"description\":\"Site da Par\u00f3quia S\u00e3o Miguel Arcanjo (Arquidiocese de SP)\",\"publisher\":{\"@id\":\"https:\/\/www.oarcanjo.net\/site\/#organization\"},\"potentialAction\":[{\"@type\":\"SearchAction\",\"target\":{\"@type\":\"EntryPoint\",\"urlTemplate\":\"https:\/\/www.oarcanjo.net\/site\/?s={search_term_string}\"},\"query-input\":{\"@type\":\"PropertyValueSpecification\",\"valueRequired\":true,\"valueName\":\"search_term_string\"}}],\"inLanguage\":\"pt-BR\"},{\"@type\":\"Organization\",\"@id\":\"https:\/\/www.oarcanjo.net\/site\/#organization\",\"name\":\"Par\u00f3quia S\u00e3o Miguel Arcanjo\",\"url\":\"https:\/\/www.oarcanjo.net\/site\/\",\"logo\":{\"@type\":\"ImageObject\",\"inLanguage\":\"pt-BR\",\"@id\":\"https:\/\/www.oarcanjo.net\/site\/#\/schema\/logo\/image\/\",\"url\":\"https:\/\/www.oarcanjo.net\/site\/wp-content\/uploads\/LogoOArcanjo.png\",\"contentUrl\":\"https:\/\/www.oarcanjo.net\/site\/wp-content\/uploads\/LogoOArcanjo.png\",\"width\":319,\"height\":99,\"caption\":\"Par\u00f3quia S\u00e3o Miguel Arcanjo\"},\"image\":{\"@id\":\"https:\/\/www.oarcanjo.net\/site\/#\/schema\/logo\/image\/\"},\"sameAs\":[\"https:\/\/www.facebook.com\/OArcanjoNoAr\/\"]},{\"@type\":\"Person\",\"@id\":\"https:\/\/www.oarcanjo.net\/site\/#\/schema\/person\/f7024d007863202483a31326673a0838\",\"name\":\"editor\",\"sameAs\":[\"http:\/\/www.oarcanjo.net\"]}]}<\/script>\n<!-- \/ Yoast SEO plugin. -->","yoast_head_json":{"title":"Grupo do crisma far\u00e1 peregrina\u00e7\u00e3o a Aparecida no dia 8\/7 - O Arcanjo no ar","robots":{"index":"index","follow":"follow","max-snippet":"max-snippet:-1","max-image-preview":"max-image-preview:large","max-video-preview":"max-video-preview:-1"},"canonical":"https:\/\/www.oarcanjo.net\/site\/grupo-do-crisma-fara-peregrinacao-a-aparecida-no-dia-87\/","og_locale":"pt_BR","og_type":"article","og_title":"Grupo do crisma far\u00e1 peregrina\u00e7\u00e3o a Aparecida no dia 8\/7 - O Arcanjo no ar","og_description":"Visita ao Santu\u00e1rio ocorre no Ano Mariano e outros interessados da comunidade tamb\u00e9m podem participar","og_url":"https:\/\/www.oarcanjo.net\/site\/grupo-do-crisma-fara-peregrinacao-a-aparecida-no-dia-87\/","og_site_name":"O Arcanjo no ar","article_publisher":"https:\/\/www.facebook.com\/OArcanjoNoAr\/","article_published_time":"2017-06-26T01:50:10+00:00","article_modified_time":"2017-06-30T14:10:52+00:00","og_image":[{"width":1124,"height":634,"url":"https:\/\/www.oarcanjo.net\/site\/wp-content\/uploads\/20170625Avisos02.png","type":"image\/png"}],"author":"editor","twitter_card":"summary_large_image","twitter_misc":{"Escrito por":"editor"},"schema":{"@context":"https:\/\/schema.org","@graph":[{"@type":"Article","@id":"https:\/\/www.oarcanjo.net\/site\/grupo-do-crisma-fara-peregrinacao-a-aparecida-no-dia-87\/#article","isPartOf":{"@id":"https:\/\/www.oarcanjo.net\/site\/grupo-do-crisma-fara-peregrinacao-a-aparecida-no-dia-87\/"},"author":{"name":"editor","@id":"https:\/\/www.oarcanjo.net\/site\/#\/schema\/person\/f7024d007863202483a31326673a0838"},"headline":"Grupo do crisma far\u00e1 peregrina\u00e7\u00e3o a Aparecida no dia 8\/7","datePublished":"2017-06-26T01:50:10+00:00","dateModified":"2017-06-30T14:10:52+00:00","mainEntityOfPage":{"@id":"https:\/\/www.oarcanjo.net\/site\/grupo-do-crisma-fara-peregrinacao-a-aparecida-no-dia-87\/"},"wordCount":55,"commentCount":0,"publisher":{"@id":"https:\/\/www.oarcanjo.net\/site\/#organization"},"image":{"@id":"https:\/\/www.oarcanjo.net\/site\/grupo-do-crisma-fara-peregrinacao-a-aparecida-no-dia-87\/#primaryimage"},"thumbnailUrl":"https:\/\/www.oarcanjo.net\/site\/wp-content\/uploads\/20170625Avisos02.png","articleSection":["Avisos","Destaques","Not\u00edcias"],"inLanguage":"pt-BR","potentialAction":[{"@type":"CommentAction","name":"Comment","target":["https:\/\/www.oarcanjo.net\/site\/grupo-do-crisma-fara-peregrinacao-a-aparecida-no-dia-87\/#respond"]}]},{"@type":"WebPage","@id":"https:\/\/www.oarcanjo.net\/site\/grupo-do-crisma-fara-peregrinacao-a-aparecida-no-dia-87\/","url":"https:\/\/www.oarcanjo.net\/site\/grupo-do-crisma-fara-peregrinacao-a-aparecida-no-dia-87\/","name":"Grupo do crisma far\u00e1 peregrina\u00e7\u00e3o a Aparecida no dia 8\/7 - O Arcanjo no ar","isPartOf":{"@id":"https:\/\/www.oarcanjo.net\/site\/#website"},"primaryImageOfPage":{"@id":"https:\/\/www.oarcanjo.net\/site\/grupo-do-crisma-fara-peregrinacao-a-aparecida-no-dia-87\/#primaryimage"},"image":{"@id":"https:\/\/www.oarcanjo.net\/site\/grupo-do-crisma-fara-peregrinacao-a-aparecida-no-dia-87\/#primaryimage"},"thumbnailUrl":"https:\/\/www.oarcanjo.net\/site\/wp-content\/uploads\/20170625Avisos02.png","datePublished":"2017-06-26T01:50:10+00:00","dateModified":"2017-06-30T14:10:52+00:00","breadcrumb":{"@id":"https:\/\/www.oarcanjo.net\/site\/grupo-do-crisma-fara-peregrinacao-a-aparecida-no-dia-87\/#breadcrumb"},"inLanguage":"pt-BR","potentialAction":[{"@type":"ReadAction","target":["https:\/\/www.oarcanjo.net\/site\/grupo-do-crisma-fara-peregrinacao-a-aparecida-no-dia-87\/"]}]},{"@type":"ImageObject","inLanguage":"pt-BR","@id":"https:\/\/www.oarcanjo.net\/site\/grupo-do-crisma-fara-peregrinacao-a-aparecida-no-dia-87\/#primaryimage","url":"https:\/\/www.oarcanjo.net\/site\/wp-content\/uploads\/20170625Avisos02.png","contentUrl":"https:\/\/www.oarcanjo.net\/site\/wp-content\/uploads\/20170625Avisos02.png","width":1124,"height":634},{"@type":"BreadcrumbList","@id":"https:\/\/www.oarcanjo.net\/site\/grupo-do-crisma-fara-peregrinacao-a-aparecida-no-dia-87\/#breadcrumb","itemListElement":[{"@type":"ListItem","position":1,"name":"In\u00edcio","item":"https:\/\/www.oarcanjo.net\/site\/"},{"@type":"ListItem","position":2,"name":"Grupo do crisma far\u00e1 peregrina\u00e7\u00e3o a Aparecida no dia 8\/7"}]},{"@type":"WebSite","@id":"https:\/\/www.oarcanjo.net\/site\/#website","url":"https:\/\/www.oarcanjo.net\/site\/","name":"O Arcanjo no ar","description":"Site da Par\u00f3quia S\u00e3o Miguel Arcanjo (Arquidiocese de SP)","publisher":{"@id":"https:\/\/www.oarcanjo.net\/site\/#organization"},"potentialAction":[{"@type":"SearchAction","target":{"@type":"EntryPoint","urlTemplate":"https:\/\/www.oarcanjo.net\/site\/?s={search_term_string}"},"query-input":{"@type":"PropertyValueSpecification","valueRequired":true,"valueName":"search_term_string"}}],"inLanguage":"pt-BR"},{"@type":"Organization","@id":"https:\/\/www.oarcanjo.net\/site\/#organization","name":"Par\u00f3quia S\u00e3o Miguel Arcanjo","url":"https:\/\/www.oarcanjo.net\/site\/","logo":{"@type":"ImageObject","inLanguage":"pt-BR","@id":"https:\/\/www.oarcanjo.net\/site\/#\/schema\/logo\/image\/","url":"https:\/\/www.oarcanjo.net\/site\/wp-content\/uploads\/LogoOArcanjo.png","contentUrl":"https:\/\/www.oarcanjo.net\/site\/wp-content\/uploads\/LogoOArcanjo.png","width":319,"height":99,"caption":"Par\u00f3quia S\u00e3o Miguel Arcanjo"},"image":{"@id":"https:\/\/www.oarcanjo.net\/site\/#\/schema\/logo\/image\/"},"sameAs":["https:\/\/www.facebook.com\/OArcanjoNoAr\/"]},{"@type":"Person","@id":"https:\/\/www.oarcanjo.net\/site\/#\/schema\/person\/f7024d007863202483a31326673a0838","name":"editor","sameAs":["http:\/\/www.oarcanjo.net"]}]}},"publishpress_future_action":{"enabled":false,"date":"2026-05-09 09:31:31","action":"category","newStatus":"draft","terms":[],"taxonomy":"category"},"publishpress_future_workflow_manual_trigger":{"enabledWorkflows":[]},"_links":{"self":[{"href":"https:\/\/www.oarcanjo.net\/site\/wp-json\/wp\/v2\/posts\/82940"}],"collection":[{"href":"https:\/\/www.oarcanjo.net\/site\/wp-json\/wp\/v2\/posts"}],"about":[{"href":"https:\/\/www.oarcanjo.net\/site\/wp-json\/wp\/v2\/types\/post"}],"author":[{"embeddable":true,"href":"https:\/\/www.oarcanjo.net\/site\/wp-json\/wp\/v2\/users\/5"}],"replies":[{"embeddable":true,"href":"https:\/\/www.oarcanjo.net\/site\/wp-json\/wp\/v2\/comments?post=82940"}],"version-history":[{"count":0,"href":"https:\/\/www.oarcanjo.net\/site\/wp-json\/wp\/v2\/posts\/82940\/revisions"}],"wp:featuredmedia":[{"embeddable":true,"href":"https:\/\/www.oarcanjo.net\/site\/wp-json\/wp\/v2\/media\/82941"}],"wp:attachment":[{"href":"https:\/\/www.oarcanjo.net\/site\/wp-json\/wp\/v2\/media?parent=82940"}],"wp:term":[{"taxonomy":"category","embeddable":true,"href":"https:\/\/www.oarcanjo.net\/site\/wp-json\/wp\/v2\/categories?post=82940"},{"taxonomy":"post_tag","embeddable":true,"href":"https:\/\/www.oarcanjo.net\/site\/wp-json\/wp\/v2\/tags?post=82940"}],"curies":[{"name":"wp","href":"https:\/\/api.w.org\/{rel}","templated":true}]}}