
{"id":8304,"date":"2019-03-16T00:31:16","date_gmt":"2019-03-16T03:31:16","guid":{"rendered":"http:\/\/www.oarcanjo.net\/site\/?p=8304"},"modified":"2019-02-20T08:09:11","modified_gmt":"2019-02-20T11:09:11","slug":"santo-heriberto","status":"publish","type":"post","link":"https:\/\/www.oarcanjo.net\/site\/santo-heriberto\/","title":{"rendered":"Santo Heriberto"},"content":{"rendered":"<p><img decoding=\"async\" src=\"http:\/\/3.bp.blogspot.com\/_z-c0Sh5Zlrs\/SJAWzXTX_mI\/AAAAAAAABC4\/v8X8VFhn1rs\/s400\/Santo+Heriberto.jpg\" alt=\"\" \/><\/p>\n<p>16 de Mar\u00e7o<\/p>\n<p>Heriberto foi arcebispo de Col\u00f4nia, na Alemanha, ainda muito mo\u00e7o, pois sua religiosidade brotara ainda na inf\u00e2ncia. Conta a hist\u00f3ria que, no dia em que nasceu, em 970, filho de descendentes dos condes de Worms, notou-se uma extraordin\u00e1ria luz pairando sobre a casa de seus pais. O fen\u00f4meno teria durado v\u00e1rias horas e marcado para sempre a vida de Heriberto, que caminhou reto para o caminho da santidade.<\/p>\n<p>Como desde pequeno mostrava voca\u00e7\u00e3o para a religi\u00e3o e os estudos, seus pais o entregaram ao convento de Gorze. Ali, Heriberto descobriu para si e para o mundo que era extremamente talentoso, mas decidiu-se pela ordena\u00e7\u00e3o sacerdotal, que ocorreu em 995. Com o decorrer do tempo cursou diversas escolas, chegando a ser considerado o homem mais s\u00e1bio de seu tempo. E foi nesta condi\u00e7\u00e3o que o imperador Oton III o nomeou chanceler, seu assessor de maior confian\u00e7a. Sua fama e popularidade cresceram, n\u00e3o s\u00f3 devido \u00e0 sabedoria, mas tamb\u00e9m pela humildade e a caridade que praticava com todos. Assim, foi eleito bispo de Col\u00f4nia, em 999.<\/p>\n<p>Quando Oton III morreu, o imperador que o sucedeu, Henrique II, tamb\u00e9m acabou tornando-se admirador de Heriberto, apesar da oposi\u00e7\u00e3o que lhe fez no in\u00edcio. Uma vez que o bispo Heriberto o consagrou rei sem nenhuma contesta\u00e7\u00e3o. E por fim o novo rei Henrique II o chamou para ser seu conselheiro.<\/p>\n<p>Ent\u00e3o, a obra caridosa do bispo p\u00f4de ent\u00e3o continuar. Os registros mostraram que, depois de fundar um hospital para os pobres, Heriberto visitava os doentes todos os dias, cuidando deles pessoalmente. Diz a tradi\u00e7\u00e3o que, certa vez, houve na cidade uma grande seca, ficando sem chover por meses. O bispo comandou um jejum de tr\u00eas dias e, finalmente, uma prociss\u00e3o de penit\u00eancia pedindo chuva aos c\u00e9us. Como nem assim choveu, Heriberto comovido come\u00e7ou a chorar na frente do povo, culpando-se pela seca. Dizia que seus pecados \u00e9 que impediam Deus de fazer miseric\u00f3rdia. Mas, um fato prodigioso aconteceu nesse momento, imediatamente o c\u00e9u escureceu e uma forte chuva caiu sobre a cidade, durando alguns dias e pondo fim \u00e0 estiagem.<\/p>\n<p>Com fama de santidade ainda em vida, o bispo Heriberto morreu no dia 16 de mar\u00e7o de 1021, numa viagem de visita pastoral \u00e0 cidade de Deutz, onde contraiu uma febre maligna que assolava a popula\u00e7\u00e3o. Suas rel\u00edquias est\u00e3o na catedral dessa cidade, na Col\u00f4nia, Alemanha. Na igreja que ele mesmo fundou junto com o mosteiro ao lado, que foi entregue aos beneditinos.<\/p>\n<p>Amado pelos fi\u00e9is a peregrina\u00e7\u00e3o \u00e0 sua sepultura difundiu seu culto que se tornou vigoroso em toda a Europa, especialmente na It\u00e1lia e na Alemanha, pa\u00eds de sua origem. Foi canonizado em 1227, pelo Papa Greg\u00f3rio IX que autorizou o culto \u00e0 Santo Heriberto, j\u00e1 tradicionalmente festejado pelos devotos no dia 16 de mar\u00e7o.<\/p>\n<div id=\"themify_builder_content-8304\" data-postid=\"8304\" class=\"themify_builder_content themify_builder_content-8304 themify_builder themify_builder_front\">\n\t<\/div>\n<!-- \/themify_builder_content -->","protected":false},"excerpt":{"rendered":"<p>16 de Mar\u00e7o Heriberto foi arcebispo de Col\u00f4nia, na Alemanha, ainda muito mo\u00e7o, pois sua religiosidade brotara ainda na inf\u00e2ncia. Conta a hist\u00f3ria que, no dia em que nasceu, em 970, filho de descendentes dos condes de Worms, notou-se uma extraordin\u00e1ria luz pairando sobre a casa de seus pais. O fen\u00f4meno teria durado v\u00e1rias horas [&hellip;]<\/p>\n","protected":false},"author":14,"featured_media":0,"comment_status":"open","ping_status":"open","sticky":false,"template":"","format":"standard","meta":{"ngg_post_thumbnail":0,"footnotes":""},"categories":[186],"tags":[],"yoast_head":"<!-- This site is optimized with the Yoast SEO plugin v23.5 - https:\/\/yoast.com\/wordpress\/plugins\/seo\/ -->\n<title>Santo Heriberto - O Arcanjo no ar<\/title>\n<meta name=\"robots\" content=\"index, follow, max-snippet:-1, max-image-preview:large, max-video-preview:-1\" \/>\n<link rel=\"canonical\" href=\"https:\/\/www.oarcanjo.net\/site\/santo-heriberto\/\" \/>\n<meta property=\"og:locale\" content=\"pt_BR\" \/>\n<meta property=\"og:type\" content=\"article\" \/>\n<meta property=\"og:title\" content=\"Santo Heriberto - O Arcanjo no ar\" \/>\n<meta property=\"og:description\" content=\"16 de Mar\u00e7o Heriberto foi arcebispo de Col\u00f4nia, na Alemanha, ainda muito mo\u00e7o, pois sua religiosidade brotara ainda na inf\u00e2ncia. Conta a hist\u00f3ria que, no dia em que nasceu, em 970, filho de descendentes dos condes de Worms, notou-se uma extraordin\u00e1ria luz pairando sobre a casa de seus pais. O fen\u00f4meno teria durado v\u00e1rias horas [&hellip;]\" \/>\n<meta property=\"og:url\" content=\"https:\/\/www.oarcanjo.net\/site\/santo-heriberto\/\" \/>\n<meta property=\"og:site_name\" content=\"O Arcanjo no ar\" \/>\n<meta property=\"article:publisher\" content=\"https:\/\/www.facebook.com\/OArcanjoNoAr\/\" \/>\n<meta property=\"article:published_time\" content=\"2019-03-16T03:31:16+00:00\" \/>\n<meta property=\"article:modified_time\" content=\"2019-02-20T11:09:11+00:00\" \/>\n<meta property=\"og:image\" content=\"http:\/\/3.bp.blogspot.com\/_z-c0Sh5Zlrs\/SJAWzXTX_mI\/AAAAAAAABC4\/v8X8VFhn1rs\/s400\/Santo+Heriberto.jpg\" \/>\n<meta name=\"author\" content=\"danilo\" \/>\n<meta name=\"twitter:card\" content=\"summary_large_image\" \/>\n<meta name=\"twitter:label1\" content=\"Escrito por\" \/>\n\t<meta name=\"twitter:data1\" content=\"danilo\" \/>\n\t<meta name=\"twitter:label2\" content=\"Est. tempo de leitura\" \/>\n\t<meta name=\"twitter:data2\" content=\"2 minutos\" \/>\n<script type=\"application\/ld+json\" class=\"yoast-schema-graph\">{\"@context\":\"https:\/\/schema.org\",\"@graph\":[{\"@type\":\"Article\",\"@id\":\"https:\/\/www.oarcanjo.net\/site\/santo-heriberto\/#article\",\"isPartOf\":{\"@id\":\"https:\/\/www.oarcanjo.net\/site\/santo-heriberto\/\"},\"author\":{\"name\":\"danilo\",\"@id\":\"https:\/\/www.oarcanjo.net\/site\/#\/schema\/person\/5eb9480bedd2f3c97e430ce128c29c6c\"},\"headline\":\"Santo Heriberto\",\"datePublished\":\"2019-03-16T03:31:16+00:00\",\"dateModified\":\"2019-02-20T11:09:11+00:00\",\"mainEntityOfPage\":{\"@id\":\"https:\/\/www.oarcanjo.net\/site\/santo-heriberto\/\"},\"wordCount\":496,\"commentCount\":0,\"publisher\":{\"@id\":\"https:\/\/www.oarcanjo.net\/site\/#organization\"},\"image\":{\"@id\":\"https:\/\/www.oarcanjo.net\/site\/santo-heriberto\/#primaryimage\"},\"thumbnailUrl\":\"http:\/\/3.bp.blogspot.com\/_z-c0Sh5Zlrs\/SJAWzXTX_mI\/AAAAAAAABC4\/v8X8VFhn1rs\/s400\/Santo+Heriberto.jpg\",\"articleSection\":[\"Testemunhos\"],\"inLanguage\":\"pt-BR\",\"potentialAction\":[{\"@type\":\"CommentAction\",\"name\":\"Comment\",\"target\":[\"https:\/\/www.oarcanjo.net\/site\/santo-heriberto\/#respond\"]}]},{\"@type\":\"WebPage\",\"@id\":\"https:\/\/www.oarcanjo.net\/site\/santo-heriberto\/\",\"url\":\"https:\/\/www.oarcanjo.net\/site\/santo-heriberto\/\",\"name\":\"Santo Heriberto - O Arcanjo no ar\",\"isPartOf\":{\"@id\":\"https:\/\/www.oarcanjo.net\/site\/#website\"},\"primaryImageOfPage\":{\"@id\":\"https:\/\/www.oarcanjo.net\/site\/santo-heriberto\/#primaryimage\"},\"image\":{\"@id\":\"https:\/\/www.oarcanjo.net\/site\/santo-heriberto\/#primaryimage\"},\"thumbnailUrl\":\"http:\/\/3.bp.blogspot.com\/_z-c0Sh5Zlrs\/SJAWzXTX_mI\/AAAAAAAABC4\/v8X8VFhn1rs\/s400\/Santo+Heriberto.jpg\",\"datePublished\":\"2019-03-16T03:31:16+00:00\",\"dateModified\":\"2019-02-20T11:09:11+00:00\",\"breadcrumb\":{\"@id\":\"https:\/\/www.oarcanjo.net\/site\/santo-heriberto\/#breadcrumb\"},\"inLanguage\":\"pt-BR\",\"potentialAction\":[{\"@type\":\"ReadAction\",\"target\":[\"https:\/\/www.oarcanjo.net\/site\/santo-heriberto\/\"]}]},{\"@type\":\"ImageObject\",\"inLanguage\":\"pt-BR\",\"@id\":\"https:\/\/www.oarcanjo.net\/site\/santo-heriberto\/#primaryimage\",\"url\":\"http:\/\/3.bp.blogspot.com\/_z-c0Sh5Zlrs\/SJAWzXTX_mI\/AAAAAAAABC4\/v8X8VFhn1rs\/s400\/Santo+Heriberto.jpg\",\"contentUrl\":\"http:\/\/3.bp.blogspot.com\/_z-c0Sh5Zlrs\/SJAWzXTX_mI\/AAAAAAAABC4\/v8X8VFhn1rs\/s400\/Santo+Heriberto.jpg\"},{\"@type\":\"BreadcrumbList\",\"@id\":\"https:\/\/www.oarcanjo.net\/site\/santo-heriberto\/#breadcrumb\",\"itemListElement\":[{\"@type\":\"ListItem\",\"position\":1,\"name\":\"In\u00edcio\",\"item\":\"https:\/\/www.oarcanjo.net\/site\/\"},{\"@type\":\"ListItem\",\"position\":2,\"name\":\"Santo Heriberto\"}]},{\"@type\":\"WebSite\",\"@id\":\"https:\/\/www.oarcanjo.net\/site\/#website\",\"url\":\"https:\/\/www.oarcanjo.net\/site\/\",\"name\":\"O Arcanjo no ar\",\"description\":\"Site da Par\u00f3quia S\u00e3o Miguel Arcanjo (Arquidiocese de SP)\",\"publisher\":{\"@id\":\"https:\/\/www.oarcanjo.net\/site\/#organization\"},\"potentialAction\":[{\"@type\":\"SearchAction\",\"target\":{\"@type\":\"EntryPoint\",\"urlTemplate\":\"https:\/\/www.oarcanjo.net\/site\/?s={search_term_string}\"},\"query-input\":{\"@type\":\"PropertyValueSpecification\",\"valueRequired\":true,\"valueName\":\"search_term_string\"}}],\"inLanguage\":\"pt-BR\"},{\"@type\":\"Organization\",\"@id\":\"https:\/\/www.oarcanjo.net\/site\/#organization\",\"name\":\"Par\u00f3quia S\u00e3o Miguel Arcanjo\",\"url\":\"https:\/\/www.oarcanjo.net\/site\/\",\"logo\":{\"@type\":\"ImageObject\",\"inLanguage\":\"pt-BR\",\"@id\":\"https:\/\/www.oarcanjo.net\/site\/#\/schema\/logo\/image\/\",\"url\":\"https:\/\/www.oarcanjo.net\/site\/wp-content\/uploads\/LogoOArcanjo.png\",\"contentUrl\":\"https:\/\/www.oarcanjo.net\/site\/wp-content\/uploads\/LogoOArcanjo.png\",\"width\":319,\"height\":99,\"caption\":\"Par\u00f3quia S\u00e3o Miguel Arcanjo\"},\"image\":{\"@id\":\"https:\/\/www.oarcanjo.net\/site\/#\/schema\/logo\/image\/\"},\"sameAs\":[\"https:\/\/www.facebook.com\/OArcanjoNoAr\/\"]},{\"@type\":\"Person\",\"@id\":\"https:\/\/www.oarcanjo.net\/site\/#\/schema\/person\/5eb9480bedd2f3c97e430ce128c29c6c\",\"name\":\"danilo\"}]}<\/script>\n<!-- \/ Yoast SEO plugin. -->","yoast_head_json":{"title":"Santo Heriberto - O Arcanjo no ar","robots":{"index":"index","follow":"follow","max-snippet":"max-snippet:-1","max-image-preview":"max-image-preview:large","max-video-preview":"max-video-preview:-1"},"canonical":"https:\/\/www.oarcanjo.net\/site\/santo-heriberto\/","og_locale":"pt_BR","og_type":"article","og_title":"Santo Heriberto - O Arcanjo no ar","og_description":"16 de Mar\u00e7o Heriberto foi arcebispo de Col\u00f4nia, na Alemanha, ainda muito mo\u00e7o, pois sua religiosidade brotara ainda na inf\u00e2ncia. Conta a hist\u00f3ria que, no dia em que nasceu, em 970, filho de descendentes dos condes de Worms, notou-se uma extraordin\u00e1ria luz pairando sobre a casa de seus pais. O fen\u00f4meno teria durado v\u00e1rias horas [&hellip;]","og_url":"https:\/\/www.oarcanjo.net\/site\/santo-heriberto\/","og_site_name":"O Arcanjo no ar","article_publisher":"https:\/\/www.facebook.com\/OArcanjoNoAr\/","article_published_time":"2019-03-16T03:31:16+00:00","article_modified_time":"2019-02-20T11:09:11+00:00","og_image":[{"url":"http:\/\/3.bp.blogspot.com\/_z-c0Sh5Zlrs\/SJAWzXTX_mI\/AAAAAAAABC4\/v8X8VFhn1rs\/s400\/Santo+Heriberto.jpg"}],"author":"danilo","twitter_card":"summary_large_image","twitter_misc":{"Escrito por":"danilo","Est. tempo de leitura":"2 minutos"},"schema":{"@context":"https:\/\/schema.org","@graph":[{"@type":"Article","@id":"https:\/\/www.oarcanjo.net\/site\/santo-heriberto\/#article","isPartOf":{"@id":"https:\/\/www.oarcanjo.net\/site\/santo-heriberto\/"},"author":{"name":"danilo","@id":"https:\/\/www.oarcanjo.net\/site\/#\/schema\/person\/5eb9480bedd2f3c97e430ce128c29c6c"},"headline":"Santo Heriberto","datePublished":"2019-03-16T03:31:16+00:00","dateModified":"2019-02-20T11:09:11+00:00","mainEntityOfPage":{"@id":"https:\/\/www.oarcanjo.net\/site\/santo-heriberto\/"},"wordCount":496,"commentCount":0,"publisher":{"@id":"https:\/\/www.oarcanjo.net\/site\/#organization"},"image":{"@id":"https:\/\/www.oarcanjo.net\/site\/santo-heriberto\/#primaryimage"},"thumbnailUrl":"http:\/\/3.bp.blogspot.com\/_z-c0Sh5Zlrs\/SJAWzXTX_mI\/AAAAAAAABC4\/v8X8VFhn1rs\/s400\/Santo+Heriberto.jpg","articleSection":["Testemunhos"],"inLanguage":"pt-BR","potentialAction":[{"@type":"CommentAction","name":"Comment","target":["https:\/\/www.oarcanjo.net\/site\/santo-heriberto\/#respond"]}]},{"@type":"WebPage","@id":"https:\/\/www.oarcanjo.net\/site\/santo-heriberto\/","url":"https:\/\/www.oarcanjo.net\/site\/santo-heriberto\/","name":"Santo Heriberto - O Arcanjo no ar","isPartOf":{"@id":"https:\/\/www.oarcanjo.net\/site\/#website"},"primaryImageOfPage":{"@id":"https:\/\/www.oarcanjo.net\/site\/santo-heriberto\/#primaryimage"},"image":{"@id":"https:\/\/www.oarcanjo.net\/site\/santo-heriberto\/#primaryimage"},"thumbnailUrl":"http:\/\/3.bp.blogspot.com\/_z-c0Sh5Zlrs\/SJAWzXTX_mI\/AAAAAAAABC4\/v8X8VFhn1rs\/s400\/Santo+Heriberto.jpg","datePublished":"2019-03-16T03:31:16+00:00","dateModified":"2019-02-20T11:09:11+00:00","breadcrumb":{"@id":"https:\/\/www.oarcanjo.net\/site\/santo-heriberto\/#breadcrumb"},"inLanguage":"pt-BR","potentialAction":[{"@type":"ReadAction","target":["https:\/\/www.oarcanjo.net\/site\/santo-heriberto\/"]}]},{"@type":"ImageObject","inLanguage":"pt-BR","@id":"https:\/\/www.oarcanjo.net\/site\/santo-heriberto\/#primaryimage","url":"http:\/\/3.bp.blogspot.com\/_z-c0Sh5Zlrs\/SJAWzXTX_mI\/AAAAAAAABC4\/v8X8VFhn1rs\/s400\/Santo+Heriberto.jpg","contentUrl":"http:\/\/3.bp.blogspot.com\/_z-c0Sh5Zlrs\/SJAWzXTX_mI\/AAAAAAAABC4\/v8X8VFhn1rs\/s400\/Santo+Heriberto.jpg"},{"@type":"BreadcrumbList","@id":"https:\/\/www.oarcanjo.net\/site\/santo-heriberto\/#breadcrumb","itemListElement":[{"@type":"ListItem","position":1,"name":"In\u00edcio","item":"https:\/\/www.oarcanjo.net\/site\/"},{"@type":"ListItem","position":2,"name":"Santo Heriberto"}]},{"@type":"WebSite","@id":"https:\/\/www.oarcanjo.net\/site\/#website","url":"https:\/\/www.oarcanjo.net\/site\/","name":"O Arcanjo no ar","description":"Site da Par\u00f3quia S\u00e3o Miguel Arcanjo (Arquidiocese de SP)","publisher":{"@id":"https:\/\/www.oarcanjo.net\/site\/#organization"},"potentialAction":[{"@type":"SearchAction","target":{"@type":"EntryPoint","urlTemplate":"https:\/\/www.oarcanjo.net\/site\/?s={search_term_string}"},"query-input":{"@type":"PropertyValueSpecification","valueRequired":true,"valueName":"search_term_string"}}],"inLanguage":"pt-BR"},{"@type":"Organization","@id":"https:\/\/www.oarcanjo.net\/site\/#organization","name":"Par\u00f3quia S\u00e3o Miguel Arcanjo","url":"https:\/\/www.oarcanjo.net\/site\/","logo":{"@type":"ImageObject","inLanguage":"pt-BR","@id":"https:\/\/www.oarcanjo.net\/site\/#\/schema\/logo\/image\/","url":"https:\/\/www.oarcanjo.net\/site\/wp-content\/uploads\/LogoOArcanjo.png","contentUrl":"https:\/\/www.oarcanjo.net\/site\/wp-content\/uploads\/LogoOArcanjo.png","width":319,"height":99,"caption":"Par\u00f3quia S\u00e3o Miguel Arcanjo"},"image":{"@id":"https:\/\/www.oarcanjo.net\/site\/#\/schema\/logo\/image\/"},"sameAs":["https:\/\/www.facebook.com\/OArcanjoNoAr\/"]},{"@type":"Person","@id":"https:\/\/www.oarcanjo.net\/site\/#\/schema\/person\/5eb9480bedd2f3c97e430ce128c29c6c","name":"danilo"}]}},"publishpress_future_action":{"enabled":false,"date":"2026-05-07 22:03:30","action":"category","newStatus":"draft","terms":[],"taxonomy":"category"},"publishpress_future_workflow_manual_trigger":{"enabledWorkflows":[]},"_links":{"self":[{"href":"https:\/\/www.oarcanjo.net\/site\/wp-json\/wp\/v2\/posts\/8304"}],"collection":[{"href":"https:\/\/www.oarcanjo.net\/site\/wp-json\/wp\/v2\/posts"}],"about":[{"href":"https:\/\/www.oarcanjo.net\/site\/wp-json\/wp\/v2\/types\/post"}],"author":[{"embeddable":true,"href":"https:\/\/www.oarcanjo.net\/site\/wp-json\/wp\/v2\/users\/14"}],"replies":[{"embeddable":true,"href":"https:\/\/www.oarcanjo.net\/site\/wp-json\/wp\/v2\/comments?post=8304"}],"version-history":[{"count":1,"href":"https:\/\/www.oarcanjo.net\/site\/wp-json\/wp\/v2\/posts\/8304\/revisions"}],"predecessor-version":[{"id":92995,"href":"https:\/\/www.oarcanjo.net\/site\/wp-json\/wp\/v2\/posts\/8304\/revisions\/92995"}],"wp:attachment":[{"href":"https:\/\/www.oarcanjo.net\/site\/wp-json\/wp\/v2\/media?parent=8304"}],"wp:term":[{"taxonomy":"category","embeddable":true,"href":"https:\/\/www.oarcanjo.net\/site\/wp-json\/wp\/v2\/categories?post=8304"},{"taxonomy":"post_tag","embeddable":true,"href":"https:\/\/www.oarcanjo.net\/site\/wp-json\/wp\/v2\/tags?post=8304"}],"curies":[{"name":"wp","href":"https:\/\/api.w.org\/{rel}","templated":true}]}}