
{"id":8308,"date":"2019-03-17T07:33:59","date_gmt":"2019-03-17T10:33:59","guid":{"rendered":"http:\/\/www.oarcanjo.net\/site\/?p=8308"},"modified":"2019-02-20T08:09:21","modified_gmt":"2019-02-20T11:09:21","slug":"santa-gertrudes-de-nivelles","status":"publish","type":"post","link":"https:\/\/www.oarcanjo.net\/site\/santa-gertrudes-de-nivelles\/","title":{"rendered":"Santa Gertrudes de Nivelles"},"content":{"rendered":"<p><img loading=\"lazy\" decoding=\"async\" class=\"alignnone size-full wp-image-69517\" src=\"http:\/\/www.oarcanjo.net\/site\/wp-content\/uploads\/Santa-Gertrudes-de-Nivelles.jpg\" alt=\"Santa Gertrudes de Nivelles\" width=\"198\" height=\"450\" srcset=\"https:\/\/www.oarcanjo.net\/site\/wp-content\/uploads\/Santa-Gertrudes-de-Nivelles.jpg 198w, https:\/\/www.oarcanjo.net\/site\/wp-content\/uploads\/Santa-Gertrudes-de-Nivelles-132x300.jpg 132w\" sizes=\"(max-width: 198px) 100vw, 198px\" \/><\/p>\n<p>17 de Mar\u00e7o<\/p>\n<p><span style=\"font-size: x-small;font-family: Verdana\">Nasceu em 626 na B\u00e9lgica, filha ca\u00e7ula de Pepino I e Ida de Nivelles, irm\u00e3 de Santa Begga. Ela devotou-se \u00e0 vida religiosa desde cedo e recusou um casamento com um nobre para seguir a vida religiosa. Com a morte de Pepino em 639 e seguindo o conselho de Santo Amando de Maastrich, sua m\u00e3e Ida construiu um Monast\u00e9rio em Nivelles para onde ela e suas filhas se retiraram. Gertrudes tornou-se Abadessa do mosteiro de Nivelles muito jovem.<br \/>\nFicou muito conhecida pela sua hospitalidade para com os peregrinos e para com os mission\u00e1rios Irlandeses. Ela deu ao Santo Foillan um peda\u00e7o de terra no qual ele construiu o monast\u00e9rio de Fosses.<br \/>\nPara ajudar S\u00e3o Ultan na sua evangeliza\u00e7\u00e3o em 656DC, Santa Gertrudes renunciou ao seu posto de Abadessa e passou o resto de sua vida estudando as escrituras e fazendo penitencia. Era m\u00edstica e tinha vis\u00f5es. Teve uma vis\u00e3o que iria morrer com a idade de Jesus o que acabou acontecendo. Ela morreu aos 33 anos em 659 em Nivelles.<br \/>\nO culto a Santa Gertrudes espalhou-se pelos Pa\u00edses Baixos ( Holanda, B\u00e9lgica, Su\u00ed\u00e7a ), pela Inglaterra, Esc\u00f3cia e v\u00e1rios folclores e lendas foram vinculadas ao seu nome.<br \/>\nAt\u00e9 1822 devotos ofereciam camundongos de prata e de ouro no seu santu\u00e1rio em Colonha, Alemanha.<br \/>\nOs camundongos representavam as almas do purgat\u00f3rio, para as quais ela tinha grande devo\u00e7\u00e3o.<br \/>\n\u00c9 padroeira dos jardineiros visto que a tradi\u00e7\u00e3o diz que no dia de sua festa sempre \u00e9 boa hora de plantar rosas e flores da primavera.<br \/>\n\u00c9 tambem invocada como padroeira daqueles que morreram recentemente visto que ela teria tido uma vis\u00e3o na qual fez uma jornada de tr\u00eas dias ao outro mundo e que aqueles que fossem seus devotos passariam a primeira noite, ap\u00f3s a morte, sob os cuidados de Santa Gertrudes, segunda em influencia apenas para o Arcanjo S\u00e3o Miguel. <\/span><\/p>\n<p><span style=\"font-size: x-small;font-family: Verdana\">A tradi\u00e7\u00e3o diz que ela teria enviado seus s\u00faditos em uma viagem a um pa\u00eds distante, prometendo a eles que nada aconteceria durante a jornada. Quando se encontravam no meio do oceano um grande monstro marinho teria tentado so\u00e7obrar o barco mas, teria imediatamente desaparecido com a invoca\u00e7\u00e3o de Santa Gertrudes.<br \/>\nAssim, em mem\u00f3ria desta ocorr\u00eancia, os viajantes durante a Idade Media tomavam uma bebida chamada &#8220;Sinte Geerts Minne&#8221;ou seja Gertrudenminte&#8221; ( uma especie de menta) antes de iniciar uma viagem.<br \/>\nAlguns escoceses dizem que esta bebida existe at\u00e9 hoje e seria benta pelo p\u00e1roco da Igreja de Santa Gertrudes em Nivelles ou no seu Santu\u00e1rio em Colonha. <\/span><\/p>\n<p><span style=\"font-size: x-small;font-family: Verdana\">Na arte lit\u00fargica da Igreja ela \u00e9 mostrada: 1) uma Abadessa com camundongos rodeando seu b\u00e1culo (cajado pastoral), 2) como uma Abadessa com camundongos a seus p\u00e9s, 3) como uma Abadessa com camundongos correndo em seu manto 4) segurando uma ratazana, 5) segurando o b\u00e1culo e com um gato junto dela. <\/span><br \/>\nEla morreu em Nivelles, no dia 17 de mar\u00e7o de 659, aos trinta e tr\u00eas anos e o seu culto foi imediato. Entretanto, o precioso relic\u00e1rio que continha seus restos mortais foi destru\u00eddo num bombardeio, em 1940, que atingiu a bas\u00edlica que o guardava. O que n\u00e3o diminuiu em nada sua venera\u00e7\u00e3o no mundo cat\u00f3lico, que continua festejando Santa Gertrudes nesse dia.<\/p>\n<p><a href=\"http:\/\/pt.wikipedia.org\/wiki\/Ficheiro:Nivelles_JPG00_(13).jpg\"><img loading=\"lazy\" decoding=\"async\" src=\"http:\/\/upload.wikimedia.org\/wikipedia\/commons\/thumb\/1\/10\/Nivelles_JPG00_%2813%29.jpg\/250px-Nivelles_JPG00_%2813%29.jpg\" alt=\"\" width=\"250\" height=\"333\" \/><\/a><\/p>\n<p>Nave da Igreja da Colegiada de Santa Gertrudes<\/p>\n<div id=\"themify_builder_content-8308\" data-postid=\"8308\" class=\"themify_builder_content themify_builder_content-8308 themify_builder themify_builder_front\">\n\t<\/div>\n<!-- \/themify_builder_content -->","protected":false},"excerpt":{"rendered":"<p>17 de Mar\u00e7o Nasceu em 626 na B\u00e9lgica, filha ca\u00e7ula de Pepino I e Ida de Nivelles, irm\u00e3 de Santa Begga. Ela devotou-se \u00e0 vida religiosa desde cedo e recusou um casamento com um nobre para seguir a vida religiosa. Com a morte de Pepino em 639 e seguindo o conselho de Santo Amando de [&hellip;]<\/p>\n","protected":false},"author":14,"featured_media":0,"comment_status":"open","ping_status":"open","sticky":false,"template":"","format":"standard","meta":{"ngg_post_thumbnail":0,"footnotes":""},"categories":[186],"tags":[],"yoast_head":"<!-- This site is optimized with the Yoast SEO plugin v23.5 - https:\/\/yoast.com\/wordpress\/plugins\/seo\/ -->\n<title>Santa Gertrudes de Nivelles - O Arcanjo no ar<\/title>\n<meta name=\"robots\" content=\"index, follow, max-snippet:-1, max-image-preview:large, max-video-preview:-1\" \/>\n<link rel=\"canonical\" href=\"https:\/\/www.oarcanjo.net\/site\/santa-gertrudes-de-nivelles\/\" \/>\n<meta property=\"og:locale\" content=\"pt_BR\" \/>\n<meta property=\"og:type\" content=\"article\" \/>\n<meta property=\"og:title\" content=\"Santa Gertrudes de Nivelles - O Arcanjo no ar\" \/>\n<meta property=\"og:description\" content=\"17 de Mar\u00e7o Nasceu em 626 na B\u00e9lgica, filha ca\u00e7ula de Pepino I e Ida de Nivelles, irm\u00e3 de Santa Begga. Ela devotou-se \u00e0 vida religiosa desde cedo e recusou um casamento com um nobre para seguir a vida religiosa. Com a morte de Pepino em 639 e seguindo o conselho de Santo Amando de [&hellip;]\" \/>\n<meta property=\"og:url\" content=\"https:\/\/www.oarcanjo.net\/site\/santa-gertrudes-de-nivelles\/\" \/>\n<meta property=\"og:site_name\" content=\"O Arcanjo no ar\" \/>\n<meta property=\"article:publisher\" content=\"https:\/\/www.facebook.com\/OArcanjoNoAr\/\" \/>\n<meta property=\"article:published_time\" content=\"2019-03-17T10:33:59+00:00\" \/>\n<meta property=\"article:modified_time\" content=\"2019-02-20T11:09:21+00:00\" \/>\n<meta property=\"og:image\" content=\"http:\/\/www.oarcanjo.net\/site\/wp-content\/uploads\/Santa-Gertrudes-de-Nivelles.jpg\" \/>\n<meta name=\"author\" content=\"danilo\" \/>\n<meta name=\"twitter:card\" content=\"summary_large_image\" \/>\n<meta name=\"twitter:label1\" content=\"Escrito por\" \/>\n\t<meta name=\"twitter:data1\" content=\"danilo\" \/>\n\t<meta name=\"twitter:label2\" content=\"Est. tempo de leitura\" \/>\n\t<meta name=\"twitter:data2\" content=\"3 minutos\" \/>\n<script type=\"application\/ld+json\" class=\"yoast-schema-graph\">{\"@context\":\"https:\/\/schema.org\",\"@graph\":[{\"@type\":\"Article\",\"@id\":\"https:\/\/www.oarcanjo.net\/site\/santa-gertrudes-de-nivelles\/#article\",\"isPartOf\":{\"@id\":\"https:\/\/www.oarcanjo.net\/site\/santa-gertrudes-de-nivelles\/\"},\"author\":{\"name\":\"danilo\",\"@id\":\"https:\/\/www.oarcanjo.net\/site\/#\/schema\/person\/5eb9480bedd2f3c97e430ce128c29c6c\"},\"headline\":\"Santa Gertrudes de Nivelles\",\"datePublished\":\"2019-03-17T10:33:59+00:00\",\"dateModified\":\"2019-02-20T11:09:21+00:00\",\"mainEntityOfPage\":{\"@id\":\"https:\/\/www.oarcanjo.net\/site\/santa-gertrudes-de-nivelles\/\"},\"wordCount\":571,\"commentCount\":0,\"publisher\":{\"@id\":\"https:\/\/www.oarcanjo.net\/site\/#organization\"},\"image\":{\"@id\":\"https:\/\/www.oarcanjo.net\/site\/santa-gertrudes-de-nivelles\/#primaryimage\"},\"thumbnailUrl\":\"http:\/\/www.oarcanjo.net\/site\/wp-content\/uploads\/Santa-Gertrudes-de-Nivelles.jpg\",\"articleSection\":[\"Testemunhos\"],\"inLanguage\":\"pt-BR\",\"potentialAction\":[{\"@type\":\"CommentAction\",\"name\":\"Comment\",\"target\":[\"https:\/\/www.oarcanjo.net\/site\/santa-gertrudes-de-nivelles\/#respond\"]}]},{\"@type\":\"WebPage\",\"@id\":\"https:\/\/www.oarcanjo.net\/site\/santa-gertrudes-de-nivelles\/\",\"url\":\"https:\/\/www.oarcanjo.net\/site\/santa-gertrudes-de-nivelles\/\",\"name\":\"Santa Gertrudes de Nivelles - O Arcanjo no ar\",\"isPartOf\":{\"@id\":\"https:\/\/www.oarcanjo.net\/site\/#website\"},\"primaryImageOfPage\":{\"@id\":\"https:\/\/www.oarcanjo.net\/site\/santa-gertrudes-de-nivelles\/#primaryimage\"},\"image\":{\"@id\":\"https:\/\/www.oarcanjo.net\/site\/santa-gertrudes-de-nivelles\/#primaryimage\"},\"thumbnailUrl\":\"http:\/\/www.oarcanjo.net\/site\/wp-content\/uploads\/Santa-Gertrudes-de-Nivelles.jpg\",\"datePublished\":\"2019-03-17T10:33:59+00:00\",\"dateModified\":\"2019-02-20T11:09:21+00:00\",\"breadcrumb\":{\"@id\":\"https:\/\/www.oarcanjo.net\/site\/santa-gertrudes-de-nivelles\/#breadcrumb\"},\"inLanguage\":\"pt-BR\",\"potentialAction\":[{\"@type\":\"ReadAction\",\"target\":[\"https:\/\/www.oarcanjo.net\/site\/santa-gertrudes-de-nivelles\/\"]}]},{\"@type\":\"ImageObject\",\"inLanguage\":\"pt-BR\",\"@id\":\"https:\/\/www.oarcanjo.net\/site\/santa-gertrudes-de-nivelles\/#primaryimage\",\"url\":\"https:\/\/www.oarcanjo.net\/site\/wp-content\/uploads\/Santa-Gertrudes-de-Nivelles.jpg\",\"contentUrl\":\"https:\/\/www.oarcanjo.net\/site\/wp-content\/uploads\/Santa-Gertrudes-de-Nivelles.jpg\",\"width\":198,\"height\":450,\"caption\":\"Santa Gertrudes de Nivelles\"},{\"@type\":\"BreadcrumbList\",\"@id\":\"https:\/\/www.oarcanjo.net\/site\/santa-gertrudes-de-nivelles\/#breadcrumb\",\"itemListElement\":[{\"@type\":\"ListItem\",\"position\":1,\"name\":\"In\u00edcio\",\"item\":\"https:\/\/www.oarcanjo.net\/site\/\"},{\"@type\":\"ListItem\",\"position\":2,\"name\":\"Santa Gertrudes de Nivelles\"}]},{\"@type\":\"WebSite\",\"@id\":\"https:\/\/www.oarcanjo.net\/site\/#website\",\"url\":\"https:\/\/www.oarcanjo.net\/site\/\",\"name\":\"O Arcanjo no ar\",\"description\":\"Site da Par\u00f3quia S\u00e3o Miguel Arcanjo (Arquidiocese de SP)\",\"publisher\":{\"@id\":\"https:\/\/www.oarcanjo.net\/site\/#organization\"},\"potentialAction\":[{\"@type\":\"SearchAction\",\"target\":{\"@type\":\"EntryPoint\",\"urlTemplate\":\"https:\/\/www.oarcanjo.net\/site\/?s={search_term_string}\"},\"query-input\":{\"@type\":\"PropertyValueSpecification\",\"valueRequired\":true,\"valueName\":\"search_term_string\"}}],\"inLanguage\":\"pt-BR\"},{\"@type\":\"Organization\",\"@id\":\"https:\/\/www.oarcanjo.net\/site\/#organization\",\"name\":\"Par\u00f3quia S\u00e3o Miguel Arcanjo\",\"url\":\"https:\/\/www.oarcanjo.net\/site\/\",\"logo\":{\"@type\":\"ImageObject\",\"inLanguage\":\"pt-BR\",\"@id\":\"https:\/\/www.oarcanjo.net\/site\/#\/schema\/logo\/image\/\",\"url\":\"https:\/\/www.oarcanjo.net\/site\/wp-content\/uploads\/LogoOArcanjo.png\",\"contentUrl\":\"https:\/\/www.oarcanjo.net\/site\/wp-content\/uploads\/LogoOArcanjo.png\",\"width\":319,\"height\":99,\"caption\":\"Par\u00f3quia S\u00e3o Miguel Arcanjo\"},\"image\":{\"@id\":\"https:\/\/www.oarcanjo.net\/site\/#\/schema\/logo\/image\/\"},\"sameAs\":[\"https:\/\/www.facebook.com\/OArcanjoNoAr\/\"]},{\"@type\":\"Person\",\"@id\":\"https:\/\/www.oarcanjo.net\/site\/#\/schema\/person\/5eb9480bedd2f3c97e430ce128c29c6c\",\"name\":\"danilo\"}]}<\/script>\n<!-- \/ Yoast SEO plugin. -->","yoast_head_json":{"title":"Santa Gertrudes de Nivelles - O Arcanjo no ar","robots":{"index":"index","follow":"follow","max-snippet":"max-snippet:-1","max-image-preview":"max-image-preview:large","max-video-preview":"max-video-preview:-1"},"canonical":"https:\/\/www.oarcanjo.net\/site\/santa-gertrudes-de-nivelles\/","og_locale":"pt_BR","og_type":"article","og_title":"Santa Gertrudes de Nivelles - O Arcanjo no ar","og_description":"17 de Mar\u00e7o Nasceu em 626 na B\u00e9lgica, filha ca\u00e7ula de Pepino I e Ida de Nivelles, irm\u00e3 de Santa Begga. Ela devotou-se \u00e0 vida religiosa desde cedo e recusou um casamento com um nobre para seguir a vida religiosa. Com a morte de Pepino em 639 e seguindo o conselho de Santo Amando de [&hellip;]","og_url":"https:\/\/www.oarcanjo.net\/site\/santa-gertrudes-de-nivelles\/","og_site_name":"O Arcanjo no ar","article_publisher":"https:\/\/www.facebook.com\/OArcanjoNoAr\/","article_published_time":"2019-03-17T10:33:59+00:00","article_modified_time":"2019-02-20T11:09:21+00:00","og_image":[{"url":"http:\/\/www.oarcanjo.net\/site\/wp-content\/uploads\/Santa-Gertrudes-de-Nivelles.jpg"}],"author":"danilo","twitter_card":"summary_large_image","twitter_misc":{"Escrito por":"danilo","Est. tempo de leitura":"3 minutos"},"schema":{"@context":"https:\/\/schema.org","@graph":[{"@type":"Article","@id":"https:\/\/www.oarcanjo.net\/site\/santa-gertrudes-de-nivelles\/#article","isPartOf":{"@id":"https:\/\/www.oarcanjo.net\/site\/santa-gertrudes-de-nivelles\/"},"author":{"name":"danilo","@id":"https:\/\/www.oarcanjo.net\/site\/#\/schema\/person\/5eb9480bedd2f3c97e430ce128c29c6c"},"headline":"Santa Gertrudes de Nivelles","datePublished":"2019-03-17T10:33:59+00:00","dateModified":"2019-02-20T11:09:21+00:00","mainEntityOfPage":{"@id":"https:\/\/www.oarcanjo.net\/site\/santa-gertrudes-de-nivelles\/"},"wordCount":571,"commentCount":0,"publisher":{"@id":"https:\/\/www.oarcanjo.net\/site\/#organization"},"image":{"@id":"https:\/\/www.oarcanjo.net\/site\/santa-gertrudes-de-nivelles\/#primaryimage"},"thumbnailUrl":"http:\/\/www.oarcanjo.net\/site\/wp-content\/uploads\/Santa-Gertrudes-de-Nivelles.jpg","articleSection":["Testemunhos"],"inLanguage":"pt-BR","potentialAction":[{"@type":"CommentAction","name":"Comment","target":["https:\/\/www.oarcanjo.net\/site\/santa-gertrudes-de-nivelles\/#respond"]}]},{"@type":"WebPage","@id":"https:\/\/www.oarcanjo.net\/site\/santa-gertrudes-de-nivelles\/","url":"https:\/\/www.oarcanjo.net\/site\/santa-gertrudes-de-nivelles\/","name":"Santa Gertrudes de Nivelles - O Arcanjo no ar","isPartOf":{"@id":"https:\/\/www.oarcanjo.net\/site\/#website"},"primaryImageOfPage":{"@id":"https:\/\/www.oarcanjo.net\/site\/santa-gertrudes-de-nivelles\/#primaryimage"},"image":{"@id":"https:\/\/www.oarcanjo.net\/site\/santa-gertrudes-de-nivelles\/#primaryimage"},"thumbnailUrl":"http:\/\/www.oarcanjo.net\/site\/wp-content\/uploads\/Santa-Gertrudes-de-Nivelles.jpg","datePublished":"2019-03-17T10:33:59+00:00","dateModified":"2019-02-20T11:09:21+00:00","breadcrumb":{"@id":"https:\/\/www.oarcanjo.net\/site\/santa-gertrudes-de-nivelles\/#breadcrumb"},"inLanguage":"pt-BR","potentialAction":[{"@type":"ReadAction","target":["https:\/\/www.oarcanjo.net\/site\/santa-gertrudes-de-nivelles\/"]}]},{"@type":"ImageObject","inLanguage":"pt-BR","@id":"https:\/\/www.oarcanjo.net\/site\/santa-gertrudes-de-nivelles\/#primaryimage","url":"https:\/\/www.oarcanjo.net\/site\/wp-content\/uploads\/Santa-Gertrudes-de-Nivelles.jpg","contentUrl":"https:\/\/www.oarcanjo.net\/site\/wp-content\/uploads\/Santa-Gertrudes-de-Nivelles.jpg","width":198,"height":450,"caption":"Santa Gertrudes de Nivelles"},{"@type":"BreadcrumbList","@id":"https:\/\/www.oarcanjo.net\/site\/santa-gertrudes-de-nivelles\/#breadcrumb","itemListElement":[{"@type":"ListItem","position":1,"name":"In\u00edcio","item":"https:\/\/www.oarcanjo.net\/site\/"},{"@type":"ListItem","position":2,"name":"Santa Gertrudes de Nivelles"}]},{"@type":"WebSite","@id":"https:\/\/www.oarcanjo.net\/site\/#website","url":"https:\/\/www.oarcanjo.net\/site\/","name":"O Arcanjo no ar","description":"Site da Par\u00f3quia S\u00e3o Miguel Arcanjo (Arquidiocese de SP)","publisher":{"@id":"https:\/\/www.oarcanjo.net\/site\/#organization"},"potentialAction":[{"@type":"SearchAction","target":{"@type":"EntryPoint","urlTemplate":"https:\/\/www.oarcanjo.net\/site\/?s={search_term_string}"},"query-input":{"@type":"PropertyValueSpecification","valueRequired":true,"valueName":"search_term_string"}}],"inLanguage":"pt-BR"},{"@type":"Organization","@id":"https:\/\/www.oarcanjo.net\/site\/#organization","name":"Par\u00f3quia S\u00e3o Miguel Arcanjo","url":"https:\/\/www.oarcanjo.net\/site\/","logo":{"@type":"ImageObject","inLanguage":"pt-BR","@id":"https:\/\/www.oarcanjo.net\/site\/#\/schema\/logo\/image\/","url":"https:\/\/www.oarcanjo.net\/site\/wp-content\/uploads\/LogoOArcanjo.png","contentUrl":"https:\/\/www.oarcanjo.net\/site\/wp-content\/uploads\/LogoOArcanjo.png","width":319,"height":99,"caption":"Par\u00f3quia S\u00e3o Miguel Arcanjo"},"image":{"@id":"https:\/\/www.oarcanjo.net\/site\/#\/schema\/logo\/image\/"},"sameAs":["https:\/\/www.facebook.com\/OArcanjoNoAr\/"]},{"@type":"Person","@id":"https:\/\/www.oarcanjo.net\/site\/#\/schema\/person\/5eb9480bedd2f3c97e430ce128c29c6c","name":"danilo"}]}},"publishpress_future_action":{"enabled":false,"date":"2026-05-07 22:03:56","action":"category","newStatus":"draft","terms":[],"taxonomy":"category"},"publishpress_future_workflow_manual_trigger":{"enabledWorkflows":[]},"_links":{"self":[{"href":"https:\/\/www.oarcanjo.net\/site\/wp-json\/wp\/v2\/posts\/8308"}],"collection":[{"href":"https:\/\/www.oarcanjo.net\/site\/wp-json\/wp\/v2\/posts"}],"about":[{"href":"https:\/\/www.oarcanjo.net\/site\/wp-json\/wp\/v2\/types\/post"}],"author":[{"embeddable":true,"href":"https:\/\/www.oarcanjo.net\/site\/wp-json\/wp\/v2\/users\/14"}],"replies":[{"embeddable":true,"href":"https:\/\/www.oarcanjo.net\/site\/wp-json\/wp\/v2\/comments?post=8308"}],"version-history":[{"count":1,"href":"https:\/\/www.oarcanjo.net\/site\/wp-json\/wp\/v2\/posts\/8308\/revisions"}],"predecessor-version":[{"id":92997,"href":"https:\/\/www.oarcanjo.net\/site\/wp-json\/wp\/v2\/posts\/8308\/revisions\/92997"}],"wp:attachment":[{"href":"https:\/\/www.oarcanjo.net\/site\/wp-json\/wp\/v2\/media?parent=8308"}],"wp:term":[{"taxonomy":"category","embeddable":true,"href":"https:\/\/www.oarcanjo.net\/site\/wp-json\/wp\/v2\/categories?post=8308"},{"taxonomy":"post_tag","embeddable":true,"href":"https:\/\/www.oarcanjo.net\/site\/wp-json\/wp\/v2\/tags?post=8308"}],"curies":[{"name":"wp","href":"https:\/\/api.w.org\/{rel}","templated":true}]}}