
{"id":8310,"date":"2019-03-17T07:39:38","date_gmt":"2019-03-17T10:39:38","guid":{"rendered":"http:\/\/www.oarcanjo.net\/site\/?p=8310"},"modified":"2019-02-20T08:09:25","modified_gmt":"2019-02-20T11:09:25","slug":"sao-patricio","status":"publish","type":"post","link":"https:\/\/www.oarcanjo.net\/site\/sao-patricio\/","title":{"rendered":"S\u00e3o Patr\u00edcio"},"content":{"rendered":"<p><img loading=\"lazy\" decoding=\"async\" class=\"alignnone  wp-image-69514\" src=\"http:\/\/www.oarcanjo.net\/site\/wp-content\/uploads\/Sao-Patricio.jpg\" alt=\"S\u00e3o Patr\u00edcio\" width=\"246\" height=\"318\" srcset=\"https:\/\/www.oarcanjo.net\/site\/wp-content\/uploads\/Sao-Patricio.jpg 500w, https:\/\/www.oarcanjo.net\/site\/wp-content\/uploads\/Sao-Patricio-232x300.jpg 232w\" sizes=\"(max-width: 246px) 100vw, 246px\" \/><\/p>\n<p>17 de Mar\u00e7o<\/p>\n<p>H\u00e1 poucos dados sobre a origem de Patr\u00edcio, mas os que temos foram tirados do seu livro autobiogr\u00e1fico &#8220;Confiss\u00e3o&#8221;. Nele, Patr\u00edcio diz ter nascido numa vila de seu pai, situada na Inglaterra ou Esc\u00f3cia, no ano 377. Era filho de Calpurnius, e neto de um padre e apesar de ter nascido crist\u00e3o, s\u00f3 na adolesc\u00eancia passou a se dedicar \u00e0 religi\u00e3o, e aos estudos.<\/p>\n<p>Aos dezesseis anos, foi raptado por piratas irlandeses e vendido como escravo. Levado para a Irlanda foi obrigado a executar duros trabalhos em meio a um povo rude e pag\u00e3o. Por duas vezes Patr\u00edcio tentou a fuga, at\u00e9 que na terceira vez conseguiu se libertar. Embarcou para a Gr\u00e3-Bretanha e depois para as G\u00e1lias, atual Fran\u00e7a, onde freq\u00fcentou v\u00e1rios mosteiros e se habilitou para a vida mon\u00e1stica e mission\u00e1ria.<\/p>\n<p>A princ\u00edpio, acompanhou S\u00e3o Germano do mosteiro de Auxerre, numa miss\u00e3o apost\u00f3lica na Gr\u00e3-Bretanha. Mas seu destino parecia mesmo ligado \u00e0 Irlanda, mesmo porque sua alma piedosa desejava evangelizar aquela na\u00e7\u00e3o pag\u00e3, que o escravizara. Quando faleceu o Bispo Pal\u00e1dio, respons\u00e1vel pela miss\u00e3o no pa\u00eds, o Papa Celestino I o convocou para dar segmento \u00e0 miss\u00e3o. Foi consagrado bispo e viajou para a &#8220;Ilha Verde&#8221;, no ano 432.<\/p>\n<p>Sua obra naquelas terras ficar\u00e1 eternamente gravada na Hist\u00f3ria da Igreja Cat\u00f3lica e da pr\u00f3pria Humanidade, pois mudou o destino de todo um povo. Em quase tr\u00eas d\u00e9cadas, o bispo Patr\u00edcio converteu praticamente todo o pa\u00eds. N\u00e3o contava com apoio pol\u00edtico e muito menos usou de viol\u00eancia contra os pag\u00e3os. Com isso, n\u00e3o houve repress\u00e3o tamb\u00e9m contra os crist\u00e3os. O pr\u00f3prio rei Leog\u00e1rio deu o exemplo maior, possibilitando a convers\u00e3o de toda sua corte. O trabalho desse fant\u00e1stico e singelo bispo foi t\u00e3o eficiente que o catolicismo se enraizou na Irlanda, vendo nos anos seguintes florescer um grande n\u00famero de Santos e evangelizadores mission\u00e1rios.<\/p>\n<p>O m\u00e9todo de Patr\u00edcio para conseguir tanta convers\u00e3o foi a funda\u00e7\u00e3o de incont\u00e1veis mosteiros. Esse m\u00e9todo foi imitado pela Igreja tamb\u00e9m na Inglaterra e na evangeliza\u00e7\u00e3o dos alem\u00e3es do norte da Europa. Promovendo por toda parte a constru\u00e7\u00e3o e povoa\u00e7\u00e3o de mosteiros, o bispo Patr\u00edcio fez da Ilha um centro de irradia\u00e7\u00e3o de f\u00e9 e cultura. Dali partiram centenas de monges mission\u00e1rios que peregrinaram por terras estrangeiras levando o Evangelho. Temos, como exemplo, a atua\u00e7\u00e3o dos c\u00e9lebres ap\u00f3stolos Columbano, Galo, Willibrordo, Tar\u00e1sio, Donato e tantos outros.<\/p>\n<p>A obra do bispo Patr\u00edcio interferiu tanto na cultura dos irlandeses, que as lendas her\u00f3icas desse povo falam sempre de monges simples com suas aventuras, prod\u00edgios e gra\u00e7as, enquanto outras na\u00e7\u00f5es t\u00eam como protagonistas seus reis e suas fa\u00e7anhas b\u00e9licas.<\/p>\n<p>Patr\u00edcio morreu no dia 17 de mar\u00e7o de 461, na cidade de Down, atualmente Downpatrick. At\u00e9 hoje, no dia de sua festa os irlandeses fixam \u00e0 roupa um trevo, cuja folha se divide em tr\u00eas, numa homenagem ao venerado S\u00e3o Patr\u00edcio que o usava para exemplificar melhor o sentido do mist\u00e9rio da Sant\u00edssima Trindade: &#8220;um s\u00f3 Deus em tr\u00eas pessoas&#8221;.<\/p>\n<p>A data de 17 de mar\u00e7o h\u00e1 s\u00e9culos marca a festa de S\u00e3o Patr\u00edcio, a gl\u00f3ria da Irlanda. Os irlandeses sempre sentiram um enorme orgulho de sua p\u00e1tria, tanto, por ter ela nascido na chamada Ilha dos Santos, quanto, por ter sido convertida pelo venerado bispo. S\u00f3 na Irlanda existem duzentos santu\u00e1rios erguidos em honra a S\u00e3o Patr\u00edcio, seu padroeiro.<\/p>\n<div id=\"themify_builder_content-8310\" data-postid=\"8310\" class=\"themify_builder_content themify_builder_content-8310 themify_builder themify_builder_front\">\n\t<\/div>\n<!-- \/themify_builder_content -->","protected":false},"excerpt":{"rendered":"<p>17 de Mar\u00e7o H\u00e1 poucos dados sobre a origem de Patr\u00edcio, mas os que temos foram tirados do seu livro autobiogr\u00e1fico &#8220;Confiss\u00e3o&#8221;. Nele, Patr\u00edcio diz ter nascido numa vila de seu pai, situada na Inglaterra ou Esc\u00f3cia, no ano 377. Era filho de Calpurnius, e neto de um padre e apesar de ter nascido crist\u00e3o, [&hellip;]<\/p>\n","protected":false},"author":14,"featured_media":0,"comment_status":"open","ping_status":"open","sticky":false,"template":"","format":"standard","meta":{"ngg_post_thumbnail":0,"footnotes":""},"categories":[186],"tags":[],"yoast_head":"<!-- This site is optimized with the Yoast SEO plugin v23.5 - https:\/\/yoast.com\/wordpress\/plugins\/seo\/ -->\n<title>S\u00e3o Patr\u00edcio - O Arcanjo no ar<\/title>\n<meta name=\"robots\" content=\"index, follow, max-snippet:-1, max-image-preview:large, max-video-preview:-1\" \/>\n<link rel=\"canonical\" href=\"https:\/\/www.oarcanjo.net\/site\/sao-patricio\/\" \/>\n<meta property=\"og:locale\" content=\"pt_BR\" \/>\n<meta property=\"og:type\" content=\"article\" \/>\n<meta property=\"og:title\" content=\"S\u00e3o Patr\u00edcio - O Arcanjo no ar\" \/>\n<meta property=\"og:description\" content=\"17 de Mar\u00e7o H\u00e1 poucos dados sobre a origem de Patr\u00edcio, mas os que temos foram tirados do seu livro autobiogr\u00e1fico &#8220;Confiss\u00e3o&#8221;. Nele, Patr\u00edcio diz ter nascido numa vila de seu pai, situada na Inglaterra ou Esc\u00f3cia, no ano 377. Era filho de Calpurnius, e neto de um padre e apesar de ter nascido crist\u00e3o, [&hellip;]\" \/>\n<meta property=\"og:url\" content=\"https:\/\/www.oarcanjo.net\/site\/sao-patricio\/\" \/>\n<meta property=\"og:site_name\" content=\"O Arcanjo no ar\" \/>\n<meta property=\"article:publisher\" content=\"https:\/\/www.facebook.com\/OArcanjoNoAr\/\" \/>\n<meta property=\"article:published_time\" content=\"2019-03-17T10:39:38+00:00\" \/>\n<meta property=\"article:modified_time\" content=\"2019-02-20T11:09:25+00:00\" \/>\n<meta property=\"og:image\" content=\"http:\/\/www.oarcanjo.net\/site\/wp-content\/uploads\/Sao-Patricio.jpg\" \/>\n<meta name=\"author\" content=\"danilo\" \/>\n<meta name=\"twitter:card\" content=\"summary_large_image\" \/>\n<meta name=\"twitter:label1\" content=\"Escrito por\" \/>\n\t<meta name=\"twitter:data1\" content=\"danilo\" \/>\n\t<meta name=\"twitter:label2\" content=\"Est. tempo de leitura\" \/>\n\t<meta name=\"twitter:data2\" content=\"3 minutos\" \/>\n<script type=\"application\/ld+json\" class=\"yoast-schema-graph\">{\"@context\":\"https:\/\/schema.org\",\"@graph\":[{\"@type\":\"Article\",\"@id\":\"https:\/\/www.oarcanjo.net\/site\/sao-patricio\/#article\",\"isPartOf\":{\"@id\":\"https:\/\/www.oarcanjo.net\/site\/sao-patricio\/\"},\"author\":{\"name\":\"danilo\",\"@id\":\"https:\/\/www.oarcanjo.net\/site\/#\/schema\/person\/5eb9480bedd2f3c97e430ce128c29c6c\"},\"headline\":\"S\u00e3o Patr\u00edcio\",\"datePublished\":\"2019-03-17T10:39:38+00:00\",\"dateModified\":\"2019-02-20T11:09:25+00:00\",\"mainEntityOfPage\":{\"@id\":\"https:\/\/www.oarcanjo.net\/site\/sao-patricio\/\"},\"wordCount\":642,\"commentCount\":0,\"publisher\":{\"@id\":\"https:\/\/www.oarcanjo.net\/site\/#organization\"},\"image\":{\"@id\":\"https:\/\/www.oarcanjo.net\/site\/sao-patricio\/#primaryimage\"},\"thumbnailUrl\":\"http:\/\/www.oarcanjo.net\/site\/wp-content\/uploads\/Sao-Patricio.jpg\",\"articleSection\":[\"Testemunhos\"],\"inLanguage\":\"pt-BR\",\"potentialAction\":[{\"@type\":\"CommentAction\",\"name\":\"Comment\",\"target\":[\"https:\/\/www.oarcanjo.net\/site\/sao-patricio\/#respond\"]}]},{\"@type\":\"WebPage\",\"@id\":\"https:\/\/www.oarcanjo.net\/site\/sao-patricio\/\",\"url\":\"https:\/\/www.oarcanjo.net\/site\/sao-patricio\/\",\"name\":\"S\u00e3o Patr\u00edcio - O Arcanjo no ar\",\"isPartOf\":{\"@id\":\"https:\/\/www.oarcanjo.net\/site\/#website\"},\"primaryImageOfPage\":{\"@id\":\"https:\/\/www.oarcanjo.net\/site\/sao-patricio\/#primaryimage\"},\"image\":{\"@id\":\"https:\/\/www.oarcanjo.net\/site\/sao-patricio\/#primaryimage\"},\"thumbnailUrl\":\"http:\/\/www.oarcanjo.net\/site\/wp-content\/uploads\/Sao-Patricio.jpg\",\"datePublished\":\"2019-03-17T10:39:38+00:00\",\"dateModified\":\"2019-02-20T11:09:25+00:00\",\"breadcrumb\":{\"@id\":\"https:\/\/www.oarcanjo.net\/site\/sao-patricio\/#breadcrumb\"},\"inLanguage\":\"pt-BR\",\"potentialAction\":[{\"@type\":\"ReadAction\",\"target\":[\"https:\/\/www.oarcanjo.net\/site\/sao-patricio\/\"]}]},{\"@type\":\"ImageObject\",\"inLanguage\":\"pt-BR\",\"@id\":\"https:\/\/www.oarcanjo.net\/site\/sao-patricio\/#primaryimage\",\"url\":\"https:\/\/www.oarcanjo.net\/site\/wp-content\/uploads\/Sao-Patricio.jpg\",\"contentUrl\":\"https:\/\/www.oarcanjo.net\/site\/wp-content\/uploads\/Sao-Patricio.jpg\",\"width\":500,\"height\":646,\"caption\":\"S\u00e3o Patr\u00edcio\"},{\"@type\":\"BreadcrumbList\",\"@id\":\"https:\/\/www.oarcanjo.net\/site\/sao-patricio\/#breadcrumb\",\"itemListElement\":[{\"@type\":\"ListItem\",\"position\":1,\"name\":\"In\u00edcio\",\"item\":\"https:\/\/www.oarcanjo.net\/site\/\"},{\"@type\":\"ListItem\",\"position\":2,\"name\":\"S\u00e3o Patr\u00edcio\"}]},{\"@type\":\"WebSite\",\"@id\":\"https:\/\/www.oarcanjo.net\/site\/#website\",\"url\":\"https:\/\/www.oarcanjo.net\/site\/\",\"name\":\"O Arcanjo no ar\",\"description\":\"Site da Par\u00f3quia S\u00e3o Miguel Arcanjo (Arquidiocese de SP)\",\"publisher\":{\"@id\":\"https:\/\/www.oarcanjo.net\/site\/#organization\"},\"potentialAction\":[{\"@type\":\"SearchAction\",\"target\":{\"@type\":\"EntryPoint\",\"urlTemplate\":\"https:\/\/www.oarcanjo.net\/site\/?s={search_term_string}\"},\"query-input\":{\"@type\":\"PropertyValueSpecification\",\"valueRequired\":true,\"valueName\":\"search_term_string\"}}],\"inLanguage\":\"pt-BR\"},{\"@type\":\"Organization\",\"@id\":\"https:\/\/www.oarcanjo.net\/site\/#organization\",\"name\":\"Par\u00f3quia S\u00e3o Miguel Arcanjo\",\"url\":\"https:\/\/www.oarcanjo.net\/site\/\",\"logo\":{\"@type\":\"ImageObject\",\"inLanguage\":\"pt-BR\",\"@id\":\"https:\/\/www.oarcanjo.net\/site\/#\/schema\/logo\/image\/\",\"url\":\"https:\/\/www.oarcanjo.net\/site\/wp-content\/uploads\/LogoOArcanjo.png\",\"contentUrl\":\"https:\/\/www.oarcanjo.net\/site\/wp-content\/uploads\/LogoOArcanjo.png\",\"width\":319,\"height\":99,\"caption\":\"Par\u00f3quia S\u00e3o Miguel Arcanjo\"},\"image\":{\"@id\":\"https:\/\/www.oarcanjo.net\/site\/#\/schema\/logo\/image\/\"},\"sameAs\":[\"https:\/\/www.facebook.com\/OArcanjoNoAr\/\"]},{\"@type\":\"Person\",\"@id\":\"https:\/\/www.oarcanjo.net\/site\/#\/schema\/person\/5eb9480bedd2f3c97e430ce128c29c6c\",\"name\":\"danilo\"}]}<\/script>\n<!-- \/ Yoast SEO plugin. -->","yoast_head_json":{"title":"S\u00e3o Patr\u00edcio - O Arcanjo no ar","robots":{"index":"index","follow":"follow","max-snippet":"max-snippet:-1","max-image-preview":"max-image-preview:large","max-video-preview":"max-video-preview:-1"},"canonical":"https:\/\/www.oarcanjo.net\/site\/sao-patricio\/","og_locale":"pt_BR","og_type":"article","og_title":"S\u00e3o Patr\u00edcio - O Arcanjo no ar","og_description":"17 de Mar\u00e7o H\u00e1 poucos dados sobre a origem de Patr\u00edcio, mas os que temos foram tirados do seu livro autobiogr\u00e1fico &#8220;Confiss\u00e3o&#8221;. Nele, Patr\u00edcio diz ter nascido numa vila de seu pai, situada na Inglaterra ou Esc\u00f3cia, no ano 377. Era filho de Calpurnius, e neto de um padre e apesar de ter nascido crist\u00e3o, [&hellip;]","og_url":"https:\/\/www.oarcanjo.net\/site\/sao-patricio\/","og_site_name":"O Arcanjo no ar","article_publisher":"https:\/\/www.facebook.com\/OArcanjoNoAr\/","article_published_time":"2019-03-17T10:39:38+00:00","article_modified_time":"2019-02-20T11:09:25+00:00","og_image":[{"url":"http:\/\/www.oarcanjo.net\/site\/wp-content\/uploads\/Sao-Patricio.jpg"}],"author":"danilo","twitter_card":"summary_large_image","twitter_misc":{"Escrito por":"danilo","Est. tempo de leitura":"3 minutos"},"schema":{"@context":"https:\/\/schema.org","@graph":[{"@type":"Article","@id":"https:\/\/www.oarcanjo.net\/site\/sao-patricio\/#article","isPartOf":{"@id":"https:\/\/www.oarcanjo.net\/site\/sao-patricio\/"},"author":{"name":"danilo","@id":"https:\/\/www.oarcanjo.net\/site\/#\/schema\/person\/5eb9480bedd2f3c97e430ce128c29c6c"},"headline":"S\u00e3o Patr\u00edcio","datePublished":"2019-03-17T10:39:38+00:00","dateModified":"2019-02-20T11:09:25+00:00","mainEntityOfPage":{"@id":"https:\/\/www.oarcanjo.net\/site\/sao-patricio\/"},"wordCount":642,"commentCount":0,"publisher":{"@id":"https:\/\/www.oarcanjo.net\/site\/#organization"},"image":{"@id":"https:\/\/www.oarcanjo.net\/site\/sao-patricio\/#primaryimage"},"thumbnailUrl":"http:\/\/www.oarcanjo.net\/site\/wp-content\/uploads\/Sao-Patricio.jpg","articleSection":["Testemunhos"],"inLanguage":"pt-BR","potentialAction":[{"@type":"CommentAction","name":"Comment","target":["https:\/\/www.oarcanjo.net\/site\/sao-patricio\/#respond"]}]},{"@type":"WebPage","@id":"https:\/\/www.oarcanjo.net\/site\/sao-patricio\/","url":"https:\/\/www.oarcanjo.net\/site\/sao-patricio\/","name":"S\u00e3o Patr\u00edcio - O Arcanjo no ar","isPartOf":{"@id":"https:\/\/www.oarcanjo.net\/site\/#website"},"primaryImageOfPage":{"@id":"https:\/\/www.oarcanjo.net\/site\/sao-patricio\/#primaryimage"},"image":{"@id":"https:\/\/www.oarcanjo.net\/site\/sao-patricio\/#primaryimage"},"thumbnailUrl":"http:\/\/www.oarcanjo.net\/site\/wp-content\/uploads\/Sao-Patricio.jpg","datePublished":"2019-03-17T10:39:38+00:00","dateModified":"2019-02-20T11:09:25+00:00","breadcrumb":{"@id":"https:\/\/www.oarcanjo.net\/site\/sao-patricio\/#breadcrumb"},"inLanguage":"pt-BR","potentialAction":[{"@type":"ReadAction","target":["https:\/\/www.oarcanjo.net\/site\/sao-patricio\/"]}]},{"@type":"ImageObject","inLanguage":"pt-BR","@id":"https:\/\/www.oarcanjo.net\/site\/sao-patricio\/#primaryimage","url":"https:\/\/www.oarcanjo.net\/site\/wp-content\/uploads\/Sao-Patricio.jpg","contentUrl":"https:\/\/www.oarcanjo.net\/site\/wp-content\/uploads\/Sao-Patricio.jpg","width":500,"height":646,"caption":"S\u00e3o Patr\u00edcio"},{"@type":"BreadcrumbList","@id":"https:\/\/www.oarcanjo.net\/site\/sao-patricio\/#breadcrumb","itemListElement":[{"@type":"ListItem","position":1,"name":"In\u00edcio","item":"https:\/\/www.oarcanjo.net\/site\/"},{"@type":"ListItem","position":2,"name":"S\u00e3o Patr\u00edcio"}]},{"@type":"WebSite","@id":"https:\/\/www.oarcanjo.net\/site\/#website","url":"https:\/\/www.oarcanjo.net\/site\/","name":"O Arcanjo no ar","description":"Site da Par\u00f3quia S\u00e3o Miguel Arcanjo (Arquidiocese de SP)","publisher":{"@id":"https:\/\/www.oarcanjo.net\/site\/#organization"},"potentialAction":[{"@type":"SearchAction","target":{"@type":"EntryPoint","urlTemplate":"https:\/\/www.oarcanjo.net\/site\/?s={search_term_string}"},"query-input":{"@type":"PropertyValueSpecification","valueRequired":true,"valueName":"search_term_string"}}],"inLanguage":"pt-BR"},{"@type":"Organization","@id":"https:\/\/www.oarcanjo.net\/site\/#organization","name":"Par\u00f3quia S\u00e3o Miguel Arcanjo","url":"https:\/\/www.oarcanjo.net\/site\/","logo":{"@type":"ImageObject","inLanguage":"pt-BR","@id":"https:\/\/www.oarcanjo.net\/site\/#\/schema\/logo\/image\/","url":"https:\/\/www.oarcanjo.net\/site\/wp-content\/uploads\/LogoOArcanjo.png","contentUrl":"https:\/\/www.oarcanjo.net\/site\/wp-content\/uploads\/LogoOArcanjo.png","width":319,"height":99,"caption":"Par\u00f3quia S\u00e3o Miguel Arcanjo"},"image":{"@id":"https:\/\/www.oarcanjo.net\/site\/#\/schema\/logo\/image\/"},"sameAs":["https:\/\/www.facebook.com\/OArcanjoNoAr\/"]},{"@type":"Person","@id":"https:\/\/www.oarcanjo.net\/site\/#\/schema\/person\/5eb9480bedd2f3c97e430ce128c29c6c","name":"danilo"}]}},"publishpress_future_action":{"enabled":false,"date":"2026-05-07 23:26:36","action":"category","newStatus":"draft","terms":[],"taxonomy":"category"},"publishpress_future_workflow_manual_trigger":{"enabledWorkflows":[]},"_links":{"self":[{"href":"https:\/\/www.oarcanjo.net\/site\/wp-json\/wp\/v2\/posts\/8310"}],"collection":[{"href":"https:\/\/www.oarcanjo.net\/site\/wp-json\/wp\/v2\/posts"}],"about":[{"href":"https:\/\/www.oarcanjo.net\/site\/wp-json\/wp\/v2\/types\/post"}],"author":[{"embeddable":true,"href":"https:\/\/www.oarcanjo.net\/site\/wp-json\/wp\/v2\/users\/14"}],"replies":[{"embeddable":true,"href":"https:\/\/www.oarcanjo.net\/site\/wp-json\/wp\/v2\/comments?post=8310"}],"version-history":[{"count":1,"href":"https:\/\/www.oarcanjo.net\/site\/wp-json\/wp\/v2\/posts\/8310\/revisions"}],"predecessor-version":[{"id":92998,"href":"https:\/\/www.oarcanjo.net\/site\/wp-json\/wp\/v2\/posts\/8310\/revisions\/92998"}],"wp:attachment":[{"href":"https:\/\/www.oarcanjo.net\/site\/wp-json\/wp\/v2\/media?parent=8310"}],"wp:term":[{"taxonomy":"category","embeddable":true,"href":"https:\/\/www.oarcanjo.net\/site\/wp-json\/wp\/v2\/categories?post=8310"},{"taxonomy":"post_tag","embeddable":true,"href":"https:\/\/www.oarcanjo.net\/site\/wp-json\/wp\/v2\/tags?post=8310"}],"curies":[{"name":"wp","href":"https:\/\/api.w.org\/{rel}","templated":true}]}}