
{"id":8333,"date":"2010-03-12T06:00:21","date_gmt":"2010-03-12T09:00:21","guid":{"rendered":"http:\/\/www.oarcanjo.net\/site\/?p=8333"},"modified":"2011-03-02T08:52:06","modified_gmt":"2011-03-02T11:52:06","slug":"novena-a-sao-jose-3-dia","status":"publish","type":"post","link":"https:\/\/www.oarcanjo.net\/site\/novena-a-sao-jose-3-dia\/","title":{"rendered":"Novena a S\u00e3o Jos\u00e9 &#8211; 3\u00ba dia"},"content":{"rendered":"<p>S. Jos\u00e9, Chefe da Sagrada Fam\u00edlia<\/p>\n<p>Glorioso S\u00e3o Jos\u00e9, que gozastes durante tantos anos da presen\u00e7a e filial afei\u00e7\u00e3o de Jesus, a Quem tivestes a dita de alimentar e vestir, juntamente com vossa Sant\u00edssima Esposa: eu vos suplico me alcanceis o dom inef\u00e1vel de sempre viver em uni\u00e3o com Deus pela gra\u00e7a santificante. Obtende tamb\u00e9m para os pais crist\u00e3os a gra\u00e7a do fiel cumprimento de seus graves deveres de educadores e, aos filhos, o respeito e a obedi\u00eancia segundo o exemplo do Menino Jesus. Am\u00e9m.<br \/>\nRogai por n\u00f3s, S\u00e3o Jos\u00e9 Chefe da Sagrada Fam\u00edlia<br \/>\nPara que sejamos dignos das promessas de Cristo!<\/p>\n<p>OREMOS! \u00d3 Deus que por uma inef\u00e1vel Provid\u00eancia Vos dignastes escolher o bem-aventurado S\u00e3o Jos\u00e9 para Esposo de vossa M\u00e3e Sant\u00edssima: concedei-nos que aquele mesmo que na terra veneramos como Protetor, mere\u00e7amos t\u00ea-lo no c\u00e9u por nosso Intercessor. V\u00f3s que viveis e reinais por todos os s\u00e9culos dos s\u00e9culos. Am\u00e9m.<\/p>\n<p><em>Pode-se acrescentar todos os dias:<\/em><\/p>\n<p>ORA\u00c7\u00c3O: Glorioso S\u00e3o Jos\u00e9, que fostes exaltado pelo Eterno Pai, obedecido pelo Verbo Encarnado favorecido pelo Esp\u00edrito Santo e amado pela Virgem Maria: Louvo e bendigo a Sant\u00edssima Trindade pelos privil\u00e9gios e m\u00e9ritos com que vos enriqueceu. Sois poderos\u00edssimo e jamais se ouviu dizer que algu\u00e9m tenha recorrido a v\u00f3s e fosse por v\u00f3s desamparado. Sois o Consolador dos aflitos, o amparo dos m\u00edseros e o advogado dos pecadores. Acolhei, pois, com bondade paternal a quem vos invoca com filial confian\u00e7a e alcan\u00e7ai-me as gra\u00e7as que vos pe\u00e7o nesta Novena&#8230;  Eu vos escolho por meu especial Protetor. S\u00eade, depois de Jesus e Maria, minha consola\u00e7\u00e3o nesta terra, meu refugio nas desgra\u00e7as meu guia nas incertezas, meu conforto nas tribula\u00e7\u00f5es meu pai sol\u00edcito em todas as necessidades. Obtende-me finalmente como coroa dos vossos favores, uma boa e santa morte gra\u00e7a de Nosso Senhor Assim seja.<\/p>\n<div id=\"themify_builder_content-8333\" data-postid=\"8333\" class=\"themify_builder_content themify_builder_content-8333 themify_builder themify_builder_front\">\n\t<\/div>\n<!-- \/themify_builder_content -->","protected":false},"excerpt":{"rendered":"<p>S. Jos\u00e9, Chefe da Sagrada Fam\u00edlia Glorioso S\u00e3o Jos\u00e9, que gozastes durante tantos anos da presen\u00e7a e filial afei\u00e7\u00e3o de Jesus, a Quem tivestes a dita de alimentar e vestir, juntamente com vossa Sant\u00edssima Esposa: eu vos suplico me alcanceis o dom inef\u00e1vel de sempre viver em uni\u00e3o com Deus pela gra\u00e7a santificante. Obtende tamb\u00e9m [&hellip;]<\/p>\n","protected":false},"author":5,"featured_media":0,"comment_status":"open","ping_status":"open","sticky":false,"template":"","format":"standard","meta":{"ngg_post_thumbnail":0,"footnotes":""},"categories":[6],"tags":[59,14,310],"yoast_head":"<!-- This site is optimized with the Yoast SEO plugin v23.5 - https:\/\/yoast.com\/wordpress\/plugins\/seo\/ -->\n<title>Novena a S\u00e3o Jos\u00e9 - 3\u00ba dia - O Arcanjo no ar<\/title>\n<meta name=\"robots\" content=\"index, follow, max-snippet:-1, max-image-preview:large, max-video-preview:-1\" \/>\n<link rel=\"canonical\" href=\"https:\/\/www.oarcanjo.net\/site\/novena-a-sao-jose-3-dia\/\" \/>\n<meta property=\"og:locale\" content=\"pt_BR\" \/>\n<meta property=\"og:type\" content=\"article\" \/>\n<meta property=\"og:title\" content=\"Novena a S\u00e3o Jos\u00e9 - 3\u00ba dia - O Arcanjo no ar\" \/>\n<meta property=\"og:description\" content=\"S. Jos\u00e9, Chefe da Sagrada Fam\u00edlia Glorioso S\u00e3o Jos\u00e9, que gozastes durante tantos anos da presen\u00e7a e filial afei\u00e7\u00e3o de Jesus, a Quem tivestes a dita de alimentar e vestir, juntamente com vossa Sant\u00edssima Esposa: eu vos suplico me alcanceis o dom inef\u00e1vel de sempre viver em uni\u00e3o com Deus pela gra\u00e7a santificante. Obtende tamb\u00e9m [&hellip;]\" \/>\n<meta property=\"og:url\" content=\"https:\/\/www.oarcanjo.net\/site\/novena-a-sao-jose-3-dia\/\" \/>\n<meta property=\"og:site_name\" content=\"O Arcanjo no ar\" \/>\n<meta property=\"article:publisher\" content=\"https:\/\/www.facebook.com\/OArcanjoNoAr\/\" \/>\n<meta property=\"article:published_time\" content=\"2010-03-12T09:00:21+00:00\" \/>\n<meta property=\"article:modified_time\" content=\"2011-03-02T11:52:06+00:00\" \/>\n<meta property=\"og:image\" content=\"https:\/\/www.oarcanjo.net\/site\/wp-content\/uploads\/logo-o-arcanjo-no-ar-facebook.png\" \/>\n\t<meta property=\"og:image:width\" content=\"300\" \/>\n\t<meta property=\"og:image:height\" content=\"300\" \/>\n\t<meta property=\"og:image:type\" content=\"image\/png\" \/>\n<meta name=\"author\" content=\"editor\" \/>\n<meta name=\"twitter:card\" content=\"summary_large_image\" \/>\n<meta name=\"twitter:label1\" content=\"Escrito por\" \/>\n\t<meta name=\"twitter:data1\" content=\"editor\" \/>\n\t<meta name=\"twitter:label2\" content=\"Est. tempo de leitura\" \/>\n\t<meta name=\"twitter:data2\" content=\"2 minutos\" \/>\n<script type=\"application\/ld+json\" class=\"yoast-schema-graph\">{\"@context\":\"https:\/\/schema.org\",\"@graph\":[{\"@type\":\"Article\",\"@id\":\"https:\/\/www.oarcanjo.net\/site\/novena-a-sao-jose-3-dia\/#article\",\"isPartOf\":{\"@id\":\"https:\/\/www.oarcanjo.net\/site\/novena-a-sao-jose-3-dia\/\"},\"author\":{\"name\":\"editor\",\"@id\":\"https:\/\/www.oarcanjo.net\/site\/#\/schema\/person\/f7024d007863202483a31326673a0838\"},\"headline\":\"Novena a S\u00e3o Jos\u00e9 &#8211; 3\u00ba dia\",\"datePublished\":\"2010-03-12T09:00:21+00:00\",\"dateModified\":\"2011-03-02T11:52:06+00:00\",\"mainEntityOfPage\":{\"@id\":\"https:\/\/www.oarcanjo.net\/site\/novena-a-sao-jose-3-dia\/\"},\"wordCount\":356,\"commentCount\":2,\"publisher\":{\"@id\":\"https:\/\/www.oarcanjo.net\/site\/#organization\"},\"keywords\":[\"novena\",\"ora\u00e7\u00e3o\",\"S\u00e3o Jos\u00e9\"],\"articleSection\":[\"Ora\u00e7\u00f5es\"],\"inLanguage\":\"pt-BR\",\"potentialAction\":[{\"@type\":\"CommentAction\",\"name\":\"Comment\",\"target\":[\"https:\/\/www.oarcanjo.net\/site\/novena-a-sao-jose-3-dia\/#respond\"]}]},{\"@type\":\"WebPage\",\"@id\":\"https:\/\/www.oarcanjo.net\/site\/novena-a-sao-jose-3-dia\/\",\"url\":\"https:\/\/www.oarcanjo.net\/site\/novena-a-sao-jose-3-dia\/\",\"name\":\"Novena a S\u00e3o Jos\u00e9 - 3\u00ba dia - O Arcanjo no ar\",\"isPartOf\":{\"@id\":\"https:\/\/www.oarcanjo.net\/site\/#website\"},\"datePublished\":\"2010-03-12T09:00:21+00:00\",\"dateModified\":\"2011-03-02T11:52:06+00:00\",\"breadcrumb\":{\"@id\":\"https:\/\/www.oarcanjo.net\/site\/novena-a-sao-jose-3-dia\/#breadcrumb\"},\"inLanguage\":\"pt-BR\",\"potentialAction\":[{\"@type\":\"ReadAction\",\"target\":[\"https:\/\/www.oarcanjo.net\/site\/novena-a-sao-jose-3-dia\/\"]}]},{\"@type\":\"BreadcrumbList\",\"@id\":\"https:\/\/www.oarcanjo.net\/site\/novena-a-sao-jose-3-dia\/#breadcrumb\",\"itemListElement\":[{\"@type\":\"ListItem\",\"position\":1,\"name\":\"In\u00edcio\",\"item\":\"https:\/\/www.oarcanjo.net\/site\/\"},{\"@type\":\"ListItem\",\"position\":2,\"name\":\"Novena a S\u00e3o Jos\u00e9 &#8211; 3\u00ba dia\"}]},{\"@type\":\"WebSite\",\"@id\":\"https:\/\/www.oarcanjo.net\/site\/#website\",\"url\":\"https:\/\/www.oarcanjo.net\/site\/\",\"name\":\"O Arcanjo no ar\",\"description\":\"Site da Par\u00f3quia S\u00e3o Miguel Arcanjo (Arquidiocese de SP)\",\"publisher\":{\"@id\":\"https:\/\/www.oarcanjo.net\/site\/#organization\"},\"potentialAction\":[{\"@type\":\"SearchAction\",\"target\":{\"@type\":\"EntryPoint\",\"urlTemplate\":\"https:\/\/www.oarcanjo.net\/site\/?s={search_term_string}\"},\"query-input\":{\"@type\":\"PropertyValueSpecification\",\"valueRequired\":true,\"valueName\":\"search_term_string\"}}],\"inLanguage\":\"pt-BR\"},{\"@type\":\"Organization\",\"@id\":\"https:\/\/www.oarcanjo.net\/site\/#organization\",\"name\":\"Par\u00f3quia S\u00e3o Miguel Arcanjo\",\"url\":\"https:\/\/www.oarcanjo.net\/site\/\",\"logo\":{\"@type\":\"ImageObject\",\"inLanguage\":\"pt-BR\",\"@id\":\"https:\/\/www.oarcanjo.net\/site\/#\/schema\/logo\/image\/\",\"url\":\"https:\/\/www.oarcanjo.net\/site\/wp-content\/uploads\/LogoOArcanjo.png\",\"contentUrl\":\"https:\/\/www.oarcanjo.net\/site\/wp-content\/uploads\/LogoOArcanjo.png\",\"width\":319,\"height\":99,\"caption\":\"Par\u00f3quia S\u00e3o Miguel Arcanjo\"},\"image\":{\"@id\":\"https:\/\/www.oarcanjo.net\/site\/#\/schema\/logo\/image\/\"},\"sameAs\":[\"https:\/\/www.facebook.com\/OArcanjoNoAr\/\"]},{\"@type\":\"Person\",\"@id\":\"https:\/\/www.oarcanjo.net\/site\/#\/schema\/person\/f7024d007863202483a31326673a0838\",\"name\":\"editor\",\"sameAs\":[\"http:\/\/www.oarcanjo.net\"]}]}<\/script>\n<!-- \/ Yoast SEO plugin. -->","yoast_head_json":{"title":"Novena a S\u00e3o Jos\u00e9 - 3\u00ba dia - O Arcanjo no ar","robots":{"index":"index","follow":"follow","max-snippet":"max-snippet:-1","max-image-preview":"max-image-preview:large","max-video-preview":"max-video-preview:-1"},"canonical":"https:\/\/www.oarcanjo.net\/site\/novena-a-sao-jose-3-dia\/","og_locale":"pt_BR","og_type":"article","og_title":"Novena a S\u00e3o Jos\u00e9 - 3\u00ba dia - O Arcanjo no ar","og_description":"S. Jos\u00e9, Chefe da Sagrada Fam\u00edlia Glorioso S\u00e3o Jos\u00e9, que gozastes durante tantos anos da presen\u00e7a e filial afei\u00e7\u00e3o de Jesus, a Quem tivestes a dita de alimentar e vestir, juntamente com vossa Sant\u00edssima Esposa: eu vos suplico me alcanceis o dom inef\u00e1vel de sempre viver em uni\u00e3o com Deus pela gra\u00e7a santificante. Obtende tamb\u00e9m [&hellip;]","og_url":"https:\/\/www.oarcanjo.net\/site\/novena-a-sao-jose-3-dia\/","og_site_name":"O Arcanjo no ar","article_publisher":"https:\/\/www.facebook.com\/OArcanjoNoAr\/","article_published_time":"2010-03-12T09:00:21+00:00","article_modified_time":"2011-03-02T11:52:06+00:00","og_image":[{"width":300,"height":300,"url":"https:\/\/www.oarcanjo.net\/site\/wp-content\/uploads\/logo-o-arcanjo-no-ar-facebook.png","type":"image\/png"}],"author":"editor","twitter_card":"summary_large_image","twitter_misc":{"Escrito por":"editor","Est. tempo de leitura":"2 minutos"},"schema":{"@context":"https:\/\/schema.org","@graph":[{"@type":"Article","@id":"https:\/\/www.oarcanjo.net\/site\/novena-a-sao-jose-3-dia\/#article","isPartOf":{"@id":"https:\/\/www.oarcanjo.net\/site\/novena-a-sao-jose-3-dia\/"},"author":{"name":"editor","@id":"https:\/\/www.oarcanjo.net\/site\/#\/schema\/person\/f7024d007863202483a31326673a0838"},"headline":"Novena a S\u00e3o Jos\u00e9 &#8211; 3\u00ba dia","datePublished":"2010-03-12T09:00:21+00:00","dateModified":"2011-03-02T11:52:06+00:00","mainEntityOfPage":{"@id":"https:\/\/www.oarcanjo.net\/site\/novena-a-sao-jose-3-dia\/"},"wordCount":356,"commentCount":2,"publisher":{"@id":"https:\/\/www.oarcanjo.net\/site\/#organization"},"keywords":["novena","ora\u00e7\u00e3o","S\u00e3o Jos\u00e9"],"articleSection":["Ora\u00e7\u00f5es"],"inLanguage":"pt-BR","potentialAction":[{"@type":"CommentAction","name":"Comment","target":["https:\/\/www.oarcanjo.net\/site\/novena-a-sao-jose-3-dia\/#respond"]}]},{"@type":"WebPage","@id":"https:\/\/www.oarcanjo.net\/site\/novena-a-sao-jose-3-dia\/","url":"https:\/\/www.oarcanjo.net\/site\/novena-a-sao-jose-3-dia\/","name":"Novena a S\u00e3o Jos\u00e9 - 3\u00ba dia - O Arcanjo no ar","isPartOf":{"@id":"https:\/\/www.oarcanjo.net\/site\/#website"},"datePublished":"2010-03-12T09:00:21+00:00","dateModified":"2011-03-02T11:52:06+00:00","breadcrumb":{"@id":"https:\/\/www.oarcanjo.net\/site\/novena-a-sao-jose-3-dia\/#breadcrumb"},"inLanguage":"pt-BR","potentialAction":[{"@type":"ReadAction","target":["https:\/\/www.oarcanjo.net\/site\/novena-a-sao-jose-3-dia\/"]}]},{"@type":"BreadcrumbList","@id":"https:\/\/www.oarcanjo.net\/site\/novena-a-sao-jose-3-dia\/#breadcrumb","itemListElement":[{"@type":"ListItem","position":1,"name":"In\u00edcio","item":"https:\/\/www.oarcanjo.net\/site\/"},{"@type":"ListItem","position":2,"name":"Novena a S\u00e3o Jos\u00e9 &#8211; 3\u00ba dia"}]},{"@type":"WebSite","@id":"https:\/\/www.oarcanjo.net\/site\/#website","url":"https:\/\/www.oarcanjo.net\/site\/","name":"O Arcanjo no ar","description":"Site da Par\u00f3quia S\u00e3o Miguel Arcanjo (Arquidiocese de SP)","publisher":{"@id":"https:\/\/www.oarcanjo.net\/site\/#organization"},"potentialAction":[{"@type":"SearchAction","target":{"@type":"EntryPoint","urlTemplate":"https:\/\/www.oarcanjo.net\/site\/?s={search_term_string}"},"query-input":{"@type":"PropertyValueSpecification","valueRequired":true,"valueName":"search_term_string"}}],"inLanguage":"pt-BR"},{"@type":"Organization","@id":"https:\/\/www.oarcanjo.net\/site\/#organization","name":"Par\u00f3quia S\u00e3o Miguel Arcanjo","url":"https:\/\/www.oarcanjo.net\/site\/","logo":{"@type":"ImageObject","inLanguage":"pt-BR","@id":"https:\/\/www.oarcanjo.net\/site\/#\/schema\/logo\/image\/","url":"https:\/\/www.oarcanjo.net\/site\/wp-content\/uploads\/LogoOArcanjo.png","contentUrl":"https:\/\/www.oarcanjo.net\/site\/wp-content\/uploads\/LogoOArcanjo.png","width":319,"height":99,"caption":"Par\u00f3quia S\u00e3o Miguel Arcanjo"},"image":{"@id":"https:\/\/www.oarcanjo.net\/site\/#\/schema\/logo\/image\/"},"sameAs":["https:\/\/www.facebook.com\/OArcanjoNoAr\/"]},{"@type":"Person","@id":"https:\/\/www.oarcanjo.net\/site\/#\/schema\/person\/f7024d007863202483a31326673a0838","name":"editor","sameAs":["http:\/\/www.oarcanjo.net"]}]}},"publishpress_future_action":{"enabled":false,"date":"2026-05-07 17:18:42","action":"category","newStatus":"draft","terms":[],"taxonomy":"category"},"publishpress_future_workflow_manual_trigger":{"enabledWorkflows":[]},"_links":{"self":[{"href":"https:\/\/www.oarcanjo.net\/site\/wp-json\/wp\/v2\/posts\/8333"}],"collection":[{"href":"https:\/\/www.oarcanjo.net\/site\/wp-json\/wp\/v2\/posts"}],"about":[{"href":"https:\/\/www.oarcanjo.net\/site\/wp-json\/wp\/v2\/types\/post"}],"author":[{"embeddable":true,"href":"https:\/\/www.oarcanjo.net\/site\/wp-json\/wp\/v2\/users\/5"}],"replies":[{"embeddable":true,"href":"https:\/\/www.oarcanjo.net\/site\/wp-json\/wp\/v2\/comments?post=8333"}],"version-history":[{"count":0,"href":"https:\/\/www.oarcanjo.net\/site\/wp-json\/wp\/v2\/posts\/8333\/revisions"}],"wp:attachment":[{"href":"https:\/\/www.oarcanjo.net\/site\/wp-json\/wp\/v2\/media?parent=8333"}],"wp:term":[{"taxonomy":"category","embeddable":true,"href":"https:\/\/www.oarcanjo.net\/site\/wp-json\/wp\/v2\/categories?post=8333"},{"taxonomy":"post_tag","embeddable":true,"href":"https:\/\/www.oarcanjo.net\/site\/wp-json\/wp\/v2\/tags?post=8333"}],"curies":[{"name":"wp","href":"https:\/\/api.w.org\/{rel}","templated":true}]}}