
{"id":8362,"date":"2019-03-18T00:23:28","date_gmt":"2019-03-18T03:23:28","guid":{"rendered":"http:\/\/www.oarcanjo.net\/site\/?p=8362"},"modified":"2019-02-20T08:09:36","modified_gmt":"2019-02-20T11:09:36","slug":"sao-cirilo-de-jerusalem","status":"publish","type":"post","link":"https:\/\/www.oarcanjo.net\/site\/sao-cirilo-de-jerusalem\/","title":{"rendered":"S\u00e3o Cirilo de Jerusal\u00e9m"},"content":{"rendered":"<p><img decoding=\"async\" src=\"http:\/\/2.bp.blogspot.com\/_u4LNPOJYNXw\/R-ABqfpylLI\/AAAAAAAAAaY\/U60AZbi1LcE\/s320\/S%25C3%25A3o%2BCirilo%2Bde%2BJerusal%25C3%25A9m-%2B18%2Bde%2BMar%25C3%25A7o%5B1%5D.JPG\" border=\"0\" alt=\"\" \/><\/p>\n<p>18 de Mar\u00e7o<\/p>\n<p>Desde o in\u00edcio dos tempos crist\u00e3os a heresia se infiltrara na Igreja, mas, foi no s\u00e9culo IV, que ocorreram as do arianismo e do nestorianismo causando profundas divis\u00f5es. Cirilo viveu nesse per\u00edodo em Jerusal\u00e9m, perto de onde nascera em 315, de pais crist\u00e3os e bem situados financeiramente. Muito preparado, desde a inf\u00e2ncia, nas Sagradas Escrituras e nas mat\u00e9rias human\u00edsticas, em 345, foi ordenado sacerdote.<\/p>\n<p>Em 348, foi consagrado, bispo de Jerusal\u00e9m. Ocupou o cargo durante aproximadamente trinta e cinco anos, dezesseis dos quais passou no ex\u00edlio, em tr\u00eas ocasi\u00f5es diferentes. A primeira porque o bispo Ac\u00e1cio, de grande influencia na Igreja, cuja obra foi citada por S\u00e3o Jer\u00f4nimo, acusou Cirilo de heresia. A segunda por ordem do imperador Const\u00e2ncio que entendeu ser Cir\u00edlo realmente um simpatizante dos hereges, mas em sua defesa atuaram os bispos, Atan\u00e1sio e Hil\u00e1rio, ambos Padres da Igreja assim como o pr\u00f3prio bispo Cirilo o \u00e9. A terceira, foi a mais longa , porque o imperador Valente, este sim herege, decidiu mandar de volta ao ex\u00edlio todos os bispos anistiados, fato que fez Cirilo peregrinar durante onze anos, por v\u00e1rias cidades da \u00c1sia, at\u00e9 a morte do soberano, em 378.<\/p>\n<p>O seu trabalho, entretanto resistiu a tudo e chegou at\u00e9 nossos dias e especialmente porque ele sabia ensinar o Evangelho, como poucos. Em sua cidade, logo que se tornou sacerdote e no in\u00edcio do episcopado era o respons\u00e1vel por preparar os catec\u00famenos, isto \u00e9, os adultos que se convertiam e iriam ser batizados. Foi nesse per\u00edodo que escreveu dezoito discursos catequ\u00e9ticos, um serm\u00e3o, a carta ao imperador Constantino e outros pequenos fragmentos. Treze escritos eram dedicados \u00e0 exposi\u00e7\u00e3o geral da doutrina e cinco dedicados ao coment\u00e1rio dos ritos Sacramentais da inicia\u00e7\u00e3o crist\u00e3 . Assim, seus escritos explicam detalhadamente os &#8220;como&#8221; e os &#8220;porqu\u00eas&#8221; de cada ora\u00e7\u00e3o, do batismo, da crisma, da penit\u00eancia, dos sacramentos e dos mist\u00e9rios do Cristianismo, ditos dogmas da Igreja..<\/p>\n<p>Cirilo tamb\u00e9m soube viver a religi\u00e3o na pr\u00e1tica. Numa \u00e9poca de grande carestia, por exemplo, n\u00e3o hesitou em vender valiosos vasos lit\u00fargicos e outras preciosidades eclesi\u00e1sticas, para matar a fome dos pobres da cidade. Ele morreu no ano 386.<\/p>\n<p>Desde o in\u00edcio de sua vida religiosa, Cirilo cujo car\u00e1ter era af\u00e1vel e suave, sempre preferiu a catequese aos assuntos pol\u00eamicos, chegando quase a se comprometer com os arianos e semi-arianos. Por\u00e9m, de maneira contundente aderiu \u00e0 doutrina ortodoxa da Igreja no III Conc\u00edlio ecum\u00eanico de Constantinopla, em 382, no qual ficou clara sua sempre fiel postura \u00e0 Santa S\u00e9 e \u00e0 Verdade de Cristo. Nessa oportunidade teve em seu favor a eloq\u00fc\u00eancia das vozes dos sinceros bispos e amigos, Atan\u00e1sio e Hil\u00e1rio, que o chamaram &#8220;valente lutador para defender a Igreja dos hereges que negam as verdades de nossa religi\u00e3o&#8221;.<\/p>\n<p>Sua canoniza\u00e7\u00e3o demorou porque, durante muito tempo, seu pensamento teol\u00f3gico foi considerado vascilante, como dizem os registros. Em 1882, o Papa Le\u00e3o XIII, na solenidade em que instituiu sua venera\u00e7\u00e3o, honrou S\u00e3o Cirilo de Jerusal\u00e9m, com os t\u00edtulos de doutor da Igreja e pr\u00edncipe dos catequistas cat\u00f3licos.<\/p>\n<div id=\"themify_builder_content-8362\" data-postid=\"8362\" class=\"themify_builder_content themify_builder_content-8362 themify_builder themify_builder_front\">\n\t<\/div>\n<!-- \/themify_builder_content -->","protected":false},"excerpt":{"rendered":"<p>18 de Mar\u00e7o Desde o in\u00edcio dos tempos crist\u00e3os a heresia se infiltrara na Igreja, mas, foi no s\u00e9culo IV, que ocorreram as do arianismo e do nestorianismo causando profundas divis\u00f5es. Cirilo viveu nesse per\u00edodo em Jerusal\u00e9m, perto de onde nascera em 315, de pais crist\u00e3os e bem situados financeiramente. Muito preparado, desde a inf\u00e2ncia, [&hellip;]<\/p>\n","protected":false},"author":14,"featured_media":0,"comment_status":"open","ping_status":"open","sticky":false,"template":"","format":"standard","meta":{"ngg_post_thumbnail":0,"footnotes":""},"categories":[186],"tags":[],"yoast_head":"<!-- This site is optimized with the Yoast SEO plugin v23.5 - https:\/\/yoast.com\/wordpress\/plugins\/seo\/ -->\n<title>S\u00e3o Cirilo de Jerusal\u00e9m - O Arcanjo no ar<\/title>\n<meta name=\"robots\" content=\"index, follow, max-snippet:-1, max-image-preview:large, max-video-preview:-1\" \/>\n<link rel=\"canonical\" href=\"https:\/\/www.oarcanjo.net\/site\/sao-cirilo-de-jerusalem\/\" \/>\n<meta property=\"og:locale\" content=\"pt_BR\" \/>\n<meta property=\"og:type\" content=\"article\" \/>\n<meta property=\"og:title\" content=\"S\u00e3o Cirilo de Jerusal\u00e9m - O Arcanjo no ar\" \/>\n<meta property=\"og:description\" content=\"18 de Mar\u00e7o Desde o in\u00edcio dos tempos crist\u00e3os a heresia se infiltrara na Igreja, mas, foi no s\u00e9culo IV, que ocorreram as do arianismo e do nestorianismo causando profundas divis\u00f5es. Cirilo viveu nesse per\u00edodo em Jerusal\u00e9m, perto de onde nascera em 315, de pais crist\u00e3os e bem situados financeiramente. Muito preparado, desde a inf\u00e2ncia, [&hellip;]\" \/>\n<meta property=\"og:url\" content=\"https:\/\/www.oarcanjo.net\/site\/sao-cirilo-de-jerusalem\/\" \/>\n<meta property=\"og:site_name\" content=\"O Arcanjo no ar\" \/>\n<meta property=\"article:publisher\" content=\"https:\/\/www.facebook.com\/OArcanjoNoAr\/\" \/>\n<meta property=\"article:published_time\" content=\"2019-03-18T03:23:28+00:00\" \/>\n<meta property=\"article:modified_time\" content=\"2019-02-20T11:09:36+00:00\" \/>\n<meta property=\"og:image\" content=\"http:\/\/2.bp.blogspot.com\/_u4LNPOJYNXw\/R-ABqfpylLI\/AAAAAAAAAaY\/U60AZbi1LcE\/s320\/S%25C3%25A3o%2BCirilo%2Bde%2BJerusal%25C3%25A9m-%2B18%2Bde%2BMar%25C3%25A7o%5B1%5D.JPG\" \/>\n<meta name=\"author\" content=\"danilo\" \/>\n<meta name=\"twitter:card\" content=\"summary_large_image\" \/>\n<meta name=\"twitter:label1\" content=\"Escrito por\" \/>\n\t<meta name=\"twitter:data1\" content=\"danilo\" \/>\n\t<meta name=\"twitter:label2\" content=\"Est. tempo de leitura\" \/>\n\t<meta name=\"twitter:data2\" content=\"3 minutos\" \/>\n<script type=\"application\/ld+json\" class=\"yoast-schema-graph\">{\"@context\":\"https:\/\/schema.org\",\"@graph\":[{\"@type\":\"Article\",\"@id\":\"https:\/\/www.oarcanjo.net\/site\/sao-cirilo-de-jerusalem\/#article\",\"isPartOf\":{\"@id\":\"https:\/\/www.oarcanjo.net\/site\/sao-cirilo-de-jerusalem\/\"},\"author\":{\"name\":\"danilo\",\"@id\":\"https:\/\/www.oarcanjo.net\/site\/#\/schema\/person\/5eb9480bedd2f3c97e430ce128c29c6c\"},\"headline\":\"S\u00e3o Cirilo de Jerusal\u00e9m\",\"datePublished\":\"2019-03-18T03:23:28+00:00\",\"dateModified\":\"2019-02-20T11:09:36+00:00\",\"mainEntityOfPage\":{\"@id\":\"https:\/\/www.oarcanjo.net\/site\/sao-cirilo-de-jerusalem\/\"},\"wordCount\":561,\"commentCount\":1,\"publisher\":{\"@id\":\"https:\/\/www.oarcanjo.net\/site\/#organization\"},\"image\":{\"@id\":\"https:\/\/www.oarcanjo.net\/site\/sao-cirilo-de-jerusalem\/#primaryimage\"},\"thumbnailUrl\":\"http:\/\/2.bp.blogspot.com\/_u4LNPOJYNXw\/R-ABqfpylLI\/AAAAAAAAAaY\/U60AZbi1LcE\/s320\/S%25C3%25A3o%2BCirilo%2Bde%2BJerusal%25C3%25A9m-%2B18%2Bde%2BMar%25C3%25A7o%5B1%5D.JPG\",\"articleSection\":[\"Testemunhos\"],\"inLanguage\":\"pt-BR\",\"potentialAction\":[{\"@type\":\"CommentAction\",\"name\":\"Comment\",\"target\":[\"https:\/\/www.oarcanjo.net\/site\/sao-cirilo-de-jerusalem\/#respond\"]}]},{\"@type\":\"WebPage\",\"@id\":\"https:\/\/www.oarcanjo.net\/site\/sao-cirilo-de-jerusalem\/\",\"url\":\"https:\/\/www.oarcanjo.net\/site\/sao-cirilo-de-jerusalem\/\",\"name\":\"S\u00e3o Cirilo de Jerusal\u00e9m - O Arcanjo no ar\",\"isPartOf\":{\"@id\":\"https:\/\/www.oarcanjo.net\/site\/#website\"},\"primaryImageOfPage\":{\"@id\":\"https:\/\/www.oarcanjo.net\/site\/sao-cirilo-de-jerusalem\/#primaryimage\"},\"image\":{\"@id\":\"https:\/\/www.oarcanjo.net\/site\/sao-cirilo-de-jerusalem\/#primaryimage\"},\"thumbnailUrl\":\"http:\/\/2.bp.blogspot.com\/_u4LNPOJYNXw\/R-ABqfpylLI\/AAAAAAAAAaY\/U60AZbi1LcE\/s320\/S%25C3%25A3o%2BCirilo%2Bde%2BJerusal%25C3%25A9m-%2B18%2Bde%2BMar%25C3%25A7o%5B1%5D.JPG\",\"datePublished\":\"2019-03-18T03:23:28+00:00\",\"dateModified\":\"2019-02-20T11:09:36+00:00\",\"breadcrumb\":{\"@id\":\"https:\/\/www.oarcanjo.net\/site\/sao-cirilo-de-jerusalem\/#breadcrumb\"},\"inLanguage\":\"pt-BR\",\"potentialAction\":[{\"@type\":\"ReadAction\",\"target\":[\"https:\/\/www.oarcanjo.net\/site\/sao-cirilo-de-jerusalem\/\"]}]},{\"@type\":\"ImageObject\",\"inLanguage\":\"pt-BR\",\"@id\":\"https:\/\/www.oarcanjo.net\/site\/sao-cirilo-de-jerusalem\/#primaryimage\",\"url\":\"http:\/\/2.bp.blogspot.com\/_u4LNPOJYNXw\/R-ABqfpylLI\/AAAAAAAAAaY\/U60AZbi1LcE\/s320\/S%25C3%25A3o%2BCirilo%2Bde%2BJerusal%25C3%25A9m-%2B18%2Bde%2BMar%25C3%25A7o%5B1%5D.JPG\",\"contentUrl\":\"http:\/\/2.bp.blogspot.com\/_u4LNPOJYNXw\/R-ABqfpylLI\/AAAAAAAAAaY\/U60AZbi1LcE\/s320\/S%25C3%25A3o%2BCirilo%2Bde%2BJerusal%25C3%25A9m-%2B18%2Bde%2BMar%25C3%25A7o%5B1%5D.JPG\"},{\"@type\":\"BreadcrumbList\",\"@id\":\"https:\/\/www.oarcanjo.net\/site\/sao-cirilo-de-jerusalem\/#breadcrumb\",\"itemListElement\":[{\"@type\":\"ListItem\",\"position\":1,\"name\":\"In\u00edcio\",\"item\":\"https:\/\/www.oarcanjo.net\/site\/\"},{\"@type\":\"ListItem\",\"position\":2,\"name\":\"S\u00e3o Cirilo de Jerusal\u00e9m\"}]},{\"@type\":\"WebSite\",\"@id\":\"https:\/\/www.oarcanjo.net\/site\/#website\",\"url\":\"https:\/\/www.oarcanjo.net\/site\/\",\"name\":\"O Arcanjo no ar\",\"description\":\"Site da Par\u00f3quia S\u00e3o Miguel Arcanjo (Arquidiocese de SP)\",\"publisher\":{\"@id\":\"https:\/\/www.oarcanjo.net\/site\/#organization\"},\"potentialAction\":[{\"@type\":\"SearchAction\",\"target\":{\"@type\":\"EntryPoint\",\"urlTemplate\":\"https:\/\/www.oarcanjo.net\/site\/?s={search_term_string}\"},\"query-input\":{\"@type\":\"PropertyValueSpecification\",\"valueRequired\":true,\"valueName\":\"search_term_string\"}}],\"inLanguage\":\"pt-BR\"},{\"@type\":\"Organization\",\"@id\":\"https:\/\/www.oarcanjo.net\/site\/#organization\",\"name\":\"Par\u00f3quia S\u00e3o Miguel Arcanjo\",\"url\":\"https:\/\/www.oarcanjo.net\/site\/\",\"logo\":{\"@type\":\"ImageObject\",\"inLanguage\":\"pt-BR\",\"@id\":\"https:\/\/www.oarcanjo.net\/site\/#\/schema\/logo\/image\/\",\"url\":\"https:\/\/www.oarcanjo.net\/site\/wp-content\/uploads\/LogoOArcanjo.png\",\"contentUrl\":\"https:\/\/www.oarcanjo.net\/site\/wp-content\/uploads\/LogoOArcanjo.png\",\"width\":319,\"height\":99,\"caption\":\"Par\u00f3quia S\u00e3o Miguel Arcanjo\"},\"image\":{\"@id\":\"https:\/\/www.oarcanjo.net\/site\/#\/schema\/logo\/image\/\"},\"sameAs\":[\"https:\/\/www.facebook.com\/OArcanjoNoAr\/\"]},{\"@type\":\"Person\",\"@id\":\"https:\/\/www.oarcanjo.net\/site\/#\/schema\/person\/5eb9480bedd2f3c97e430ce128c29c6c\",\"name\":\"danilo\"}]}<\/script>\n<!-- \/ Yoast SEO plugin. -->","yoast_head_json":{"title":"S\u00e3o Cirilo de Jerusal\u00e9m - O Arcanjo no ar","robots":{"index":"index","follow":"follow","max-snippet":"max-snippet:-1","max-image-preview":"max-image-preview:large","max-video-preview":"max-video-preview:-1"},"canonical":"https:\/\/www.oarcanjo.net\/site\/sao-cirilo-de-jerusalem\/","og_locale":"pt_BR","og_type":"article","og_title":"S\u00e3o Cirilo de Jerusal\u00e9m - O Arcanjo no ar","og_description":"18 de Mar\u00e7o Desde o in\u00edcio dos tempos crist\u00e3os a heresia se infiltrara na Igreja, mas, foi no s\u00e9culo IV, que ocorreram as do arianismo e do nestorianismo causando profundas divis\u00f5es. Cirilo viveu nesse per\u00edodo em Jerusal\u00e9m, perto de onde nascera em 315, de pais crist\u00e3os e bem situados financeiramente. Muito preparado, desde a inf\u00e2ncia, [&hellip;]","og_url":"https:\/\/www.oarcanjo.net\/site\/sao-cirilo-de-jerusalem\/","og_site_name":"O Arcanjo no ar","article_publisher":"https:\/\/www.facebook.com\/OArcanjoNoAr\/","article_published_time":"2019-03-18T03:23:28+00:00","article_modified_time":"2019-02-20T11:09:36+00:00","og_image":[{"url":"http:\/\/2.bp.blogspot.com\/_u4LNPOJYNXw\/R-ABqfpylLI\/AAAAAAAAAaY\/U60AZbi1LcE\/s320\/S%25C3%25A3o%2BCirilo%2Bde%2BJerusal%25C3%25A9m-%2B18%2Bde%2BMar%25C3%25A7o%5B1%5D.JPG"}],"author":"danilo","twitter_card":"summary_large_image","twitter_misc":{"Escrito por":"danilo","Est. tempo de leitura":"3 minutos"},"schema":{"@context":"https:\/\/schema.org","@graph":[{"@type":"Article","@id":"https:\/\/www.oarcanjo.net\/site\/sao-cirilo-de-jerusalem\/#article","isPartOf":{"@id":"https:\/\/www.oarcanjo.net\/site\/sao-cirilo-de-jerusalem\/"},"author":{"name":"danilo","@id":"https:\/\/www.oarcanjo.net\/site\/#\/schema\/person\/5eb9480bedd2f3c97e430ce128c29c6c"},"headline":"S\u00e3o Cirilo de Jerusal\u00e9m","datePublished":"2019-03-18T03:23:28+00:00","dateModified":"2019-02-20T11:09:36+00:00","mainEntityOfPage":{"@id":"https:\/\/www.oarcanjo.net\/site\/sao-cirilo-de-jerusalem\/"},"wordCount":561,"commentCount":1,"publisher":{"@id":"https:\/\/www.oarcanjo.net\/site\/#organization"},"image":{"@id":"https:\/\/www.oarcanjo.net\/site\/sao-cirilo-de-jerusalem\/#primaryimage"},"thumbnailUrl":"http:\/\/2.bp.blogspot.com\/_u4LNPOJYNXw\/R-ABqfpylLI\/AAAAAAAAAaY\/U60AZbi1LcE\/s320\/S%25C3%25A3o%2BCirilo%2Bde%2BJerusal%25C3%25A9m-%2B18%2Bde%2BMar%25C3%25A7o%5B1%5D.JPG","articleSection":["Testemunhos"],"inLanguage":"pt-BR","potentialAction":[{"@type":"CommentAction","name":"Comment","target":["https:\/\/www.oarcanjo.net\/site\/sao-cirilo-de-jerusalem\/#respond"]}]},{"@type":"WebPage","@id":"https:\/\/www.oarcanjo.net\/site\/sao-cirilo-de-jerusalem\/","url":"https:\/\/www.oarcanjo.net\/site\/sao-cirilo-de-jerusalem\/","name":"S\u00e3o Cirilo de Jerusal\u00e9m - O Arcanjo no ar","isPartOf":{"@id":"https:\/\/www.oarcanjo.net\/site\/#website"},"primaryImageOfPage":{"@id":"https:\/\/www.oarcanjo.net\/site\/sao-cirilo-de-jerusalem\/#primaryimage"},"image":{"@id":"https:\/\/www.oarcanjo.net\/site\/sao-cirilo-de-jerusalem\/#primaryimage"},"thumbnailUrl":"http:\/\/2.bp.blogspot.com\/_u4LNPOJYNXw\/R-ABqfpylLI\/AAAAAAAAAaY\/U60AZbi1LcE\/s320\/S%25C3%25A3o%2BCirilo%2Bde%2BJerusal%25C3%25A9m-%2B18%2Bde%2BMar%25C3%25A7o%5B1%5D.JPG","datePublished":"2019-03-18T03:23:28+00:00","dateModified":"2019-02-20T11:09:36+00:00","breadcrumb":{"@id":"https:\/\/www.oarcanjo.net\/site\/sao-cirilo-de-jerusalem\/#breadcrumb"},"inLanguage":"pt-BR","potentialAction":[{"@type":"ReadAction","target":["https:\/\/www.oarcanjo.net\/site\/sao-cirilo-de-jerusalem\/"]}]},{"@type":"ImageObject","inLanguage":"pt-BR","@id":"https:\/\/www.oarcanjo.net\/site\/sao-cirilo-de-jerusalem\/#primaryimage","url":"http:\/\/2.bp.blogspot.com\/_u4LNPOJYNXw\/R-ABqfpylLI\/AAAAAAAAAaY\/U60AZbi1LcE\/s320\/S%25C3%25A3o%2BCirilo%2Bde%2BJerusal%25C3%25A9m-%2B18%2Bde%2BMar%25C3%25A7o%5B1%5D.JPG","contentUrl":"http:\/\/2.bp.blogspot.com\/_u4LNPOJYNXw\/R-ABqfpylLI\/AAAAAAAAAaY\/U60AZbi1LcE\/s320\/S%25C3%25A3o%2BCirilo%2Bde%2BJerusal%25C3%25A9m-%2B18%2Bde%2BMar%25C3%25A7o%5B1%5D.JPG"},{"@type":"BreadcrumbList","@id":"https:\/\/www.oarcanjo.net\/site\/sao-cirilo-de-jerusalem\/#breadcrumb","itemListElement":[{"@type":"ListItem","position":1,"name":"In\u00edcio","item":"https:\/\/www.oarcanjo.net\/site\/"},{"@type":"ListItem","position":2,"name":"S\u00e3o Cirilo de Jerusal\u00e9m"}]},{"@type":"WebSite","@id":"https:\/\/www.oarcanjo.net\/site\/#website","url":"https:\/\/www.oarcanjo.net\/site\/","name":"O Arcanjo no ar","description":"Site da Par\u00f3quia S\u00e3o Miguel Arcanjo (Arquidiocese de SP)","publisher":{"@id":"https:\/\/www.oarcanjo.net\/site\/#organization"},"potentialAction":[{"@type":"SearchAction","target":{"@type":"EntryPoint","urlTemplate":"https:\/\/www.oarcanjo.net\/site\/?s={search_term_string}"},"query-input":{"@type":"PropertyValueSpecification","valueRequired":true,"valueName":"search_term_string"}}],"inLanguage":"pt-BR"},{"@type":"Organization","@id":"https:\/\/www.oarcanjo.net\/site\/#organization","name":"Par\u00f3quia S\u00e3o Miguel Arcanjo","url":"https:\/\/www.oarcanjo.net\/site\/","logo":{"@type":"ImageObject","inLanguage":"pt-BR","@id":"https:\/\/www.oarcanjo.net\/site\/#\/schema\/logo\/image\/","url":"https:\/\/www.oarcanjo.net\/site\/wp-content\/uploads\/LogoOArcanjo.png","contentUrl":"https:\/\/www.oarcanjo.net\/site\/wp-content\/uploads\/LogoOArcanjo.png","width":319,"height":99,"caption":"Par\u00f3quia S\u00e3o Miguel Arcanjo"},"image":{"@id":"https:\/\/www.oarcanjo.net\/site\/#\/schema\/logo\/image\/"},"sameAs":["https:\/\/www.facebook.com\/OArcanjoNoAr\/"]},{"@type":"Person","@id":"https:\/\/www.oarcanjo.net\/site\/#\/schema\/person\/5eb9480bedd2f3c97e430ce128c29c6c","name":"danilo"}]}},"publishpress_future_action":{"enabled":false,"date":"2026-05-07 22:03:58","action":"category","newStatus":"draft","terms":[],"taxonomy":"category"},"publishpress_future_workflow_manual_trigger":{"enabledWorkflows":[]},"_links":{"self":[{"href":"https:\/\/www.oarcanjo.net\/site\/wp-json\/wp\/v2\/posts\/8362"}],"collection":[{"href":"https:\/\/www.oarcanjo.net\/site\/wp-json\/wp\/v2\/posts"}],"about":[{"href":"https:\/\/www.oarcanjo.net\/site\/wp-json\/wp\/v2\/types\/post"}],"author":[{"embeddable":true,"href":"https:\/\/www.oarcanjo.net\/site\/wp-json\/wp\/v2\/users\/14"}],"replies":[{"embeddable":true,"href":"https:\/\/www.oarcanjo.net\/site\/wp-json\/wp\/v2\/comments?post=8362"}],"version-history":[{"count":1,"href":"https:\/\/www.oarcanjo.net\/site\/wp-json\/wp\/v2\/posts\/8362\/revisions"}],"predecessor-version":[{"id":93000,"href":"https:\/\/www.oarcanjo.net\/site\/wp-json\/wp\/v2\/posts\/8362\/revisions\/93000"}],"wp:attachment":[{"href":"https:\/\/www.oarcanjo.net\/site\/wp-json\/wp\/v2\/media?parent=8362"}],"wp:term":[{"taxonomy":"category","embeddable":true,"href":"https:\/\/www.oarcanjo.net\/site\/wp-json\/wp\/v2\/categories?post=8362"},{"taxonomy":"post_tag","embeddable":true,"href":"https:\/\/www.oarcanjo.net\/site\/wp-json\/wp\/v2\/tags?post=8362"}],"curies":[{"name":"wp","href":"https:\/\/api.w.org\/{rel}","templated":true}]}}