
{"id":8383,"date":"2010-03-15T00:15:32","date_gmt":"2010-03-15T02:15:32","guid":{"rendered":"http:\/\/www.oarcanjo.net\/site\/?p=8383"},"modified":"2010-03-19T11:26:54","modified_gmt":"2010-03-19T13:26:54","slug":"d-edmar-peron-toma-posse-em-sao-paulo","status":"publish","type":"post","link":"https:\/\/www.oarcanjo.net\/site\/d-edmar-peron-toma-posse-em-sao-paulo\/","title":{"rendered":"D. Edmar Peron toma posse em S\u00e3o Paulo"},"content":{"rendered":"<p>O novo bispo auxiliar D. Edmar Peron ser\u00e1 acolhido pela Regi\u00e3o Bel\u00e9m na quinta-feira, dia 18, \u00e0s 20h, na igreja Nossa Senhora de Lourdes, na \u00c1gua Rasa (ver <a>mapa<\/a> abaixo).<\/p>\n<p>D. Edmar\u00a0tomou posse na Arquidiocese de S\u00e3o Paulo domingo, 14 de mar\u00e7o, em missa solene celebrada na Catedral da S\u00e9.<\/p>\n<p>A cerim\u00f4nia foi presidida pelo cardeal D. Odilo Scherer e teve a participa\u00e7\u00e3o dos demais bispos auxiliares, diversos padres, fieis, al\u00e9m de parentes e amigos que vieram de Maring\u00e1 para acompanhar o novo bispo.<\/p>\n<p>Em discurso, D. Edmar agradeceu a todos:<\/p>\n<p><object style=\"width: 480px; height: 330px;\" classid=\"clsid:6bf52a52-394a-11d3-b153-00c04f79faa6\" width=\"480\" height=\"330\" codebase=\"http:\/\/activex.microsoft.com\/activex\/controls\/mplayer\/en\/nsmp2inf.cab#Version=5,1,52,701\"><param name=\"autostart\" value=\"false\" \/><param name=\"url\" value=\"http:\/\/www.oarcanjo.net\/video\/20100314PosseDEdmar.wmv\" \/><param name=\"src\" value=\"http:\/\/www.oarcanjo.net\/video\/20100314PosseDEdmar.wmv\" \/><embed style=\"width: 480px; height: 330px;\" type=\"application\/x-mplayer2\" width=\"480\" height=\"330\" src=\"http:\/\/www.oarcanjo.net\/video\/20100314PosseDEdmar.wmv\" autostart=\"false\" url=\"http:\/\/www.oarcanjo.net\/video\/20100314PosseDEdmar.wmv\"><\/embed><\/object><\/p>\n<p>Assista abaixo \u00e0 homilia do 4\u00ba Domingo da Quaresma, nas palavras de D. Odilo:<\/p>\n<p><object classid=\"clsid:6bf52a52-394a-11d3-b153-00c04f79faa6\" width=\"480\" height=\"330\" codebase=\"http:\/\/activex.microsoft.com\/activex\/controls\/mplayer\/en\/nsmp2inf.cab#Version=5,1,52,701\"><param name=\"autostart\" value=\"false\" \/><param name=\"url\" value=\"http:\/\/www.oarcanjo.net\/video\/20100314HomiliaDOdilo-final.wmv\" \/><param name=\"src\" value=\"http:\/\/www.oarcanjo.net\/video\/20100314HomiliaDOdilo-final.wmv\" \/><embed type=\"application\/x-mplayer2\" width=\"480\" height=\"330\" src=\"http:\/\/www.oarcanjo.net\/video\/20100314HomiliaDOdilo-final.wmv\" autostart=\"false\" url=\"http:\/\/www.oarcanjo.net\/video\/20100314HomiliaDOdilo-final.wmv\"><\/embed><\/object><\/p>\n<p>Veja onde fica e como chegar \u00e0 igreja Nossa Senhora de Lourdes:<br \/>\n<small><a style=\"color: #0000ff; text-align: left;\" href=\"http:\/\/www.google.com.br\/maps?f=q&amp;source=embed&amp;hl=pt-BR&amp;geocode=&amp;q=rua+jo%C3%A3o+soares,+13&amp;sll=-14.179186,-50.449219&amp;sspn=81.957416,125.15625&amp;ie=UTF8&amp;hq=&amp;hnear=R.+Jo%C3%A3o+Soares,+13+-+%C3%81gua+Rasa,+S%C3%A3o+Paulo,+03175-070&amp;ll=-23.553936,-46.579521&amp;spn=0.006884,0.00912&amp;z=16&amp;iwloc=A\">Exibir mapa ampliado<\/a><\/small><\/p>\n<div id=\"themify_builder_content-8383\" data-postid=\"8383\" class=\"themify_builder_content themify_builder_content-8383 themify_builder themify_builder_front\">\n\t<\/div>\n<!-- \/themify_builder_content -->","protected":false},"excerpt":{"rendered":"<p>O novo bispo auxiliar D. Edmar Peron ser\u00e1 acolhido pela Regi\u00e3o Bel\u00e9m na quinta-feira, dia 18, \u00e0s 20h, na igreja Nossa Senhora de Lourdes, na \u00c1gua Rasa (ver mapa abaixo). D. Edmar\u00a0tomou posse na Arquidiocese de S\u00e3o Paulo domingo, 14 de mar\u00e7o, em missa solene celebrada na Catedral da S\u00e9. A cerim\u00f4nia foi presidida pelo [&hellip;]<\/p>\n","protected":false},"author":5,"featured_media":0,"comment_status":"open","ping_status":"open","sticky":false,"template":"","format":"standard","meta":{"ngg_post_thumbnail":0,"footnotes":""},"categories":[8,280],"tags":[239,328,29],"yoast_head":"<!-- This site is optimized with the Yoast SEO plugin v23.5 - https:\/\/yoast.com\/wordpress\/plugins\/seo\/ -->\n<title>D. Edmar Peron toma posse em S\u00e3o Paulo - O Arcanjo no ar<\/title>\n<meta name=\"robots\" content=\"index, follow, max-snippet:-1, max-image-preview:large, max-video-preview:-1\" \/>\n<link rel=\"canonical\" href=\"https:\/\/www.oarcanjo.net\/site\/d-edmar-peron-toma-posse-em-sao-paulo\/\" \/>\n<meta property=\"og:locale\" content=\"pt_BR\" \/>\n<meta property=\"og:type\" content=\"article\" \/>\n<meta property=\"og:title\" content=\"D. Edmar Peron toma posse em S\u00e3o Paulo - O Arcanjo no ar\" \/>\n<meta property=\"og:description\" content=\"O novo bispo auxiliar D. Edmar Peron ser\u00e1 acolhido pela Regi\u00e3o Bel\u00e9m na quinta-feira, dia 18, \u00e0s 20h, na igreja Nossa Senhora de Lourdes, na \u00c1gua Rasa (ver mapa abaixo). D. Edmar\u00a0tomou posse na Arquidiocese de S\u00e3o Paulo domingo, 14 de mar\u00e7o, em missa solene celebrada na Catedral da S\u00e9. A cerim\u00f4nia foi presidida pelo [&hellip;]\" \/>\n<meta property=\"og:url\" content=\"https:\/\/www.oarcanjo.net\/site\/d-edmar-peron-toma-posse-em-sao-paulo\/\" \/>\n<meta property=\"og:site_name\" content=\"O Arcanjo no ar\" \/>\n<meta property=\"article:publisher\" content=\"https:\/\/www.facebook.com\/OArcanjoNoAr\/\" \/>\n<meta property=\"article:published_time\" content=\"2010-03-15T02:15:32+00:00\" \/>\n<meta property=\"article:modified_time\" content=\"2010-03-19T13:26:54+00:00\" \/>\n<meta property=\"og:image\" content=\"https:\/\/www.oarcanjo.net\/site\/wp-content\/uploads\/logo-o-arcanjo-no-ar-facebook.png\" \/>\n\t<meta property=\"og:image:width\" content=\"300\" \/>\n\t<meta property=\"og:image:height\" content=\"300\" \/>\n\t<meta property=\"og:image:type\" content=\"image\/png\" \/>\n<meta name=\"author\" content=\"editor\" \/>\n<meta name=\"twitter:card\" content=\"summary_large_image\" \/>\n<meta name=\"twitter:label1\" content=\"Escrito por\" \/>\n\t<meta name=\"twitter:data1\" content=\"editor\" \/>\n\t<meta name=\"twitter:label2\" content=\"Est. tempo de leitura\" \/>\n\t<meta name=\"twitter:data2\" content=\"1 minuto\" \/>\n<script type=\"application\/ld+json\" class=\"yoast-schema-graph\">{\"@context\":\"https:\/\/schema.org\",\"@graph\":[{\"@type\":\"Article\",\"@id\":\"https:\/\/www.oarcanjo.net\/site\/d-edmar-peron-toma-posse-em-sao-paulo\/#article\",\"isPartOf\":{\"@id\":\"https:\/\/www.oarcanjo.net\/site\/d-edmar-peron-toma-posse-em-sao-paulo\/\"},\"author\":{\"name\":\"editor\",\"@id\":\"https:\/\/www.oarcanjo.net\/site\/#\/schema\/person\/f7024d007863202483a31326673a0838\"},\"headline\":\"D. Edmar Peron toma posse em S\u00e3o Paulo\",\"datePublished\":\"2010-03-15T02:15:32+00:00\",\"dateModified\":\"2010-03-19T13:26:54+00:00\",\"mainEntityOfPage\":{\"@id\":\"https:\/\/www.oarcanjo.net\/site\/d-edmar-peron-toma-posse-em-sao-paulo\/\"},\"wordCount\":132,\"commentCount\":0,\"publisher\":{\"@id\":\"https:\/\/www.oarcanjo.net\/site\/#organization\"},\"keywords\":[\"Arquidiocese de S\u00e3o Paulo\",\"bispo\",\"Regi\u00e3o Bel\u00e9m\"],\"articleSection\":[\"Not\u00edcias\",\"V\u00eddeos\"],\"inLanguage\":\"pt-BR\",\"potentialAction\":[{\"@type\":\"CommentAction\",\"name\":\"Comment\",\"target\":[\"https:\/\/www.oarcanjo.net\/site\/d-edmar-peron-toma-posse-em-sao-paulo\/#respond\"]}]},{\"@type\":\"WebPage\",\"@id\":\"https:\/\/www.oarcanjo.net\/site\/d-edmar-peron-toma-posse-em-sao-paulo\/\",\"url\":\"https:\/\/www.oarcanjo.net\/site\/d-edmar-peron-toma-posse-em-sao-paulo\/\",\"name\":\"D. Edmar Peron toma posse em S\u00e3o Paulo - O Arcanjo no ar\",\"isPartOf\":{\"@id\":\"https:\/\/www.oarcanjo.net\/site\/#website\"},\"datePublished\":\"2010-03-15T02:15:32+00:00\",\"dateModified\":\"2010-03-19T13:26:54+00:00\",\"breadcrumb\":{\"@id\":\"https:\/\/www.oarcanjo.net\/site\/d-edmar-peron-toma-posse-em-sao-paulo\/#breadcrumb\"},\"inLanguage\":\"pt-BR\",\"potentialAction\":[{\"@type\":\"ReadAction\",\"target\":[\"https:\/\/www.oarcanjo.net\/site\/d-edmar-peron-toma-posse-em-sao-paulo\/\"]}]},{\"@type\":\"BreadcrumbList\",\"@id\":\"https:\/\/www.oarcanjo.net\/site\/d-edmar-peron-toma-posse-em-sao-paulo\/#breadcrumb\",\"itemListElement\":[{\"@type\":\"ListItem\",\"position\":1,\"name\":\"In\u00edcio\",\"item\":\"https:\/\/www.oarcanjo.net\/site\/\"},{\"@type\":\"ListItem\",\"position\":2,\"name\":\"D. Edmar Peron toma posse em S\u00e3o Paulo\"}]},{\"@type\":\"WebSite\",\"@id\":\"https:\/\/www.oarcanjo.net\/site\/#website\",\"url\":\"https:\/\/www.oarcanjo.net\/site\/\",\"name\":\"O Arcanjo no ar\",\"description\":\"Site da Par\u00f3quia S\u00e3o Miguel Arcanjo (Arquidiocese de SP)\",\"publisher\":{\"@id\":\"https:\/\/www.oarcanjo.net\/site\/#organization\"},\"potentialAction\":[{\"@type\":\"SearchAction\",\"target\":{\"@type\":\"EntryPoint\",\"urlTemplate\":\"https:\/\/www.oarcanjo.net\/site\/?s={search_term_string}\"},\"query-input\":{\"@type\":\"PropertyValueSpecification\",\"valueRequired\":true,\"valueName\":\"search_term_string\"}}],\"inLanguage\":\"pt-BR\"},{\"@type\":\"Organization\",\"@id\":\"https:\/\/www.oarcanjo.net\/site\/#organization\",\"name\":\"Par\u00f3quia S\u00e3o Miguel Arcanjo\",\"url\":\"https:\/\/www.oarcanjo.net\/site\/\",\"logo\":{\"@type\":\"ImageObject\",\"inLanguage\":\"pt-BR\",\"@id\":\"https:\/\/www.oarcanjo.net\/site\/#\/schema\/logo\/image\/\",\"url\":\"https:\/\/www.oarcanjo.net\/site\/wp-content\/uploads\/LogoOArcanjo.png\",\"contentUrl\":\"https:\/\/www.oarcanjo.net\/site\/wp-content\/uploads\/LogoOArcanjo.png\",\"width\":319,\"height\":99,\"caption\":\"Par\u00f3quia S\u00e3o Miguel Arcanjo\"},\"image\":{\"@id\":\"https:\/\/www.oarcanjo.net\/site\/#\/schema\/logo\/image\/\"},\"sameAs\":[\"https:\/\/www.facebook.com\/OArcanjoNoAr\/\"]},{\"@type\":\"Person\",\"@id\":\"https:\/\/www.oarcanjo.net\/site\/#\/schema\/person\/f7024d007863202483a31326673a0838\",\"name\":\"editor\",\"sameAs\":[\"http:\/\/www.oarcanjo.net\"]}]}<\/script>\n<!-- \/ Yoast SEO plugin. -->","yoast_head_json":{"title":"D. Edmar Peron toma posse em S\u00e3o Paulo - O Arcanjo no ar","robots":{"index":"index","follow":"follow","max-snippet":"max-snippet:-1","max-image-preview":"max-image-preview:large","max-video-preview":"max-video-preview:-1"},"canonical":"https:\/\/www.oarcanjo.net\/site\/d-edmar-peron-toma-posse-em-sao-paulo\/","og_locale":"pt_BR","og_type":"article","og_title":"D. Edmar Peron toma posse em S\u00e3o Paulo - O Arcanjo no ar","og_description":"O novo bispo auxiliar D. Edmar Peron ser\u00e1 acolhido pela Regi\u00e3o Bel\u00e9m na quinta-feira, dia 18, \u00e0s 20h, na igreja Nossa Senhora de Lourdes, na \u00c1gua Rasa (ver mapa abaixo). D. Edmar\u00a0tomou posse na Arquidiocese de S\u00e3o Paulo domingo, 14 de mar\u00e7o, em missa solene celebrada na Catedral da S\u00e9. A cerim\u00f4nia foi presidida pelo [&hellip;]","og_url":"https:\/\/www.oarcanjo.net\/site\/d-edmar-peron-toma-posse-em-sao-paulo\/","og_site_name":"O Arcanjo no ar","article_publisher":"https:\/\/www.facebook.com\/OArcanjoNoAr\/","article_published_time":"2010-03-15T02:15:32+00:00","article_modified_time":"2010-03-19T13:26:54+00:00","og_image":[{"width":300,"height":300,"url":"https:\/\/www.oarcanjo.net\/site\/wp-content\/uploads\/logo-o-arcanjo-no-ar-facebook.png","type":"image\/png"}],"author":"editor","twitter_card":"summary_large_image","twitter_misc":{"Escrito por":"editor","Est. tempo de leitura":"1 minuto"},"schema":{"@context":"https:\/\/schema.org","@graph":[{"@type":"Article","@id":"https:\/\/www.oarcanjo.net\/site\/d-edmar-peron-toma-posse-em-sao-paulo\/#article","isPartOf":{"@id":"https:\/\/www.oarcanjo.net\/site\/d-edmar-peron-toma-posse-em-sao-paulo\/"},"author":{"name":"editor","@id":"https:\/\/www.oarcanjo.net\/site\/#\/schema\/person\/f7024d007863202483a31326673a0838"},"headline":"D. Edmar Peron toma posse em S\u00e3o Paulo","datePublished":"2010-03-15T02:15:32+00:00","dateModified":"2010-03-19T13:26:54+00:00","mainEntityOfPage":{"@id":"https:\/\/www.oarcanjo.net\/site\/d-edmar-peron-toma-posse-em-sao-paulo\/"},"wordCount":132,"commentCount":0,"publisher":{"@id":"https:\/\/www.oarcanjo.net\/site\/#organization"},"keywords":["Arquidiocese de S\u00e3o Paulo","bispo","Regi\u00e3o Bel\u00e9m"],"articleSection":["Not\u00edcias","V\u00eddeos"],"inLanguage":"pt-BR","potentialAction":[{"@type":"CommentAction","name":"Comment","target":["https:\/\/www.oarcanjo.net\/site\/d-edmar-peron-toma-posse-em-sao-paulo\/#respond"]}]},{"@type":"WebPage","@id":"https:\/\/www.oarcanjo.net\/site\/d-edmar-peron-toma-posse-em-sao-paulo\/","url":"https:\/\/www.oarcanjo.net\/site\/d-edmar-peron-toma-posse-em-sao-paulo\/","name":"D. Edmar Peron toma posse em S\u00e3o Paulo - O Arcanjo no ar","isPartOf":{"@id":"https:\/\/www.oarcanjo.net\/site\/#website"},"datePublished":"2010-03-15T02:15:32+00:00","dateModified":"2010-03-19T13:26:54+00:00","breadcrumb":{"@id":"https:\/\/www.oarcanjo.net\/site\/d-edmar-peron-toma-posse-em-sao-paulo\/#breadcrumb"},"inLanguage":"pt-BR","potentialAction":[{"@type":"ReadAction","target":["https:\/\/www.oarcanjo.net\/site\/d-edmar-peron-toma-posse-em-sao-paulo\/"]}]},{"@type":"BreadcrumbList","@id":"https:\/\/www.oarcanjo.net\/site\/d-edmar-peron-toma-posse-em-sao-paulo\/#breadcrumb","itemListElement":[{"@type":"ListItem","position":1,"name":"In\u00edcio","item":"https:\/\/www.oarcanjo.net\/site\/"},{"@type":"ListItem","position":2,"name":"D. Edmar Peron toma posse em S\u00e3o Paulo"}]},{"@type":"WebSite","@id":"https:\/\/www.oarcanjo.net\/site\/#website","url":"https:\/\/www.oarcanjo.net\/site\/","name":"O Arcanjo no ar","description":"Site da Par\u00f3quia S\u00e3o Miguel Arcanjo (Arquidiocese de SP)","publisher":{"@id":"https:\/\/www.oarcanjo.net\/site\/#organization"},"potentialAction":[{"@type":"SearchAction","target":{"@type":"EntryPoint","urlTemplate":"https:\/\/www.oarcanjo.net\/site\/?s={search_term_string}"},"query-input":{"@type":"PropertyValueSpecification","valueRequired":true,"valueName":"search_term_string"}}],"inLanguage":"pt-BR"},{"@type":"Organization","@id":"https:\/\/www.oarcanjo.net\/site\/#organization","name":"Par\u00f3quia S\u00e3o Miguel Arcanjo","url":"https:\/\/www.oarcanjo.net\/site\/","logo":{"@type":"ImageObject","inLanguage":"pt-BR","@id":"https:\/\/www.oarcanjo.net\/site\/#\/schema\/logo\/image\/","url":"https:\/\/www.oarcanjo.net\/site\/wp-content\/uploads\/LogoOArcanjo.png","contentUrl":"https:\/\/www.oarcanjo.net\/site\/wp-content\/uploads\/LogoOArcanjo.png","width":319,"height":99,"caption":"Par\u00f3quia S\u00e3o Miguel Arcanjo"},"image":{"@id":"https:\/\/www.oarcanjo.net\/site\/#\/schema\/logo\/image\/"},"sameAs":["https:\/\/www.facebook.com\/OArcanjoNoAr\/"]},{"@type":"Person","@id":"https:\/\/www.oarcanjo.net\/site\/#\/schema\/person\/f7024d007863202483a31326673a0838","name":"editor","sameAs":["http:\/\/www.oarcanjo.net"]}]}},"publishpress_future_action":{"enabled":false,"date":"2026-05-07 13:03:16","action":"category","newStatus":"draft","terms":[],"taxonomy":"category"},"publishpress_future_workflow_manual_trigger":{"enabledWorkflows":[]},"_links":{"self":[{"href":"https:\/\/www.oarcanjo.net\/site\/wp-json\/wp\/v2\/posts\/8383"}],"collection":[{"href":"https:\/\/www.oarcanjo.net\/site\/wp-json\/wp\/v2\/posts"}],"about":[{"href":"https:\/\/www.oarcanjo.net\/site\/wp-json\/wp\/v2\/types\/post"}],"author":[{"embeddable":true,"href":"https:\/\/www.oarcanjo.net\/site\/wp-json\/wp\/v2\/users\/5"}],"replies":[{"embeddable":true,"href":"https:\/\/www.oarcanjo.net\/site\/wp-json\/wp\/v2\/comments?post=8383"}],"version-history":[{"count":0,"href":"https:\/\/www.oarcanjo.net\/site\/wp-json\/wp\/v2\/posts\/8383\/revisions"}],"wp:attachment":[{"href":"https:\/\/www.oarcanjo.net\/site\/wp-json\/wp\/v2\/media?parent=8383"}],"wp:term":[{"taxonomy":"category","embeddable":true,"href":"https:\/\/www.oarcanjo.net\/site\/wp-json\/wp\/v2\/categories?post=8383"},{"taxonomy":"post_tag","embeddable":true,"href":"https:\/\/www.oarcanjo.net\/site\/wp-json\/wp\/v2\/tags?post=8383"}],"curies":[{"name":"wp","href":"https:\/\/api.w.org\/{rel}","templated":true}]}}