
{"id":8400,"date":"2019-03-20T00:25:27","date_gmt":"2019-03-20T03:25:27","guid":{"rendered":"http:\/\/www.oarcanjo.net\/site\/?p=8400"},"modified":"2019-02-20T08:09:46","modified_gmt":"2019-02-20T11:09:46","slug":"santa-maria-josefina-do-coracao-de-jesus-sancho-de-guerra","status":"publish","type":"post","link":"https:\/\/www.oarcanjo.net\/site\/santa-maria-josefina-do-coracao-de-jesus-sancho-de-guerra\/","title":{"rendered":"Santa Maria Josefina do Cora\u00e7\u00e3o de Jesus Sancho de Guerra"},"content":{"rendered":"<p><img decoding=\"async\" src=\"http:\/\/www.paroquiameninojesus.com.br\/modules\/news\/images\/josefina.gif\" alt=\"\" \/><\/p>\n<p>20 de Mar\u00e7o<\/p>\n<p>Fundou o Instituto religioso das Servas de Jesus da Caridade<\/p>\n<p>Maria Josefina era a primog\u00eanita de Barnab\u00e9 Sancho, serralheiro, e de Petra de Guerra, dom\u00e9stica. Nasceu em Vit\u00f3ria, Espanha, no dia 07 de setembro de 1842, tendo recebido o batismo no dia seguinte. Ficou \u00f3rf\u00e3 de pai muito cedo e foi sua m\u00e3e que a preparou para a Primeira Comunh\u00e3o, recebida aos dez anos. Completou a sua forma\u00e7\u00e3o e educa\u00e7\u00e3o em Madri na casa de alguns parentes, e desde muito cedo come\u00e7ou a demonstrar uma grande devo\u00e7\u00e3o \u00e0 Eucaristia e a Nossa Senhora, uma forte sensibilidade em rela\u00e7\u00e3o aos pobres e aos doentes e uma inclina\u00e7\u00e3o para a vida interior.<\/p>\n<p>Regressou a Vit\u00f3ria aos dezoito anos e logo manifestou \u00e0 sua m\u00e3e o desejo de entrar num mosteiro, pois se sentia atra\u00edda pela vida de clausura. Mais tarde, costumava dizer: &#8220;Nasci com a voca\u00e7\u00e3o religiosa&#8221;. Foi assim que decidiu entrar no Instituto Servas de Maria, recentemente fundado em Madri por madre Soledade Torres Acosta. Com a aproxima\u00e7\u00e3o da \u00e9poca de fazer sua profiss\u00e3o de f\u00e9, foi assaltada por graves d\u00favidas e incertezas sobre sua efetiva chamada para aquele Instituto. Admitiu essa disposi\u00e7\u00e3o \u00e0 v\u00e1rios confessores, chegando at\u00e9 a dizer que tinha se enganado quanto \u00e0 pr\u00f3pria voca\u00e7\u00e3o.<\/p>\n<p>Mas, os constantes contatos com o arcebispo de Sarago\u00e7a, futuro Santo, Ant\u00f4nio Maria Claret e as conversas serenas com madre Soledade Torres Acosta, amadureceram nela a possibilidade de fundar uma nova fam\u00edlia religiosa, que se dedicasse aos doentes, em casa ou nos hospitais. E foi assim que aos vinte e nove anos ela fundou o Instituto das Servas de Jesus, na cidade de Bilbao, em 1871.<\/p>\n<p>Depois por quarenta e um anos, foi a superiora do Instituto. Acometida por uma longa e grave enfermidade que a mantinha ou no leito ou numa poltrona, sofreu muito antes de seu transito, sem contudo deixar sua atividade de lado. Atrav\u00e9s de uma intensa e expressa correspond\u00eancia, solidificou as bases dessa nova fam\u00edlia. No momento da sua morte, em 20 de mar\u00e7o de 1912, havia milhares de religiosas, espalhadas por quarenta e tr\u00eas casas. A sua morte foi muito sentida em toda a regi\u00e3o e o seu funeral teve uma grande manifesta\u00e7\u00e3o de pesar. Os seus restos mortais foram trasladados para a Casa-M\u00e3e, em Bilbao, onde ainda se encontram.<\/p>\n<p>Os pontos centrais da espiritualidade de madre Maria Josefina podem definir-se como: um grande amor \u00e0 Eucaristia e ao Sagrado Cora\u00e7\u00e3o de Jesus; uma profunda adora\u00e7\u00e3o do mist\u00e9rio da Reden\u00e7\u00e3o e uma \u00edntima participa\u00e7\u00e3o nas dores de Cristo e na Sua Cruz; e a completa dedica\u00e7\u00e3o ao servi\u00e7o dos doentes, num contexto de esp\u00edrito contemplativo.<\/p>\n<p>O seu carisma de servi\u00e7o aos enfermos ficou bem claro nas palavras por ela escritas: &#8220;Desta maneira, as fun\u00e7\u00f5es materiais do nosso Instituto, destinadas a salvaguardar a sa\u00fade corporal do nosso pr\u00f3ximo, elevam-se a uma grande altura e fazem a nossa vida ativa mais perfeita que a contemplativa, como ensinou o Doutor ang\u00e9lico, S\u00e3o Tom\u00e1s d&#8217;Aquino que falou dos trabalhos dirigidos \u00e0 sa\u00fade da alma, que v\u00eam da contempla\u00e7\u00e3o&#8221; (Directorio de Asistencias de la Congregaci\u00f3n Religiosa Siervas de Jes\u00fas de la Caridad, Vit\u00f3ria 1930, p\u00e1g. 9).<\/p>\n<p>\u00c9 com este esp\u00edrito, que as Servas de Jesus t\u00eam vivido desde a morte de Santa Maria Josefina. O servi\u00e7o dos doentes tornou-se, assim, a obla\u00e7\u00e3o generosa das suas vidas, seguindo o exemplo da sua Fundadora. Hoje espalhadas pela Europa, Am\u00e9rica Latina e \u00c1sia, as Servas procuram dar p\u00e3o aos famintos, acolher os doentes e outros necessitados, criar centros para pessoas idosas, desenvolvendo sempre a pastoral da sa\u00fade e outras obras de caridade. Elas tamb\u00e9m est\u00e3o presentes em Portugal.<\/p>\n<p>A causa da canoniza\u00e7\u00e3o de madre Maria Josefina come\u00e7ou em 1951; foi solenemente beatificada pelo Papa Jo\u00e3o Paulo II em 1992 e depois canonizada em 01 de Outubro de 2000, pelo mesmo pont\u00edfice, em Roma.<\/p>\n<div id=\"themify_builder_content-8400\" data-postid=\"8400\" class=\"themify_builder_content themify_builder_content-8400 themify_builder themify_builder_front\">\n\t<\/div>\n<!-- \/themify_builder_content -->","protected":false},"excerpt":{"rendered":"<p>20 de Mar\u00e7o Fundou o Instituto religioso das Servas de Jesus da Caridade Maria Josefina era a primog\u00eanita de Barnab\u00e9 Sancho, serralheiro, e de Petra de Guerra, dom\u00e9stica. Nasceu em Vit\u00f3ria, Espanha, no dia 07 de setembro de 1842, tendo recebido o batismo no dia seguinte. Ficou \u00f3rf\u00e3 de pai muito cedo e foi sua [&hellip;]<\/p>\n","protected":false},"author":14,"featured_media":0,"comment_status":"open","ping_status":"open","sticky":false,"template":"","format":"standard","meta":{"ngg_post_thumbnail":0,"footnotes":""},"categories":[186],"tags":[],"yoast_head":"<!-- This site is optimized with the Yoast SEO plugin v23.5 - https:\/\/yoast.com\/wordpress\/plugins\/seo\/ -->\n<title>Santa Maria Josefina do Cora\u00e7\u00e3o de Jesus Sancho de Guerra - O Arcanjo no ar<\/title>\n<meta name=\"robots\" content=\"index, follow, max-snippet:-1, max-image-preview:large, max-video-preview:-1\" \/>\n<link rel=\"canonical\" href=\"https:\/\/www.oarcanjo.net\/site\/santa-maria-josefina-do-coracao-de-jesus-sancho-de-guerra\/\" \/>\n<meta property=\"og:locale\" content=\"pt_BR\" \/>\n<meta property=\"og:type\" content=\"article\" \/>\n<meta property=\"og:title\" content=\"Santa Maria Josefina do Cora\u00e7\u00e3o de Jesus Sancho de Guerra - O Arcanjo no ar\" \/>\n<meta property=\"og:description\" content=\"20 de Mar\u00e7o Fundou o Instituto religioso das Servas de Jesus da Caridade Maria Josefina era a primog\u00eanita de Barnab\u00e9 Sancho, serralheiro, e de Petra de Guerra, dom\u00e9stica. Nasceu em Vit\u00f3ria, Espanha, no dia 07 de setembro de 1842, tendo recebido o batismo no dia seguinte. Ficou \u00f3rf\u00e3 de pai muito cedo e foi sua [&hellip;]\" \/>\n<meta property=\"og:url\" content=\"https:\/\/www.oarcanjo.net\/site\/santa-maria-josefina-do-coracao-de-jesus-sancho-de-guerra\/\" \/>\n<meta property=\"og:site_name\" content=\"O Arcanjo no ar\" \/>\n<meta property=\"article:publisher\" content=\"https:\/\/www.facebook.com\/OArcanjoNoAr\/\" \/>\n<meta property=\"article:published_time\" content=\"2019-03-20T03:25:27+00:00\" \/>\n<meta property=\"article:modified_time\" content=\"2019-02-20T11:09:46+00:00\" \/>\n<meta property=\"og:image\" content=\"http:\/\/www.paroquiameninojesus.com.br\/modules\/news\/images\/josefina.gif\" \/>\n<meta name=\"author\" content=\"danilo\" \/>\n<meta name=\"twitter:card\" content=\"summary_large_image\" \/>\n<meta name=\"twitter:label1\" content=\"Escrito por\" \/>\n\t<meta name=\"twitter:data1\" content=\"danilo\" \/>\n\t<meta name=\"twitter:label2\" content=\"Est. tempo de leitura\" \/>\n\t<meta name=\"twitter:data2\" content=\"3 minutos\" \/>\n<script type=\"application\/ld+json\" class=\"yoast-schema-graph\">{\"@context\":\"https:\/\/schema.org\",\"@graph\":[{\"@type\":\"Article\",\"@id\":\"https:\/\/www.oarcanjo.net\/site\/santa-maria-josefina-do-coracao-de-jesus-sancho-de-guerra\/#article\",\"isPartOf\":{\"@id\":\"https:\/\/www.oarcanjo.net\/site\/santa-maria-josefina-do-coracao-de-jesus-sancho-de-guerra\/\"},\"author\":{\"name\":\"danilo\",\"@id\":\"https:\/\/www.oarcanjo.net\/site\/#\/schema\/person\/5eb9480bedd2f3c97e430ce128c29c6c\"},\"headline\":\"Santa Maria Josefina do Cora\u00e7\u00e3o de Jesus Sancho de Guerra\",\"datePublished\":\"2019-03-20T03:25:27+00:00\",\"dateModified\":\"2019-02-20T11:09:46+00:00\",\"mainEntityOfPage\":{\"@id\":\"https:\/\/www.oarcanjo.net\/site\/santa-maria-josefina-do-coracao-de-jesus-sancho-de-guerra\/\"},\"wordCount\":701,\"commentCount\":0,\"publisher\":{\"@id\":\"https:\/\/www.oarcanjo.net\/site\/#organization\"},\"image\":{\"@id\":\"https:\/\/www.oarcanjo.net\/site\/santa-maria-josefina-do-coracao-de-jesus-sancho-de-guerra\/#primaryimage\"},\"thumbnailUrl\":\"http:\/\/www.paroquiameninojesus.com.br\/modules\/news\/images\/josefina.gif\",\"articleSection\":[\"Testemunhos\"],\"inLanguage\":\"pt-BR\",\"potentialAction\":[{\"@type\":\"CommentAction\",\"name\":\"Comment\",\"target\":[\"https:\/\/www.oarcanjo.net\/site\/santa-maria-josefina-do-coracao-de-jesus-sancho-de-guerra\/#respond\"]}]},{\"@type\":\"WebPage\",\"@id\":\"https:\/\/www.oarcanjo.net\/site\/santa-maria-josefina-do-coracao-de-jesus-sancho-de-guerra\/\",\"url\":\"https:\/\/www.oarcanjo.net\/site\/santa-maria-josefina-do-coracao-de-jesus-sancho-de-guerra\/\",\"name\":\"Santa Maria Josefina do Cora\u00e7\u00e3o de Jesus Sancho de Guerra - O Arcanjo no ar\",\"isPartOf\":{\"@id\":\"https:\/\/www.oarcanjo.net\/site\/#website\"},\"primaryImageOfPage\":{\"@id\":\"https:\/\/www.oarcanjo.net\/site\/santa-maria-josefina-do-coracao-de-jesus-sancho-de-guerra\/#primaryimage\"},\"image\":{\"@id\":\"https:\/\/www.oarcanjo.net\/site\/santa-maria-josefina-do-coracao-de-jesus-sancho-de-guerra\/#primaryimage\"},\"thumbnailUrl\":\"http:\/\/www.paroquiameninojesus.com.br\/modules\/news\/images\/josefina.gif\",\"datePublished\":\"2019-03-20T03:25:27+00:00\",\"dateModified\":\"2019-02-20T11:09:46+00:00\",\"breadcrumb\":{\"@id\":\"https:\/\/www.oarcanjo.net\/site\/santa-maria-josefina-do-coracao-de-jesus-sancho-de-guerra\/#breadcrumb\"},\"inLanguage\":\"pt-BR\",\"potentialAction\":[{\"@type\":\"ReadAction\",\"target\":[\"https:\/\/www.oarcanjo.net\/site\/santa-maria-josefina-do-coracao-de-jesus-sancho-de-guerra\/\"]}]},{\"@type\":\"ImageObject\",\"inLanguage\":\"pt-BR\",\"@id\":\"https:\/\/www.oarcanjo.net\/site\/santa-maria-josefina-do-coracao-de-jesus-sancho-de-guerra\/#primaryimage\",\"url\":\"http:\/\/www.paroquiameninojesus.com.br\/modules\/news\/images\/josefina.gif\",\"contentUrl\":\"http:\/\/www.paroquiameninojesus.com.br\/modules\/news\/images\/josefina.gif\"},{\"@type\":\"BreadcrumbList\",\"@id\":\"https:\/\/www.oarcanjo.net\/site\/santa-maria-josefina-do-coracao-de-jesus-sancho-de-guerra\/#breadcrumb\",\"itemListElement\":[{\"@type\":\"ListItem\",\"position\":1,\"name\":\"In\u00edcio\",\"item\":\"https:\/\/www.oarcanjo.net\/site\/\"},{\"@type\":\"ListItem\",\"position\":2,\"name\":\"Santa Maria Josefina do Cora\u00e7\u00e3o de Jesus Sancho de Guerra\"}]},{\"@type\":\"WebSite\",\"@id\":\"https:\/\/www.oarcanjo.net\/site\/#website\",\"url\":\"https:\/\/www.oarcanjo.net\/site\/\",\"name\":\"O Arcanjo no ar\",\"description\":\"Site da Par\u00f3quia S\u00e3o Miguel Arcanjo (Arquidiocese de SP)\",\"publisher\":{\"@id\":\"https:\/\/www.oarcanjo.net\/site\/#organization\"},\"potentialAction\":[{\"@type\":\"SearchAction\",\"target\":{\"@type\":\"EntryPoint\",\"urlTemplate\":\"https:\/\/www.oarcanjo.net\/site\/?s={search_term_string}\"},\"query-input\":{\"@type\":\"PropertyValueSpecification\",\"valueRequired\":true,\"valueName\":\"search_term_string\"}}],\"inLanguage\":\"pt-BR\"},{\"@type\":\"Organization\",\"@id\":\"https:\/\/www.oarcanjo.net\/site\/#organization\",\"name\":\"Par\u00f3quia S\u00e3o Miguel Arcanjo\",\"url\":\"https:\/\/www.oarcanjo.net\/site\/\",\"logo\":{\"@type\":\"ImageObject\",\"inLanguage\":\"pt-BR\",\"@id\":\"https:\/\/www.oarcanjo.net\/site\/#\/schema\/logo\/image\/\",\"url\":\"https:\/\/www.oarcanjo.net\/site\/wp-content\/uploads\/LogoOArcanjo.png\",\"contentUrl\":\"https:\/\/www.oarcanjo.net\/site\/wp-content\/uploads\/LogoOArcanjo.png\",\"width\":319,\"height\":99,\"caption\":\"Par\u00f3quia S\u00e3o Miguel Arcanjo\"},\"image\":{\"@id\":\"https:\/\/www.oarcanjo.net\/site\/#\/schema\/logo\/image\/\"},\"sameAs\":[\"https:\/\/www.facebook.com\/OArcanjoNoAr\/\"]},{\"@type\":\"Person\",\"@id\":\"https:\/\/www.oarcanjo.net\/site\/#\/schema\/person\/5eb9480bedd2f3c97e430ce128c29c6c\",\"name\":\"danilo\"}]}<\/script>\n<!-- \/ Yoast SEO plugin. -->","yoast_head_json":{"title":"Santa Maria Josefina do Cora\u00e7\u00e3o de Jesus Sancho de Guerra - O Arcanjo no ar","robots":{"index":"index","follow":"follow","max-snippet":"max-snippet:-1","max-image-preview":"max-image-preview:large","max-video-preview":"max-video-preview:-1"},"canonical":"https:\/\/www.oarcanjo.net\/site\/santa-maria-josefina-do-coracao-de-jesus-sancho-de-guerra\/","og_locale":"pt_BR","og_type":"article","og_title":"Santa Maria Josefina do Cora\u00e7\u00e3o de Jesus Sancho de Guerra - O Arcanjo no ar","og_description":"20 de Mar\u00e7o Fundou o Instituto religioso das Servas de Jesus da Caridade Maria Josefina era a primog\u00eanita de Barnab\u00e9 Sancho, serralheiro, e de Petra de Guerra, dom\u00e9stica. Nasceu em Vit\u00f3ria, Espanha, no dia 07 de setembro de 1842, tendo recebido o batismo no dia seguinte. Ficou \u00f3rf\u00e3 de pai muito cedo e foi sua [&hellip;]","og_url":"https:\/\/www.oarcanjo.net\/site\/santa-maria-josefina-do-coracao-de-jesus-sancho-de-guerra\/","og_site_name":"O Arcanjo no ar","article_publisher":"https:\/\/www.facebook.com\/OArcanjoNoAr\/","article_published_time":"2019-03-20T03:25:27+00:00","article_modified_time":"2019-02-20T11:09:46+00:00","og_image":[{"url":"http:\/\/www.paroquiameninojesus.com.br\/modules\/news\/images\/josefina.gif"}],"author":"danilo","twitter_card":"summary_large_image","twitter_misc":{"Escrito por":"danilo","Est. tempo de leitura":"3 minutos"},"schema":{"@context":"https:\/\/schema.org","@graph":[{"@type":"Article","@id":"https:\/\/www.oarcanjo.net\/site\/santa-maria-josefina-do-coracao-de-jesus-sancho-de-guerra\/#article","isPartOf":{"@id":"https:\/\/www.oarcanjo.net\/site\/santa-maria-josefina-do-coracao-de-jesus-sancho-de-guerra\/"},"author":{"name":"danilo","@id":"https:\/\/www.oarcanjo.net\/site\/#\/schema\/person\/5eb9480bedd2f3c97e430ce128c29c6c"},"headline":"Santa Maria Josefina do Cora\u00e7\u00e3o de Jesus Sancho de Guerra","datePublished":"2019-03-20T03:25:27+00:00","dateModified":"2019-02-20T11:09:46+00:00","mainEntityOfPage":{"@id":"https:\/\/www.oarcanjo.net\/site\/santa-maria-josefina-do-coracao-de-jesus-sancho-de-guerra\/"},"wordCount":701,"commentCount":0,"publisher":{"@id":"https:\/\/www.oarcanjo.net\/site\/#organization"},"image":{"@id":"https:\/\/www.oarcanjo.net\/site\/santa-maria-josefina-do-coracao-de-jesus-sancho-de-guerra\/#primaryimage"},"thumbnailUrl":"http:\/\/www.paroquiameninojesus.com.br\/modules\/news\/images\/josefina.gif","articleSection":["Testemunhos"],"inLanguage":"pt-BR","potentialAction":[{"@type":"CommentAction","name":"Comment","target":["https:\/\/www.oarcanjo.net\/site\/santa-maria-josefina-do-coracao-de-jesus-sancho-de-guerra\/#respond"]}]},{"@type":"WebPage","@id":"https:\/\/www.oarcanjo.net\/site\/santa-maria-josefina-do-coracao-de-jesus-sancho-de-guerra\/","url":"https:\/\/www.oarcanjo.net\/site\/santa-maria-josefina-do-coracao-de-jesus-sancho-de-guerra\/","name":"Santa Maria Josefina do Cora\u00e7\u00e3o de Jesus Sancho de Guerra - O Arcanjo no ar","isPartOf":{"@id":"https:\/\/www.oarcanjo.net\/site\/#website"},"primaryImageOfPage":{"@id":"https:\/\/www.oarcanjo.net\/site\/santa-maria-josefina-do-coracao-de-jesus-sancho-de-guerra\/#primaryimage"},"image":{"@id":"https:\/\/www.oarcanjo.net\/site\/santa-maria-josefina-do-coracao-de-jesus-sancho-de-guerra\/#primaryimage"},"thumbnailUrl":"http:\/\/www.paroquiameninojesus.com.br\/modules\/news\/images\/josefina.gif","datePublished":"2019-03-20T03:25:27+00:00","dateModified":"2019-02-20T11:09:46+00:00","breadcrumb":{"@id":"https:\/\/www.oarcanjo.net\/site\/santa-maria-josefina-do-coracao-de-jesus-sancho-de-guerra\/#breadcrumb"},"inLanguage":"pt-BR","potentialAction":[{"@type":"ReadAction","target":["https:\/\/www.oarcanjo.net\/site\/santa-maria-josefina-do-coracao-de-jesus-sancho-de-guerra\/"]}]},{"@type":"ImageObject","inLanguage":"pt-BR","@id":"https:\/\/www.oarcanjo.net\/site\/santa-maria-josefina-do-coracao-de-jesus-sancho-de-guerra\/#primaryimage","url":"http:\/\/www.paroquiameninojesus.com.br\/modules\/news\/images\/josefina.gif","contentUrl":"http:\/\/www.paroquiameninojesus.com.br\/modules\/news\/images\/josefina.gif"},{"@type":"BreadcrumbList","@id":"https:\/\/www.oarcanjo.net\/site\/santa-maria-josefina-do-coracao-de-jesus-sancho-de-guerra\/#breadcrumb","itemListElement":[{"@type":"ListItem","position":1,"name":"In\u00edcio","item":"https:\/\/www.oarcanjo.net\/site\/"},{"@type":"ListItem","position":2,"name":"Santa Maria Josefina do Cora\u00e7\u00e3o de Jesus Sancho de Guerra"}]},{"@type":"WebSite","@id":"https:\/\/www.oarcanjo.net\/site\/#website","url":"https:\/\/www.oarcanjo.net\/site\/","name":"O Arcanjo no ar","description":"Site da Par\u00f3quia S\u00e3o Miguel Arcanjo (Arquidiocese de SP)","publisher":{"@id":"https:\/\/www.oarcanjo.net\/site\/#organization"},"potentialAction":[{"@type":"SearchAction","target":{"@type":"EntryPoint","urlTemplate":"https:\/\/www.oarcanjo.net\/site\/?s={search_term_string}"},"query-input":{"@type":"PropertyValueSpecification","valueRequired":true,"valueName":"search_term_string"}}],"inLanguage":"pt-BR"},{"@type":"Organization","@id":"https:\/\/www.oarcanjo.net\/site\/#organization","name":"Par\u00f3quia S\u00e3o Miguel Arcanjo","url":"https:\/\/www.oarcanjo.net\/site\/","logo":{"@type":"ImageObject","inLanguage":"pt-BR","@id":"https:\/\/www.oarcanjo.net\/site\/#\/schema\/logo\/image\/","url":"https:\/\/www.oarcanjo.net\/site\/wp-content\/uploads\/LogoOArcanjo.png","contentUrl":"https:\/\/www.oarcanjo.net\/site\/wp-content\/uploads\/LogoOArcanjo.png","width":319,"height":99,"caption":"Par\u00f3quia S\u00e3o Miguel Arcanjo"},"image":{"@id":"https:\/\/www.oarcanjo.net\/site\/#\/schema\/logo\/image\/"},"sameAs":["https:\/\/www.facebook.com\/OArcanjoNoAr\/"]},{"@type":"Person","@id":"https:\/\/www.oarcanjo.net\/site\/#\/schema\/person\/5eb9480bedd2f3c97e430ce128c29c6c","name":"danilo"}]}},"publishpress_future_action":{"enabled":false,"date":"2026-05-07 21:00:05","action":"category","newStatus":"draft","terms":[],"taxonomy":"category"},"publishpress_future_workflow_manual_trigger":{"enabledWorkflows":[]},"_links":{"self":[{"href":"https:\/\/www.oarcanjo.net\/site\/wp-json\/wp\/v2\/posts\/8400"}],"collection":[{"href":"https:\/\/www.oarcanjo.net\/site\/wp-json\/wp\/v2\/posts"}],"about":[{"href":"https:\/\/www.oarcanjo.net\/site\/wp-json\/wp\/v2\/types\/post"}],"author":[{"embeddable":true,"href":"https:\/\/www.oarcanjo.net\/site\/wp-json\/wp\/v2\/users\/14"}],"replies":[{"embeddable":true,"href":"https:\/\/www.oarcanjo.net\/site\/wp-json\/wp\/v2\/comments?post=8400"}],"version-history":[{"count":1,"href":"https:\/\/www.oarcanjo.net\/site\/wp-json\/wp\/v2\/posts\/8400\/revisions"}],"predecessor-version":[{"id":93002,"href":"https:\/\/www.oarcanjo.net\/site\/wp-json\/wp\/v2\/posts\/8400\/revisions\/93002"}],"wp:attachment":[{"href":"https:\/\/www.oarcanjo.net\/site\/wp-json\/wp\/v2\/media?parent=8400"}],"wp:term":[{"taxonomy":"category","embeddable":true,"href":"https:\/\/www.oarcanjo.net\/site\/wp-json\/wp\/v2\/categories?post=8400"},{"taxonomy":"post_tag","embeddable":true,"href":"https:\/\/www.oarcanjo.net\/site\/wp-json\/wp\/v2\/tags?post=8400"}],"curies":[{"name":"wp","href":"https:\/\/api.w.org\/{rel}","templated":true}]}}