
{"id":8402,"date":"2019-03-20T00:30:13","date_gmt":"2019-03-20T03:30:13","guid":{"rendered":"http:\/\/www.oarcanjo.net\/site\/?p=8402"},"modified":"2019-02-20T08:09:51","modified_gmt":"2019-02-20T11:09:51","slug":"sao-jose-jozef-bilczewski","status":"publish","type":"post","link":"https:\/\/www.oarcanjo.net\/site\/sao-jose-jozef-bilczewski\/","title":{"rendered":"S\u00e3o Jos\u00e9 (Jozef) Bilczewski"},"content":{"rendered":"<p><img decoding=\"async\" src=\"http:\/\/4.bp.blogspot.com\/_z-c0Sh5Zlrs\/SJAZy402PfI\/AAAAAAAABEA\/Tk-VJdHZHD8\/s400\/S%C3%A3o+Jos%C3%A9+(Jozef)+Bilczewski.jpg\" alt=\"\" \/><\/p>\n<p>20 de Mar\u00e7o<\/p>\n<p>Jos\u00e9 (Jozef) nasceu dia 26 de abril de 1860 em Wilamowice (Pol\u00f4nia). Era o primeiro dos nove filhos de Francisco e Ana Fajkisz, uma fam\u00edlia de camponeses, onde, desde cedo, aprendeu as ora\u00e7\u00f5es e as primeiras no\u00e7\u00f5es do catecismo, fazendo nascer nele a f\u00e9 viva que o acompanhar\u00e1 durante toda a vida.<\/p>\n<p>Em 1872, terminados os estudos prim\u00e1rios, os pais mandaram Jos\u00e9 ao gin\u00e1sio na cidade de Wadowice, onde, muitos anos mais tarde, estudou tamb\u00e9m Jo\u00e3o Paulo II. Ele dedicou-se com muito empenho aos estudos, obtendo \u00f3timos resultados. Nesse per\u00edodo, participava diariamente das celebra\u00e7\u00f5es na igreja paroquial e decidiu entrar no Semin\u00e1rio Diocesano de Crac\u00f3via, onde desenvolveu ainda mais o esp\u00edrito de ora\u00e7\u00e3o, aprofundando sua forma\u00e7\u00e3o humana e espiritual.<\/p>\n<p>Foi ordenado sacerdote a 6 de julho de 1884. Depois de um ano de trabalho pastoral com grande zelo e dedica\u00e7\u00e3o foi enviado para continuar os estudos em Viena e, em seguida, em Roma e Paris. Trabalhou durante muito tempo como professor de Dogm\u00e1tica Especial na Universidade de Le\u00f3polis. Foi nomeado Arcebispo de Le\u00f3polis para o rito latino em 17 de dezembro de 1900 e recebeu a Ordena\u00e7\u00e3o episcopal a 20 de janeiro de 1901.<\/p>\n<p>Arcebispo de Lviv dos Latinos, foi um ponto de refer\u00eancia para cat\u00f3licos, ortodoxos e judeus durante a Primeira Guerra Mundial e nos diferentes conflitos que a seguiram.<br \/>\nDo Cora\u00e7\u00e3o de Jesus hauria um amor universal e dele aprendeu n\u00e3o s\u00f3 a mansid\u00e3o, a humildade e a bondade, mas tamb\u00e9m a paci\u00eancia nas prova\u00e7\u00f5es que enfrentou, durante a vida.<\/p>\n<p>Faleceu na sua Arquidiocese, no dia 20 de mar\u00e7o de 1923, depois de se ter preparado santamente para a morte, que acolheu com paz e submiss\u00e3o como sinal da vontade de Deus. Foi proclamado santo pelo papa Bento XVI, dia 23 de outubro de 2005.<\/p>\n<div id=\"themify_builder_content-8402\" data-postid=\"8402\" class=\"themify_builder_content themify_builder_content-8402 themify_builder themify_builder_front\">\n\t<\/div>\n<!-- \/themify_builder_content -->","protected":false},"excerpt":{"rendered":"<p>20 de Mar\u00e7o Jos\u00e9 (Jozef) nasceu dia 26 de abril de 1860 em Wilamowice (Pol\u00f4nia). Era o primeiro dos nove filhos de Francisco e Ana Fajkisz, uma fam\u00edlia de camponeses, onde, desde cedo, aprendeu as ora\u00e7\u00f5es e as primeiras no\u00e7\u00f5es do catecismo, fazendo nascer nele a f\u00e9 viva que o acompanhar\u00e1 durante toda a vida. [&hellip;]<\/p>\n","protected":false},"author":14,"featured_media":0,"comment_status":"open","ping_status":"open","sticky":false,"template":"","format":"standard","meta":{"ngg_post_thumbnail":0,"footnotes":""},"categories":[186],"tags":[],"yoast_head":"<!-- This site is optimized with the Yoast SEO plugin v23.5 - https:\/\/yoast.com\/wordpress\/plugins\/seo\/ -->\n<title>S\u00e3o Jos\u00e9 (Jozef) Bilczewski - O Arcanjo no ar<\/title>\n<meta name=\"robots\" content=\"index, follow, max-snippet:-1, max-image-preview:large, max-video-preview:-1\" \/>\n<link rel=\"canonical\" href=\"https:\/\/www.oarcanjo.net\/site\/sao-jose-jozef-bilczewski\/\" \/>\n<meta property=\"og:locale\" content=\"pt_BR\" \/>\n<meta property=\"og:type\" content=\"article\" \/>\n<meta property=\"og:title\" content=\"S\u00e3o Jos\u00e9 (Jozef) Bilczewski - O Arcanjo no ar\" \/>\n<meta property=\"og:description\" content=\"20 de Mar\u00e7o Jos\u00e9 (Jozef) nasceu dia 26 de abril de 1860 em Wilamowice (Pol\u00f4nia). Era o primeiro dos nove filhos de Francisco e Ana Fajkisz, uma fam\u00edlia de camponeses, onde, desde cedo, aprendeu as ora\u00e7\u00f5es e as primeiras no\u00e7\u00f5es do catecismo, fazendo nascer nele a f\u00e9 viva que o acompanhar\u00e1 durante toda a vida. [&hellip;]\" \/>\n<meta property=\"og:url\" content=\"https:\/\/www.oarcanjo.net\/site\/sao-jose-jozef-bilczewski\/\" \/>\n<meta property=\"og:site_name\" content=\"O Arcanjo no ar\" \/>\n<meta property=\"article:publisher\" content=\"https:\/\/www.facebook.com\/OArcanjoNoAr\/\" \/>\n<meta property=\"article:published_time\" content=\"2019-03-20T03:30:13+00:00\" \/>\n<meta property=\"article:modified_time\" content=\"2019-02-20T11:09:51+00:00\" \/>\n<meta property=\"og:image\" content=\"http:\/\/4.bp.blogspot.com\/_z-c0Sh5Zlrs\/SJAZy402PfI\/AAAAAAAABEA\/Tk-VJdHZHD8\/s400\/S%C3%A3o+Jos%C3%A9+(Jozef)+Bilczewski.jpg\" \/>\n<meta name=\"author\" content=\"danilo\" \/>\n<meta name=\"twitter:card\" content=\"summary_large_image\" \/>\n<meta name=\"twitter:label1\" content=\"Escrito por\" \/>\n\t<meta name=\"twitter:data1\" content=\"danilo\" \/>\n\t<meta name=\"twitter:label2\" content=\"Est. tempo de leitura\" \/>\n\t<meta name=\"twitter:data2\" content=\"2 minutos\" \/>\n<script type=\"application\/ld+json\" class=\"yoast-schema-graph\">{\"@context\":\"https:\/\/schema.org\",\"@graph\":[{\"@type\":\"Article\",\"@id\":\"https:\/\/www.oarcanjo.net\/site\/sao-jose-jozef-bilczewski\/#article\",\"isPartOf\":{\"@id\":\"https:\/\/www.oarcanjo.net\/site\/sao-jose-jozef-bilczewski\/\"},\"author\":{\"name\":\"danilo\",\"@id\":\"https:\/\/www.oarcanjo.net\/site\/#\/schema\/person\/5eb9480bedd2f3c97e430ce128c29c6c\"},\"headline\":\"S\u00e3o Jos\u00e9 (Jozef) Bilczewski\",\"datePublished\":\"2019-03-20T03:30:13+00:00\",\"dateModified\":\"2019-02-20T11:09:51+00:00\",\"mainEntityOfPage\":{\"@id\":\"https:\/\/www.oarcanjo.net\/site\/sao-jose-jozef-bilczewski\/\"},\"wordCount\":322,\"commentCount\":0,\"publisher\":{\"@id\":\"https:\/\/www.oarcanjo.net\/site\/#organization\"},\"image\":{\"@id\":\"https:\/\/www.oarcanjo.net\/site\/sao-jose-jozef-bilczewski\/#primaryimage\"},\"thumbnailUrl\":\"http:\/\/4.bp.blogspot.com\/_z-c0Sh5Zlrs\/SJAZy402PfI\/AAAAAAAABEA\/Tk-VJdHZHD8\/s400\/S%C3%A3o+Jos%C3%A9+(Jozef)+Bilczewski.jpg\",\"articleSection\":[\"Testemunhos\"],\"inLanguage\":\"pt-BR\",\"potentialAction\":[{\"@type\":\"CommentAction\",\"name\":\"Comment\",\"target\":[\"https:\/\/www.oarcanjo.net\/site\/sao-jose-jozef-bilczewski\/#respond\"]}]},{\"@type\":\"WebPage\",\"@id\":\"https:\/\/www.oarcanjo.net\/site\/sao-jose-jozef-bilczewski\/\",\"url\":\"https:\/\/www.oarcanjo.net\/site\/sao-jose-jozef-bilczewski\/\",\"name\":\"S\u00e3o Jos\u00e9 (Jozef) Bilczewski - O Arcanjo no ar\",\"isPartOf\":{\"@id\":\"https:\/\/www.oarcanjo.net\/site\/#website\"},\"primaryImageOfPage\":{\"@id\":\"https:\/\/www.oarcanjo.net\/site\/sao-jose-jozef-bilczewski\/#primaryimage\"},\"image\":{\"@id\":\"https:\/\/www.oarcanjo.net\/site\/sao-jose-jozef-bilczewski\/#primaryimage\"},\"thumbnailUrl\":\"http:\/\/4.bp.blogspot.com\/_z-c0Sh5Zlrs\/SJAZy402PfI\/AAAAAAAABEA\/Tk-VJdHZHD8\/s400\/S%C3%A3o+Jos%C3%A9+(Jozef)+Bilczewski.jpg\",\"datePublished\":\"2019-03-20T03:30:13+00:00\",\"dateModified\":\"2019-02-20T11:09:51+00:00\",\"breadcrumb\":{\"@id\":\"https:\/\/www.oarcanjo.net\/site\/sao-jose-jozef-bilczewski\/#breadcrumb\"},\"inLanguage\":\"pt-BR\",\"potentialAction\":[{\"@type\":\"ReadAction\",\"target\":[\"https:\/\/www.oarcanjo.net\/site\/sao-jose-jozef-bilczewski\/\"]}]},{\"@type\":\"ImageObject\",\"inLanguage\":\"pt-BR\",\"@id\":\"https:\/\/www.oarcanjo.net\/site\/sao-jose-jozef-bilczewski\/#primaryimage\",\"url\":\"http:\/\/4.bp.blogspot.com\/_z-c0Sh5Zlrs\/SJAZy402PfI\/AAAAAAAABEA\/Tk-VJdHZHD8\/s400\/S%C3%A3o+Jos%C3%A9+(Jozef)+Bilczewski.jpg\",\"contentUrl\":\"http:\/\/4.bp.blogspot.com\/_z-c0Sh5Zlrs\/SJAZy402PfI\/AAAAAAAABEA\/Tk-VJdHZHD8\/s400\/S%C3%A3o+Jos%C3%A9+(Jozef)+Bilczewski.jpg\"},{\"@type\":\"BreadcrumbList\",\"@id\":\"https:\/\/www.oarcanjo.net\/site\/sao-jose-jozef-bilczewski\/#breadcrumb\",\"itemListElement\":[{\"@type\":\"ListItem\",\"position\":1,\"name\":\"In\u00edcio\",\"item\":\"https:\/\/www.oarcanjo.net\/site\/\"},{\"@type\":\"ListItem\",\"position\":2,\"name\":\"S\u00e3o Jos\u00e9 (Jozef) Bilczewski\"}]},{\"@type\":\"WebSite\",\"@id\":\"https:\/\/www.oarcanjo.net\/site\/#website\",\"url\":\"https:\/\/www.oarcanjo.net\/site\/\",\"name\":\"O Arcanjo no ar\",\"description\":\"Site da Par\u00f3quia S\u00e3o Miguel Arcanjo (Arquidiocese de SP)\",\"publisher\":{\"@id\":\"https:\/\/www.oarcanjo.net\/site\/#organization\"},\"potentialAction\":[{\"@type\":\"SearchAction\",\"target\":{\"@type\":\"EntryPoint\",\"urlTemplate\":\"https:\/\/www.oarcanjo.net\/site\/?s={search_term_string}\"},\"query-input\":{\"@type\":\"PropertyValueSpecification\",\"valueRequired\":true,\"valueName\":\"search_term_string\"}}],\"inLanguage\":\"pt-BR\"},{\"@type\":\"Organization\",\"@id\":\"https:\/\/www.oarcanjo.net\/site\/#organization\",\"name\":\"Par\u00f3quia S\u00e3o Miguel Arcanjo\",\"url\":\"https:\/\/www.oarcanjo.net\/site\/\",\"logo\":{\"@type\":\"ImageObject\",\"inLanguage\":\"pt-BR\",\"@id\":\"https:\/\/www.oarcanjo.net\/site\/#\/schema\/logo\/image\/\",\"url\":\"https:\/\/www.oarcanjo.net\/site\/wp-content\/uploads\/LogoOArcanjo.png\",\"contentUrl\":\"https:\/\/www.oarcanjo.net\/site\/wp-content\/uploads\/LogoOArcanjo.png\",\"width\":319,\"height\":99,\"caption\":\"Par\u00f3quia S\u00e3o Miguel Arcanjo\"},\"image\":{\"@id\":\"https:\/\/www.oarcanjo.net\/site\/#\/schema\/logo\/image\/\"},\"sameAs\":[\"https:\/\/www.facebook.com\/OArcanjoNoAr\/\"]},{\"@type\":\"Person\",\"@id\":\"https:\/\/www.oarcanjo.net\/site\/#\/schema\/person\/5eb9480bedd2f3c97e430ce128c29c6c\",\"name\":\"danilo\"}]}<\/script>\n<!-- \/ Yoast SEO plugin. -->","yoast_head_json":{"title":"S\u00e3o Jos\u00e9 (Jozef) Bilczewski - O Arcanjo no ar","robots":{"index":"index","follow":"follow","max-snippet":"max-snippet:-1","max-image-preview":"max-image-preview:large","max-video-preview":"max-video-preview:-1"},"canonical":"https:\/\/www.oarcanjo.net\/site\/sao-jose-jozef-bilczewski\/","og_locale":"pt_BR","og_type":"article","og_title":"S\u00e3o Jos\u00e9 (Jozef) Bilczewski - O Arcanjo no ar","og_description":"20 de Mar\u00e7o Jos\u00e9 (Jozef) nasceu dia 26 de abril de 1860 em Wilamowice (Pol\u00f4nia). Era o primeiro dos nove filhos de Francisco e Ana Fajkisz, uma fam\u00edlia de camponeses, onde, desde cedo, aprendeu as ora\u00e7\u00f5es e as primeiras no\u00e7\u00f5es do catecismo, fazendo nascer nele a f\u00e9 viva que o acompanhar\u00e1 durante toda a vida. [&hellip;]","og_url":"https:\/\/www.oarcanjo.net\/site\/sao-jose-jozef-bilczewski\/","og_site_name":"O Arcanjo no ar","article_publisher":"https:\/\/www.facebook.com\/OArcanjoNoAr\/","article_published_time":"2019-03-20T03:30:13+00:00","article_modified_time":"2019-02-20T11:09:51+00:00","og_image":[{"url":"http:\/\/4.bp.blogspot.com\/_z-c0Sh5Zlrs\/SJAZy402PfI\/AAAAAAAABEA\/Tk-VJdHZHD8\/s400\/S%C3%A3o+Jos%C3%A9+(Jozef)+Bilczewski.jpg"}],"author":"danilo","twitter_card":"summary_large_image","twitter_misc":{"Escrito por":"danilo","Est. tempo de leitura":"2 minutos"},"schema":{"@context":"https:\/\/schema.org","@graph":[{"@type":"Article","@id":"https:\/\/www.oarcanjo.net\/site\/sao-jose-jozef-bilczewski\/#article","isPartOf":{"@id":"https:\/\/www.oarcanjo.net\/site\/sao-jose-jozef-bilczewski\/"},"author":{"name":"danilo","@id":"https:\/\/www.oarcanjo.net\/site\/#\/schema\/person\/5eb9480bedd2f3c97e430ce128c29c6c"},"headline":"S\u00e3o Jos\u00e9 (Jozef) Bilczewski","datePublished":"2019-03-20T03:30:13+00:00","dateModified":"2019-02-20T11:09:51+00:00","mainEntityOfPage":{"@id":"https:\/\/www.oarcanjo.net\/site\/sao-jose-jozef-bilczewski\/"},"wordCount":322,"commentCount":0,"publisher":{"@id":"https:\/\/www.oarcanjo.net\/site\/#organization"},"image":{"@id":"https:\/\/www.oarcanjo.net\/site\/sao-jose-jozef-bilczewski\/#primaryimage"},"thumbnailUrl":"http:\/\/4.bp.blogspot.com\/_z-c0Sh5Zlrs\/SJAZy402PfI\/AAAAAAAABEA\/Tk-VJdHZHD8\/s400\/S%C3%A3o+Jos%C3%A9+(Jozef)+Bilczewski.jpg","articleSection":["Testemunhos"],"inLanguage":"pt-BR","potentialAction":[{"@type":"CommentAction","name":"Comment","target":["https:\/\/www.oarcanjo.net\/site\/sao-jose-jozef-bilczewski\/#respond"]}]},{"@type":"WebPage","@id":"https:\/\/www.oarcanjo.net\/site\/sao-jose-jozef-bilczewski\/","url":"https:\/\/www.oarcanjo.net\/site\/sao-jose-jozef-bilczewski\/","name":"S\u00e3o Jos\u00e9 (Jozef) Bilczewski - O Arcanjo no ar","isPartOf":{"@id":"https:\/\/www.oarcanjo.net\/site\/#website"},"primaryImageOfPage":{"@id":"https:\/\/www.oarcanjo.net\/site\/sao-jose-jozef-bilczewski\/#primaryimage"},"image":{"@id":"https:\/\/www.oarcanjo.net\/site\/sao-jose-jozef-bilczewski\/#primaryimage"},"thumbnailUrl":"http:\/\/4.bp.blogspot.com\/_z-c0Sh5Zlrs\/SJAZy402PfI\/AAAAAAAABEA\/Tk-VJdHZHD8\/s400\/S%C3%A3o+Jos%C3%A9+(Jozef)+Bilczewski.jpg","datePublished":"2019-03-20T03:30:13+00:00","dateModified":"2019-02-20T11:09:51+00:00","breadcrumb":{"@id":"https:\/\/www.oarcanjo.net\/site\/sao-jose-jozef-bilczewski\/#breadcrumb"},"inLanguage":"pt-BR","potentialAction":[{"@type":"ReadAction","target":["https:\/\/www.oarcanjo.net\/site\/sao-jose-jozef-bilczewski\/"]}]},{"@type":"ImageObject","inLanguage":"pt-BR","@id":"https:\/\/www.oarcanjo.net\/site\/sao-jose-jozef-bilczewski\/#primaryimage","url":"http:\/\/4.bp.blogspot.com\/_z-c0Sh5Zlrs\/SJAZy402PfI\/AAAAAAAABEA\/Tk-VJdHZHD8\/s400\/S%C3%A3o+Jos%C3%A9+(Jozef)+Bilczewski.jpg","contentUrl":"http:\/\/4.bp.blogspot.com\/_z-c0Sh5Zlrs\/SJAZy402PfI\/AAAAAAAABEA\/Tk-VJdHZHD8\/s400\/S%C3%A3o+Jos%C3%A9+(Jozef)+Bilczewski.jpg"},{"@type":"BreadcrumbList","@id":"https:\/\/www.oarcanjo.net\/site\/sao-jose-jozef-bilczewski\/#breadcrumb","itemListElement":[{"@type":"ListItem","position":1,"name":"In\u00edcio","item":"https:\/\/www.oarcanjo.net\/site\/"},{"@type":"ListItem","position":2,"name":"S\u00e3o Jos\u00e9 (Jozef) Bilczewski"}]},{"@type":"WebSite","@id":"https:\/\/www.oarcanjo.net\/site\/#website","url":"https:\/\/www.oarcanjo.net\/site\/","name":"O Arcanjo no ar","description":"Site da Par\u00f3quia S\u00e3o Miguel Arcanjo (Arquidiocese de SP)","publisher":{"@id":"https:\/\/www.oarcanjo.net\/site\/#organization"},"potentialAction":[{"@type":"SearchAction","target":{"@type":"EntryPoint","urlTemplate":"https:\/\/www.oarcanjo.net\/site\/?s={search_term_string}"},"query-input":{"@type":"PropertyValueSpecification","valueRequired":true,"valueName":"search_term_string"}}],"inLanguage":"pt-BR"},{"@type":"Organization","@id":"https:\/\/www.oarcanjo.net\/site\/#organization","name":"Par\u00f3quia S\u00e3o Miguel Arcanjo","url":"https:\/\/www.oarcanjo.net\/site\/","logo":{"@type":"ImageObject","inLanguage":"pt-BR","@id":"https:\/\/www.oarcanjo.net\/site\/#\/schema\/logo\/image\/","url":"https:\/\/www.oarcanjo.net\/site\/wp-content\/uploads\/LogoOArcanjo.png","contentUrl":"https:\/\/www.oarcanjo.net\/site\/wp-content\/uploads\/LogoOArcanjo.png","width":319,"height":99,"caption":"Par\u00f3quia S\u00e3o Miguel Arcanjo"},"image":{"@id":"https:\/\/www.oarcanjo.net\/site\/#\/schema\/logo\/image\/"},"sameAs":["https:\/\/www.facebook.com\/OArcanjoNoAr\/"]},{"@type":"Person","@id":"https:\/\/www.oarcanjo.net\/site\/#\/schema\/person\/5eb9480bedd2f3c97e430ce128c29c6c","name":"danilo"}]}},"publishpress_future_action":{"enabled":false,"date":"2026-05-07 21:00:47","action":"category","newStatus":"draft","terms":[],"taxonomy":"category"},"publishpress_future_workflow_manual_trigger":{"enabledWorkflows":[]},"_links":{"self":[{"href":"https:\/\/www.oarcanjo.net\/site\/wp-json\/wp\/v2\/posts\/8402"}],"collection":[{"href":"https:\/\/www.oarcanjo.net\/site\/wp-json\/wp\/v2\/posts"}],"about":[{"href":"https:\/\/www.oarcanjo.net\/site\/wp-json\/wp\/v2\/types\/post"}],"author":[{"embeddable":true,"href":"https:\/\/www.oarcanjo.net\/site\/wp-json\/wp\/v2\/users\/14"}],"replies":[{"embeddable":true,"href":"https:\/\/www.oarcanjo.net\/site\/wp-json\/wp\/v2\/comments?post=8402"}],"version-history":[{"count":1,"href":"https:\/\/www.oarcanjo.net\/site\/wp-json\/wp\/v2\/posts\/8402\/revisions"}],"predecessor-version":[{"id":93003,"href":"https:\/\/www.oarcanjo.net\/site\/wp-json\/wp\/v2\/posts\/8402\/revisions\/93003"}],"wp:attachment":[{"href":"https:\/\/www.oarcanjo.net\/site\/wp-json\/wp\/v2\/media?parent=8402"}],"wp:term":[{"taxonomy":"category","embeddable":true,"href":"https:\/\/www.oarcanjo.net\/site\/wp-json\/wp\/v2\/categories?post=8402"},{"taxonomy":"post_tag","embeddable":true,"href":"https:\/\/www.oarcanjo.net\/site\/wp-json\/wp\/v2\/tags?post=8402"}],"curies":[{"name":"wp","href":"https:\/\/api.w.org\/{rel}","templated":true}]}}