
{"id":8404,"date":"2019-03-20T00:31:49","date_gmt":"2019-03-20T03:31:49","guid":{"rendered":"http:\/\/www.oarcanjo.net\/site\/?p=8404"},"modified":"2019-02-20T08:09:55","modified_gmt":"2019-02-20T11:09:55","slug":"bem-aventurado-ambrosio-sansedoni-de-sena","status":"publish","type":"post","link":"https:\/\/www.oarcanjo.net\/site\/bem-aventurado-ambrosio-sansedoni-de-sena\/","title":{"rendered":"Bem-aventurado Ambr\u00f3sio Sansedoni de Sena"},"content":{"rendered":"<p><img decoding=\"async\" src=\"http:\/\/www.portalangels.com\/santo_do_dia\/S2003D.gif\" alt=\"\" \/><\/p>\n<p>20 de Mar\u00e7o<\/p>\n<p>Ambr\u00f3sio Sansedoni, nasceu no majestoso pal\u00e1cio da sua nobre fam\u00edlia, no ano 1220, na cidade de Sena, It\u00e1lia. Segundo a tradi\u00e7\u00e3o, parece que ele nasceu disforme, com algumas imperfei\u00e7\u00f5es nas pernas e bra\u00e7os, por este motivo foi confiado a uma ama de leite, que o mantinha fora do pal\u00e1cio, pois a fam\u00edlia se envergonhava da sua condi\u00e7\u00e3o. Mas, esta senhora, muito crist\u00e3 e piedosa, cuidou dele com carinho e afei\u00e7\u00e3o. Todos os dias, ela o levava nos bra\u00e7os, cobrindo inclusive o seu rosto, \u00e0 igreja, onde rezava com fervor, para que o menino fosse curado.<\/p>\n<p>Certa vez, um peregrino disse \u00e0 ama de leite: &#8220;Mulher, n\u00e3o escondas o rosto desta crian\u00e7a, porque ser\u00e1 a luz e a gl\u00f3ria desta cidade&#8221;. N\u00e3o passou muito tempo Ambr\u00f3sio foi curado milagrosamente. Tinha pouco mais de tr\u00eas anos, quando retornou ao pal\u00e1cio e ao seio da fam\u00edlia. Depois, aos dezessete anos, abandonou tudo para ingressar na Ordem dos Padres Predicadores Dominicanos.<\/p>\n<p>O noviciado e os primeiros estudos, ele completou em Sena, depois fez o aperfei\u00e7oamento, em 1245, na diocese de Paris e de l\u00e1 seguiu para a Alemanha, na diocese de Col\u00f4nia. Teve como professor, o futuro santo, Alberto Magno e como companheiros Pedro de Tarantasia, que mais tarde foi eleito Papa Inoc\u00eancio V e Tom\u00e1s d&#8217;Aquino, que a Igreja homenageia com o t\u00edtulo de Doutor.<\/p>\n<p>Ambr\u00f3sio foi chamado para ir lecionar em Paris. A partir de ent\u00e3o se tornou conhecido, principalmente, pela efic\u00e1cia de sua prega\u00e7\u00e3o na igreja e na pra\u00e7a, entre os salmos e entre os tumultos. Alguns pintores o representaram com o Esp\u00edrito Santo em forma de pomba branca, que lhe fala ao ouvido.<\/p>\n<p>Seus dons excepcionais de convencimento e concilia\u00e7\u00e3o, marcaram a hist\u00f3ria da Igreja e da humanidade. Foi enviado \u00e0 Alemanha como mediador da paz entre v\u00e1rias fam\u00edlias em conflito. Regressou a Sena e alcan\u00e7ou do Papa Greg\u00f3rio X a supress\u00e3o de um interdito que havia reca\u00eddo sobre a sua cidade. Depois disto, este mesmo pont\u00edfice lhe confiou ainda outras miss\u00f5es de paz pela It\u00e1lia, Hungria, Fran\u00e7a e novamente Alemanha<\/p>\n<p>Acusado de impostor e de ambicioso por um poderoso senhor, Ambr\u00f3sio respondeu-lhe: &#8220;Deus se chama Rei da Paz. \u00c9 por isso que cada um deve desejar a paz com o pr\u00f3ximo. Deus n\u00e3o a concede sen\u00e3o aos que a concedem de bom cora\u00e7\u00e3o aos outros. O que eu fa\u00e7o n\u00e3o \u00e9 por mim mesmo, mas pela vontade daquele que tem poder sobre mim. Agora, pois, se \u00e9 por minha causa, se \u00e9 que vos perturbo, pe\u00e7o-vos perd\u00e3o &#8230;&#8221;<\/p>\n<p>No ano 1270, foi chamado a Roma pelo Papa, para ajudar na restaura\u00e7\u00e3o dos estudos eclesi\u00e1sticos. Morreu v\u00edtima do seu zelo, no dia 20 de mar\u00e7o de 1286, em Sena, durante um serm\u00e3o. Falou com tamanha veem\u00eancia contra os usur\u00e1rios, que se romperam v\u00e1rias veias no peito, causando-lhe a morte instant\u00e2nea. O papa Clemente VIII, em 1597, fez incluir no Calend\u00e1rio da Igreja, o Beato Ambr\u00f3sio Sansedoni, de Sena, para ser venerado no dia de sua morte.<\/p>\n<div id=\"themify_builder_content-8404\" data-postid=\"8404\" class=\"themify_builder_content themify_builder_content-8404 themify_builder themify_builder_front\">\n\t<\/div>\n<!-- \/themify_builder_content -->","protected":false},"excerpt":{"rendered":"<p>20 de Mar\u00e7o Ambr\u00f3sio Sansedoni, nasceu no majestoso pal\u00e1cio da sua nobre fam\u00edlia, no ano 1220, na cidade de Sena, It\u00e1lia. Segundo a tradi\u00e7\u00e3o, parece que ele nasceu disforme, com algumas imperfei\u00e7\u00f5es nas pernas e bra\u00e7os, por este motivo foi confiado a uma ama de leite, que o mantinha fora do pal\u00e1cio, pois a fam\u00edlia [&hellip;]<\/p>\n","protected":false},"author":14,"featured_media":0,"comment_status":"open","ping_status":"open","sticky":false,"template":"","format":"standard","meta":{"ngg_post_thumbnail":0,"footnotes":""},"categories":[186],"tags":[],"yoast_head":"<!-- This site is optimized with the Yoast SEO plugin v23.5 - https:\/\/yoast.com\/wordpress\/plugins\/seo\/ -->\n<title>Bem-aventurado Ambr\u00f3sio Sansedoni de Sena - O Arcanjo no ar<\/title>\n<meta name=\"robots\" content=\"index, follow, max-snippet:-1, max-image-preview:large, max-video-preview:-1\" \/>\n<link rel=\"canonical\" href=\"https:\/\/www.oarcanjo.net\/site\/bem-aventurado-ambrosio-sansedoni-de-sena\/\" \/>\n<meta property=\"og:locale\" content=\"pt_BR\" \/>\n<meta property=\"og:type\" content=\"article\" \/>\n<meta property=\"og:title\" content=\"Bem-aventurado Ambr\u00f3sio Sansedoni de Sena - O Arcanjo no ar\" \/>\n<meta property=\"og:description\" content=\"20 de Mar\u00e7o Ambr\u00f3sio Sansedoni, nasceu no majestoso pal\u00e1cio da sua nobre fam\u00edlia, no ano 1220, na cidade de Sena, It\u00e1lia. Segundo a tradi\u00e7\u00e3o, parece que ele nasceu disforme, com algumas imperfei\u00e7\u00f5es nas pernas e bra\u00e7os, por este motivo foi confiado a uma ama de leite, que o mantinha fora do pal\u00e1cio, pois a fam\u00edlia [&hellip;]\" \/>\n<meta property=\"og:url\" content=\"https:\/\/www.oarcanjo.net\/site\/bem-aventurado-ambrosio-sansedoni-de-sena\/\" \/>\n<meta property=\"og:site_name\" content=\"O Arcanjo no ar\" \/>\n<meta property=\"article:publisher\" content=\"https:\/\/www.facebook.com\/OArcanjoNoAr\/\" \/>\n<meta property=\"article:published_time\" content=\"2019-03-20T03:31:49+00:00\" \/>\n<meta property=\"article:modified_time\" content=\"2019-02-20T11:09:55+00:00\" \/>\n<meta property=\"og:image\" content=\"http:\/\/www.portalangels.com\/santo_do_dia\/S2003D.gif\" \/>\n<meta name=\"author\" content=\"danilo\" \/>\n<meta name=\"twitter:card\" content=\"summary_large_image\" \/>\n<meta name=\"twitter:label1\" content=\"Escrito por\" \/>\n\t<meta name=\"twitter:data1\" content=\"danilo\" \/>\n\t<meta name=\"twitter:label2\" content=\"Est. tempo de leitura\" \/>\n\t<meta name=\"twitter:data2\" content=\"3 minutos\" \/>\n<script type=\"application\/ld+json\" class=\"yoast-schema-graph\">{\"@context\":\"https:\/\/schema.org\",\"@graph\":[{\"@type\":\"Article\",\"@id\":\"https:\/\/www.oarcanjo.net\/site\/bem-aventurado-ambrosio-sansedoni-de-sena\/#article\",\"isPartOf\":{\"@id\":\"https:\/\/www.oarcanjo.net\/site\/bem-aventurado-ambrosio-sansedoni-de-sena\/\"},\"author\":{\"name\":\"danilo\",\"@id\":\"https:\/\/www.oarcanjo.net\/site\/#\/schema\/person\/5eb9480bedd2f3c97e430ce128c29c6c\"},\"headline\":\"Bem-aventurado Ambr\u00f3sio Sansedoni de Sena\",\"datePublished\":\"2019-03-20T03:31:49+00:00\",\"dateModified\":\"2019-02-20T11:09:55+00:00\",\"mainEntityOfPage\":{\"@id\":\"https:\/\/www.oarcanjo.net\/site\/bem-aventurado-ambrosio-sansedoni-de-sena\/\"},\"wordCount\":554,\"commentCount\":0,\"publisher\":{\"@id\":\"https:\/\/www.oarcanjo.net\/site\/#organization\"},\"image\":{\"@id\":\"https:\/\/www.oarcanjo.net\/site\/bem-aventurado-ambrosio-sansedoni-de-sena\/#primaryimage\"},\"thumbnailUrl\":\"http:\/\/www.portalangels.com\/santo_do_dia\/S2003D.gif\",\"articleSection\":[\"Testemunhos\"],\"inLanguage\":\"pt-BR\",\"potentialAction\":[{\"@type\":\"CommentAction\",\"name\":\"Comment\",\"target\":[\"https:\/\/www.oarcanjo.net\/site\/bem-aventurado-ambrosio-sansedoni-de-sena\/#respond\"]}]},{\"@type\":\"WebPage\",\"@id\":\"https:\/\/www.oarcanjo.net\/site\/bem-aventurado-ambrosio-sansedoni-de-sena\/\",\"url\":\"https:\/\/www.oarcanjo.net\/site\/bem-aventurado-ambrosio-sansedoni-de-sena\/\",\"name\":\"Bem-aventurado Ambr\u00f3sio Sansedoni de Sena - O Arcanjo no ar\",\"isPartOf\":{\"@id\":\"https:\/\/www.oarcanjo.net\/site\/#website\"},\"primaryImageOfPage\":{\"@id\":\"https:\/\/www.oarcanjo.net\/site\/bem-aventurado-ambrosio-sansedoni-de-sena\/#primaryimage\"},\"image\":{\"@id\":\"https:\/\/www.oarcanjo.net\/site\/bem-aventurado-ambrosio-sansedoni-de-sena\/#primaryimage\"},\"thumbnailUrl\":\"http:\/\/www.portalangels.com\/santo_do_dia\/S2003D.gif\",\"datePublished\":\"2019-03-20T03:31:49+00:00\",\"dateModified\":\"2019-02-20T11:09:55+00:00\",\"breadcrumb\":{\"@id\":\"https:\/\/www.oarcanjo.net\/site\/bem-aventurado-ambrosio-sansedoni-de-sena\/#breadcrumb\"},\"inLanguage\":\"pt-BR\",\"potentialAction\":[{\"@type\":\"ReadAction\",\"target\":[\"https:\/\/www.oarcanjo.net\/site\/bem-aventurado-ambrosio-sansedoni-de-sena\/\"]}]},{\"@type\":\"ImageObject\",\"inLanguage\":\"pt-BR\",\"@id\":\"https:\/\/www.oarcanjo.net\/site\/bem-aventurado-ambrosio-sansedoni-de-sena\/#primaryimage\",\"url\":\"http:\/\/www.portalangels.com\/santo_do_dia\/S2003D.gif\",\"contentUrl\":\"http:\/\/www.portalangels.com\/santo_do_dia\/S2003D.gif\"},{\"@type\":\"BreadcrumbList\",\"@id\":\"https:\/\/www.oarcanjo.net\/site\/bem-aventurado-ambrosio-sansedoni-de-sena\/#breadcrumb\",\"itemListElement\":[{\"@type\":\"ListItem\",\"position\":1,\"name\":\"In\u00edcio\",\"item\":\"https:\/\/www.oarcanjo.net\/site\/\"},{\"@type\":\"ListItem\",\"position\":2,\"name\":\"Bem-aventurado Ambr\u00f3sio Sansedoni de Sena\"}]},{\"@type\":\"WebSite\",\"@id\":\"https:\/\/www.oarcanjo.net\/site\/#website\",\"url\":\"https:\/\/www.oarcanjo.net\/site\/\",\"name\":\"O Arcanjo no ar\",\"description\":\"Site da Par\u00f3quia S\u00e3o Miguel Arcanjo (Arquidiocese de SP)\",\"publisher\":{\"@id\":\"https:\/\/www.oarcanjo.net\/site\/#organization\"},\"potentialAction\":[{\"@type\":\"SearchAction\",\"target\":{\"@type\":\"EntryPoint\",\"urlTemplate\":\"https:\/\/www.oarcanjo.net\/site\/?s={search_term_string}\"},\"query-input\":{\"@type\":\"PropertyValueSpecification\",\"valueRequired\":true,\"valueName\":\"search_term_string\"}}],\"inLanguage\":\"pt-BR\"},{\"@type\":\"Organization\",\"@id\":\"https:\/\/www.oarcanjo.net\/site\/#organization\",\"name\":\"Par\u00f3quia S\u00e3o Miguel Arcanjo\",\"url\":\"https:\/\/www.oarcanjo.net\/site\/\",\"logo\":{\"@type\":\"ImageObject\",\"inLanguage\":\"pt-BR\",\"@id\":\"https:\/\/www.oarcanjo.net\/site\/#\/schema\/logo\/image\/\",\"url\":\"https:\/\/www.oarcanjo.net\/site\/wp-content\/uploads\/LogoOArcanjo.png\",\"contentUrl\":\"https:\/\/www.oarcanjo.net\/site\/wp-content\/uploads\/LogoOArcanjo.png\",\"width\":319,\"height\":99,\"caption\":\"Par\u00f3quia S\u00e3o Miguel Arcanjo\"},\"image\":{\"@id\":\"https:\/\/www.oarcanjo.net\/site\/#\/schema\/logo\/image\/\"},\"sameAs\":[\"https:\/\/www.facebook.com\/OArcanjoNoAr\/\"]},{\"@type\":\"Person\",\"@id\":\"https:\/\/www.oarcanjo.net\/site\/#\/schema\/person\/5eb9480bedd2f3c97e430ce128c29c6c\",\"name\":\"danilo\"}]}<\/script>\n<!-- \/ Yoast SEO plugin. -->","yoast_head_json":{"title":"Bem-aventurado Ambr\u00f3sio Sansedoni de Sena - O Arcanjo no ar","robots":{"index":"index","follow":"follow","max-snippet":"max-snippet:-1","max-image-preview":"max-image-preview:large","max-video-preview":"max-video-preview:-1"},"canonical":"https:\/\/www.oarcanjo.net\/site\/bem-aventurado-ambrosio-sansedoni-de-sena\/","og_locale":"pt_BR","og_type":"article","og_title":"Bem-aventurado Ambr\u00f3sio Sansedoni de Sena - O Arcanjo no ar","og_description":"20 de Mar\u00e7o Ambr\u00f3sio Sansedoni, nasceu no majestoso pal\u00e1cio da sua nobre fam\u00edlia, no ano 1220, na cidade de Sena, It\u00e1lia. Segundo a tradi\u00e7\u00e3o, parece que ele nasceu disforme, com algumas imperfei\u00e7\u00f5es nas pernas e bra\u00e7os, por este motivo foi confiado a uma ama de leite, que o mantinha fora do pal\u00e1cio, pois a fam\u00edlia [&hellip;]","og_url":"https:\/\/www.oarcanjo.net\/site\/bem-aventurado-ambrosio-sansedoni-de-sena\/","og_site_name":"O Arcanjo no ar","article_publisher":"https:\/\/www.facebook.com\/OArcanjoNoAr\/","article_published_time":"2019-03-20T03:31:49+00:00","article_modified_time":"2019-02-20T11:09:55+00:00","og_image":[{"url":"http:\/\/www.portalangels.com\/santo_do_dia\/S2003D.gif"}],"author":"danilo","twitter_card":"summary_large_image","twitter_misc":{"Escrito por":"danilo","Est. tempo de leitura":"3 minutos"},"schema":{"@context":"https:\/\/schema.org","@graph":[{"@type":"Article","@id":"https:\/\/www.oarcanjo.net\/site\/bem-aventurado-ambrosio-sansedoni-de-sena\/#article","isPartOf":{"@id":"https:\/\/www.oarcanjo.net\/site\/bem-aventurado-ambrosio-sansedoni-de-sena\/"},"author":{"name":"danilo","@id":"https:\/\/www.oarcanjo.net\/site\/#\/schema\/person\/5eb9480bedd2f3c97e430ce128c29c6c"},"headline":"Bem-aventurado Ambr\u00f3sio Sansedoni de Sena","datePublished":"2019-03-20T03:31:49+00:00","dateModified":"2019-02-20T11:09:55+00:00","mainEntityOfPage":{"@id":"https:\/\/www.oarcanjo.net\/site\/bem-aventurado-ambrosio-sansedoni-de-sena\/"},"wordCount":554,"commentCount":0,"publisher":{"@id":"https:\/\/www.oarcanjo.net\/site\/#organization"},"image":{"@id":"https:\/\/www.oarcanjo.net\/site\/bem-aventurado-ambrosio-sansedoni-de-sena\/#primaryimage"},"thumbnailUrl":"http:\/\/www.portalangels.com\/santo_do_dia\/S2003D.gif","articleSection":["Testemunhos"],"inLanguage":"pt-BR","potentialAction":[{"@type":"CommentAction","name":"Comment","target":["https:\/\/www.oarcanjo.net\/site\/bem-aventurado-ambrosio-sansedoni-de-sena\/#respond"]}]},{"@type":"WebPage","@id":"https:\/\/www.oarcanjo.net\/site\/bem-aventurado-ambrosio-sansedoni-de-sena\/","url":"https:\/\/www.oarcanjo.net\/site\/bem-aventurado-ambrosio-sansedoni-de-sena\/","name":"Bem-aventurado Ambr\u00f3sio Sansedoni de Sena - O Arcanjo no ar","isPartOf":{"@id":"https:\/\/www.oarcanjo.net\/site\/#website"},"primaryImageOfPage":{"@id":"https:\/\/www.oarcanjo.net\/site\/bem-aventurado-ambrosio-sansedoni-de-sena\/#primaryimage"},"image":{"@id":"https:\/\/www.oarcanjo.net\/site\/bem-aventurado-ambrosio-sansedoni-de-sena\/#primaryimage"},"thumbnailUrl":"http:\/\/www.portalangels.com\/santo_do_dia\/S2003D.gif","datePublished":"2019-03-20T03:31:49+00:00","dateModified":"2019-02-20T11:09:55+00:00","breadcrumb":{"@id":"https:\/\/www.oarcanjo.net\/site\/bem-aventurado-ambrosio-sansedoni-de-sena\/#breadcrumb"},"inLanguage":"pt-BR","potentialAction":[{"@type":"ReadAction","target":["https:\/\/www.oarcanjo.net\/site\/bem-aventurado-ambrosio-sansedoni-de-sena\/"]}]},{"@type":"ImageObject","inLanguage":"pt-BR","@id":"https:\/\/www.oarcanjo.net\/site\/bem-aventurado-ambrosio-sansedoni-de-sena\/#primaryimage","url":"http:\/\/www.portalangels.com\/santo_do_dia\/S2003D.gif","contentUrl":"http:\/\/www.portalangels.com\/santo_do_dia\/S2003D.gif"},{"@type":"BreadcrumbList","@id":"https:\/\/www.oarcanjo.net\/site\/bem-aventurado-ambrosio-sansedoni-de-sena\/#breadcrumb","itemListElement":[{"@type":"ListItem","position":1,"name":"In\u00edcio","item":"https:\/\/www.oarcanjo.net\/site\/"},{"@type":"ListItem","position":2,"name":"Bem-aventurado Ambr\u00f3sio Sansedoni de Sena"}]},{"@type":"WebSite","@id":"https:\/\/www.oarcanjo.net\/site\/#website","url":"https:\/\/www.oarcanjo.net\/site\/","name":"O Arcanjo no ar","description":"Site da Par\u00f3quia S\u00e3o Miguel Arcanjo (Arquidiocese de SP)","publisher":{"@id":"https:\/\/www.oarcanjo.net\/site\/#organization"},"potentialAction":[{"@type":"SearchAction","target":{"@type":"EntryPoint","urlTemplate":"https:\/\/www.oarcanjo.net\/site\/?s={search_term_string}"},"query-input":{"@type":"PropertyValueSpecification","valueRequired":true,"valueName":"search_term_string"}}],"inLanguage":"pt-BR"},{"@type":"Organization","@id":"https:\/\/www.oarcanjo.net\/site\/#organization","name":"Par\u00f3quia S\u00e3o Miguel Arcanjo","url":"https:\/\/www.oarcanjo.net\/site\/","logo":{"@type":"ImageObject","inLanguage":"pt-BR","@id":"https:\/\/www.oarcanjo.net\/site\/#\/schema\/logo\/image\/","url":"https:\/\/www.oarcanjo.net\/site\/wp-content\/uploads\/LogoOArcanjo.png","contentUrl":"https:\/\/www.oarcanjo.net\/site\/wp-content\/uploads\/LogoOArcanjo.png","width":319,"height":99,"caption":"Par\u00f3quia S\u00e3o Miguel Arcanjo"},"image":{"@id":"https:\/\/www.oarcanjo.net\/site\/#\/schema\/logo\/image\/"},"sameAs":["https:\/\/www.facebook.com\/OArcanjoNoAr\/"]},{"@type":"Person","@id":"https:\/\/www.oarcanjo.net\/site\/#\/schema\/person\/5eb9480bedd2f3c97e430ce128c29c6c","name":"danilo"}]}},"publishpress_future_action":{"enabled":false,"date":"2026-05-07 20:59:24","action":"category","newStatus":"draft","terms":[],"taxonomy":"category"},"publishpress_future_workflow_manual_trigger":{"enabledWorkflows":[]},"_links":{"self":[{"href":"https:\/\/www.oarcanjo.net\/site\/wp-json\/wp\/v2\/posts\/8404"}],"collection":[{"href":"https:\/\/www.oarcanjo.net\/site\/wp-json\/wp\/v2\/posts"}],"about":[{"href":"https:\/\/www.oarcanjo.net\/site\/wp-json\/wp\/v2\/types\/post"}],"author":[{"embeddable":true,"href":"https:\/\/www.oarcanjo.net\/site\/wp-json\/wp\/v2\/users\/14"}],"replies":[{"embeddable":true,"href":"https:\/\/www.oarcanjo.net\/site\/wp-json\/wp\/v2\/comments?post=8404"}],"version-history":[{"count":1,"href":"https:\/\/www.oarcanjo.net\/site\/wp-json\/wp\/v2\/posts\/8404\/revisions"}],"predecessor-version":[{"id":93004,"href":"https:\/\/www.oarcanjo.net\/site\/wp-json\/wp\/v2\/posts\/8404\/revisions\/93004"}],"wp:attachment":[{"href":"https:\/\/www.oarcanjo.net\/site\/wp-json\/wp\/v2\/media?parent=8404"}],"wp:term":[{"taxonomy":"category","embeddable":true,"href":"https:\/\/www.oarcanjo.net\/site\/wp-json\/wp\/v2\/categories?post=8404"},{"taxonomy":"post_tag","embeddable":true,"href":"https:\/\/www.oarcanjo.net\/site\/wp-json\/wp\/v2\/tags?post=8404"}],"curies":[{"name":"wp","href":"https:\/\/api.w.org\/{rel}","templated":true}]}}