
{"id":8407,"date":"2019-03-21T00:34:32","date_gmt":"2019-03-21T03:34:32","guid":{"rendered":"http:\/\/www.oarcanjo.net\/site\/?p=8407"},"modified":"2019-02-20T08:10:07","modified_gmt":"2019-02-20T11:10:07","slug":"sao-nicolau-de-flue","status":"publish","type":"post","link":"https:\/\/www.oarcanjo.net\/site\/sao-nicolau-de-flue\/","title":{"rendered":"S\u00e3o Nicolau de Flue"},"content":{"rendered":"<p><img decoding=\"async\" src=\"http:\/\/www.tudook.com\/portalcatolico\/images\/bruderklaussachseln.jpg\" alt=\"\" \/><\/p>\n<p>21 de Mar\u00e7o<\/p>\n<p>S\u00e3o Nicolau nasceu em 1417, em Flueli, perto de Sachseln.<\/p>\n<p>Seu desejo era seguir uma vida eremita, por\u00e9m n\u00e3o conseguiu seguir seu intento. Foi deputado, conselheiro e juiz. Casou-se em 1445 com Dorot\u00e9ia Wyss, com quem constituiu uma fam\u00edlia numerosa, tiveram dez filhos, cinco homens e cinco mulheres. Um dos filhos foi vig\u00e1rio em Sachseln.<\/p>\n<p>Nicolau mantinha ainda seu prop\u00f3sito de vida solit\u00e1ria, embora sua mulher fosse contra. Ao completar 50 anos p\u00f4de realizar seu sonho.<\/p>\n<p>Sua vida santa e a pr\u00e1tica de rigorosos jejuns chamavam a aten\u00e7\u00e3o das pessoas. H\u00e1 testemunhos de que por longo per\u00edodo Nicolau alimentou-se exclusivamente da Eucaristia. Mais tarde decidiu morar num barraco perto de Flueli, de onde sa\u00eda somente para ir a missa.<\/p>\n<p>Por dois momentos deixou o solit\u00e1rio barraco para defender sua p\u00e1tria: em 1473, devido \u00e0 amea\u00e7a austr\u00edaca e em 1481, quando esteve para estourar uma guerra civil. Devido aos bons resultados de sua colabora\u00e7\u00e3o recebeu o t\u00edtulo de &#8220;pai da p\u00e1tria&#8221;<\/p>\n<p>Seus vizinhos, sensibilizados por sua vida extremamente piedosa, constru\u00edram-lhe uma ermida e uma capela, que foi consagrada em 1469.<br \/>\nEle morreu no dia 21 de mar\u00e7o de 1487, exatos setenta anos do seu nascimento. O corpo de Nicolau est\u00e1 sepultado na Igreja de Sachslen. Beatificado em 1669, foi canonizado pelo Papa Pio XII em 1947. A mem\u00f3ria de S\u00e3o Nicolau de Flue \u00e9 venerada pela Igreja, no dia 21 de mar\u00e7o e como her\u00f3i da p\u00e1tria, no dia 25 de setembro. Ele \u00e9 o Santo mais popular da Su\u00ed\u00e7a.<\/p>\n<div id=\"themify_builder_content-8407\" data-postid=\"8407\" class=\"themify_builder_content themify_builder_content-8407 themify_builder themify_builder_front\">\n\t<\/div>\n<!-- \/themify_builder_content -->","protected":false},"excerpt":{"rendered":"<p>21 de Mar\u00e7o S\u00e3o Nicolau nasceu em 1417, em Flueli, perto de Sachseln. Seu desejo era seguir uma vida eremita, por\u00e9m n\u00e3o conseguiu seguir seu intento. Foi deputado, conselheiro e juiz. Casou-se em 1445 com Dorot\u00e9ia Wyss, com quem constituiu uma fam\u00edlia numerosa, tiveram dez filhos, cinco homens e cinco mulheres. Um dos filhos foi [&hellip;]<\/p>\n","protected":false},"author":14,"featured_media":0,"comment_status":"open","ping_status":"open","sticky":false,"template":"","format":"standard","meta":{"ngg_post_thumbnail":0,"footnotes":""},"categories":[186],"tags":[],"yoast_head":"<!-- This site is optimized with the Yoast SEO plugin v23.5 - https:\/\/yoast.com\/wordpress\/plugins\/seo\/ -->\n<title>S\u00e3o Nicolau de Flue - O Arcanjo no ar<\/title>\n<meta name=\"robots\" content=\"index, follow, max-snippet:-1, max-image-preview:large, max-video-preview:-1\" \/>\n<link rel=\"canonical\" href=\"https:\/\/www.oarcanjo.net\/site\/sao-nicolau-de-flue\/\" \/>\n<meta property=\"og:locale\" content=\"pt_BR\" \/>\n<meta property=\"og:type\" content=\"article\" \/>\n<meta property=\"og:title\" content=\"S\u00e3o Nicolau de Flue - O Arcanjo no ar\" \/>\n<meta property=\"og:description\" content=\"21 de Mar\u00e7o S\u00e3o Nicolau nasceu em 1417, em Flueli, perto de Sachseln. Seu desejo era seguir uma vida eremita, por\u00e9m n\u00e3o conseguiu seguir seu intento. Foi deputado, conselheiro e juiz. Casou-se em 1445 com Dorot\u00e9ia Wyss, com quem constituiu uma fam\u00edlia numerosa, tiveram dez filhos, cinco homens e cinco mulheres. Um dos filhos foi [&hellip;]\" \/>\n<meta property=\"og:url\" content=\"https:\/\/www.oarcanjo.net\/site\/sao-nicolau-de-flue\/\" \/>\n<meta property=\"og:site_name\" content=\"O Arcanjo no ar\" \/>\n<meta property=\"article:publisher\" content=\"https:\/\/www.facebook.com\/OArcanjoNoAr\/\" \/>\n<meta property=\"article:published_time\" content=\"2019-03-21T03:34:32+00:00\" \/>\n<meta property=\"article:modified_time\" content=\"2019-02-20T11:10:07+00:00\" \/>\n<meta property=\"og:image\" content=\"http:\/\/www.tudook.com\/portalcatolico\/images\/bruderklaussachseln.jpg\" \/>\n<meta name=\"author\" content=\"danilo\" \/>\n<meta name=\"twitter:card\" content=\"summary_large_image\" \/>\n<meta name=\"twitter:label1\" content=\"Escrito por\" \/>\n\t<meta name=\"twitter:data1\" content=\"danilo\" \/>\n\t<meta name=\"twitter:label2\" content=\"Est. tempo de leitura\" \/>\n\t<meta name=\"twitter:data2\" content=\"1 minuto\" \/>\n<script type=\"application\/ld+json\" class=\"yoast-schema-graph\">{\"@context\":\"https:\/\/schema.org\",\"@graph\":[{\"@type\":\"Article\",\"@id\":\"https:\/\/www.oarcanjo.net\/site\/sao-nicolau-de-flue\/#article\",\"isPartOf\":{\"@id\":\"https:\/\/www.oarcanjo.net\/site\/sao-nicolau-de-flue\/\"},\"author\":{\"name\":\"danilo\",\"@id\":\"https:\/\/www.oarcanjo.net\/site\/#\/schema\/person\/5eb9480bedd2f3c97e430ce128c29c6c\"},\"headline\":\"S\u00e3o Nicolau de Flue\",\"datePublished\":\"2019-03-21T03:34:32+00:00\",\"dateModified\":\"2019-02-20T11:10:07+00:00\",\"mainEntityOfPage\":{\"@id\":\"https:\/\/www.oarcanjo.net\/site\/sao-nicolau-de-flue\/\"},\"wordCount\":270,\"commentCount\":0,\"publisher\":{\"@id\":\"https:\/\/www.oarcanjo.net\/site\/#organization\"},\"image\":{\"@id\":\"https:\/\/www.oarcanjo.net\/site\/sao-nicolau-de-flue\/#primaryimage\"},\"thumbnailUrl\":\"http:\/\/www.tudook.com\/portalcatolico\/images\/bruderklaussachseln.jpg\",\"articleSection\":[\"Testemunhos\"],\"inLanguage\":\"pt-BR\",\"potentialAction\":[{\"@type\":\"CommentAction\",\"name\":\"Comment\",\"target\":[\"https:\/\/www.oarcanjo.net\/site\/sao-nicolau-de-flue\/#respond\"]}]},{\"@type\":\"WebPage\",\"@id\":\"https:\/\/www.oarcanjo.net\/site\/sao-nicolau-de-flue\/\",\"url\":\"https:\/\/www.oarcanjo.net\/site\/sao-nicolau-de-flue\/\",\"name\":\"S\u00e3o Nicolau de Flue - O Arcanjo no ar\",\"isPartOf\":{\"@id\":\"https:\/\/www.oarcanjo.net\/site\/#website\"},\"primaryImageOfPage\":{\"@id\":\"https:\/\/www.oarcanjo.net\/site\/sao-nicolau-de-flue\/#primaryimage\"},\"image\":{\"@id\":\"https:\/\/www.oarcanjo.net\/site\/sao-nicolau-de-flue\/#primaryimage\"},\"thumbnailUrl\":\"http:\/\/www.tudook.com\/portalcatolico\/images\/bruderklaussachseln.jpg\",\"datePublished\":\"2019-03-21T03:34:32+00:00\",\"dateModified\":\"2019-02-20T11:10:07+00:00\",\"breadcrumb\":{\"@id\":\"https:\/\/www.oarcanjo.net\/site\/sao-nicolau-de-flue\/#breadcrumb\"},\"inLanguage\":\"pt-BR\",\"potentialAction\":[{\"@type\":\"ReadAction\",\"target\":[\"https:\/\/www.oarcanjo.net\/site\/sao-nicolau-de-flue\/\"]}]},{\"@type\":\"ImageObject\",\"inLanguage\":\"pt-BR\",\"@id\":\"https:\/\/www.oarcanjo.net\/site\/sao-nicolau-de-flue\/#primaryimage\",\"url\":\"http:\/\/www.tudook.com\/portalcatolico\/images\/bruderklaussachseln.jpg\",\"contentUrl\":\"http:\/\/www.tudook.com\/portalcatolico\/images\/bruderklaussachseln.jpg\"},{\"@type\":\"BreadcrumbList\",\"@id\":\"https:\/\/www.oarcanjo.net\/site\/sao-nicolau-de-flue\/#breadcrumb\",\"itemListElement\":[{\"@type\":\"ListItem\",\"position\":1,\"name\":\"In\u00edcio\",\"item\":\"https:\/\/www.oarcanjo.net\/site\/\"},{\"@type\":\"ListItem\",\"position\":2,\"name\":\"S\u00e3o Nicolau de Flue\"}]},{\"@type\":\"WebSite\",\"@id\":\"https:\/\/www.oarcanjo.net\/site\/#website\",\"url\":\"https:\/\/www.oarcanjo.net\/site\/\",\"name\":\"O Arcanjo no ar\",\"description\":\"Site da Par\u00f3quia S\u00e3o Miguel Arcanjo (Arquidiocese de SP)\",\"publisher\":{\"@id\":\"https:\/\/www.oarcanjo.net\/site\/#organization\"},\"potentialAction\":[{\"@type\":\"SearchAction\",\"target\":{\"@type\":\"EntryPoint\",\"urlTemplate\":\"https:\/\/www.oarcanjo.net\/site\/?s={search_term_string}\"},\"query-input\":{\"@type\":\"PropertyValueSpecification\",\"valueRequired\":true,\"valueName\":\"search_term_string\"}}],\"inLanguage\":\"pt-BR\"},{\"@type\":\"Organization\",\"@id\":\"https:\/\/www.oarcanjo.net\/site\/#organization\",\"name\":\"Par\u00f3quia S\u00e3o Miguel Arcanjo\",\"url\":\"https:\/\/www.oarcanjo.net\/site\/\",\"logo\":{\"@type\":\"ImageObject\",\"inLanguage\":\"pt-BR\",\"@id\":\"https:\/\/www.oarcanjo.net\/site\/#\/schema\/logo\/image\/\",\"url\":\"https:\/\/www.oarcanjo.net\/site\/wp-content\/uploads\/LogoOArcanjo.png\",\"contentUrl\":\"https:\/\/www.oarcanjo.net\/site\/wp-content\/uploads\/LogoOArcanjo.png\",\"width\":319,\"height\":99,\"caption\":\"Par\u00f3quia S\u00e3o Miguel Arcanjo\"},\"image\":{\"@id\":\"https:\/\/www.oarcanjo.net\/site\/#\/schema\/logo\/image\/\"},\"sameAs\":[\"https:\/\/www.facebook.com\/OArcanjoNoAr\/\"]},{\"@type\":\"Person\",\"@id\":\"https:\/\/www.oarcanjo.net\/site\/#\/schema\/person\/5eb9480bedd2f3c97e430ce128c29c6c\",\"name\":\"danilo\"}]}<\/script>\n<!-- \/ Yoast SEO plugin. -->","yoast_head_json":{"title":"S\u00e3o Nicolau de Flue - O Arcanjo no ar","robots":{"index":"index","follow":"follow","max-snippet":"max-snippet:-1","max-image-preview":"max-image-preview:large","max-video-preview":"max-video-preview:-1"},"canonical":"https:\/\/www.oarcanjo.net\/site\/sao-nicolau-de-flue\/","og_locale":"pt_BR","og_type":"article","og_title":"S\u00e3o Nicolau de Flue - O Arcanjo no ar","og_description":"21 de Mar\u00e7o S\u00e3o Nicolau nasceu em 1417, em Flueli, perto de Sachseln. Seu desejo era seguir uma vida eremita, por\u00e9m n\u00e3o conseguiu seguir seu intento. Foi deputado, conselheiro e juiz. Casou-se em 1445 com Dorot\u00e9ia Wyss, com quem constituiu uma fam\u00edlia numerosa, tiveram dez filhos, cinco homens e cinco mulheres. Um dos filhos foi [&hellip;]","og_url":"https:\/\/www.oarcanjo.net\/site\/sao-nicolau-de-flue\/","og_site_name":"O Arcanjo no ar","article_publisher":"https:\/\/www.facebook.com\/OArcanjoNoAr\/","article_published_time":"2019-03-21T03:34:32+00:00","article_modified_time":"2019-02-20T11:10:07+00:00","og_image":[{"url":"http:\/\/www.tudook.com\/portalcatolico\/images\/bruderklaussachseln.jpg"}],"author":"danilo","twitter_card":"summary_large_image","twitter_misc":{"Escrito por":"danilo","Est. tempo de leitura":"1 minuto"},"schema":{"@context":"https:\/\/schema.org","@graph":[{"@type":"Article","@id":"https:\/\/www.oarcanjo.net\/site\/sao-nicolau-de-flue\/#article","isPartOf":{"@id":"https:\/\/www.oarcanjo.net\/site\/sao-nicolau-de-flue\/"},"author":{"name":"danilo","@id":"https:\/\/www.oarcanjo.net\/site\/#\/schema\/person\/5eb9480bedd2f3c97e430ce128c29c6c"},"headline":"S\u00e3o Nicolau de Flue","datePublished":"2019-03-21T03:34:32+00:00","dateModified":"2019-02-20T11:10:07+00:00","mainEntityOfPage":{"@id":"https:\/\/www.oarcanjo.net\/site\/sao-nicolau-de-flue\/"},"wordCount":270,"commentCount":0,"publisher":{"@id":"https:\/\/www.oarcanjo.net\/site\/#organization"},"image":{"@id":"https:\/\/www.oarcanjo.net\/site\/sao-nicolau-de-flue\/#primaryimage"},"thumbnailUrl":"http:\/\/www.tudook.com\/portalcatolico\/images\/bruderklaussachseln.jpg","articleSection":["Testemunhos"],"inLanguage":"pt-BR","potentialAction":[{"@type":"CommentAction","name":"Comment","target":["https:\/\/www.oarcanjo.net\/site\/sao-nicolau-de-flue\/#respond"]}]},{"@type":"WebPage","@id":"https:\/\/www.oarcanjo.net\/site\/sao-nicolau-de-flue\/","url":"https:\/\/www.oarcanjo.net\/site\/sao-nicolau-de-flue\/","name":"S\u00e3o Nicolau de Flue - O Arcanjo no ar","isPartOf":{"@id":"https:\/\/www.oarcanjo.net\/site\/#website"},"primaryImageOfPage":{"@id":"https:\/\/www.oarcanjo.net\/site\/sao-nicolau-de-flue\/#primaryimage"},"image":{"@id":"https:\/\/www.oarcanjo.net\/site\/sao-nicolau-de-flue\/#primaryimage"},"thumbnailUrl":"http:\/\/www.tudook.com\/portalcatolico\/images\/bruderklaussachseln.jpg","datePublished":"2019-03-21T03:34:32+00:00","dateModified":"2019-02-20T11:10:07+00:00","breadcrumb":{"@id":"https:\/\/www.oarcanjo.net\/site\/sao-nicolau-de-flue\/#breadcrumb"},"inLanguage":"pt-BR","potentialAction":[{"@type":"ReadAction","target":["https:\/\/www.oarcanjo.net\/site\/sao-nicolau-de-flue\/"]}]},{"@type":"ImageObject","inLanguage":"pt-BR","@id":"https:\/\/www.oarcanjo.net\/site\/sao-nicolau-de-flue\/#primaryimage","url":"http:\/\/www.tudook.com\/portalcatolico\/images\/bruderklaussachseln.jpg","contentUrl":"http:\/\/www.tudook.com\/portalcatolico\/images\/bruderklaussachseln.jpg"},{"@type":"BreadcrumbList","@id":"https:\/\/www.oarcanjo.net\/site\/sao-nicolau-de-flue\/#breadcrumb","itemListElement":[{"@type":"ListItem","position":1,"name":"In\u00edcio","item":"https:\/\/www.oarcanjo.net\/site\/"},{"@type":"ListItem","position":2,"name":"S\u00e3o Nicolau de Flue"}]},{"@type":"WebSite","@id":"https:\/\/www.oarcanjo.net\/site\/#website","url":"https:\/\/www.oarcanjo.net\/site\/","name":"O Arcanjo no ar","description":"Site da Par\u00f3quia S\u00e3o Miguel Arcanjo (Arquidiocese de SP)","publisher":{"@id":"https:\/\/www.oarcanjo.net\/site\/#organization"},"potentialAction":[{"@type":"SearchAction","target":{"@type":"EntryPoint","urlTemplate":"https:\/\/www.oarcanjo.net\/site\/?s={search_term_string}"},"query-input":{"@type":"PropertyValueSpecification","valueRequired":true,"valueName":"search_term_string"}}],"inLanguage":"pt-BR"},{"@type":"Organization","@id":"https:\/\/www.oarcanjo.net\/site\/#organization","name":"Par\u00f3quia S\u00e3o Miguel Arcanjo","url":"https:\/\/www.oarcanjo.net\/site\/","logo":{"@type":"ImageObject","inLanguage":"pt-BR","@id":"https:\/\/www.oarcanjo.net\/site\/#\/schema\/logo\/image\/","url":"https:\/\/www.oarcanjo.net\/site\/wp-content\/uploads\/LogoOArcanjo.png","contentUrl":"https:\/\/www.oarcanjo.net\/site\/wp-content\/uploads\/LogoOArcanjo.png","width":319,"height":99,"caption":"Par\u00f3quia S\u00e3o Miguel Arcanjo"},"image":{"@id":"https:\/\/www.oarcanjo.net\/site\/#\/schema\/logo\/image\/"},"sameAs":["https:\/\/www.facebook.com\/OArcanjoNoAr\/"]},{"@type":"Person","@id":"https:\/\/www.oarcanjo.net\/site\/#\/schema\/person\/5eb9480bedd2f3c97e430ce128c29c6c","name":"danilo"}]}},"publishpress_future_action":{"enabled":false,"date":"2026-05-07 21:00:37","action":"category","newStatus":"draft","terms":[],"taxonomy":"category"},"publishpress_future_workflow_manual_trigger":{"enabledWorkflows":[]},"_links":{"self":[{"href":"https:\/\/www.oarcanjo.net\/site\/wp-json\/wp\/v2\/posts\/8407"}],"collection":[{"href":"https:\/\/www.oarcanjo.net\/site\/wp-json\/wp\/v2\/posts"}],"about":[{"href":"https:\/\/www.oarcanjo.net\/site\/wp-json\/wp\/v2\/types\/post"}],"author":[{"embeddable":true,"href":"https:\/\/www.oarcanjo.net\/site\/wp-json\/wp\/v2\/users\/14"}],"replies":[{"embeddable":true,"href":"https:\/\/www.oarcanjo.net\/site\/wp-json\/wp\/v2\/comments?post=8407"}],"version-history":[{"count":1,"href":"https:\/\/www.oarcanjo.net\/site\/wp-json\/wp\/v2\/posts\/8407\/revisions"}],"predecessor-version":[{"id":93006,"href":"https:\/\/www.oarcanjo.net\/site\/wp-json\/wp\/v2\/posts\/8407\/revisions\/93006"}],"wp:attachment":[{"href":"https:\/\/www.oarcanjo.net\/site\/wp-json\/wp\/v2\/media?parent=8407"}],"wp:term":[{"taxonomy":"category","embeddable":true,"href":"https:\/\/www.oarcanjo.net\/site\/wp-json\/wp\/v2\/categories?post=8407"},{"taxonomy":"post_tag","embeddable":true,"href":"https:\/\/www.oarcanjo.net\/site\/wp-json\/wp\/v2\/tags?post=8407"}],"curies":[{"name":"wp","href":"https:\/\/api.w.org\/{rel}","templated":true}]}}