
{"id":8409,"date":"2019-03-21T00:36:35","date_gmt":"2019-03-21T03:36:35","guid":{"rendered":"http:\/\/www.oarcanjo.net\/site\/?p=8409"},"modified":"2019-02-12T17:58:27","modified_gmt":"2019-02-12T19:58:27","slug":"sao-serapiao-de-thmuis","status":"publish","type":"post","link":"https:\/\/www.oarcanjo.net\/site\/sao-serapiao-de-thmuis\/","title":{"rendered":"S\u00e3o Serapi\u00e3o de Thmuis"},"content":{"rendered":"<p><img decoding=\"async\" src=\"http:\/\/www.agraciadosdemaria.com.br\/images\/images\/images\/Serapiao.gif\" alt=\"\" \/><\/p>\n<p>21 de Mar\u00e7o<\/p>\n<p>Serapi\u00e3o nasceu no Egito, no norte da \u00c1frica e era um sacerdote profundo conhecedor das quest\u00f5es eclesi\u00e1sticas. Tornou-se um dos maiores combatentes dos hereges no s\u00e9culo IV que, ali\u00e1s, foi o mais f\u00e9rtil deles. F\u00e9rtil de hereges, mas tamb\u00e9m de combatentes. Serapi\u00e3o, era amigo e companheiro do bispo Atan\u00e1sio, que lhe enviou cinco cartas, as quais fazem parte dos arquivos da Igreja, incentivando-o a continuar na luta contra a doutrina dos arianos. Essa doutrina negava a divindade de Jesus.<\/p>\n<p>Embora n\u00e3o haja muitos dados confi\u00e1veis sobre sua vida, podemos seguir alguns dos seus passos na Hist\u00f3ria do Cristianismo. Cursou a escola de Alexandria e tornou-se monge sob os ensinamentos de Santo Ant\u00e3o, abade que, ao morrer, lhe deixou como heran\u00e7a uma de suas t\u00fanicas de pelo. Refer\u00eancia encontrada numa das narra\u00e7\u00f5es de Atan\u00e1sio, doutor da Igreja, disc\u00edpulo e bi\u00f3grafo de Santo Ant\u00e3o. Durante muito tempo dirigiu a Escola Catequ\u00e9tica de Alexandria e, desejoso de dedicar mais tempo \u00e0 ora\u00e7\u00e3o e \u00e0 penit\u00eancia, retirou-se desse trabalho. Por\u00e9m, n\u00e3o demorou muito tempo para que Serapi\u00e3o voltasse \u00e0 dire\u00e7\u00e3o da Igreja, sendo consagrado bispo de Thmuis, uma cidade do Egito, permanecendo na fun\u00e7\u00e3o entre os anos 340 e 356.<\/p>\n<p>Serapi\u00e3o escreveu v\u00e1rios livros, sendo um que combatia o manique\u00edsmo, outra heresia que surgira naquela \u00e9poca, e da qual foi sen\u00e3o o maior, ao menos o mais ferrenho inimigo. Essa doutrina pregava que havia uma separa\u00e7\u00e3o entre corpo e alma, sendo a alma pertencente a Deus e o corpo ao dem\u00f4nio. Tamb\u00e9m, redigiu v\u00e1rias ep\u00edstolas sobre a doutrina crist\u00e3, e discursava muito, com isso evangelizou in\u00fameras pessoas ilustres e importantes de sua \u00e9poca.<\/p>\n<p>S\u00e3o Jer\u00f4nimo, que dedicou \u00e0 Serapi\u00e3o um cap\u00edtulo de seu livro &#8220;Homens Ilustres&#8221;, nos conta que ele tamb\u00e9m fazia parte da comiss\u00e3o de cinco bispos que foi ao imperador Const\u00e2ncio II interceder pelo bispo Atan\u00e1sio, que fora exilado. Mas, como esse imperador era ariano a miss\u00e3o fracassou e Serapi\u00e3o foi deposto do seu bispado. Esse bispado que Serapi\u00e3o lamentou assumir, pois para isso teve que deixar sua vida de solid\u00e3o e recolhimento. Em um de seus escritos encontrados, &#8220;Carta aos Monges&#8221;, ele deixa muito claro como considerava \u00f3tima a escolha que os monges faziam ao renunciar \u00e0s alegrias ef\u00eameras e aos prazeres do mundo.<\/p>\n<p>Esse bispo desempenhou suas fun\u00e7\u00f5es como poucos, morrendo em 362. O Martirol\u00f3gio Romano indica o dia 21 de mar\u00e7o para a venera\u00e7\u00e3o lit\u00fargica de S\u00e3o Serapi\u00e3o de Thmius.<\/p>\n<div id=\"themify_builder_content-8409\" data-postid=\"8409\" class=\"themify_builder_content themify_builder_content-8409 themify_builder themify_builder_front\">\n\t<\/div>\n<!-- \/themify_builder_content -->","protected":false},"excerpt":{"rendered":"<p>21 de Mar\u00e7o Serapi\u00e3o nasceu no Egito, no norte da \u00c1frica e era um sacerdote profundo conhecedor das quest\u00f5es eclesi\u00e1sticas. Tornou-se um dos maiores combatentes dos hereges no s\u00e9culo IV que, ali\u00e1s, foi o mais f\u00e9rtil deles. F\u00e9rtil de hereges, mas tamb\u00e9m de combatentes. Serapi\u00e3o, era amigo e companheiro do bispo Atan\u00e1sio, que lhe enviou [&hellip;]<\/p>\n","protected":false},"author":14,"featured_media":0,"comment_status":"open","ping_status":"open","sticky":false,"template":"","format":"standard","meta":{"ngg_post_thumbnail":0,"footnotes":""},"categories":[186],"tags":[],"yoast_head":"<!-- This site is optimized with the Yoast SEO plugin v23.5 - https:\/\/yoast.com\/wordpress\/plugins\/seo\/ -->\n<title>S\u00e3o Serapi\u00e3o de Thmuis - O Arcanjo no ar<\/title>\n<meta name=\"robots\" content=\"index, follow, max-snippet:-1, max-image-preview:large, max-video-preview:-1\" \/>\n<link rel=\"canonical\" href=\"https:\/\/www.oarcanjo.net\/site\/sao-serapiao-de-thmuis\/\" \/>\n<meta property=\"og:locale\" content=\"pt_BR\" \/>\n<meta property=\"og:type\" content=\"article\" \/>\n<meta property=\"og:title\" content=\"S\u00e3o Serapi\u00e3o de Thmuis - O Arcanjo no ar\" \/>\n<meta property=\"og:description\" content=\"21 de Mar\u00e7o Serapi\u00e3o nasceu no Egito, no norte da \u00c1frica e era um sacerdote profundo conhecedor das quest\u00f5es eclesi\u00e1sticas. Tornou-se um dos maiores combatentes dos hereges no s\u00e9culo IV que, ali\u00e1s, foi o mais f\u00e9rtil deles. F\u00e9rtil de hereges, mas tamb\u00e9m de combatentes. Serapi\u00e3o, era amigo e companheiro do bispo Atan\u00e1sio, que lhe enviou [&hellip;]\" \/>\n<meta property=\"og:url\" content=\"https:\/\/www.oarcanjo.net\/site\/sao-serapiao-de-thmuis\/\" \/>\n<meta property=\"og:site_name\" content=\"O Arcanjo no ar\" \/>\n<meta property=\"article:publisher\" content=\"https:\/\/www.facebook.com\/OArcanjoNoAr\/\" \/>\n<meta property=\"article:published_time\" content=\"2019-03-21T03:36:35+00:00\" \/>\n<meta property=\"article:modified_time\" content=\"2019-02-12T19:58:27+00:00\" \/>\n<meta property=\"og:image\" content=\"http:\/\/www.agraciadosdemaria.com.br\/images\/images\/images\/Serapiao.gif\" \/>\n<meta name=\"author\" content=\"danilo\" \/>\n<meta name=\"twitter:card\" content=\"summary_large_image\" \/>\n<meta name=\"twitter:label1\" content=\"Escrito por\" \/>\n\t<meta name=\"twitter:data1\" content=\"danilo\" \/>\n\t<meta name=\"twitter:label2\" content=\"Est. tempo de leitura\" \/>\n\t<meta name=\"twitter:data2\" content=\"2 minutos\" \/>\n<script type=\"application\/ld+json\" class=\"yoast-schema-graph\">{\"@context\":\"https:\/\/schema.org\",\"@graph\":[{\"@type\":\"Article\",\"@id\":\"https:\/\/www.oarcanjo.net\/site\/sao-serapiao-de-thmuis\/#article\",\"isPartOf\":{\"@id\":\"https:\/\/www.oarcanjo.net\/site\/sao-serapiao-de-thmuis\/\"},\"author\":{\"name\":\"danilo\",\"@id\":\"https:\/\/www.oarcanjo.net\/site\/#\/schema\/person\/5eb9480bedd2f3c97e430ce128c29c6c\"},\"headline\":\"S\u00e3o Serapi\u00e3o de Thmuis\",\"datePublished\":\"2019-03-21T03:36:35+00:00\",\"dateModified\":\"2019-02-12T19:58:27+00:00\",\"mainEntityOfPage\":{\"@id\":\"https:\/\/www.oarcanjo.net\/site\/sao-serapiao-de-thmuis\/\"},\"wordCount\":462,\"commentCount\":0,\"publisher\":{\"@id\":\"https:\/\/www.oarcanjo.net\/site\/#organization\"},\"image\":{\"@id\":\"https:\/\/www.oarcanjo.net\/site\/sao-serapiao-de-thmuis\/#primaryimage\"},\"thumbnailUrl\":\"http:\/\/www.agraciadosdemaria.com.br\/images\/images\/images\/Serapiao.gif\",\"articleSection\":[\"Testemunhos\"],\"inLanguage\":\"pt-BR\",\"potentialAction\":[{\"@type\":\"CommentAction\",\"name\":\"Comment\",\"target\":[\"https:\/\/www.oarcanjo.net\/site\/sao-serapiao-de-thmuis\/#respond\"]}]},{\"@type\":\"WebPage\",\"@id\":\"https:\/\/www.oarcanjo.net\/site\/sao-serapiao-de-thmuis\/\",\"url\":\"https:\/\/www.oarcanjo.net\/site\/sao-serapiao-de-thmuis\/\",\"name\":\"S\u00e3o Serapi\u00e3o de Thmuis - O Arcanjo no ar\",\"isPartOf\":{\"@id\":\"https:\/\/www.oarcanjo.net\/site\/#website\"},\"primaryImageOfPage\":{\"@id\":\"https:\/\/www.oarcanjo.net\/site\/sao-serapiao-de-thmuis\/#primaryimage\"},\"image\":{\"@id\":\"https:\/\/www.oarcanjo.net\/site\/sao-serapiao-de-thmuis\/#primaryimage\"},\"thumbnailUrl\":\"http:\/\/www.agraciadosdemaria.com.br\/images\/images\/images\/Serapiao.gif\",\"datePublished\":\"2019-03-21T03:36:35+00:00\",\"dateModified\":\"2019-02-12T19:58:27+00:00\",\"breadcrumb\":{\"@id\":\"https:\/\/www.oarcanjo.net\/site\/sao-serapiao-de-thmuis\/#breadcrumb\"},\"inLanguage\":\"pt-BR\",\"potentialAction\":[{\"@type\":\"ReadAction\",\"target\":[\"https:\/\/www.oarcanjo.net\/site\/sao-serapiao-de-thmuis\/\"]}]},{\"@type\":\"ImageObject\",\"inLanguage\":\"pt-BR\",\"@id\":\"https:\/\/www.oarcanjo.net\/site\/sao-serapiao-de-thmuis\/#primaryimage\",\"url\":\"http:\/\/www.agraciadosdemaria.com.br\/images\/images\/images\/Serapiao.gif\",\"contentUrl\":\"http:\/\/www.agraciadosdemaria.com.br\/images\/images\/images\/Serapiao.gif\"},{\"@type\":\"BreadcrumbList\",\"@id\":\"https:\/\/www.oarcanjo.net\/site\/sao-serapiao-de-thmuis\/#breadcrumb\",\"itemListElement\":[{\"@type\":\"ListItem\",\"position\":1,\"name\":\"In\u00edcio\",\"item\":\"https:\/\/www.oarcanjo.net\/site\/\"},{\"@type\":\"ListItem\",\"position\":2,\"name\":\"S\u00e3o Serapi\u00e3o de Thmuis\"}]},{\"@type\":\"WebSite\",\"@id\":\"https:\/\/www.oarcanjo.net\/site\/#website\",\"url\":\"https:\/\/www.oarcanjo.net\/site\/\",\"name\":\"O Arcanjo no ar\",\"description\":\"Site da Par\u00f3quia S\u00e3o Miguel Arcanjo (Arquidiocese de SP)\",\"publisher\":{\"@id\":\"https:\/\/www.oarcanjo.net\/site\/#organization\"},\"potentialAction\":[{\"@type\":\"SearchAction\",\"target\":{\"@type\":\"EntryPoint\",\"urlTemplate\":\"https:\/\/www.oarcanjo.net\/site\/?s={search_term_string}\"},\"query-input\":{\"@type\":\"PropertyValueSpecification\",\"valueRequired\":true,\"valueName\":\"search_term_string\"}}],\"inLanguage\":\"pt-BR\"},{\"@type\":\"Organization\",\"@id\":\"https:\/\/www.oarcanjo.net\/site\/#organization\",\"name\":\"Par\u00f3quia S\u00e3o Miguel Arcanjo\",\"url\":\"https:\/\/www.oarcanjo.net\/site\/\",\"logo\":{\"@type\":\"ImageObject\",\"inLanguage\":\"pt-BR\",\"@id\":\"https:\/\/www.oarcanjo.net\/site\/#\/schema\/logo\/image\/\",\"url\":\"https:\/\/www.oarcanjo.net\/site\/wp-content\/uploads\/LogoOArcanjo.png\",\"contentUrl\":\"https:\/\/www.oarcanjo.net\/site\/wp-content\/uploads\/LogoOArcanjo.png\",\"width\":319,\"height\":99,\"caption\":\"Par\u00f3quia S\u00e3o Miguel Arcanjo\"},\"image\":{\"@id\":\"https:\/\/www.oarcanjo.net\/site\/#\/schema\/logo\/image\/\"},\"sameAs\":[\"https:\/\/www.facebook.com\/OArcanjoNoAr\/\"]},{\"@type\":\"Person\",\"@id\":\"https:\/\/www.oarcanjo.net\/site\/#\/schema\/person\/5eb9480bedd2f3c97e430ce128c29c6c\",\"name\":\"danilo\"}]}<\/script>\n<!-- \/ Yoast SEO plugin. -->","yoast_head_json":{"title":"S\u00e3o Serapi\u00e3o de Thmuis - O Arcanjo no ar","robots":{"index":"index","follow":"follow","max-snippet":"max-snippet:-1","max-image-preview":"max-image-preview:large","max-video-preview":"max-video-preview:-1"},"canonical":"https:\/\/www.oarcanjo.net\/site\/sao-serapiao-de-thmuis\/","og_locale":"pt_BR","og_type":"article","og_title":"S\u00e3o Serapi\u00e3o de Thmuis - O Arcanjo no ar","og_description":"21 de Mar\u00e7o Serapi\u00e3o nasceu no Egito, no norte da \u00c1frica e era um sacerdote profundo conhecedor das quest\u00f5es eclesi\u00e1sticas. Tornou-se um dos maiores combatentes dos hereges no s\u00e9culo IV que, ali\u00e1s, foi o mais f\u00e9rtil deles. F\u00e9rtil de hereges, mas tamb\u00e9m de combatentes. Serapi\u00e3o, era amigo e companheiro do bispo Atan\u00e1sio, que lhe enviou [&hellip;]","og_url":"https:\/\/www.oarcanjo.net\/site\/sao-serapiao-de-thmuis\/","og_site_name":"O Arcanjo no ar","article_publisher":"https:\/\/www.facebook.com\/OArcanjoNoAr\/","article_published_time":"2019-03-21T03:36:35+00:00","article_modified_time":"2019-02-12T19:58:27+00:00","og_image":[{"url":"http:\/\/www.agraciadosdemaria.com.br\/images\/images\/images\/Serapiao.gif"}],"author":"danilo","twitter_card":"summary_large_image","twitter_misc":{"Escrito por":"danilo","Est. tempo de leitura":"2 minutos"},"schema":{"@context":"https:\/\/schema.org","@graph":[{"@type":"Article","@id":"https:\/\/www.oarcanjo.net\/site\/sao-serapiao-de-thmuis\/#article","isPartOf":{"@id":"https:\/\/www.oarcanjo.net\/site\/sao-serapiao-de-thmuis\/"},"author":{"name":"danilo","@id":"https:\/\/www.oarcanjo.net\/site\/#\/schema\/person\/5eb9480bedd2f3c97e430ce128c29c6c"},"headline":"S\u00e3o Serapi\u00e3o de Thmuis","datePublished":"2019-03-21T03:36:35+00:00","dateModified":"2019-02-12T19:58:27+00:00","mainEntityOfPage":{"@id":"https:\/\/www.oarcanjo.net\/site\/sao-serapiao-de-thmuis\/"},"wordCount":462,"commentCount":0,"publisher":{"@id":"https:\/\/www.oarcanjo.net\/site\/#organization"},"image":{"@id":"https:\/\/www.oarcanjo.net\/site\/sao-serapiao-de-thmuis\/#primaryimage"},"thumbnailUrl":"http:\/\/www.agraciadosdemaria.com.br\/images\/images\/images\/Serapiao.gif","articleSection":["Testemunhos"],"inLanguage":"pt-BR","potentialAction":[{"@type":"CommentAction","name":"Comment","target":["https:\/\/www.oarcanjo.net\/site\/sao-serapiao-de-thmuis\/#respond"]}]},{"@type":"WebPage","@id":"https:\/\/www.oarcanjo.net\/site\/sao-serapiao-de-thmuis\/","url":"https:\/\/www.oarcanjo.net\/site\/sao-serapiao-de-thmuis\/","name":"S\u00e3o Serapi\u00e3o de Thmuis - O Arcanjo no ar","isPartOf":{"@id":"https:\/\/www.oarcanjo.net\/site\/#website"},"primaryImageOfPage":{"@id":"https:\/\/www.oarcanjo.net\/site\/sao-serapiao-de-thmuis\/#primaryimage"},"image":{"@id":"https:\/\/www.oarcanjo.net\/site\/sao-serapiao-de-thmuis\/#primaryimage"},"thumbnailUrl":"http:\/\/www.agraciadosdemaria.com.br\/images\/images\/images\/Serapiao.gif","datePublished":"2019-03-21T03:36:35+00:00","dateModified":"2019-02-12T19:58:27+00:00","breadcrumb":{"@id":"https:\/\/www.oarcanjo.net\/site\/sao-serapiao-de-thmuis\/#breadcrumb"},"inLanguage":"pt-BR","potentialAction":[{"@type":"ReadAction","target":["https:\/\/www.oarcanjo.net\/site\/sao-serapiao-de-thmuis\/"]}]},{"@type":"ImageObject","inLanguage":"pt-BR","@id":"https:\/\/www.oarcanjo.net\/site\/sao-serapiao-de-thmuis\/#primaryimage","url":"http:\/\/www.agraciadosdemaria.com.br\/images\/images\/images\/Serapiao.gif","contentUrl":"http:\/\/www.agraciadosdemaria.com.br\/images\/images\/images\/Serapiao.gif"},{"@type":"BreadcrumbList","@id":"https:\/\/www.oarcanjo.net\/site\/sao-serapiao-de-thmuis\/#breadcrumb","itemListElement":[{"@type":"ListItem","position":1,"name":"In\u00edcio","item":"https:\/\/www.oarcanjo.net\/site\/"},{"@type":"ListItem","position":2,"name":"S\u00e3o Serapi\u00e3o de Thmuis"}]},{"@type":"WebSite","@id":"https:\/\/www.oarcanjo.net\/site\/#website","url":"https:\/\/www.oarcanjo.net\/site\/","name":"O Arcanjo no ar","description":"Site da Par\u00f3quia S\u00e3o Miguel Arcanjo (Arquidiocese de SP)","publisher":{"@id":"https:\/\/www.oarcanjo.net\/site\/#organization"},"potentialAction":[{"@type":"SearchAction","target":{"@type":"EntryPoint","urlTemplate":"https:\/\/www.oarcanjo.net\/site\/?s={search_term_string}"},"query-input":{"@type":"PropertyValueSpecification","valueRequired":true,"valueName":"search_term_string"}}],"inLanguage":"pt-BR"},{"@type":"Organization","@id":"https:\/\/www.oarcanjo.net\/site\/#organization","name":"Par\u00f3quia S\u00e3o Miguel Arcanjo","url":"https:\/\/www.oarcanjo.net\/site\/","logo":{"@type":"ImageObject","inLanguage":"pt-BR","@id":"https:\/\/www.oarcanjo.net\/site\/#\/schema\/logo\/image\/","url":"https:\/\/www.oarcanjo.net\/site\/wp-content\/uploads\/LogoOArcanjo.png","contentUrl":"https:\/\/www.oarcanjo.net\/site\/wp-content\/uploads\/LogoOArcanjo.png","width":319,"height":99,"caption":"Par\u00f3quia S\u00e3o Miguel Arcanjo"},"image":{"@id":"https:\/\/www.oarcanjo.net\/site\/#\/schema\/logo\/image\/"},"sameAs":["https:\/\/www.facebook.com\/OArcanjoNoAr\/"]},{"@type":"Person","@id":"https:\/\/www.oarcanjo.net\/site\/#\/schema\/person\/5eb9480bedd2f3c97e430ce128c29c6c","name":"danilo"}]}},"publishpress_future_action":{"enabled":false,"date":"2026-05-07 20:51:30","action":"category","newStatus":"draft","terms":[],"taxonomy":"category"},"publishpress_future_workflow_manual_trigger":{"enabledWorkflows":[]},"_links":{"self":[{"href":"https:\/\/www.oarcanjo.net\/site\/wp-json\/wp\/v2\/posts\/8409"}],"collection":[{"href":"https:\/\/www.oarcanjo.net\/site\/wp-json\/wp\/v2\/posts"}],"about":[{"href":"https:\/\/www.oarcanjo.net\/site\/wp-json\/wp\/v2\/types\/post"}],"author":[{"embeddable":true,"href":"https:\/\/www.oarcanjo.net\/site\/wp-json\/wp\/v2\/users\/14"}],"replies":[{"embeddable":true,"href":"https:\/\/www.oarcanjo.net\/site\/wp-json\/wp\/v2\/comments?post=8409"}],"version-history":[{"count":1,"href":"https:\/\/www.oarcanjo.net\/site\/wp-json\/wp\/v2\/posts\/8409\/revisions"}],"predecessor-version":[{"id":92803,"href":"https:\/\/www.oarcanjo.net\/site\/wp-json\/wp\/v2\/posts\/8409\/revisions\/92803"}],"wp:attachment":[{"href":"https:\/\/www.oarcanjo.net\/site\/wp-json\/wp\/v2\/media?parent=8409"}],"wp:term":[{"taxonomy":"category","embeddable":true,"href":"https:\/\/www.oarcanjo.net\/site\/wp-json\/wp\/v2\/categories?post=8409"},{"taxonomy":"post_tag","embeddable":true,"href":"https:\/\/www.oarcanjo.net\/site\/wp-json\/wp\/v2\/tags?post=8409"}],"curies":[{"name":"wp","href":"https:\/\/api.w.org\/{rel}","templated":true}]}}