
{"id":8412,"date":"2019-03-20T00:38:44","date_gmt":"2019-03-20T03:38:44","guid":{"rendered":"http:\/\/www.oarcanjo.net\/site\/?p=8412"},"modified":"2019-02-20T08:09:59","modified_gmt":"2019-02-20T11:09:59","slug":"santa-benedita-cambiagio-frassinello","status":"publish","type":"post","link":"https:\/\/www.oarcanjo.net\/site\/santa-benedita-cambiagio-frassinello\/","title":{"rendered":"Santa Benedita Cambiagio Frassinello"},"content":{"rendered":"<p><img loading=\"lazy\" decoding=\"async\" src=\"http:\/\/www.agraciadosdemaria.com.br\/images\/images\/images\/BeneditaCambiagioFrassinello.gif\" alt=\"1\" width=\"150\" height=\"190\" \/><\/p>\n<p>21 de Mar\u00e7o<\/p>\n<p>Fundou a Congrega\u00e7\u00e3o das Irm\u00e3s Beneditinas da Divina Provid\u00eancia<\/p>\n<p>Benedita Cambiagio nasceu no dia 02 de outubro de 1791, em Langasco, G\u00eanova. \u00daltima dos sete filhos de Jos\u00e9 e Francisca, eles a batizaram dois dias depois de seu nascimento. Ainda pequena, se mudou para Pavia, com sua fam\u00edlia, onde o trabalho era mais promissor. L\u00e1 recebeu uma educa\u00e7\u00e3o crist\u00e3 rigorosa e teve uma profunda experi\u00eancia espiritual, que a fez pensar em seguir a vida religiosa. Por\u00e9m, a fam\u00edlia a conduziu para o casamento, que ocorreu em 1816, quando ela tinha vinte e cinco anos, com Jo\u00e3o Batista Frassinello um oper\u00e1rio e fervoroso crist\u00e3o, procedente de Ronco Scrivia.<\/p>\n<p>Por\u00e9m, dois anos depois, sem filhos, Benedita e Jo\u00e3o Batista, que nutriam entre si um amor de irm\u00e3os, passaram a viver como tal na mesma casa. Benedita p\u00f4de assim realizar seu desejo juvenil, de se consagrar somente \u00e0 Deus. Na \u00e9poca, sua irm\u00e3 Maria, muito doente se hospedara em sua casa e o casal passou a cuidar dela com amor e dedica\u00e7\u00e3o, at\u00e9 sua morte, em 1825. Ocasi\u00e3o em que, Jo\u00e3o Batista entrou como irm\u00e3o leigo na comunidade religiosa dos padres Somascos, e Benedita, na comunidade das Irm\u00e3s Ursulinas de Capriolo. Mas, no ano seguinte ela voltou para Pavia, muito doente. L\u00e1 teve uma vis\u00e3o onde lhe apareceu S\u00e3o Jer\u00f4nimo Emiliani, ficando curada por completo.<\/p>\n<p>Depois disso, Benedita come\u00e7ou a trabalhar na educa\u00e7\u00e3o de jovens e crian\u00e7as, com a aprova\u00e7\u00e3o do bispo Lu\u00eds Tosi. Precisando de ajuda, Benedita recorreu ao pai. Diante da recusa, foi ao bispo, e este pediu ent\u00e3o a Jo\u00e3o Batista que a ajudasse. Ele atendeu logo, voltou para a esposa-irm\u00e3, renovando o voto de castidade perfeita, pelas m\u00e3os do bispo.<br \/>\nBenedita se dedicava de corpo e alma, \u00e0 educa\u00e7\u00e3o humana e crist\u00e3 de jovens e crian\u00e7as pobres e abandonadas, enquanto Jo\u00e3o Batista se encarregou de conseguir ajuda material.<\/p>\n<p>Na \u00e9poca, a institui\u00e7\u00e3o escolar era muito prec\u00e1ria e Benedita fez um alertar \u00e0s autoridades locais O governo entendeu o recado e concedeu \u00e0 ela o t\u00edtulo de &#8220;promotora p\u00fablica da educa\u00e7\u00e3o&#8221;. Benedita passou a receber apoio de jovens e volunt\u00e1rias formando uma institui\u00e7\u00e3o escolar de excelente n\u00edvel, cujo estatuto foi aprovado pelas autoridades eclesi\u00e1sticas. Ela uniu ao ensino escolar, a forma\u00e7\u00e3o catequ\u00e9tica e o trabalho, tornando jovens e crian\u00e7as modelos de vida crist\u00e3, assegurando-lhes a verdadeira forma\u00e7\u00e3o.<\/p>\n<p>A dedica\u00e7\u00e3o constante de Benedita nasceu e cresceu do seu fervor ao Cristo na Eucaristia e da contempla\u00e7\u00e3o \u00e0 Jesus na Santa Cruz.. Tinha em Deus, seu sustento e sua defesa. N\u00e3o lhe faltaram, na vida, experi\u00eancias espirituais, que se repetiam, especialmente, durante as Missas. Por\u00e9m, isso n\u00e3o interferia nos compromissos cotidianos da fundadora. Mas, a Obra e o programa educativo de Benedita, passaram por duras cr\u00edticas por parte da oposi\u00e7\u00e3o e de algumas pessoas do clero. Em 1838, Benedita cedeu a sua Institui\u00e7\u00e3o ao bispo Lu\u00eds Tosi e, com cinco irm\u00e3s, deixaram Pavia indo para Lig\u00faria.<\/p>\n<p>Na cidade de Ronco Scrivia, Benedita abriu uma escola para jovens e fundou a Congrega\u00e7\u00e3o das Irm\u00e3s Beneditinas da Provid\u00eancia, escrevendo ela mesma as Regras e Constitui\u00e7\u00f5es. A Institui\u00e7\u00e3o se desenvolveu rapidamente, tanto que em 1847, uma nova casa foi inaugurada em Voghera. E dez anos depois outra em Valpolcevera. No dia 21 de mar\u00e7o de 1858, Benedita faleceu em Ronco Scrivia, no dia e hora por ela previstos.<\/p>\n<p>Quarenta anos depois de sua morte, o Instituto, fundado por Benedita, se tornou independente. Assim, as religiosas puderam assumir o nome de &#8220;Irm\u00e3s Beneditinas da Divina Provid\u00eancia&#8221;, em mem\u00f3ria \u00e0 fundadora, Benedita Cambiagio Frassinello. Em toda sua vida, ela se deixou conduzir pelo Esp\u00edrito Santo, atrav\u00e9s de v\u00e1rias experi\u00eancias pessoais. Embora sua luta fosse grande, nunca esmoreceu diante das dificuldades, seguindo sempre seu desejo de servir \u00e0 Humanidade e a Deus. Foi beatificada em 1987 e canonizada em 2000, pelo Papa Jo\u00e3o Paulo II, que marcou a festa de Santa Benedita Cambiagio Frassinello para o dia de sua morte.<\/p>\n<div id=\"themify_builder_content-8412\" data-postid=\"8412\" class=\"themify_builder_content themify_builder_content-8412 themify_builder themify_builder_front\">\n\t<\/div>\n<!-- \/themify_builder_content -->","protected":false},"excerpt":{"rendered":"<p>21 de Mar\u00e7o Fundou a Congrega\u00e7\u00e3o das Irm\u00e3s Beneditinas da Divina Provid\u00eancia Benedita Cambiagio nasceu no dia 02 de outubro de 1791, em Langasco, G\u00eanova. \u00daltima dos sete filhos de Jos\u00e9 e Francisca, eles a batizaram dois dias depois de seu nascimento. Ainda pequena, se mudou para Pavia, com sua fam\u00edlia, onde o trabalho era [&hellip;]<\/p>\n","protected":false},"author":14,"featured_media":0,"comment_status":"open","ping_status":"open","sticky":false,"template":"","format":"standard","meta":{"ngg_post_thumbnail":0,"footnotes":""},"categories":[186],"tags":[],"yoast_head":"<!-- This site is optimized with the Yoast SEO plugin v23.5 - https:\/\/yoast.com\/wordpress\/plugins\/seo\/ -->\n<title>Santa Benedita Cambiagio Frassinello - O Arcanjo no ar<\/title>\n<meta name=\"robots\" content=\"index, follow, max-snippet:-1, max-image-preview:large, max-video-preview:-1\" \/>\n<link rel=\"canonical\" href=\"https:\/\/www.oarcanjo.net\/site\/santa-benedita-cambiagio-frassinello\/\" \/>\n<meta property=\"og:locale\" content=\"pt_BR\" \/>\n<meta property=\"og:type\" content=\"article\" \/>\n<meta property=\"og:title\" content=\"Santa Benedita Cambiagio Frassinello - O Arcanjo no ar\" \/>\n<meta property=\"og:description\" content=\"21 de Mar\u00e7o Fundou a Congrega\u00e7\u00e3o das Irm\u00e3s Beneditinas da Divina Provid\u00eancia Benedita Cambiagio nasceu no dia 02 de outubro de 1791, em Langasco, G\u00eanova. \u00daltima dos sete filhos de Jos\u00e9 e Francisca, eles a batizaram dois dias depois de seu nascimento. Ainda pequena, se mudou para Pavia, com sua fam\u00edlia, onde o trabalho era [&hellip;]\" \/>\n<meta property=\"og:url\" content=\"https:\/\/www.oarcanjo.net\/site\/santa-benedita-cambiagio-frassinello\/\" \/>\n<meta property=\"og:site_name\" content=\"O Arcanjo no ar\" \/>\n<meta property=\"article:publisher\" content=\"https:\/\/www.facebook.com\/OArcanjoNoAr\/\" \/>\n<meta property=\"article:published_time\" content=\"2019-03-20T03:38:44+00:00\" \/>\n<meta property=\"article:modified_time\" content=\"2019-02-20T11:09:59+00:00\" \/>\n<meta property=\"og:image\" content=\"http:\/\/www.agraciadosdemaria.com.br\/images\/images\/images\/BeneditaCambiagioFrassinello.gif\" \/>\n<meta name=\"author\" content=\"danilo\" \/>\n<meta name=\"twitter:card\" content=\"summary_large_image\" \/>\n<meta name=\"twitter:label1\" content=\"Escrito por\" \/>\n\t<meta name=\"twitter:data1\" content=\"danilo\" \/>\n\t<meta name=\"twitter:label2\" content=\"Est. tempo de leitura\" \/>\n\t<meta name=\"twitter:data2\" content=\"4 minutos\" \/>\n<script type=\"application\/ld+json\" class=\"yoast-schema-graph\">{\"@context\":\"https:\/\/schema.org\",\"@graph\":[{\"@type\":\"Article\",\"@id\":\"https:\/\/www.oarcanjo.net\/site\/santa-benedita-cambiagio-frassinello\/#article\",\"isPartOf\":{\"@id\":\"https:\/\/www.oarcanjo.net\/site\/santa-benedita-cambiagio-frassinello\/\"},\"author\":{\"name\":\"danilo\",\"@id\":\"https:\/\/www.oarcanjo.net\/site\/#\/schema\/person\/5eb9480bedd2f3c97e430ce128c29c6c\"},\"headline\":\"Santa Benedita Cambiagio Frassinello\",\"datePublished\":\"2019-03-20T03:38:44+00:00\",\"dateModified\":\"2019-02-20T11:09:59+00:00\",\"mainEntityOfPage\":{\"@id\":\"https:\/\/www.oarcanjo.net\/site\/santa-benedita-cambiagio-frassinello\/\"},\"wordCount\":717,\"commentCount\":0,\"publisher\":{\"@id\":\"https:\/\/www.oarcanjo.net\/site\/#organization\"},\"image\":{\"@id\":\"https:\/\/www.oarcanjo.net\/site\/santa-benedita-cambiagio-frassinello\/#primaryimage\"},\"thumbnailUrl\":\"http:\/\/www.agraciadosdemaria.com.br\/images\/images\/images\/BeneditaCambiagioFrassinello.gif\",\"articleSection\":[\"Testemunhos\"],\"inLanguage\":\"pt-BR\",\"potentialAction\":[{\"@type\":\"CommentAction\",\"name\":\"Comment\",\"target\":[\"https:\/\/www.oarcanjo.net\/site\/santa-benedita-cambiagio-frassinello\/#respond\"]}]},{\"@type\":\"WebPage\",\"@id\":\"https:\/\/www.oarcanjo.net\/site\/santa-benedita-cambiagio-frassinello\/\",\"url\":\"https:\/\/www.oarcanjo.net\/site\/santa-benedita-cambiagio-frassinello\/\",\"name\":\"Santa Benedita Cambiagio Frassinello - O Arcanjo no ar\",\"isPartOf\":{\"@id\":\"https:\/\/www.oarcanjo.net\/site\/#website\"},\"primaryImageOfPage\":{\"@id\":\"https:\/\/www.oarcanjo.net\/site\/santa-benedita-cambiagio-frassinello\/#primaryimage\"},\"image\":{\"@id\":\"https:\/\/www.oarcanjo.net\/site\/santa-benedita-cambiagio-frassinello\/#primaryimage\"},\"thumbnailUrl\":\"http:\/\/www.agraciadosdemaria.com.br\/images\/images\/images\/BeneditaCambiagioFrassinello.gif\",\"datePublished\":\"2019-03-20T03:38:44+00:00\",\"dateModified\":\"2019-02-20T11:09:59+00:00\",\"breadcrumb\":{\"@id\":\"https:\/\/www.oarcanjo.net\/site\/santa-benedita-cambiagio-frassinello\/#breadcrumb\"},\"inLanguage\":\"pt-BR\",\"potentialAction\":[{\"@type\":\"ReadAction\",\"target\":[\"https:\/\/www.oarcanjo.net\/site\/santa-benedita-cambiagio-frassinello\/\"]}]},{\"@type\":\"ImageObject\",\"inLanguage\":\"pt-BR\",\"@id\":\"https:\/\/www.oarcanjo.net\/site\/santa-benedita-cambiagio-frassinello\/#primaryimage\",\"url\":\"http:\/\/www.agraciadosdemaria.com.br\/images\/images\/images\/BeneditaCambiagioFrassinello.gif\",\"contentUrl\":\"http:\/\/www.agraciadosdemaria.com.br\/images\/images\/images\/BeneditaCambiagioFrassinello.gif\"},{\"@type\":\"BreadcrumbList\",\"@id\":\"https:\/\/www.oarcanjo.net\/site\/santa-benedita-cambiagio-frassinello\/#breadcrumb\",\"itemListElement\":[{\"@type\":\"ListItem\",\"position\":1,\"name\":\"In\u00edcio\",\"item\":\"https:\/\/www.oarcanjo.net\/site\/\"},{\"@type\":\"ListItem\",\"position\":2,\"name\":\"Santa Benedita Cambiagio Frassinello\"}]},{\"@type\":\"WebSite\",\"@id\":\"https:\/\/www.oarcanjo.net\/site\/#website\",\"url\":\"https:\/\/www.oarcanjo.net\/site\/\",\"name\":\"O Arcanjo no ar\",\"description\":\"Site da Par\u00f3quia S\u00e3o Miguel Arcanjo (Arquidiocese de SP)\",\"publisher\":{\"@id\":\"https:\/\/www.oarcanjo.net\/site\/#organization\"},\"potentialAction\":[{\"@type\":\"SearchAction\",\"target\":{\"@type\":\"EntryPoint\",\"urlTemplate\":\"https:\/\/www.oarcanjo.net\/site\/?s={search_term_string}\"},\"query-input\":{\"@type\":\"PropertyValueSpecification\",\"valueRequired\":true,\"valueName\":\"search_term_string\"}}],\"inLanguage\":\"pt-BR\"},{\"@type\":\"Organization\",\"@id\":\"https:\/\/www.oarcanjo.net\/site\/#organization\",\"name\":\"Par\u00f3quia S\u00e3o Miguel Arcanjo\",\"url\":\"https:\/\/www.oarcanjo.net\/site\/\",\"logo\":{\"@type\":\"ImageObject\",\"inLanguage\":\"pt-BR\",\"@id\":\"https:\/\/www.oarcanjo.net\/site\/#\/schema\/logo\/image\/\",\"url\":\"https:\/\/www.oarcanjo.net\/site\/wp-content\/uploads\/LogoOArcanjo.png\",\"contentUrl\":\"https:\/\/www.oarcanjo.net\/site\/wp-content\/uploads\/LogoOArcanjo.png\",\"width\":319,\"height\":99,\"caption\":\"Par\u00f3quia S\u00e3o Miguel Arcanjo\"},\"image\":{\"@id\":\"https:\/\/www.oarcanjo.net\/site\/#\/schema\/logo\/image\/\"},\"sameAs\":[\"https:\/\/www.facebook.com\/OArcanjoNoAr\/\"]},{\"@type\":\"Person\",\"@id\":\"https:\/\/www.oarcanjo.net\/site\/#\/schema\/person\/5eb9480bedd2f3c97e430ce128c29c6c\",\"name\":\"danilo\"}]}<\/script>\n<!-- \/ Yoast SEO plugin. -->","yoast_head_json":{"title":"Santa Benedita Cambiagio Frassinello - O Arcanjo no ar","robots":{"index":"index","follow":"follow","max-snippet":"max-snippet:-1","max-image-preview":"max-image-preview:large","max-video-preview":"max-video-preview:-1"},"canonical":"https:\/\/www.oarcanjo.net\/site\/santa-benedita-cambiagio-frassinello\/","og_locale":"pt_BR","og_type":"article","og_title":"Santa Benedita Cambiagio Frassinello - O Arcanjo no ar","og_description":"21 de Mar\u00e7o Fundou a Congrega\u00e7\u00e3o das Irm\u00e3s Beneditinas da Divina Provid\u00eancia Benedita Cambiagio nasceu no dia 02 de outubro de 1791, em Langasco, G\u00eanova. \u00daltima dos sete filhos de Jos\u00e9 e Francisca, eles a batizaram dois dias depois de seu nascimento. Ainda pequena, se mudou para Pavia, com sua fam\u00edlia, onde o trabalho era [&hellip;]","og_url":"https:\/\/www.oarcanjo.net\/site\/santa-benedita-cambiagio-frassinello\/","og_site_name":"O Arcanjo no ar","article_publisher":"https:\/\/www.facebook.com\/OArcanjoNoAr\/","article_published_time":"2019-03-20T03:38:44+00:00","article_modified_time":"2019-02-20T11:09:59+00:00","og_image":[{"url":"http:\/\/www.agraciadosdemaria.com.br\/images\/images\/images\/BeneditaCambiagioFrassinello.gif"}],"author":"danilo","twitter_card":"summary_large_image","twitter_misc":{"Escrito por":"danilo","Est. tempo de leitura":"4 minutos"},"schema":{"@context":"https:\/\/schema.org","@graph":[{"@type":"Article","@id":"https:\/\/www.oarcanjo.net\/site\/santa-benedita-cambiagio-frassinello\/#article","isPartOf":{"@id":"https:\/\/www.oarcanjo.net\/site\/santa-benedita-cambiagio-frassinello\/"},"author":{"name":"danilo","@id":"https:\/\/www.oarcanjo.net\/site\/#\/schema\/person\/5eb9480bedd2f3c97e430ce128c29c6c"},"headline":"Santa Benedita Cambiagio Frassinello","datePublished":"2019-03-20T03:38:44+00:00","dateModified":"2019-02-20T11:09:59+00:00","mainEntityOfPage":{"@id":"https:\/\/www.oarcanjo.net\/site\/santa-benedita-cambiagio-frassinello\/"},"wordCount":717,"commentCount":0,"publisher":{"@id":"https:\/\/www.oarcanjo.net\/site\/#organization"},"image":{"@id":"https:\/\/www.oarcanjo.net\/site\/santa-benedita-cambiagio-frassinello\/#primaryimage"},"thumbnailUrl":"http:\/\/www.agraciadosdemaria.com.br\/images\/images\/images\/BeneditaCambiagioFrassinello.gif","articleSection":["Testemunhos"],"inLanguage":"pt-BR","potentialAction":[{"@type":"CommentAction","name":"Comment","target":["https:\/\/www.oarcanjo.net\/site\/santa-benedita-cambiagio-frassinello\/#respond"]}]},{"@type":"WebPage","@id":"https:\/\/www.oarcanjo.net\/site\/santa-benedita-cambiagio-frassinello\/","url":"https:\/\/www.oarcanjo.net\/site\/santa-benedita-cambiagio-frassinello\/","name":"Santa Benedita Cambiagio Frassinello - O Arcanjo no ar","isPartOf":{"@id":"https:\/\/www.oarcanjo.net\/site\/#website"},"primaryImageOfPage":{"@id":"https:\/\/www.oarcanjo.net\/site\/santa-benedita-cambiagio-frassinello\/#primaryimage"},"image":{"@id":"https:\/\/www.oarcanjo.net\/site\/santa-benedita-cambiagio-frassinello\/#primaryimage"},"thumbnailUrl":"http:\/\/www.agraciadosdemaria.com.br\/images\/images\/images\/BeneditaCambiagioFrassinello.gif","datePublished":"2019-03-20T03:38:44+00:00","dateModified":"2019-02-20T11:09:59+00:00","breadcrumb":{"@id":"https:\/\/www.oarcanjo.net\/site\/santa-benedita-cambiagio-frassinello\/#breadcrumb"},"inLanguage":"pt-BR","potentialAction":[{"@type":"ReadAction","target":["https:\/\/www.oarcanjo.net\/site\/santa-benedita-cambiagio-frassinello\/"]}]},{"@type":"ImageObject","inLanguage":"pt-BR","@id":"https:\/\/www.oarcanjo.net\/site\/santa-benedita-cambiagio-frassinello\/#primaryimage","url":"http:\/\/www.agraciadosdemaria.com.br\/images\/images\/images\/BeneditaCambiagioFrassinello.gif","contentUrl":"http:\/\/www.agraciadosdemaria.com.br\/images\/images\/images\/BeneditaCambiagioFrassinello.gif"},{"@type":"BreadcrumbList","@id":"https:\/\/www.oarcanjo.net\/site\/santa-benedita-cambiagio-frassinello\/#breadcrumb","itemListElement":[{"@type":"ListItem","position":1,"name":"In\u00edcio","item":"https:\/\/www.oarcanjo.net\/site\/"},{"@type":"ListItem","position":2,"name":"Santa Benedita Cambiagio Frassinello"}]},{"@type":"WebSite","@id":"https:\/\/www.oarcanjo.net\/site\/#website","url":"https:\/\/www.oarcanjo.net\/site\/","name":"O Arcanjo no ar","description":"Site da Par\u00f3quia S\u00e3o Miguel Arcanjo (Arquidiocese de SP)","publisher":{"@id":"https:\/\/www.oarcanjo.net\/site\/#organization"},"potentialAction":[{"@type":"SearchAction","target":{"@type":"EntryPoint","urlTemplate":"https:\/\/www.oarcanjo.net\/site\/?s={search_term_string}"},"query-input":{"@type":"PropertyValueSpecification","valueRequired":true,"valueName":"search_term_string"}}],"inLanguage":"pt-BR"},{"@type":"Organization","@id":"https:\/\/www.oarcanjo.net\/site\/#organization","name":"Par\u00f3quia S\u00e3o Miguel Arcanjo","url":"https:\/\/www.oarcanjo.net\/site\/","logo":{"@type":"ImageObject","inLanguage":"pt-BR","@id":"https:\/\/www.oarcanjo.net\/site\/#\/schema\/logo\/image\/","url":"https:\/\/www.oarcanjo.net\/site\/wp-content\/uploads\/LogoOArcanjo.png","contentUrl":"https:\/\/www.oarcanjo.net\/site\/wp-content\/uploads\/LogoOArcanjo.png","width":319,"height":99,"caption":"Par\u00f3quia S\u00e3o Miguel Arcanjo"},"image":{"@id":"https:\/\/www.oarcanjo.net\/site\/#\/schema\/logo\/image\/"},"sameAs":["https:\/\/www.facebook.com\/OArcanjoNoAr\/"]},{"@type":"Person","@id":"https:\/\/www.oarcanjo.net\/site\/#\/schema\/person\/5eb9480bedd2f3c97e430ce128c29c6c","name":"danilo"}]}},"publishpress_future_action":{"enabled":false,"date":"2026-05-07 21:00:32","action":"category","newStatus":"draft","terms":[],"taxonomy":"category"},"publishpress_future_workflow_manual_trigger":{"enabledWorkflows":[]},"_links":{"self":[{"href":"https:\/\/www.oarcanjo.net\/site\/wp-json\/wp\/v2\/posts\/8412"}],"collection":[{"href":"https:\/\/www.oarcanjo.net\/site\/wp-json\/wp\/v2\/posts"}],"about":[{"href":"https:\/\/www.oarcanjo.net\/site\/wp-json\/wp\/v2\/types\/post"}],"author":[{"embeddable":true,"href":"https:\/\/www.oarcanjo.net\/site\/wp-json\/wp\/v2\/users\/14"}],"replies":[{"embeddable":true,"href":"https:\/\/www.oarcanjo.net\/site\/wp-json\/wp\/v2\/comments?post=8412"}],"version-history":[{"count":1,"href":"https:\/\/www.oarcanjo.net\/site\/wp-json\/wp\/v2\/posts\/8412\/revisions"}],"predecessor-version":[{"id":93005,"href":"https:\/\/www.oarcanjo.net\/site\/wp-json\/wp\/v2\/posts\/8412\/revisions\/93005"}],"wp:attachment":[{"href":"https:\/\/www.oarcanjo.net\/site\/wp-json\/wp\/v2\/media?parent=8412"}],"wp:term":[{"taxonomy":"category","embeddable":true,"href":"https:\/\/www.oarcanjo.net\/site\/wp-json\/wp\/v2\/categories?post=8412"},{"taxonomy":"post_tag","embeddable":true,"href":"https:\/\/www.oarcanjo.net\/site\/wp-json\/wp\/v2\/tags?post=8412"}],"curies":[{"name":"wp","href":"https:\/\/api.w.org\/{rel}","templated":true}]}}